
{"id":16505,"date":"2022-03-28T14:46:21","date_gmt":"2022-03-28T20:46:21","guid":{"rendered":"https:\/\/amnistia.org.mx\/contenido\/?p=16505"},"modified":"2023-05-22T17:19:00","modified_gmt":"2023-05-22T22:19:00","slug":"carta-abierta-ante-la-posible-desaparicion-de-la-unidad-especializada-multidisciplinaria-e-itinerante-en-materia-de-genero-uemi-en-la-fiscalia-de-san-luis-potosi","status":"publish","type":"post","link":"https:\/\/amnistia.org.mx\/contenido\/index.php\/carta-abierta-ante-la-posible-desaparicion-de-la-unidad-especializada-multidisciplinaria-e-itinerante-en-materia-de-genero-uemi-en-la-fiscalia-de-san-luis-potosi\/","title":{"rendered":"Carta Abierta ante la posible desaparici\u00f3n de la Unidad Especializada Multidisciplinaria e Itinerante en Materia de G\u00e9nero (UEMI) en la Fiscal\u00eda de San Luis Potos\u00ed"},"content":{"rendered":"\n<figure class=\"wp-block-image size-large is-resized\"><img decoding=\"async\" loading=\"lazy\" src=\"https:\/\/amnistia.org.mx\/contenido\/wp-content\/uploads\/2022\/03\/Logos-1.jpg\" alt=\"\" class=\"wp-image-16507\" width=\"1017\" height=\"105\"\/><\/figure>\n\n\n\n<p>Ricardo Gallardo Cardona,<\/p>\n\n\n\n<p>Gobernador del estado de San Luis Potos\u00ed,<\/p>\n\n\n\n<p>Jos\u00e9 Luis Ruiz Contreras,<\/p>\n\n\n\n<p>Fiscal General del Estado de San Luis Potos\u00ed.<\/p>\n\n\n\n<p><strong>PRESENTE<\/strong><\/p>\n\n\n\n<p>Distinguidos Se\u00f1or Gobernador y Se\u00f1or Fiscal,<\/p>\n\n\n\n<p>Reciban un cordial saludo de las organizaciones abajo firmantes.<\/p>\n\n\n\n<p>El 3 de abril de 2020, mediante Acuerdo General N\u00famero 004\/2020, el Fiscal General del Estado de San Luis Potos\u00ed, cre\u00f3 la Unidad Especializada, Multidisciplinaria e Itinerante en materia de g\u00e9nero, en la investigaci\u00f3n, persecuci\u00f3n, litigaci\u00f3n y concentraci\u00f3n de asuntos relacionados con muertes violentas de mujeres y feminicidios (<strong>UEMI<\/strong>). Con la creaci\u00f3n de la UEMI, la Fiscal\u00eda General de Justicia dio cumplimiento a parte de la sentencia de amparo en revisi\u00f3n 1284\/2015, emitida por la Suprema Corte de Justicia de la Naci\u00f3n (<strong>SCJN<\/strong>) en relaci\u00f3n al caso de Karla Pontigo. La Suprema Corte de Justicia advirti\u00f3 que la estructura de la Fiscal\u00eda General de Justicia de San Luis Potos\u00ed era insuficiente para realizar una investigaci\u00f3n diligente, exhaustiva, imparcial y con perspectiva de g\u00e9nero en casos de presuntos delitos de feminicidios. La creaci\u00f3n de la <strong>UEMI <\/strong>constituye un importante paso para que el Estado garantice el acceso a la verdad y a la justicia a las familias de v\u00edctimas de feminicidios. Hoy esa Unidad est\u00e1 en riesgo de desaparecer.<\/p>\n\n\n\n<p>Amnist\u00eda Internacional y la Fundaci\u00f3n para la Justicia han acompa\u00f1ado a la familia de Karla Pontigo, v\u00edctima de feminicidio en octubre de 2012, en su b\u00fasqueda de acceso a la verdad, justicia y reparaci\u00f3n del da\u00f1o.<\/p>\n\n\n\n<p>Desde el momento en que la entonces Procuradur\u00eda General de Justicia del Estado de San Luis Potos\u00ed (ahora Fiscal\u00eda) tuvo conocimiento del caso, incurri\u00f3 en diversas irregularidades, entre las que destacan que:<\/p>\n\n\n\n<ul><li>No se resguard\u00f3 la escena del crimen inmediatamente despu\u00e9s de ocurridos los hechos, por lo que el \u00e1rea fue limpiada y se eliminaron las pruebas<\/li><li>No se tomaron fotograf\u00edas de la escena del crimen<\/li><\/ul>\n\n\n\n<ul><li>No se cumpli\u00f3 con la cadena de custodia de las muestras y las pruebas<\/li><li>Se desconoce el destino final de las pruebas que pod\u00edan acreditar la agresi\u00f3n sexual<\/li><li>A la familia se le neg\u00f3 el acceso al expediente<\/li><li>No se consideraron las pruebas que ofreci\u00f3 la madre de Karla que acreditaban el acoso sexual que sufri\u00f3 por parte de su jefe<\/li><li>A pesar de que las pruebas existentes apuntaban a que la muerte de Karla podr\u00eda tratarse de un feminicidio, la entonces Procuradur\u00eda calific\u00f3 el delito como homicidio culposo<\/li><li>No se permiti\u00f3 la participaci\u00f3n de las v\u00edctimas en la integraci\u00f3n de la investigaci\u00f3n y no se les notificaron las determinaciones adoptadas durante la averiguaci\u00f3n<\/li><\/ul>\n\n\n\n<p>Las violaciones a derechos humanos durante la investigaci\u00f3n de la muerte de Karla Pontigo derivaron en que, como parte del litigio, el 1 de julio de 2015 el caso llegara a la SCJN. Cuatro a\u00f1os despu\u00e9s, en 2019, la Corte emiti\u00f3 una sentencia en que invalida la consignaci\u00f3n del caso de Karla por homicidio culposo hecha por el Ministerio P\u00fablico el 20 de agosto de 2013. Adem\u00e1s, orden\u00f3 a la Fiscal\u00eda General de Justicia del estado de San Luis Potos\u00ed reponer la investigaci\u00f3n y realizar todas las diligencias necesarias para investigar, con perspectiva de g\u00e9nero, la muerte de la joven. La SCJN estableci\u00f3 que el nuevo proceso deber\u00e1 apegarse a los est\u00e1ndares desarrollados por dicha Corte, la cual sentaba las bases de una reforma estructural en materia de acceso a la justicia, derecho a la verdad y a una vida libre de violencia y discriminaci\u00f3n, y con perspectiva de g\u00e9nero.<\/p>\n\n\n\n<p>La creaci\u00f3n de la&nbsp; Unidad Especializada, Multidisciplinaria e Itinerante en materia de g\u00e9nero, en la investigaci\u00f3n, persecuci\u00f3n, litigaci\u00f3n y concentraci\u00f3n de asuntos relacionados con muertes violentas de mujeres y feminicidios (<strong>UEMI<\/strong>) fue una condici\u00f3n necesaria para avanzar hacia&nbsp; el acceso a la justicia en el caso de Karla Pontigo, pero tambi\u00e9n para todos los casos de feminicidios y muertes violentas de mujeres en San Luis Potos\u00ed. De acuerdo con las cifras del Secretariado Ejecutivo del Sistema Nacional de Seguridad P\u00fablica, en el a\u00f1o 2021, en San Luis Potos\u00ed se registraron 83 homicidios dolosos de mujeres, de los cuales 25 est\u00e1n tipificados como presuntos delitos de feminicidio. En ese sentido, la creaci\u00f3n de la <strong>UEMI <\/strong>significa la posibilidad de investigar las muertes violentas de mujeres con perspectiva de g\u00e9nero.<\/p>\n\n\n\n<p>En octubre de 2020, ante la llegada del nuevo Fiscal General del Estado de San Luis Potos\u00ed <strong><em>-quien fung\u00eda como secretario particular del entonces Procurador General de Justicia de la entidad cuando Karla Pontigo fue asesinada, y es hermano del juez que determin\u00f3 que el feminicidio de Karla Pontigo hab\u00eda sido un homicidio culposo y no un feminicidio-<\/em><\/strong>, Amnist\u00eda Internacional y la Fundaci\u00f3n para la Justicia solicitamos a la Fiscal\u00eda General de la Rep\u00fablica la atracci\u00f3n del caso ante el temor fundado de un conflicto de inter\u00e9s que podr\u00eda poner en riesgo el acceso a la justicia.<\/p>\n\n\n\n<p>En respuesta, el pasado 24 de febrero, la FGR a trav\u00e9s de la Fiscal\u00eda Especial para los Delitos de Violencia contra las Mujeres y Trata de Personas (<strong>FEVIMTRA<\/strong>), resolvi\u00f3 atraer el caso, con lo cual se garantiza la independencia en&nbsp; la investigaci\u00f3n, con perspectiva de g\u00e9nero.<\/p>\n\n\n\n<p>Sin embargo, derivado de la atracci\u00f3n del caso, tenemos conocimiento de que el personal que conforma la <strong>UEMI<\/strong> ha sido removido y que en breve la Unidad ser\u00e1 desaparecida, lo que marcar\u00eda un gran retroceso en el cambio estructural y en los derechos al acceso a la verdad y justicia en los casos de mujeres que han sido asesinadas por motivos de g\u00e9nero, pues lejos de fortalecerla para que se atraigan y contin\u00faen las investigaciones con perspectiva de g\u00e9nero, ser\u00eda eliminada, contrariando el principio de progresividad de derechos humanos. De esta forma, se niega nuevamente el acceso a la verdad y a la justicia a las personas familiares de v\u00edctimas de feminicidio y se fomenta la impunidad, increment\u00e1ndose as\u00ed la deuda del Estado en su atenci\u00f3n a la violencia en contra de las mujeres.<\/p>\n\n\n\n<p>Ante esta situaci\u00f3n, las organizaciones firmantes hacemos un llamado respetuoso al Gobernador de San Luis Potos\u00ed y al Fiscal General del Estado de San Luis Potos\u00ed a:<\/p>\n\n\n\n<p>1. Evitar cualquier acci\u00f3n que tenga como prop\u00f3sito desaparecer o debilitar la Unidad Especializada, Multidisciplinaria e Itinerante en materia de g\u00e9nero, en la investigaci\u00f3n, persecuci\u00f3n, litigaci\u00f3n y concentraci\u00f3n de asuntos relacionados con muertes violentas de mujeres y feminicidios (UEMI)<\/p>\n\n\n\n<p>2. Informar a las v\u00edctimas y representantes cuyos casos est\u00e1n en la UEMI los motivos por los cu\u00e1les se removi\u00f3 al personal de la Unidad, incluida su titular, y c\u00f3mo ser\u00e1 el proceso de selecci\u00f3n abierto y transparente&nbsp; de la nueva titular, a fin de garantizar que tenga un perfil id\u00f3neo y especializado para el cargo<\/p>\n\n\n\n<p>3. Fortalecer la UEMI y brindarle los recursos humanos, materiales y tecnol\u00f3gicos suficientes para que pueda funcionar adecuadamente y bajo los est\u00e1ndares m\u00e1s altos de derechos humanos<\/p>\n\n\n\n<p>4. Informar p\u00fablicamente las acciones que se realizar\u00e1n para que la UEMI contin\u00fae conociendo los casos de presuntos delitos de feminicidio y muertes violentas de mujeres en San Luis Potos\u00ed<\/p>\n\n\n\n<p><strong>FIRMA DE ORGANIZACIONES Y COMIT\u00c9S<\/strong><\/p>\n\n\n\n<p>Amnist\u00eda Internacional<\/p>\n\n\n\n<p>Fundaci\u00f3n para la Justicia y el Estado Democr\u00e1tico de Derecho (FJEDD)<\/p>\n\n\n\n<p>Apoyare A.C.<\/p>\n\n\n\n<p>Barrio feminista gto<\/p>\n\n\n\n<p>Buscando Desaparecidos M\u00e9xico BUSCAME<\/p>\n\n\n\n<p>Colectiva Abogadas con Glitter<\/p>\n\n\n\n<p>Colectiva Arte y Dignidad<\/p>\n\n\n\n<p>Colectiva Curie de la facultad de ciencias qu\u00edmicas<\/p>\n\n\n\n<p>Colectiva Fieras Amatistas<\/p>\n\n\n\n<p>Colectiva Maternidades Cannabicas<\/p>\n\n\n\n<p>Colectiva Shabi Ot<\/p>\n\n\n\n<p>Colectivo Buscadoras Guanajuato<\/p>\n\n\n\n<p>Comunicaci\u00f3n y Organizaci\u00f3n de la Mujer (CIMAC)<\/p>\n\n\n\n<p>Consorcio Oaxaca<\/p>\n\n\n\n<p>Designaciones Jalisco<\/p>\n\n\n\n<p>Ebchalchik Huastecas &#8211; Colectiva feminista<\/p>\n\n\n\n<p>Feministas Universitarias Zona Oriente FUZO<\/p>\n\n\n\n<p>Instituto de Justicia Procesal Penal, AC<\/p>\n\n\n\n<p>Justicia Pro Persona, A.C.<\/p>\n\n\n\n<p>MAREA VERDE SLP<\/p>\n\n\n\n<p>Mexiro A.C.<\/p>\n\n\n\n<p>Mujeres contra las violencias machistas en Le\u00f3n<\/p>\n\n\n\n<p>Mujeres Tejiendo Lazos en Sororidad A.C<\/p>\n\n\n\n<p>Mujeres resistencia<\/p>\n\n\n\n<p>Observatorio Nacional Ciudadano de Seguridad, Justicia y Legalidad (ONC)<\/p>\n\n\n\n<p>Organizaci\u00f3n Nacional Anticorrupci\u00f3n (ONEA M\u00e9xico)<\/p>\n\n\n\n<p>Perez Rivera, Salas &amp;Pe\u00f1a_Defensa Legal<\/p>\n\n\n\n<p>Plataforma por la Paz y la Justicia en Guanajuato<\/p>\n\n\n\n<p>Por ellas por nosotras por todas<\/p>\n\n\n\n<p>Proyecto sobre Organizaci\u00f3n, Desarrollo, Educaci\u00f3n e Investigaci\u00f3n (PODER)<\/p>\n\n\n\n<p>Red Nacional de Organismos Civiles de derechos humanos Todos los derechos para todas y todos (Red TDT)<\/p>\n\n\n\n<p>Servicios de Salud de San Luis Potos\u00ed<\/p>\n\n\n\n<p>Somos La Maya<\/p>\n\n\n\n<p>Sororidad ciudadana, Perspectiva Lila<\/p>\n\n\n\n<p><\/p>\n","protected":false},"excerpt":{"rendered":"<p>Ricardo Gallardo Cardona, Gobernador del estado de San Luis Potos\u00ed, Jos\u00e9 Luis Ruiz Contreras, Fiscal General del Estado de San Luis Potos\u00ed. PRESENTE Distinguidos Se\u00f1or Gobernador y Se\u00f1or Fiscal, Reciban &hellip;<\/p>\n<p class=\"read-more\"> <a class=\"\" href=\"https:\/\/amnistia.org.mx\/contenido\/index.php\/carta-abierta-ante-la-posible-desaparicion-de-la-unidad-especializada-multidisciplinaria-e-itinerante-en-materia-de-genero-uemi-en-la-fiscalia-de-san-luis-potosi\/\"> <span class=\"screen-reader-text\">Carta Abierta ante la posible desaparici\u00f3n de la Unidad Especializada Multidisciplinaria e Itinerante en Materia de G\u00e9nero (UEMI) en la Fiscal\u00eda de San Luis Potos\u00ed<\/span> Leer m\u00e1s &raquo;<\/a><\/p>\n","protected":false},"author":4,"featured_media":16396,"comment_status":"closed","ping_status":"closed","sticky":false,"template":"","format":"standard","meta":{"_uf_show_specific_survey":0,"_uf_disable_surveys":false,"site-sidebar-layout":"default","site-content-layout":"default","ast-global-header-display":"","ast-main-header-display":"","ast-hfb-above-header-display":"","ast-hfb-below-header-display":"","ast-hfb-mobile-header-display":"","site-post-title":"","ast-breadcrumbs-content":"","ast-featured-img":"","footer-sml-layout":"","theme-transparent-header-meta":"","adv-header-id-meta":"","stick-header-meta":"","header-above-stick-meta":"","header-main-stick-meta":"","header-below-stick-meta":""},"categories":[20],"tags":[161],"acf":[],"aioseo_notices":[],"yoast_head":"<!-- This site is optimized with the Yoast SEO plugin v14.5 - https:\/\/yoast.com\/wordpress\/plugins\/seo\/ -->\n<title>Carta Abierta ante la posible desaparici\u00f3n de la Unidad Especializada Multidisciplinaria e Itinerante en Materia de G\u00e9nero (UEMI) en la Fiscal\u00eda de San Luis Potos\u00ed - amnistia.org.mx<\/title>\n<meta name=\"description\" content=\"Amnist\u00eda Internacional advierte sobre la posible desaparici\u00f3n de la Unidad Especializada Multidisciplinaria e Itinerante en Materia de G\u00e9nero (UEMI) en la Fiscal\u00eda de San Luis Potos\u00ed.\" \/>\n<meta name=\"robots\" content=\"index, follow\" \/>\n<meta name=\"googlebot\" content=\"index, follow, max-snippet:-1, max-image-preview:large, max-video-preview:-1\" \/>\n<meta name=\"bingbot\" content=\"index, follow, max-snippet:-1, max-image-preview:large, max-video-preview:-1\" \/>\n<link rel=\"canonical\" href=\"https:\/\/amnistia.org.mx\/contenido\/index.php\/carta-abierta-ante-la-posible-desaparicion-de-la-unidad-especializada-multidisciplinaria-e-itinerante-en-materia-de-genero-uemi-en-la-fiscalia-de-san-luis-potosi\/\" \/>\n<meta property=\"og:locale\" content=\"es_MX\" \/>\n<meta property=\"og:type\" content=\"article\" \/>\n<meta property=\"og:title\" content=\"Carta Abierta ante la posible desaparici\u00f3n de la Unidad Especializada Multidisciplinaria e Itinerante en Materia de G\u00e9nero (UEMI) en la Fiscal\u00eda de San Luis Potos\u00ed - amnistia.org.mx\" \/>\n<meta property=\"og:description\" content=\"Amnist\u00eda Internacional advierte sobre la posible desaparici\u00f3n de la Unidad Especializada Multidisciplinaria e Itinerante en Materia de G\u00e9nero (UEMI) en la Fiscal\u00eda de San Luis Potos\u00ed.\" \/>\n<meta property=\"og:url\" content=\"https:\/\/amnistia.org.mx\/contenido\/index.php\/carta-abierta-ante-la-posible-desaparicion-de-la-unidad-especializada-multidisciplinaria-e-itinerante-en-materia-de-genero-uemi-en-la-fiscalia-de-san-luis-potosi\/\" \/>\n<meta property=\"og:site_name\" content=\"amnistia.org.mx\" \/>\n<meta property=\"article:published_time\" content=\"2022-03-28T20:46:21+00:00\" \/>\n<meta property=\"article:modified_time\" content=\"2023-05-22T22:19:00+00:00\" \/>\n<meta property=\"og:image\" content=\"https:\/\/amnistia.org.mx\/contenido\/wp-content\/uploads\/2022\/03\/Foto-EOF-para-comunicados-ajustada.jpg\" \/>\n\t<meta property=\"og:image:width\" content=\"650\" \/>\n\t<meta property=\"og:image:height\" content=\"487\" \/>\n<meta name=\"twitter:card\" content=\"summary_large_image\" \/>\n<script type=\"application\/ld+json\" class=\"yoast-schema-graph\">{\"@context\":\"https:\/\/schema.org\",\"@graph\":[{\"@type\":\"WebSite\",\"@id\":\"https:\/\/amnistia.org.mx\/contenido\/#website\",\"url\":\"https:\/\/amnistia.org.mx\/contenido\/\",\"name\":\"amnistia.org.mx\",\"description\":\"Nueva p\\u00e1gina de Amnist\\u00eda\",\"potentialAction\":[{\"@type\":\"SearchAction\",\"target\":\"https:\/\/amnistia.org.mx\/contenido\/?s={search_term_string}\",\"query-input\":\"required name=search_term_string\"}],\"inLanguage\":\"es-MX\"},{\"@type\":\"ImageObject\",\"@id\":\"https:\/\/amnistia.org.mx\/contenido\/index.php\/carta-abierta-ante-la-posible-desaparicion-de-la-unidad-especializada-multidisciplinaria-e-itinerante-en-materia-de-genero-uemi-en-la-fiscalia-de-san-luis-potosi\/#primaryimage\",\"inLanguage\":\"es-MX\",\"url\":\"https:\/\/amnistia.org.mx\/contenido\/wp-content\/uploads\/2022\/03\/Foto-EOF-para-comunicados-ajustada.jpg\",\"width\":650,\"height\":487},{\"@type\":\"WebPage\",\"@id\":\"https:\/\/amnistia.org.mx\/contenido\/index.php\/carta-abierta-ante-la-posible-desaparicion-de-la-unidad-especializada-multidisciplinaria-e-itinerante-en-materia-de-genero-uemi-en-la-fiscalia-de-san-luis-potosi\/#webpage\",\"url\":\"https:\/\/amnistia.org.mx\/contenido\/index.php\/carta-abierta-ante-la-posible-desaparicion-de-la-unidad-especializada-multidisciplinaria-e-itinerante-en-materia-de-genero-uemi-en-la-fiscalia-de-san-luis-potosi\/\",\"name\":\"Carta Abierta ante la posible desaparici\\u00f3n de la Unidad Especializada Multidisciplinaria e Itinerante en Materia de G\\u00e9nero (UEMI) en la Fiscal\\u00eda de San Luis Potos\\u00ed - amnistia.org.mx\",\"isPartOf\":{\"@id\":\"https:\/\/amnistia.org.mx\/contenido\/#website\"},\"primaryImageOfPage\":{\"@id\":\"https:\/\/amnistia.org.mx\/contenido\/index.php\/carta-abierta-ante-la-posible-desaparicion-de-la-unidad-especializada-multidisciplinaria-e-itinerante-en-materia-de-genero-uemi-en-la-fiscalia-de-san-luis-potosi\/#primaryimage\"},\"datePublished\":\"2022-03-28T20:46:21+00:00\",\"dateModified\":\"2023-05-22T22:19:00+00:00\",\"author\":{\"@id\":\"https:\/\/amnistia.org.mx\/contenido\/#\/schema\/person\/7db421c495688267ce8ede4625c17fa5\"},\"description\":\"Amnist\\u00eda Internacional advierte sobre la posible desaparici\\u00f3n de la Unidad Especializada Multidisciplinaria e Itinerante en Materia de G\\u00e9nero (UEMI) en la Fiscal\\u00eda de San Luis Potos\\u00ed.\",\"breadcrumb\":{\"@id\":\"https:\/\/amnistia.org.mx\/contenido\/index.php\/carta-abierta-ante-la-posible-desaparicion-de-la-unidad-especializada-multidisciplinaria-e-itinerante-en-materia-de-genero-uemi-en-la-fiscalia-de-san-luis-potosi\/#breadcrumb\"},\"inLanguage\":\"es-MX\",\"potentialAction\":[{\"@type\":\"ReadAction\",\"target\":[\"https:\/\/amnistia.org.mx\/contenido\/index.php\/carta-abierta-ante-la-posible-desaparicion-de-la-unidad-especializada-multidisciplinaria-e-itinerante-en-materia-de-genero-uemi-en-la-fiscalia-de-san-luis-potosi\/\"]}]},{\"@type\":\"BreadcrumbList\",\"@id\":\"https:\/\/amnistia.org.mx\/contenido\/index.php\/carta-abierta-ante-la-posible-desaparicion-de-la-unidad-especializada-multidisciplinaria-e-itinerante-en-materia-de-genero-uemi-en-la-fiscalia-de-san-luis-potosi\/#breadcrumb\",\"itemListElement\":[{\"@type\":\"ListItem\",\"position\":1,\"item\":{\"@type\":\"WebPage\",\"@id\":\"https:\/\/amnistia.org.mx\/contenido\/\",\"url\":\"https:\/\/amnistia.org.mx\/contenido\/\",\"name\":\"Home\"}},{\"@type\":\"ListItem\",\"position\":2,\"item\":{\"@type\":\"WebPage\",\"@id\":\"https:\/\/amnistia.org.mx\/contenido\/index.php\/carta-abierta-ante-la-posible-desaparicion-de-la-unidad-especializada-multidisciplinaria-e-itinerante-en-materia-de-genero-uemi-en-la-fiscalia-de-san-luis-potosi\/\",\"url\":\"https:\/\/amnistia.org.mx\/contenido\/index.php\/carta-abierta-ante-la-posible-desaparicion-de-la-unidad-especializada-multidisciplinaria-e-itinerante-en-materia-de-genero-uemi-en-la-fiscalia-de-san-luis-potosi\/\",\"name\":\"Carta Abierta ante la posible desaparici\\u00f3n de la Unidad Especializada Multidisciplinaria e Itinerante en Materia de G\\u00e9nero (UEMI) en la Fiscal\\u00eda de San Luis Potos\\u00ed\"}}]},{\"@type\":[\"Person\"],\"@id\":\"https:\/\/amnistia.org.mx\/contenido\/#\/schema\/person\/7db421c495688267ce8ede4625c17fa5\",\"name\":\"Alejandro Ju\\u00e1rez Gamero\",\"image\":{\"@type\":\"ImageObject\",\"@id\":\"https:\/\/amnistia.org.mx\/contenido\/#personlogo\",\"inLanguage\":\"es-MX\",\"url\":\"https:\/\/secure.gravatar.com\/avatar\/e312d5566d1c3ffb56f86415d6f0e606?s=96&d=mm&r=g\",\"caption\":\"Alejandro Ju\\u00e1rez Gamero\"}}]}<\/script>\n<!-- \/ Yoast SEO plugin. -->","_links":{"self":[{"href":"https:\/\/amnistia.org.mx\/contenido\/index.php\/wp-json\/wp\/v2\/posts\/16505"}],"collection":[{"href":"https:\/\/amnistia.org.mx\/contenido\/index.php\/wp-json\/wp\/v2\/posts"}],"about":[{"href":"https:\/\/amnistia.org.mx\/contenido\/index.php\/wp-json\/wp\/v2\/types\/post"}],"author":[{"embeddable":true,"href":"https:\/\/amnistia.org.mx\/contenido\/index.php\/wp-json\/wp\/v2\/users\/4"}],"replies":[{"embeddable":true,"href":"https:\/\/amnistia.org.mx\/contenido\/index.php\/wp-json\/wp\/v2\/comments?post=16505"}],"version-history":[{"count":3,"href":"https:\/\/amnistia.org.mx\/contenido\/index.php\/wp-json\/wp\/v2\/posts\/16505\/revisions"}],"predecessor-version":[{"id":16510,"href":"https:\/\/amnistia.org.mx\/contenido\/index.php\/wp-json\/wp\/v2\/posts\/16505\/revisions\/16510"}],"wp:featuredmedia":[{"embeddable":true,"href":"https:\/\/amnistia.org.mx\/contenido\/index.php\/wp-json\/wp\/v2\/media\/16396"}],"wp:attachment":[{"href":"https:\/\/amnistia.org.mx\/contenido\/index.php\/wp-json\/wp\/v2\/media?parent=16505"}],"wp:term":[{"taxonomy":"category","embeddable":true,"href":"https:\/\/amnistia.org.mx\/contenido\/index.php\/wp-json\/wp\/v2\/categories?post=16505"},{"taxonomy":"post_tag","embeddable":true,"href":"https:\/\/amnistia.org.mx\/contenido\/index.php\/wp-json\/wp\/v2\/tags?post=16505"}],"curies":[{"name":"wp","href":"https:\/\/api.w.org\/{rel}","templated":true}]}}