
{"id":16527,"date":"2022-03-29T09:30:00","date_gmt":"2022-03-29T15:30:00","guid":{"rendered":"https:\/\/amnistia.org.mx\/contenido\/?p=16527"},"modified":"2022-03-29T09:30:41","modified_gmt":"2022-03-29T15:30:41","slug":"americas-la-defensa-de-los-derechos-humanos-amenazada-en-una-region-asolada-por-la-pandemia","status":"publish","type":"post","link":"https:\/\/amnistia.org.mx\/contenido\/index.php\/americas-la-defensa-de-los-derechos-humanos-amenazada-en-una-region-asolada-por-la-pandemia\/","title":{"rendered":"Am\u00e9ricas: La defensa de los derechos humanos, amenazada en una regi\u00f3n asolada por la pandemia"},"content":{"rendered":"\n<p>Personas haitianas esperan para cruzar el puente fronterizo norte sobre el r\u00edo Masacre desde Ouanaminthe (arriba), Hait\u00ed, hasta Dajabon (abajo), Rep\u00fablica Dominicana, el 5 de marzo de 2021, para comerciar productos. El gobierno dominicano anunci\u00f3 la construcci\u00f3n de un muro para reducir la migraci\u00f3n ilegal. (Foto de ERIKA SANTELICES\/afp\/AFP v\u00eda Getty Images)<\/p>\n\n\n\n<p>\u201cEn lugar de abordar las arraigadas desigualdades socioecon\u00f3micas para ofrecer una recuperaci\u00f3n justa de la pandemia de COVID-19, Estados de todas las Am\u00e9ricas llevaron a cabo en 2021 un ataque sostenido contra la defensa de los derechos humanos dirigido contra personas que se manifestaban pac\u00edficamente, periodistas, defensores y defensoras de los derechos humanos y organizaciones de la sociedad civil en un intento de silenciar o erradicar la disidencia\u201d, ha declarado hoy Amnist\u00eda Internacional con motivo de la publicaci\u00f3n de su informe anual. La regi\u00f3n sigue siendo la m\u00e1s letal para quienes defienden los derechos humanos y se dedican al activismo medioambiental: <a href=\"https:\/\/www.amnesty.org\/es\/latest\/news\/2022\/02\/americas-alert-killings-human-rights-defenders-journalists\/#:~:text=With%20at%20least%2020%20human,America%2C%20said%20Amnesty%20International%20today.\">s\u00f3lo en enero de 2022 se cometieron al menos 20 homicidios <\/a>y el a\u00f1o pasado se perpetraron decenas m\u00e1s en Brasil, Colombia, Guatemala, Hait\u00ed, Honduras, M\u00e9xico, Per\u00fa y Venezuela.<\/p>\n\n\n\n<p>El <strong><em><a href=\"https:\/\/amnistia.org.mx\/contenido\/index.php\/informe-2021-22-amnistia-internacional-la-situacion-de-los-ddhh-en-el-mundo\/\">Informe de Amnist\u00eda Internacional 2021\/22: La situaci\u00f3n de los derechos humanos en el mundo<\/a><\/em><\/strong><em> <\/em>detalla c\u00f3mo, dos a\u00f1os despu\u00e9s de empezar la pandemia, las Am\u00e9ricas sigue siendo la regi\u00f3n con m\u00e1s muertes causadas por la COVID-19, en gran parte debido al acceso limitado y desigual a la atenci\u00f3n sanitaria, a sistemas de salud p\u00fablica con financiaci\u00f3n insuficiente, y a pol\u00edticas y medidas de protecci\u00f3n social inadecuadas para las comunidades marginadas. La impunidad por violaciones graves de derechos humanos y cr\u00edmenes de derecho internacional sigue siendo motivo de gran preocupaci\u00f3n en m\u00e1s de la mitad de los pa\u00edses de la regi\u00f3n, al mismo tiempo que han aumentado los ataques contra la independencia judicial.<\/p>\n\n\n\n<p>\u201cEs intolerable y una verg\u00fcenza que, en lugar de abordar las injusticias y las arraigadas desigualdades que afectan a las Am\u00e9ricas desde hace generaciones y que agravaron el impacto de la pandemia, muchos gobiernos hayan tratado de silenciar y reprimir a quienes protestan pac\u00edficamente y alzan la voz para reclamar un mundo m\u00e1s seguro, m\u00e1s justo y m\u00e1s compasivo\u201d, ha afirmado Erika Guevara Rosas, directora para las Am\u00e9ricas de Amnist\u00eda Internacional.<\/p>\n\n\n\n<p>La regi\u00f3n de las Am\u00e9ricas ha alcanzado <a href=\"https:\/\/ourworldindata.org\/covid-vaccinations\">el segundo \u00edndice de vacunaci\u00f3n per c\u00e1pita m\u00e1s alto del mundo<\/a>, con Cuba y Chile a la cabeza al vacunar a m\u00e1s del 90% de sus respectivas poblaciones, pero el acceso desigual en la regi\u00f3n ha debilitado la protecci\u00f3n en pa\u00edses como Hait\u00ed, donde a 10 de marzo de 2022 se hab\u00eda vacunado a menos del 2% de la poblaci\u00f3n. Mientras tanto, pa\u00edses ricos como Estados Unidos y Canad\u00e1 acumularon m\u00e1s dosis de las que necesitaban mientras miraban hacia otro lado cuando las grandes empresas farmac\u00e9uticas antepon\u00edan los beneficios a las personas neg\u00e1ndose a compartir su tecnolog\u00eda y permitir una mayor distribuci\u00f3n de las vacunas.<\/p>\n\n\n\n<p>\u201cMuchos Estados de las Am\u00e9ricas han hecho alentadores progresos en la vacunaci\u00f3n de su poblaci\u00f3n, pero deben hacer mucho m\u00e1s para asegurar el acceso equitativo y universal a las vacunas en todos los pa\u00edses y abordar al impacto socioecon\u00f3mico de la pandemia, que ha afectado desproporcionadamente a quienes ya padecen m\u00faltiples formas interrelacionadas de discriminaci\u00f3n y marginaci\u00f3n, como las mujeres y las personas ind\u00edgenas y afrodescendientes\u201d, prosigui\u00f3 diciendo Erika Guevara Rosas.<\/p>\n\n\n\n<p>Incluso antes de la pandemia, las Am\u00e9ricas ten\u00eda los \u00edndices m\u00e1s altos de disparidad de ingresos del mundo. La recuperaci\u00f3n econ\u00f3mica irregular del continente el a\u00f1o pasado tuvo poco impacto en las consecuencias de d\u00e9cadas de desigualdad estructural y result\u00f3 insuficiente para revertir la recesi\u00f3n econ\u00f3mica de 2020, que provoc\u00f3 tasas de desempleo r\u00e9cord, la disminuci\u00f3n de ingresos y el aumento de la pobreza. Esto ha empeorado situaciones de emergencia humanitaria preexistentes en pa\u00edses como Hait\u00ed y Venezuela, donde millones de personas siguen sin acceso a alimentos y atenci\u00f3n sanitaria suficientes.<\/p>\n\n\n\n<p>Mientras tanto, los esfuerzos para acallar las voces independientes y cr\u00edticas cobraron fuerza en 2021 al desplegar los Estados un abanico creciente de herramientas y t\u00e1cticas como las amenazas, <a href=\"https:\/\/www.amnesty.org\/es\/latest\/news\/2021\/07\/receta-nayib-bukele-para-limitar-ejercicio-derechos-humanos\/\">el hostigamiento<\/a>, <a href=\"https:\/\/www.amnesty.org\/es\/latest\/news\/2022\/02\/venezuela-calculated-repression-maduro-government\/\">las detenciones arbitrarias de motivaci\u00f3n pol\u00edtica<\/a>, <a href=\"https:\/\/www.amnesty.org\/es\/latest\/news\/2022\/02\/honduras-amnesty-international-demands-justice-guapinol-eight\/\">los enjuiciamientos infundados<\/a>, la vigilancia ileg\u00edtima, el uso excesivo de la fuerza, <a href=\"https:\/\/www.amnesty.org\/es\/latest\/news\/2021\/08\/nicaragua-enforced-disappearance-is-the-new-tactic-for-repression\/\">las desapariciones forzadas<\/a> y los homicidios ileg\u00edtimos para reprimir los derechos a la libertad de expresi\u00f3n, asociaci\u00f3n y reuni\u00f3n pac\u00edfica.<\/p>\n\n\n\n<p>En Estados Unidos, al menos 36 estados presentaron m\u00e1s de 80 proyectos de ley que limitaban el derecho a la libertad de reuni\u00f3n pac\u00edfica, mientras en Colombia, las autoridades <a href=\"https:\/\/www.amnesty.org\/es\/latest\/news\/2021\/07\/colombia-represion-violenta-contra-manifestantes-pacificos-cali-2\/\">reprimieron brutalmente a quienes protestaban<\/a> durante el Paro Nacional del a\u00f1o pasado, lo que se sald\u00f3 con 46 muertes, 3.275 detenciones arbitrarias, <a href=\"https:\/\/www.amnesty.org\/es\/latest\/news\/2021\/11\/colombia-esmad-eye-trauma\/\">m\u00e1s de 100 traumas oculares<\/a> y 49 denuncias de violencia sexual.<\/p>\n\n\n\n<figure class=\"wp-block-image size-large\"><img decoding=\"async\" loading=\"lazy\" width=\"700\" height=\"466\" src=\"https:\/\/amnistia.org.mx\/contenido\/wp-content\/uploads\/2022\/03\/Foto-2-ajustada-1.jpg\" alt=\"\" class=\"wp-image-16529\"\/><figcaption>Polic\u00edas antidisturbios se enfrentan a manifestantes en una nueva protesta contra el gobierno del presidente colombiano Iv\u00e1n Duque en Medell\u00edn, Colombia, el 2 de junio de 2021. (Foto de JOAQUIN SARMIENTO\/AFP v\u00eda Getty Images)<\/figcaption><\/figure>\n\n\n\n<p>Las autoridades cubanas tambi\u00e9n <a href=\"https:\/\/www.amnesty.org\/es\/latest\/news\/2021\/08\/cuba-amnesty-international-names-prisoners-of-conscience\/\">detuvieron arbitrariamente a centenares de personas<\/a> durante las hist\u00f3ricas protestas del pasado mes de julio y <a href=\"https:\/\/www.amnesty.org\/es\/latest\/news\/2021\/10\/cuba-rejection-request-protest-another-example-intolerance-freedom-expression\/\">prohibieron otra marcha<\/a> para exigir su libertad en octubre, adem\u00e1s de recurrir a <a href=\"https:\/\/www.amnesty.org\/es\/latest\/news\/2021\/07\/cuba-protests-updates\/\">cortes de Internet<\/a> para impedir que la gente compartiera informaci\u00f3n sobre la represi\u00f3n y se organizase en respuesta. Se utilizaron como armas tecnolog\u00edas digitales subrepticias como en El Salvador, con el <a href=\"https:\/\/www.amnesty.org\/es\/latest\/news\/2022\/01\/el-salvador-pegasus-spyware-surveillance-journalists\/\">despliegue masivo contra periodistas y activistas<\/a> del software esp\u00eda Pegasus de NSO Group.<\/p>\n\n\n\n<p>Decenas de periodistas y personas que trabajaban en medios de comunicaci\u00f3n fueron objeto de amenazas, ataques y detenciones en toda la regi\u00f3n, donde M\u00e9xico sigue siendo el pa\u00eds m\u00e1s letal para el colectivo de periodistas tras registrar <a href=\"https:\/\/cpj.org\/2021\/12\/attacks-on-the-press-in-2021\/\">nueve homicidios en 2021<\/a> y al menos <a href=\"https:\/\/apnews.com\/article\/mexico-media-journalists-mexico-city-butterflies-8d22fe943b22f34429c69802b2a38336\">otros ocho a principios de 2022<\/a>.<\/p>\n\n\n\n<p>El uso de fuerza excesiva e innecesaria en las operaciones de aplicaci\u00f3n de la ley tambi\u00e9n fue letal en muchos pa\u00edses: en Brasil, <a href=\"https:\/\/www.amnesty.org\/es\/latest\/news\/2021\/05\/brazil-jacarezinho-massacre-rio-de-janeiro-reprehensible-unjustifiable\/\">la operaci\u00f3n m\u00e1s mort\u00edfera llevada a cabo hasta ahora<\/a> por la polic\u00eda en R\u00edo de Janeiro se sald\u00f3 con la muerte 27 residentes de la favela de Jacarezinho el pasado mes de mayo. En Estados Unidos, la polic\u00eda mat\u00f3 a tiros a 888 personas en 2021, lo que afect\u00f3 de forma desproporcionada a las personas negras.<\/p>\n\n\n\n<p>El racismo y la discriminaci\u00f3n segu\u00edan estando extendidos en toda la regi\u00f3n, donde el acceso insuficiente al agua, el saneamiento, los servicios de salud y las prestaciones sociales agrav\u00f3 el impacto de la pandemia sobre todo en los pueblos ind\u00edgenas. Guatemala, Honduras, M\u00e9xico, Paraguay, Per\u00fa y Venezuela continuaron permitiendo el desarrollo de importantes proyectos extractivos, agr\u00edcolas y de infraestructura sin obtener el consentimiento libre, previo e informado de los pueblos ind\u00edgenas afectados, y a veces a pesar de las \u00f3rdenes judiciales de suspender las operaciones.<\/p>\n\n\n\n<p>Pese a ciertos progresos, la actuaci\u00f3n contra el cambio clim\u00e1tico sigui\u00f3 siendo limitada. El Acuerdo de Escaz\u00fa, tratado regional sobre justicia medioambiental y la protecci\u00f3n de quienes defienden el medio ambiente en Am\u00e9rica Latina y el Caribe, entr\u00f3 en vigor por fin en abril, aunque Cuba, Honduras y Venezuela no lo han firmado a\u00fan y falta la ratificaci\u00f3n de otros 12 pa\u00edses. Estados Unidos se reincorpor\u00f3 al Acuerdo de Par\u00eds con el presidente Biden y trat\u00f3 de revertir cientos de leyes y pol\u00edticas que hab\u00eda aprobado la administraci\u00f3n Trump para liberalizar los sectores del medio ambiente y la energ\u00eda, pero sigui\u00f3 aprobando proyectos de explotaci\u00f3n petrolera en tierras federales.<\/p>\n\n\n\n<p>El presidente de Brasil Bolsonaro continu\u00f3 fomentando la deforestaci\u00f3n y la extracci\u00f3n de recursos naturales en la Amazon\u00eda, lo que agrav\u00f3 el impacto de la crisis clim\u00e1tica en las tierras y territorios de los pueblos ind\u00edgenas y dio pie a acusaciones de genocidio y ecocidio ante la Corte Penal Internacional. Por su parte, Canad\u00e1 sigui\u00f3 subvencionando la industria de los combustibles f\u00f3siles, Bolivia aprob\u00f3 normativas que incentivaban la tala de \u00e1rboles y la quema de bosques, y M\u00e9xico, que ocupa el puesto n\u00famero 11 de los emisores de gas de invernadero, no present\u00f3 nuevos objetivos de reducci\u00f3n de emisiones en la COP26.<\/p>\n\n\n\n<p>A lo largo del a\u00f1o, decenas de miles de personas \u2014en su mayor\u00eda de Guatemala, Hait\u00ed, Honduras y Venezuela\u2014 huyeron de violaciones de derechos humanos relacionadas con la violencia, la desigualdad y el cambio clim\u00e1tico. No obstante, los gobiernos de Canad\u00e1, Chile, Curazao, Estados Unidos, M\u00e9xico, Per\u00fa y Trinidad y Tobago siguieron prohibiendo la entrada de personas refugiadas, solicitantes de asilo y migrantes, y violaron el derecho internacional al deportar sin estudiar debidamente sus solicitudes, a quienes consiguieron cruzar sus fronteras.<\/p>\n\n\n\n<p>Decenas de miles de personas refugiadas haitianas buscaron protecci\u00f3n internacional, pero los gobiernos de la regi\u00f3n <a href=\"https:\/\/www.amnesty.org\/es\/latest\/news\/2021\/10\/americas-countries-across-region-failing-provide-protection-haitians-move\/\">no las salvaguardaron<\/a> de la detenci\u00f3n y las devoluciones sumarias ileg\u00edtimas, la extorsi\u00f3n, la discriminaci\u00f3n racial ni de la violencia de g\u00e9nero. Agentes de la Patrulla Fronteriza de Estados Unidos llevaron a cabo en la frontera de su pa\u00eds con M\u00e9xico la devoluci\u00f3n sumaria de m\u00e1s de un mill\u00f3n de personas refugiadas y migrantes, entre las que hab\u00eda decenas de miles de menores no acompa\u00f1ados, esgrimiendo como pretexto normas de salud p\u00fablica en relaci\u00f3n con la COVID-19.<\/p>\n\n\n\n<figure class=\"wp-block-image size-large\"><img decoding=\"async\" loading=\"lazy\" width=\"700\" height=\"462\" src=\"https:\/\/amnistia.org.mx\/contenido\/wp-content\/uploads\/2022\/03\/Foto-3-ajustada.jpg\" alt=\"\" class=\"wp-image-16530\"\/><figcaption>Una mujer participa en una protesta durante el D\u00eda Internacional de la Eliminaci\u00f3n de la Violencia contra la Mujer, en la Ciudad de M\u00e9xico, M\u00e9xico, el 25 de noviembre de 2021. (Foto de Daniel C\u00e1rdenas\/Anadolu Agency v\u00eda Getty Images)<\/figcaption><\/figure>\n\n\n\n<p>La violencia de g\u00e9nero sigue siendo uno de los principales motivos de preocupaci\u00f3n en toda la regi\u00f3n, donde las medidas para proteger a las mujeres y las ni\u00f1as son insuficientes, y las investigaciones sobre la violencia de g\u00e9nero intrafamiliar, las violaciones y los feminicidios fueron a menudo deficientes. M\u00e9xico registr\u00f3 <a href=\"https:\/\/drive.google.com\/file\/d\/1NBXVxuDczwaL2XVf4l0br8HL0JlBvbTz\/view\">3.716 homicidios de mujeres<\/a> en 2021, de los que 969 fueron investigados como feminicidios, mientras las fuerzas de seguridad mexicanas usaban fuerza excesiva, detenciones arbitrarias y la violencia sexual contra las mujeres que protestaban. Tanto en Paraguay como en Puerto Rico se declar\u00f3 el estado de emergencia debido al aumento de la violencia contra las mujeres; tambi\u00e9n hubo un incremento significativo de este tipo de violencia en Per\u00fa y Uruguay.<\/p>\n\n\n\n<p>En las Am\u00e9ricas se produjeron el a\u00f1o pasado algunos avances limitados en el reconocimiento de los derechos de las personas LGBTI: Argentina introdujo tarjetas de identidad en las que se reconoc\u00eda a quienes se identificaban como personas no binarias y aprob\u00f3 una ley para promover el empleo de las personas trans. El gobierno del presidente Biden tom\u00f3 medidas para derogar las pol\u00edticas discriminatorias de la administraci\u00f3n anterior hacia las personas LGBTI en Estados Unidos, pero al mismo tiempo se presentaron cientos de proyectos de ley del \u00e1mbito de los estados que recortaban sus derechos.<\/p>\n\n\n\n<p>En muchas partes de la regi\u00f3n se bloquearon leyes que habr\u00edan protegido mejor los derechos de las personas LGBTI, mientras en varios pa\u00edses se sigui\u00f3 discriminando y sometiendo a violencia a personas debido a su orientaci\u00f3n sexual e identidad de g\u00e9nero. En las Am\u00e9ricas se denunciaron 316 de los 375 <a href=\"https:\/\/transrespect.org\/es\/tmm-update-tdor-2021\/\">asesinatos de personas trans y de g\u00e9nero diverso perpetrados en todo el mundo<\/a> entre octubre de 2020 y septiembre de 2021; Brasil registr\u00f3 125 homicidios, m\u00e1s que ning\u00fan otro pa\u00eds del planeta.<strong><\/strong><\/p>\n\n\n\n<p>Muchos gobiernos no hicieron lo suficiente para dar prioridad a la salud sexual y reproductiva en 2021. Faltaban servicios esenciales, el aborto sin riesgos segu\u00eda criminalizado en la mayor\u00eda de los pa\u00edses y en El Salvador, Hait\u00ed, Honduras, Jamaica, Nicaragua y la Rep\u00fablica Dominicana, se manten\u00eda la prohibici\u00f3n total del aborto. En Estados Unidos, varios gobiernos estatales introdujeron m\u00e1s restricciones al aborto que en ning\u00fan otro a\u00f1o y Texas promulg\u00f3 una prohibici\u00f3n casi total que criminaliza el aborto a partir de s\u00f3lo seis semanas de embarazo.<\/p>\n\n\n\n<p>El vibrante movimiento feminista de Am\u00e9rica Latina sigui\u00f3 cobrando fuerza sin desmayo desde que Argentina legaliz\u00f3 el aborto a finales de 2020: la Suprema Corte de Justicia de M\u00e9xico declar\u00f3 inconstitucional la criminalizaci\u00f3n del aborto en septiembre de 2021 y, en febrero de 2022, <a href=\"https:\/\/www.amnesty.org\/es\/latest\/news\/2022\/02\/colombia-decriminalization-abortion-triumph-human-rights\/\">la Corte Constitucional de Colombia despenaliz\u00f3 el aborto<\/a> en las primeras 24 semanas de embarazo.<\/p>\n\n\n\n<p>\u201cDesde Argentina hasta Colombia, la marea verde ha generado un impulso incontenible y ha demostrado que es posible el cambio incluso en situaciones aparentemente desesperadas. Las activistas feministas de las Am\u00e9ricas son una inspiraci\u00f3n para que, en todo el mundo, no dejemos nunca de defender los derechos humanos\u201d, concluy\u00f3 Erika Guevara Rosas.<\/p>\n\n\n\n<p><strong>M\u00e1s informaci\u00f3n:<\/strong><\/p>\n\n\n\n<p><em>Informe de Amnist\u00eda Internacional 2021\/22: La situaci\u00f3n de los derechos humanos en el mundo<\/em> (investigaci\u00f3n, 29 de marzo de 2022) <\/p>\n\n\n\n<p>https:\/\/amnistia.org.mx\/contenido\/index.php\/informe-2021-22-amnistia-internacional-la-situacion-de-los-ddhh-en-el-mundo\/ <\/p>\n\n\n\n<p><em>Datos y cifras:<\/em> <em>Los derechos humanos en las Am\u00e9ricas en 2021-2022 <\/em>(noticia, 29 de marzo de 2022) <a href=\"https:\/\/www.amnesty.org\/es\/latest\/news\/2022\/03\/facts-figures-human-rights-americas-2021-22\/\">https:\/\/www.amnesty.org\/es\/latest\/news\/2022\/03\/facts-figures-human-rights-americas-2021-22\/<\/a><\/p>\n\n\n\n<p><strong>Si desean m\u00e1s informaci\u00f3n o concertar una entrevista, p\u00f3nganse en contacto con<\/strong><\/p>\n\n\n\n<p>Duncan Tucker: (Amnist\u00eda Internacional Am\u00e9ricas):<\/p>\n\n\n\n<p><a href=\"mailto:duncan.tucker@amnesty.org\">duncan.tucker@amnesty.org<\/a><\/p>\n\n\n\n<p>+52 55 4848 8266<\/p>\n\n\n\n<p>Alejandro Ju\u00e1rez Gamero (Amnist\u00eda Internacional M\u00e9xico):<\/p>\n\n\n\n<p><a href=\"mailto:prensa@amnist\u00eda.org.mx\">prensa@amnist\u00eda.org.mx<\/a><\/p>\n\n\n\n<p>+52 55 2265 4331<\/p>\n","protected":false},"excerpt":{"rendered":"<p>Personas haitianas esperan para cruzar el puente fronterizo norte sobre el r\u00edo Masacre desde Ouanaminthe (arriba), Hait\u00ed, hasta Dajabon (abajo), Rep\u00fablica Dominicana, el 5 de marzo de 2021, para comerciar &hellip;<\/p>\n<p class=\"read-more\"> <a class=\"\" href=\"https:\/\/amnistia.org.mx\/contenido\/index.php\/americas-la-defensa-de-los-derechos-humanos-amenazada-en-una-region-asolada-por-la-pandemia\/\"> <span class=\"screen-reader-text\">Am\u00e9ricas: La defensa de los derechos humanos, amenazada en una regi\u00f3n asolada por la pandemia<\/span> Leer m\u00e1s &raquo;<\/a><\/p>\n","protected":false},"author":4,"featured_media":16528,"comment_status":"closed","ping_status":"closed","sticky":false,"template":"","format":"standard","meta":{"_uf_show_specific_survey":0,"_uf_disable_surveys":false,"site-sidebar-layout":"default","site-content-layout":"default","ast-global-header-display":"","ast-main-header-display":"","ast-hfb-above-header-display":"","ast-hfb-below-header-display":"","ast-hfb-mobile-header-display":"","site-post-title":"","ast-breadcrumbs-content":"","ast-featured-img":"","footer-sml-layout":"","theme-transparent-header-meta":"","adv-header-id-meta":"","stick-header-meta":"","header-above-stick-meta":"","header-main-stick-meta":"","header-below-stick-meta":""},"categories":[9],"tags":[],"acf":[],"aioseo_notices":[],"yoast_head":"<!-- This site is optimized with the Yoast SEO plugin v14.5 - https:\/\/yoast.com\/wordpress\/plugins\/seo\/ -->\n<title>Am\u00e9ricas: La defensa de los derechos humanos, amenazada en una regi\u00f3n asolada por la pandemia - amnistia.org.mx<\/title>\n<meta name=\"description\" content=\"Estados de todas las Am\u00e9ricas llevaron a cabo en 2021 un ataque sostenido contra la defensa de los derechos humanos, advierte Amnist\u00eda Internacional en su informe 2021\/22.\" \/>\n<meta name=\"robots\" content=\"index, follow\" \/>\n<meta name=\"googlebot\" content=\"index, follow, max-snippet:-1, max-image-preview:large, max-video-preview:-1\" \/>\n<meta name=\"bingbot\" content=\"index, follow, max-snippet:-1, max-image-preview:large, max-video-preview:-1\" \/>\n<link rel=\"canonical\" href=\"https:\/\/amnistia.org.mx\/contenido\/index.php\/americas-la-defensa-de-los-derechos-humanos-amenazada-en-una-region-asolada-por-la-pandemia\/\" \/>\n<meta property=\"og:locale\" content=\"es_MX\" \/>\n<meta property=\"og:type\" content=\"article\" \/>\n<meta property=\"og:title\" content=\"Am\u00e9ricas: La defensa de los derechos humanos, amenazada en una regi\u00f3n asolada por la pandemia - amnistia.org.mx\" \/>\n<meta property=\"og:description\" content=\"Estados de todas las Am\u00e9ricas llevaron a cabo en 2021 un ataque sostenido contra la defensa de los derechos humanos, advierte Amnist\u00eda Internacional en su informe 2021\/22.\" \/>\n<meta property=\"og:url\" content=\"https:\/\/amnistia.org.mx\/contenido\/index.php\/americas-la-defensa-de-los-derechos-humanos-amenazada-en-una-region-asolada-por-la-pandemia\/\" \/>\n<meta property=\"og:site_name\" content=\"amnistia.org.mx\" \/>\n<meta property=\"article:published_time\" content=\"2022-03-29T15:30:00+00:00\" \/>\n<meta property=\"article:modified_time\" content=\"2022-03-29T15:30:41+00:00\" \/>\n<meta property=\"og:image\" content=\"https:\/\/amnistia.org.mx\/contenido\/wp-content\/uploads\/2022\/03\/Foto-1-ajustada-1.jpg\" \/>\n\t<meta property=\"og:image:width\" content=\"700\" \/>\n\t<meta property=\"og:image:height\" content=\"393\" \/>\n<meta name=\"twitter:card\" content=\"summary_large_image\" \/>\n<script type=\"application\/ld+json\" class=\"yoast-schema-graph\">{\"@context\":\"https:\/\/schema.org\",\"@graph\":[{\"@type\":\"WebSite\",\"@id\":\"https:\/\/amnistia.org.mx\/contenido\/#website\",\"url\":\"https:\/\/amnistia.org.mx\/contenido\/\",\"name\":\"amnistia.org.mx\",\"description\":\"Nueva p\\u00e1gina de Amnist\\u00eda\",\"potentialAction\":[{\"@type\":\"SearchAction\",\"target\":\"https:\/\/amnistia.org.mx\/contenido\/?s={search_term_string}\",\"query-input\":\"required name=search_term_string\"}],\"inLanguage\":\"es-MX\"},{\"@type\":\"ImageObject\",\"@id\":\"https:\/\/amnistia.org.mx\/contenido\/index.php\/americas-la-defensa-de-los-derechos-humanos-amenazada-en-una-region-asolada-por-la-pandemia\/#primaryimage\",\"inLanguage\":\"es-MX\",\"url\":\"https:\/\/amnistia.org.mx\/contenido\/wp-content\/uploads\/2022\/03\/Foto-1-ajustada-1.jpg\",\"width\":700,\"height\":393,\"caption\":\"TOPSHOT - Aerial view of Haitian nationals waiting to cross the northern border bridge over the Massacre River from Ouanaminthe (top), Haiti, to Dajabon (bottom), Dominican Republic, on March 5, 2021. - The border crossing between the Dominican Republic and Haiti is opened on Mondays and Fridays, when Haitians enter the Dominican Republic to buy and sell products in the Binational Border Market, one of the main engines of the economy of the area. Dominican President Luis Abinader announced the construction of a wall along the border between the Dominican Republic and Haiti to reduce illegal migration. (Photo by Erika SANTELICES \/ AFP) (Photo by ERIKA SANTELICES\/afp\/AFP via Getty Images)\"},{\"@type\":\"WebPage\",\"@id\":\"https:\/\/amnistia.org.mx\/contenido\/index.php\/americas-la-defensa-de-los-derechos-humanos-amenazada-en-una-region-asolada-por-la-pandemia\/#webpage\",\"url\":\"https:\/\/amnistia.org.mx\/contenido\/index.php\/americas-la-defensa-de-los-derechos-humanos-amenazada-en-una-region-asolada-por-la-pandemia\/\",\"name\":\"Am\\u00e9ricas: La defensa de los derechos humanos, amenazada en una regi\\u00f3n asolada por la pandemia - amnistia.org.mx\",\"isPartOf\":{\"@id\":\"https:\/\/amnistia.org.mx\/contenido\/#website\"},\"primaryImageOfPage\":{\"@id\":\"https:\/\/amnistia.org.mx\/contenido\/index.php\/americas-la-defensa-de-los-derechos-humanos-amenazada-en-una-region-asolada-por-la-pandemia\/#primaryimage\"},\"datePublished\":\"2022-03-29T15:30:00+00:00\",\"dateModified\":\"2022-03-29T15:30:41+00:00\",\"author\":{\"@id\":\"https:\/\/amnistia.org.mx\/contenido\/#\/schema\/person\/7db421c495688267ce8ede4625c17fa5\"},\"description\":\"Estados de todas las Am\\u00e9ricas llevaron a cabo en 2021 un ataque sostenido contra la defensa de los derechos humanos, advierte Amnist\\u00eda Internacional en su informe 2021\/22.\",\"breadcrumb\":{\"@id\":\"https:\/\/amnistia.org.mx\/contenido\/index.php\/americas-la-defensa-de-los-derechos-humanos-amenazada-en-una-region-asolada-por-la-pandemia\/#breadcrumb\"},\"inLanguage\":\"es-MX\",\"potentialAction\":[{\"@type\":\"ReadAction\",\"target\":[\"https:\/\/amnistia.org.mx\/contenido\/index.php\/americas-la-defensa-de-los-derechos-humanos-amenazada-en-una-region-asolada-por-la-pandemia\/\"]}]},{\"@type\":\"BreadcrumbList\",\"@id\":\"https:\/\/amnistia.org.mx\/contenido\/index.php\/americas-la-defensa-de-los-derechos-humanos-amenazada-en-una-region-asolada-por-la-pandemia\/#breadcrumb\",\"itemListElement\":[{\"@type\":\"ListItem\",\"position\":1,\"item\":{\"@type\":\"WebPage\",\"@id\":\"https:\/\/amnistia.org.mx\/contenido\/\",\"url\":\"https:\/\/amnistia.org.mx\/contenido\/\",\"name\":\"Home\"}},{\"@type\":\"ListItem\",\"position\":2,\"item\":{\"@type\":\"WebPage\",\"@id\":\"https:\/\/amnistia.org.mx\/contenido\/index.php\/americas-la-defensa-de-los-derechos-humanos-amenazada-en-una-region-asolada-por-la-pandemia\/\",\"url\":\"https:\/\/amnistia.org.mx\/contenido\/index.php\/americas-la-defensa-de-los-derechos-humanos-amenazada-en-una-region-asolada-por-la-pandemia\/\",\"name\":\"Am\\u00e9ricas: La defensa de los derechos humanos, amenazada en una regi\\u00f3n asolada por la pandemia\"}}]},{\"@type\":[\"Person\"],\"@id\":\"https:\/\/amnistia.org.mx\/contenido\/#\/schema\/person\/7db421c495688267ce8ede4625c17fa5\",\"name\":\"Alejandro Ju\\u00e1rez Gamero\",\"image\":{\"@type\":\"ImageObject\",\"@id\":\"https:\/\/amnistia.org.mx\/contenido\/#personlogo\",\"inLanguage\":\"es-MX\",\"url\":\"https:\/\/secure.gravatar.com\/avatar\/e312d5566d1c3ffb56f86415d6f0e606?s=96&d=mm&r=g\",\"caption\":\"Alejandro Ju\\u00e1rez Gamero\"}}]}<\/script>\n<!-- \/ Yoast SEO plugin. -->","_links":{"self":[{"href":"https:\/\/amnistia.org.mx\/contenido\/index.php\/wp-json\/wp\/v2\/posts\/16527"}],"collection":[{"href":"https:\/\/amnistia.org.mx\/contenido\/index.php\/wp-json\/wp\/v2\/posts"}],"about":[{"href":"https:\/\/amnistia.org.mx\/contenido\/index.php\/wp-json\/wp\/v2\/types\/post"}],"author":[{"embeddable":true,"href":"https:\/\/amnistia.org.mx\/contenido\/index.php\/wp-json\/wp\/v2\/users\/4"}],"replies":[{"embeddable":true,"href":"https:\/\/amnistia.org.mx\/contenido\/index.php\/wp-json\/wp\/v2\/comments?post=16527"}],"version-history":[{"count":7,"href":"https:\/\/amnistia.org.mx\/contenido\/index.php\/wp-json\/wp\/v2\/posts\/16527\/revisions"}],"predecessor-version":[{"id":16538,"href":"https:\/\/amnistia.org.mx\/contenido\/index.php\/wp-json\/wp\/v2\/posts\/16527\/revisions\/16538"}],"wp:featuredmedia":[{"embeddable":true,"href":"https:\/\/amnistia.org.mx\/contenido\/index.php\/wp-json\/wp\/v2\/media\/16528"}],"wp:attachment":[{"href":"https:\/\/amnistia.org.mx\/contenido\/index.php\/wp-json\/wp\/v2\/media?parent=16527"}],"wp:term":[{"taxonomy":"category","embeddable":true,"href":"https:\/\/amnistia.org.mx\/contenido\/index.php\/wp-json\/wp\/v2\/categories?post=16527"},{"taxonomy":"post_tag","embeddable":true,"href":"https:\/\/amnistia.org.mx\/contenido\/index.php\/wp-json\/wp\/v2\/tags?post=16527"}],"curies":[{"name":"wp","href":"https:\/\/api.w.org\/{rel}","templated":true}]}}