
{"id":17525,"date":"2022-05-30T09:48:52","date_gmt":"2022-05-30T14:48:52","guid":{"rendered":"https:\/\/amnistia.org.mx\/contenido\/?p=17525"},"modified":"2022-05-30T09:52:16","modified_gmt":"2022-05-30T14:52:16","slug":"el-estado-de-excepcion-una-grave-amenaza-para-los-derechos","status":"publish","type":"post","link":"https:\/\/amnistia.org.mx\/contenido\/index.php\/el-estado-de-excepcion-una-grave-amenaza-para-los-derechos\/","title":{"rendered":"El Estado de excepci\u00f3n, una grave amenaza para los derechos"},"content":{"rendered":"\n<p>El 27 de marzo de 2022, la Asamblea Legislativa de <strong>El Salvador<\/strong> aprob\u00f3 un <strong>r\u00e9gimen de excepci\u00f3n<\/strong> en respuesta a los reportes sobre el aumento en el n\u00famero de homicidios relacionados con pandillas. Desde entonces, seg\u00fan indica la informaci\u00f3n disponible, <strong>m\u00e1s de 25,000 personas han sido detenidas<\/strong>, y los <strong>derechos humanos<\/strong> de la poblaci\u00f3n est\u00e1n gravemente amenazados. <strong>Amnist\u00eda Internacional<\/strong> pide al presidente <strong>Nayib Bukele<\/strong> que tome todas las medidas necesarias para poner fin de inmediato a las violaciones de derechos humanos que tienen lugar en el contexto del r\u00e9gimen de excepci\u00f3n, y que dise\u00f1e estrategias de seguridad p\u00fablica que garanticen los derechos fundamentales.<\/p>\n\n\n\n<p><strong>ACT\u00daEN: REDACTEN SU PROPIO LLAMAMIENTO O UTILICEN LA SIGUIENTE CARTA MODELO<\/strong><br>Presidente Nayib Bukele<br>Correo-e: contacto@presidencia.gob.sv<br>Twitter: @nayibbukele<\/p>\n\n\n\n<p><strong>Se\u00f1or Presidente Bukele:<\/strong><br>Me dirijo a usted para expresarle mi alarma por la situaci\u00f3n de derechos humanos que vive actualmente El Salvador. El r\u00e9gimen de excepci\u00f3n y las medidas relacionadas con \u00e9l han tra\u00eddo consigo una multitud de violaciones de derechos humanos, y es su responsabilidad actuar para restaurar los derechos humanos y las libertades fundamentales en el pa\u00eds. En particular, me preocupa que:<\/p>\n\n\n\n<ol><li><strong>Las reformas legales aprobadas desde el inicio del estado de excepci\u00f3n amenazan los derechos humanos y no cumplen las normas internacionales. <\/strong>Resulta angustioso ver que el decreto sobre el r\u00e9gimen de excepci\u00f3n suspende libertades fundamentales, como el derecho a la defensa jur\u00eddica. Adem\u00e1s, otras reformas legales, como la eliminaci\u00f3n de los periodos m\u00e1ximos de prisi\u00f3n preventiva y la aprobaci\u00f3n de juicios sin la presencia de la persona acusada, son contrarias al derecho internacional.<\/li><li><strong>Ha habido informes generalizados de detenciones arbitrarias, y preocupaci\u00f3n respecto a los malos tratos contra personas detenidas, incluidas muertes bajo custodia<\/strong>. Recibo con la alarma los reportes sobre los malos tratos infligidos a personas detenidas por las fuerzas de seguridad, que indican que al menos cinco personas han muerto al parecer bajo custodia. Sus propias declaraciones sobre la limitaci\u00f3n de alimentos y acceso al aire libre para las personas presas tambi\u00e9n son motivo de honda preocupaci\u00f3n. Adem\u00e1s, las organizaciones locales han identificado incidentes de personas a las que se ha detenido por tener tatuajes o simplemente por estar presentes en zonas en las que suelen operar miembros de pandillas. Se han realizado cientos de denuncias de detenci\u00f3n arbitraria.<\/li><li><strong>En el pa\u00eds se ataca a periodistas, personas defensoras de los derechos humanos y funcionarios judiciales. <\/strong>Las recientes reformas legales amenazan la capacidad de los y las periodistas de informar sobre la actividad de las pandillas sin sufrir persecuci\u00f3n. En lugar de aplaudir su trabajo de defensa de los derechos humanos en El Salvador, resulta inquietante ver que su gobierno ha estigmatizado y acosado a profesionales del periodismo y personas que defienden los derechos humanos. Adem\u00e1s, los jueces, juezas y los abogados y abogadas defensoras parecen estar sometidos a un escrutinio cada vez mayor.<\/li><\/ol>\n\n\n\n<p>El contexto de derechos humanos que su gobierno ha creado en El Salvador es aterrador, y le insto a que proceda de inmediato a cambiar de rumbo. Las estrategias de seguridad p\u00fablica son importantes, pero deben garantizar los derechos humanos fundamentales.<\/p>\n\n\n\n<p><strong>Por tanto, le pido que:<\/strong><\/p>\n\n\n\n<p><strong>1. derogue o enmiende todas las reformas legales que no cumplen con el derecho y las normas internacionales;<br>2. garantice los derechos de las personas presas al debido proceso y a un trato justo;<br>3. ponga fin a la estigmatizaci\u00f3n de la sociedad civil, la prensa y los funcionarios judiciales, y garantice que estas personas pueden realizar su trabajo sin represalias.<\/strong><\/p>\n\n\n\n<p>Atentamente,<br>[NOMBRE]<\/p>\n\n\n\n<p><\/p>\n\n\n\n<p><\/p>\n\n\n\n<p><strong><em>INFORMACI\u00d3N COMPLEMENTARIA<\/em><\/strong><br>El 27 de marzo de 2022, la Asamblea Legislativa de El Salvador aprob\u00f3 un r\u00e9gimen de excepci\u00f3n, a petici\u00f3n del presidente Nayib Bukele, para dar respuesta a los reportes sobre un aumento en el n\u00famero de homicidios relacionados con pandillas. El estado de excepci\u00f3n, que inicialmente estaba previsto para 30 d\u00edas, fue renovado por la Asamblea Legislativa el 24 de abril. Hasta la fecha se ha detenido a m\u00e1s de 25.000 personas, y se ha informado de violaciones generalizadas de derechos humanos. Amnist\u00eda Internacional siente especial preocupaci\u00f3n por las siguientes cuestiones:<\/p>\n\n\n\n<ol><li><strong>Las reformas legales implementadas en el contexto del r\u00e9gimen de excepci\u00f3n amenazan los derechos humanos y no cumplen las normas internacionales.<\/strong><br>El decreto de estado de excepci\u00f3n aprobado por la Asamblea Legislativa suspende derechos humanos que se consideran fundamentales y cuya vigencia, por consiguiente, no admite excepciones en virtud del derecho internacional. Entre esos derechos se incluyen el derecho a la defensa jur\u00eddica y el derecho a ser informado de los motivos de una detenci\u00f3n, entre otros.<br>Otras reformas legales aprobadas por la Asamblea Legislativa son el establecimiento de penas de prisi\u00f3n para menores de entre 12 y 16 a\u00f1os por delitos relacionados con pandillas, la posibilidad de juzgar a personas in absentia \u2014es decir, sin que est\u00e9n presentes en el contexto del juicio\u2014, la abolici\u00f3n de los periodos m\u00e1ximos de prisi\u00f3n preventiva, y el establecimiento de juicios con jueces an\u00f3nimos \u201csin rostro\u201d, que pueden generar preocupaci\u00f3n respecto al debido proceso y la independencia judicial.<br>Las reformas incluyen tambi\u00e9n el establecimiento de penas de prisi\u00f3n para quienes \u201creciban provecho directa o indirectamente de las relaciones de cualquier naturaleza con tales organizaciones\u201d, o por \u201cla reproducci\u00f3n y transmisi\u00f3n a la poblaci\u00f3n en general de mensajes o comunicados originados o presuntamente originados por dichos grupos delincuenciales, que pudieren generar zozobra y p\u00e1nico en la poblaci\u00f3n\u201d; unas reformas de redacci\u00f3n muy vaga que no cumplen el requisito de legalidad establecido por el derecho internacional. La \u00faltima reforma, en particular, podr\u00eda dar lugar a la criminalizaci\u00f3n de periodistas que informan sobre la actividad relacionada con las pandillas.<\/li><li><strong>Se han recibido informes generalizados sobre detenciones arbitrarias, y existe preocupaci\u00f3n respecto a los malos tratos y muertes de personas bajo custodia.<\/strong><br>Las organizaciones de la sociedad civil han recibido m\u00e1s de 300 denuncias de violaciones de derechos humanos en el contexto del r\u00e9gimen de excepci\u00f3n, de los que m\u00e1s del 70% se refieren a detenciones arbitrarias.<br>Las organizaciones locales y los medios de comunicaci\u00f3n han informado de que se ha detenido a personas en barrios pobres y marginados simplemente por tener tatuajes o por estar presentes en zonas donde suelen operar pandillas. Al parecer, estas personas no han tenido acceso a defensa jur\u00eddica adecuada, y se ha manifestado preocupaci\u00f3n respecto a la independencia judicial y a la capacidad de estas personas de obtener una revisi\u00f3n judicial justa de su detenci\u00f3n. Tambi\u00e9n se han recibido informes de malos tratos en el contexto del estado de excepci\u00f3n, y el presidente ha hecho preocupantes declaraciones sobre limitar el acceso de las personas presas a la comida y al aire libre. Los informes indican que al menos cinco personas han muerto bajo custodia en el contexto del r\u00e9gimen de excepci\u00f3n.<\/li><li><strong>Se est\u00e1 atacando a periodistas, personas defensoras de los derechos humanos y funcionarios judiciales.<\/strong><br>Los periodistas y los defensores y defensoras de los derechos humanos que han alzado la voz contra el estado de excepci\u00f3n han sido sometidos a acoso y estigmatizaci\u00f3n por las autoridades en las redes sociales y otros canales. Este acoso contra periodistas en El Salvador ha alcanzado tales niveles que algunos han sentido la necesidad de abandonar el pa\u00eds, ante el temor a represalias.<br>Los jueces, juezas y abogados y abogadas defensoras que intentan proteger los derechos de las personas detenidas tambi\u00e9n han sido sometidos, seg\u00fan indica la informaci\u00f3n disponible, a un mayor escrutinio.<br><\/li><\/ol>\n\n\n\n<p>El r\u00e9gimen de excepci\u00f3n y las medidas relacionadas con \u00e9l se han producido en un contexto m\u00e1s amplio de reducci\u00f3n del espacio c\u00edvico en El Salvador. En mayo de 2021, la Asamblea Legislativa \u2014controlada por el partido de Nayib Bukele, \u201cNuevas Ideas\u201d\u2014 vot\u00f3 a favor de destituir a magistrados de la Sala de lo Constitucional de la Corte Suprema, una medida que se interpret\u00f3 en general como un ataque a la independencia del poder judicial en el pa\u00eds. La Asamblea Legislativa tambi\u00e9n ha tratado de introducir legislaci\u00f3n que restringe la financiaci\u00f3n extranjera para las organizaciones de la sociedad civil, una legislaci\u00f3n que, si se aprueba, dificultar\u00eda seriamente el trabajo de las ONG en El Salvador. El presidente Bukele descalifica y estigmatiza el trabajo de las ONG y los periodistas en las redes sociales y, en enero de 2022, se revel\u00f3 que al menos 35 personas, en su mayor\u00eda periodistas independientes de medios cr\u00edticos con el gobierno, hab\u00edan sido vigiladas mediante la infecci\u00f3n de sus dispositivos con el software esp\u00eda Pegasus.<\/p>\n\n\n\n<p><strong>PUEDEN ESCRIBIR LLAMAMIENTOS E<\/strong>N: Espa\u00f1ol.<br>Tambi\u00e9n pueden escribir en su propio idioma.<br><br>Consulten con la oficina de Amnist\u00eda Internacional de su pa\u00eds si desean enviar llamamientos despu\u00e9s de la fecha indicada.<\/p>\n","protected":false},"excerpt":{"rendered":"<p>El 27 de marzo de 2022, la Asamblea Legislativa de El Salvador aprob\u00f3 un r\u00e9gimen de excepci\u00f3n en respuesta a los reportes sobre el aumento en el n\u00famero de homicidios &hellip;<\/p>\n<p class=\"read-more\"> <a class=\"\" href=\"https:\/\/amnistia.org.mx\/contenido\/index.php\/el-estado-de-excepcion-una-grave-amenaza-para-los-derechos\/\"> <span class=\"screen-reader-text\">El Estado de excepci\u00f3n, una grave amenaza para los derechos<\/span> Leer m\u00e1s &raquo;<\/a><\/p>\n","protected":false},"author":8,"featured_media":17526,"comment_status":"closed","ping_status":"closed","sticky":false,"template":"","format":"standard","meta":{"_uf_show_specific_survey":0,"_uf_disable_surveys":false,"site-sidebar-layout":"default","site-content-layout":"default","ast-global-header-display":"","ast-main-header-display":"","ast-hfb-above-header-display":"","ast-hfb-below-header-display":"","ast-hfb-mobile-header-display":"","site-post-title":"","ast-breadcrumbs-content":"","ast-featured-img":"","footer-sml-layout":"","theme-transparent-header-meta":"","adv-header-id-meta":"","stick-header-meta":"","header-above-stick-meta":"","header-main-stick-meta":"","header-below-stick-meta":""},"categories":[9],"tags":[45],"acf":[],"aioseo_notices":[],"yoast_head":"<!-- This site is optimized with the Yoast SEO plugin v14.5 - https:\/\/yoast.com\/wordpress\/plugins\/seo\/ -->\n<title>El Estado de excepci\u00f3n, una grave amenaza para los derechos - amnistia.org.mx<\/title>\n<meta name=\"description\" content=\"Amnist\u00eda Internacional pide al presidente de El Salvador, Nayib Bukele, que tome todas las medidas necesarias para poner fin de inmediato a las violaciones de derechos humanos que tienen lugar en el contexto del r\u00e9gimen de excepci\u00f3n.\" \/>\n<meta name=\"robots\" content=\"index, follow\" \/>\n<meta name=\"googlebot\" content=\"index, follow, max-snippet:-1, max-image-preview:large, max-video-preview:-1\" \/>\n<meta name=\"bingbot\" content=\"index, follow, max-snippet:-1, max-image-preview:large, max-video-preview:-1\" \/>\n<link rel=\"canonical\" href=\"https:\/\/amnistia.org.mx\/contenido\/index.php\/el-estado-de-excepcion-una-grave-amenaza-para-los-derechos\/\" \/>\n<meta property=\"og:locale\" content=\"es_MX\" \/>\n<meta property=\"og:type\" content=\"article\" \/>\n<meta property=\"og:title\" content=\"El Estado de excepci\u00f3n, una grave amenaza para los derechos - amnistia.org.mx\" \/>\n<meta property=\"og:description\" content=\"Amnist\u00eda Internacional pide al presidente de El Salvador, Nayib Bukele, que tome todas las medidas necesarias para poner fin de inmediato a las violaciones de derechos humanos que tienen lugar en el contexto del r\u00e9gimen de excepci\u00f3n.\" \/>\n<meta property=\"og:url\" content=\"https:\/\/amnistia.org.mx\/contenido\/index.php\/el-estado-de-excepcion-una-grave-amenaza-para-los-derechos\/\" \/>\n<meta property=\"og:site_name\" content=\"amnistia.org.mx\" \/>\n<meta property=\"article:published_time\" content=\"2022-05-30T14:48:52+00:00\" \/>\n<meta property=\"article:modified_time\" content=\"2022-05-30T14:52:16+00:00\" \/>\n<meta property=\"og:image\" content=\"https:\/\/amnistia.org.mx\/contenido\/wp-content\/uploads\/2022\/05\/ACCI\u00d3N-URGENTE-AMNIST\u00cdA-INTERNACIONAL.png\" \/>\n\t<meta property=\"og:image:width\" content=\"1600\" \/>\n\t<meta property=\"og:image:height\" content=\"900\" \/>\n<meta name=\"twitter:card\" content=\"summary_large_image\" \/>\n<script type=\"application\/ld+json\" class=\"yoast-schema-graph\">{\"@context\":\"https:\/\/schema.org\",\"@graph\":[{\"@type\":\"WebSite\",\"@id\":\"https:\/\/amnistia.org.mx\/contenido\/#website\",\"url\":\"https:\/\/amnistia.org.mx\/contenido\/\",\"name\":\"amnistia.org.mx\",\"description\":\"Nueva p\\u00e1gina de Amnist\\u00eda\",\"potentialAction\":[{\"@type\":\"SearchAction\",\"target\":\"https:\/\/amnistia.org.mx\/contenido\/?s={search_term_string}\",\"query-input\":\"required name=search_term_string\"}],\"inLanguage\":\"es-MX\"},{\"@type\":\"ImageObject\",\"@id\":\"https:\/\/amnistia.org.mx\/contenido\/index.php\/el-estado-de-excepcion-una-grave-amenaza-para-los-derechos\/#primaryimage\",\"inLanguage\":\"es-MX\",\"url\":\"https:\/\/amnistia.org.mx\/contenido\/wp-content\/uploads\/2022\/05\/ACCI\\u00d3N-URGENTE-AMNIST\\u00cdA-INTERNACIONAL.png\",\"width\":1600,\"height\":900},{\"@type\":\"WebPage\",\"@id\":\"https:\/\/amnistia.org.mx\/contenido\/index.php\/el-estado-de-excepcion-una-grave-amenaza-para-los-derechos\/#webpage\",\"url\":\"https:\/\/amnistia.org.mx\/contenido\/index.php\/el-estado-de-excepcion-una-grave-amenaza-para-los-derechos\/\",\"name\":\"El Estado de excepci\\u00f3n, una grave amenaza para los derechos - amnistia.org.mx\",\"isPartOf\":{\"@id\":\"https:\/\/amnistia.org.mx\/contenido\/#website\"},\"primaryImageOfPage\":{\"@id\":\"https:\/\/amnistia.org.mx\/contenido\/index.php\/el-estado-de-excepcion-una-grave-amenaza-para-los-derechos\/#primaryimage\"},\"datePublished\":\"2022-05-30T14:48:52+00:00\",\"dateModified\":\"2022-05-30T14:52:16+00:00\",\"author\":{\"@id\":\"https:\/\/amnistia.org.mx\/contenido\/#\/schema\/person\/2d2b29996a9513767aea81f8ae57bdeb\"},\"description\":\"Amnist\\u00eda Internacional pide al presidente de El Salvador, Nayib Bukele, que tome todas las medidas necesarias para poner fin de inmediato a las violaciones de derechos humanos que tienen lugar en el contexto del r\\u00e9gimen de excepci\\u00f3n.\",\"breadcrumb\":{\"@id\":\"https:\/\/amnistia.org.mx\/contenido\/index.php\/el-estado-de-excepcion-una-grave-amenaza-para-los-derechos\/#breadcrumb\"},\"inLanguage\":\"es-MX\",\"potentialAction\":[{\"@type\":\"ReadAction\",\"target\":[\"https:\/\/amnistia.org.mx\/contenido\/index.php\/el-estado-de-excepcion-una-grave-amenaza-para-los-derechos\/\"]}]},{\"@type\":\"BreadcrumbList\",\"@id\":\"https:\/\/amnistia.org.mx\/contenido\/index.php\/el-estado-de-excepcion-una-grave-amenaza-para-los-derechos\/#breadcrumb\",\"itemListElement\":[{\"@type\":\"ListItem\",\"position\":1,\"item\":{\"@type\":\"WebPage\",\"@id\":\"https:\/\/amnistia.org.mx\/contenido\/\",\"url\":\"https:\/\/amnistia.org.mx\/contenido\/\",\"name\":\"Home\"}},{\"@type\":\"ListItem\",\"position\":2,\"item\":{\"@type\":\"WebPage\",\"@id\":\"https:\/\/amnistia.org.mx\/contenido\/index.php\/el-estado-de-excepcion-una-grave-amenaza-para-los-derechos\/\",\"url\":\"https:\/\/amnistia.org.mx\/contenido\/index.php\/el-estado-de-excepcion-una-grave-amenaza-para-los-derechos\/\",\"name\":\"El Estado de excepci\\u00f3n, una grave amenaza para los derechos\"}}]},{\"@type\":[\"Person\"],\"@id\":\"https:\/\/amnistia.org.mx\/contenido\/#\/schema\/person\/2d2b29996a9513767aea81f8ae57bdeb\",\"name\":\"Carolina Flores\",\"image\":{\"@type\":\"ImageObject\",\"@id\":\"https:\/\/amnistia.org.mx\/contenido\/#personlogo\",\"inLanguage\":\"es-MX\",\"url\":\"https:\/\/secure.gravatar.com\/avatar\/e2d29811923c60594035966b365ce272?s=96&d=mm&r=g\",\"caption\":\"Carolina Flores\"}}]}<\/script>\n<!-- \/ Yoast SEO plugin. -->","_links":{"self":[{"href":"https:\/\/amnistia.org.mx\/contenido\/index.php\/wp-json\/wp\/v2\/posts\/17525"}],"collection":[{"href":"https:\/\/amnistia.org.mx\/contenido\/index.php\/wp-json\/wp\/v2\/posts"}],"about":[{"href":"https:\/\/amnistia.org.mx\/contenido\/index.php\/wp-json\/wp\/v2\/types\/post"}],"author":[{"embeddable":true,"href":"https:\/\/amnistia.org.mx\/contenido\/index.php\/wp-json\/wp\/v2\/users\/8"}],"replies":[{"embeddable":true,"href":"https:\/\/amnistia.org.mx\/contenido\/index.php\/wp-json\/wp\/v2\/comments?post=17525"}],"version-history":[{"count":11,"href":"https:\/\/amnistia.org.mx\/contenido\/index.php\/wp-json\/wp\/v2\/posts\/17525\/revisions"}],"predecessor-version":[{"id":17537,"href":"https:\/\/amnistia.org.mx\/contenido\/index.php\/wp-json\/wp\/v2\/posts\/17525\/revisions\/17537"}],"wp:featuredmedia":[{"embeddable":true,"href":"https:\/\/amnistia.org.mx\/contenido\/index.php\/wp-json\/wp\/v2\/media\/17526"}],"wp:attachment":[{"href":"https:\/\/amnistia.org.mx\/contenido\/index.php\/wp-json\/wp\/v2\/media?parent=17525"}],"wp:term":[{"taxonomy":"category","embeddable":true,"href":"https:\/\/amnistia.org.mx\/contenido\/index.php\/wp-json\/wp\/v2\/categories?post=17525"},{"taxonomy":"post_tag","embeddable":true,"href":"https:\/\/amnistia.org.mx\/contenido\/index.php\/wp-json\/wp\/v2\/tags?post=17525"}],"curies":[{"name":"wp","href":"https:\/\/api.w.org\/{rel}","templated":true}]}}