
{"id":18093,"date":"2022-06-17T10:28:41","date_gmt":"2022-06-17T15:28:41","guid":{"rendered":"https:\/\/amnistia.org.mx\/contenido\/?p=18093"},"modified":"2022-06-17T10:28:42","modified_gmt":"2022-06-17T15:28:42","slug":"reino-unido-estados-unidos-la-aprobacion-por-la-ministra-del-interior-de-reino-unido-de-la-extradicion-de-assange-a-estados-unidos-lo-pone-en-peligro","status":"publish","type":"post","link":"https:\/\/amnistia.org.mx\/contenido\/index.php\/reino-unido-estados-unidos-la-aprobacion-por-la-ministra-del-interior-de-reino-unido-de-la-extradicion-de-assange-a-estados-unidos-lo-pone-en-peligro\/","title":{"rendered":"Reino Unido \/ Estados Unidos: La aprobaci\u00f3n por la ministra del Interior de Reino Unido de la extradici\u00f3n de Assange a Estados Unidos lo pone en peligro"},"content":{"rendered":"\n<p>Simpatizantes de Julian Assange protestan frente a la Corte de Magistrados de la Ciudad de Westminster en Londres, Inglaterra, el 20 de abril de 2022, contra la decisi\u00f3n de extraditar al cofundador de WikiLeaks a Estados Unidos. (Foto de Rasid Necati Aslim\/Anadolu Agency v\u00eda Getty Images).<\/p>\n\n\n\n<p>En respuesta a la noticia de que la ministra del Interior de Reino Unido, Priti Patel, ha aprobado la extradici\u00f3n de Julian Assange a Estados Unidos, donde se enfrenta a cargos en virtud de la Ley Espionaje, Agn\u00e8s Callamard, Secretaria General de Amnist\u00eda Internacional, manifest\u00f3:<\/p>\n\n\n\n<p>\u201cPermitir la extradici\u00f3n de Julian Assange a Estados Unidos lo pone en gran peligro y env\u00eda un mensaje disuasorio a quienes ejercen el periodismo en todo el mundo\u201d.<\/p>\n\n\n\n<p>\u201cDe llevarse a cabo la extradici\u00f3n, a Amnist\u00eda Internacional le preocupa enormemente el gran riesgo que corre Assange de ser recluido en r\u00e9gimen de aislamiento prolongado, pr\u00e1ctica que infringir\u00eda la prohibici\u00f3n de la tortura y otros malos tratos. Las garant\u00edas diplom\u00e1ticas ofrecidas por Estados Unidos de que Assange no ser\u00e1 sometido a reclusi\u00f3n en r\u00e9gimen de aislamiento no pueden aceptarse sin m\u00e1s, teniendo en cuenta el historial previo\u201d.<\/p>\n\n\n\n<p>\u201cPedimos a Reino Unido que se abstenga de extraditar a Julian Assange, que Estados Unidos retire los cargos y que se ponga en libertad a Assange\u201d.<\/p>\n\n\n\n<p>Es probable que Julian Assange presente un nuevo recurso contra la extradici\u00f3n alegando motivos distintos a la vulneraci\u00f3n de su derecho a la libertad de expresi\u00f3n.<\/p>\n\n\n\n<p><strong>Informaci\u00f3n complementaria<\/strong><\/p>\n\n\n\n<p><a href=\"https:\/\/www.amnesty.org\/es\/latest\/news\/2022\/04\/uk-certifying-assanges-extradition-puts-him-at-great-risk-and-would-pose-grave-threat-to-press-freedom\/\">Reino Unido: Confirmar la extradici\u00f3n de Assange pone a \u00e9ste en gran peligro y \u201eser\u00eda una grave amenaza para libertad de prensa\u201c<\/a><\/p>\n\n\n\n<p>Si desean m\u00e1s informaci\u00f3n o concertar una entrevista, p\u00f3nganse en contacto con:\u202f<\/p>\n\n\n\n<p>Correo-e: press@amnesty.org<\/p>\n\n\n\n<p>+44 20 7413 5566\u202f<\/p>\n\n\n\n<p>Twitter: @amnestypress\u202f<\/p>\n","protected":false},"excerpt":{"rendered":"<p>Simpatizantes de Julian Assange protestan frente a la Corte de Magistrados de la Ciudad de Westminster en Londres, Inglaterra, el 20 de abril de 2022, contra la decisi\u00f3n de extraditar &hellip;<\/p>\n<p class=\"read-more\"> <a class=\"\" href=\"https:\/\/amnistia.org.mx\/contenido\/index.php\/reino-unido-estados-unidos-la-aprobacion-por-la-ministra-del-interior-de-reino-unido-de-la-extradicion-de-assange-a-estados-unidos-lo-pone-en-peligro\/\"> <span class=\"screen-reader-text\">Reino Unido \/ Estados Unidos: La aprobaci\u00f3n por la ministra del Interior de Reino Unido de la extradici\u00f3n de Assange a Estados Unidos lo pone en peligro<\/span> Leer m\u00e1s &raquo;<\/a><\/p>\n","protected":false},"author":4,"featured_media":18096,"comment_status":"closed","ping_status":"closed","sticky":false,"template":"","format":"standard","meta":{"_uf_show_specific_survey":0,"_uf_disable_surveys":false,"site-sidebar-layout":"default","site-content-layout":"default","ast-global-header-display":"","ast-main-header-display":"","ast-hfb-above-header-display":"","ast-hfb-below-header-display":"","ast-hfb-mobile-header-display":"","site-post-title":"","ast-breadcrumbs-content":"","ast-featured-img":"","footer-sml-layout":"","theme-transparent-header-meta":"","adv-header-id-meta":"","stick-header-meta":"","header-above-stick-meta":"","header-main-stick-meta":"","header-below-stick-meta":""},"categories":[9,1],"tags":[],"acf":[],"aioseo_notices":[],"yoast_head":"<!-- This site is optimized with the Yoast SEO plugin v14.5 - https:\/\/yoast.com\/wordpress\/plugins\/seo\/ -->\n<title>Reino Unido \/ Estados Unidos: La aprobaci\u00f3n por la ministra del Interior de Reino Unido de la extradici\u00f3n de Assange a Estados Unidos lo pone en peligro - amnistia.org.mx<\/title>\n<meta name=\"description\" content=\"La extradici\u00f3n de Julian Assange a Estados Unidos lo pone en gran peligro, advierte la Secretaria General de Amnist\u00eda Internacional, Agn\u00e8s Callamard.\" \/>\n<meta name=\"robots\" content=\"index, follow\" \/>\n<meta name=\"googlebot\" content=\"index, follow, max-snippet:-1, max-image-preview:large, max-video-preview:-1\" \/>\n<meta name=\"bingbot\" content=\"index, follow, max-snippet:-1, max-image-preview:large, max-video-preview:-1\" \/>\n<link rel=\"canonical\" href=\"https:\/\/amnistia.org.mx\/contenido\/index.php\/reino-unido-estados-unidos-la-aprobacion-por-la-ministra-del-interior-de-reino-unido-de-la-extradicion-de-assange-a-estados-unidos-lo-pone-en-peligro\/\" \/>\n<meta property=\"og:locale\" content=\"es_MX\" \/>\n<meta property=\"og:type\" content=\"article\" \/>\n<meta property=\"og:title\" content=\"Reino Unido \/ Estados Unidos: La aprobaci\u00f3n por la ministra del Interior de Reino Unido de la extradici\u00f3n de Assange a Estados Unidos lo pone en peligro - amnistia.org.mx\" \/>\n<meta property=\"og:description\" content=\"La extradici\u00f3n de Julian Assange a Estados Unidos lo pone en gran peligro, advierte la Secretaria General de Amnist\u00eda Internacional, Agn\u00e8s Callamard.\" \/>\n<meta property=\"og:url\" content=\"https:\/\/amnistia.org.mx\/contenido\/index.php\/reino-unido-estados-unidos-la-aprobacion-por-la-ministra-del-interior-de-reino-unido-de-la-extradicion-de-assange-a-estados-unidos-lo-pone-en-peligro\/\" \/>\n<meta property=\"og:site_name\" content=\"amnistia.org.mx\" \/>\n<meta property=\"article:published_time\" content=\"2022-06-17T15:28:41+00:00\" \/>\n<meta property=\"article:modified_time\" content=\"2022-06-17T15:28:42+00:00\" \/>\n<meta property=\"og:image\" content=\"https:\/\/amnistia.org.mx\/contenido\/wp-content\/uploads\/2022\/06\/Foto-ajustada-2.jpg\" \/>\n\t<meta property=\"og:image:width\" content=\"650\" \/>\n\t<meta property=\"og:image:height\" content=\"411\" \/>\n<meta name=\"twitter:card\" content=\"summary_large_image\" \/>\n<script type=\"application\/ld+json\" class=\"yoast-schema-graph\">{\"@context\":\"https:\/\/schema.org\",\"@graph\":[{\"@type\":\"WebSite\",\"@id\":\"https:\/\/amnistia.org.mx\/contenido\/#website\",\"url\":\"https:\/\/amnistia.org.mx\/contenido\/\",\"name\":\"amnistia.org.mx\",\"description\":\"Nueva p\\u00e1gina de Amnist\\u00eda\",\"potentialAction\":[{\"@type\":\"SearchAction\",\"target\":\"https:\/\/amnistia.org.mx\/contenido\/?s={search_term_string}\",\"query-input\":\"required name=search_term_string\"}],\"inLanguage\":\"es-MX\"},{\"@type\":\"ImageObject\",\"@id\":\"https:\/\/amnistia.org.mx\/contenido\/index.php\/reino-unido-estados-unidos-la-aprobacion-por-la-ministra-del-interior-de-reino-unido-de-la-extradicion-de-assange-a-estados-unidos-lo-pone-en-peligro\/#primaryimage\",\"inLanguage\":\"es-MX\",\"url\":\"https:\/\/amnistia.org.mx\/contenido\/wp-content\/uploads\/2022\/06\/Foto-ajustada-2.jpg\",\"width\":650,\"height\":411,\"caption\":\"LONDON, UNITED KINGDOM - APRIL 20: Supporters of Julian Assange protest outside the City of Westminster Magistrates Court in London, England on April 20, 2022. A British court on Wednesday issued a formal order to extradite WikiLeaks co-founder Julian Assange to the US to face espionage charges. Chief Magistrate Paul Goldspring approved the extradition after a short hearing. (Photo by Rasid Necati Aslim\/Anadolu Agency via Getty Images)\"},{\"@type\":\"WebPage\",\"@id\":\"https:\/\/amnistia.org.mx\/contenido\/index.php\/reino-unido-estados-unidos-la-aprobacion-por-la-ministra-del-interior-de-reino-unido-de-la-extradicion-de-assange-a-estados-unidos-lo-pone-en-peligro\/#webpage\",\"url\":\"https:\/\/amnistia.org.mx\/contenido\/index.php\/reino-unido-estados-unidos-la-aprobacion-por-la-ministra-del-interior-de-reino-unido-de-la-extradicion-de-assange-a-estados-unidos-lo-pone-en-peligro\/\",\"name\":\"Reino Unido \/ Estados Unidos: La aprobaci\\u00f3n por la ministra del Interior de Reino Unido de la extradici\\u00f3n de Assange a Estados Unidos lo pone en peligro - amnistia.org.mx\",\"isPartOf\":{\"@id\":\"https:\/\/amnistia.org.mx\/contenido\/#website\"},\"primaryImageOfPage\":{\"@id\":\"https:\/\/amnistia.org.mx\/contenido\/index.php\/reino-unido-estados-unidos-la-aprobacion-por-la-ministra-del-interior-de-reino-unido-de-la-extradicion-de-assange-a-estados-unidos-lo-pone-en-peligro\/#primaryimage\"},\"datePublished\":\"2022-06-17T15:28:41+00:00\",\"dateModified\":\"2022-06-17T15:28:42+00:00\",\"author\":{\"@id\":\"https:\/\/amnistia.org.mx\/contenido\/#\/schema\/person\/7db421c495688267ce8ede4625c17fa5\"},\"description\":\"La extradici\\u00f3n de Julian Assange a Estados Unidos lo pone en gran peligro, advierte la Secretaria General de Amnist\\u00eda Internacional, Agn\\u00e8s Callamard.\",\"breadcrumb\":{\"@id\":\"https:\/\/amnistia.org.mx\/contenido\/index.php\/reino-unido-estados-unidos-la-aprobacion-por-la-ministra-del-interior-de-reino-unido-de-la-extradicion-de-assange-a-estados-unidos-lo-pone-en-peligro\/#breadcrumb\"},\"inLanguage\":\"es-MX\",\"potentialAction\":[{\"@type\":\"ReadAction\",\"target\":[\"https:\/\/amnistia.org.mx\/contenido\/index.php\/reino-unido-estados-unidos-la-aprobacion-por-la-ministra-del-interior-de-reino-unido-de-la-extradicion-de-assange-a-estados-unidos-lo-pone-en-peligro\/\"]}]},{\"@type\":\"BreadcrumbList\",\"@id\":\"https:\/\/amnistia.org.mx\/contenido\/index.php\/reino-unido-estados-unidos-la-aprobacion-por-la-ministra-del-interior-de-reino-unido-de-la-extradicion-de-assange-a-estados-unidos-lo-pone-en-peligro\/#breadcrumb\",\"itemListElement\":[{\"@type\":\"ListItem\",\"position\":1,\"item\":{\"@type\":\"WebPage\",\"@id\":\"https:\/\/amnistia.org.mx\/contenido\/\",\"url\":\"https:\/\/amnistia.org.mx\/contenido\/\",\"name\":\"Home\"}},{\"@type\":\"ListItem\",\"position\":2,\"item\":{\"@type\":\"WebPage\",\"@id\":\"https:\/\/amnistia.org.mx\/contenido\/index.php\/reino-unido-estados-unidos-la-aprobacion-por-la-ministra-del-interior-de-reino-unido-de-la-extradicion-de-assange-a-estados-unidos-lo-pone-en-peligro\/\",\"url\":\"https:\/\/amnistia.org.mx\/contenido\/index.php\/reino-unido-estados-unidos-la-aprobacion-por-la-ministra-del-interior-de-reino-unido-de-la-extradicion-de-assange-a-estados-unidos-lo-pone-en-peligro\/\",\"name\":\"Reino Unido \/ Estados Unidos: La aprobaci\\u00f3n por la ministra del Interior de Reino Unido de la extradici\\u00f3n de Assange a Estados Unidos lo pone en peligro\"}}]},{\"@type\":[\"Person\"],\"@id\":\"https:\/\/amnistia.org.mx\/contenido\/#\/schema\/person\/7db421c495688267ce8ede4625c17fa5\",\"name\":\"Alejandro Ju\\u00e1rez Gamero\",\"image\":{\"@type\":\"ImageObject\",\"@id\":\"https:\/\/amnistia.org.mx\/contenido\/#personlogo\",\"inLanguage\":\"es-MX\",\"url\":\"https:\/\/secure.gravatar.com\/avatar\/e312d5566d1c3ffb56f86415d6f0e606?s=96&d=mm&r=g\",\"caption\":\"Alejandro Ju\\u00e1rez Gamero\"}}]}<\/script>\n<!-- \/ Yoast SEO plugin. -->","_links":{"self":[{"href":"https:\/\/amnistia.org.mx\/contenido\/index.php\/wp-json\/wp\/v2\/posts\/18093"}],"collection":[{"href":"https:\/\/amnistia.org.mx\/contenido\/index.php\/wp-json\/wp\/v2\/posts"}],"about":[{"href":"https:\/\/amnistia.org.mx\/contenido\/index.php\/wp-json\/wp\/v2\/types\/post"}],"author":[{"embeddable":true,"href":"https:\/\/amnistia.org.mx\/contenido\/index.php\/wp-json\/wp\/v2\/users\/4"}],"replies":[{"embeddable":true,"href":"https:\/\/amnistia.org.mx\/contenido\/index.php\/wp-json\/wp\/v2\/comments?post=18093"}],"version-history":[{"count":5,"href":"https:\/\/amnistia.org.mx\/contenido\/index.php\/wp-json\/wp\/v2\/posts\/18093\/revisions"}],"predecessor-version":[{"id":18100,"href":"https:\/\/amnistia.org.mx\/contenido\/index.php\/wp-json\/wp\/v2\/posts\/18093\/revisions\/18100"}],"wp:featuredmedia":[{"embeddable":true,"href":"https:\/\/amnistia.org.mx\/contenido\/index.php\/wp-json\/wp\/v2\/media\/18096"}],"wp:attachment":[{"href":"https:\/\/amnistia.org.mx\/contenido\/index.php\/wp-json\/wp\/v2\/media?parent=18093"}],"wp:term":[{"taxonomy":"category","embeddable":true,"href":"https:\/\/amnistia.org.mx\/contenido\/index.php\/wp-json\/wp\/v2\/categories?post=18093"},{"taxonomy":"post_tag","embeddable":true,"href":"https:\/\/amnistia.org.mx\/contenido\/index.php\/wp-json\/wp\/v2\/tags?post=18093"}],"curies":[{"name":"wp","href":"https:\/\/api.w.org\/{rel}","templated":true}]}}