
{"id":18311,"date":"2022-06-28T13:56:13","date_gmt":"2022-06-28T18:56:13","guid":{"rendered":"https:\/\/amnistia.org.mx\/contenido\/?p=18311"},"modified":"2022-06-28T13:56:14","modified_gmt":"2022-06-28T18:56:14","slug":"americas-las-politicas-migratorias-inhumanas-ponen-en-peligro-a-las-personas-que-necesitan-proteccion","status":"publish","type":"post","link":"https:\/\/amnistia.org.mx\/contenido\/index.php\/americas-las-politicas-migratorias-inhumanas-ponen-en-peligro-a-las-personas-que-necesitan-proteccion\/","title":{"rendered":"Am\u00e9ricas: Las pol\u00edticas migratorias inhumanas ponen en peligro a las personas que necesitan protecci\u00f3n"},"content":{"rendered":"\n<p>En respuesta a la noticia de que al menos 50 personas han sido encontradas muertas en un tr\u00e1iler en San Antonio, Texas y una docena m\u00e1s que iban a bordo han sido hospitalizadas, Erika Guevara Rosas, Directora para las Am\u00e9ricas de Amnist\u00eda Internacional, ha declarado:<\/p>\n\n\n\n<p>&#8220;La tragedia en San Antonio es un ejemplo devastador de la incapacidad de los Estados de las Am\u00e9ricas para proteger a las personas migrantes y solicitantes de asilo. Es desgarrador recordar que esto ya ha ocurrido antes y que seguir\u00e1 ocurriendo hasta que haya cambios profundos en las pol\u00edticas migratorias de Estados Unidos y de los pa\u00edses vecinos\u201d.<\/p>\n\n\n\n<p>&#8220;Las pol\u00edticas migratorias crueles e inhumanas ponen en peligro vidas, obligando a las personas a tomar rutas cada vez m\u00e1s riesgosas cuando lo \u00fanico que quieren es encontrar un lugar seguro donde poder rehacer sus vidas. En lugar de empujar a las personas migrantes y solicitantes de asilo a situaciones desesperadas en las que corren el riesgo de asfixiarse, ahogarse o morir de sed, los Estados deben situar los derechos humanos en el centro de sus pol\u00edticas y cumplir sus obligaciones internacionales de protegerlos\u201d.<\/p>\n\n\n\n<p>Para m\u00e1s informaci\u00f3n o para concertar una entrevista, p\u00f3ngase en contacto con Duncan Tucker:<\/p>\n\n\n\n<p>&nbsp;+52 55 4848 8266, <a href=\"mailto:duncan.tucker@amnesty.org\" target=\"_blank\" rel=\"noreferrer noopener\">duncan.tucker@amnesty.org<\/a><\/p>\n","protected":false},"excerpt":{"rendered":"<p>En respuesta a la noticia de que al menos 50 personas han sido encontradas muertas en un tr\u00e1iler en San Antonio, Texas y una docena m\u00e1s que iban a bordo &hellip;<\/p>\n<p class=\"read-more\"> <a class=\"\" href=\"https:\/\/amnistia.org.mx\/contenido\/index.php\/americas-las-politicas-migratorias-inhumanas-ponen-en-peligro-a-las-personas-que-necesitan-proteccion\/\"> <span class=\"screen-reader-text\">Am\u00e9ricas: Las pol\u00edticas migratorias inhumanas ponen en peligro a las personas que necesitan protecci\u00f3n<\/span> Leer m\u00e1s &raquo;<\/a><\/p>\n","protected":false},"author":4,"featured_media":18312,"comment_status":"closed","ping_status":"closed","sticky":false,"template":"","format":"standard","meta":{"_uf_show_specific_survey":0,"_uf_disable_surveys":false,"site-sidebar-layout":"default","site-content-layout":"default","ast-global-header-display":"","ast-main-header-display":"","ast-hfb-above-header-display":"","ast-hfb-below-header-display":"","ast-hfb-mobile-header-display":"","site-post-title":"","ast-breadcrumbs-content":"","ast-featured-img":"","footer-sml-layout":"","theme-transparent-header-meta":"","adv-header-id-meta":"","stick-header-meta":"","header-above-stick-meta":"","header-main-stick-meta":"","header-below-stick-meta":""},"categories":[9],"tags":[],"acf":[],"aioseo_notices":[],"yoast_head":"<!-- This site is optimized with the Yoast SEO plugin v14.5 - https:\/\/yoast.com\/wordpress\/plugins\/seo\/ -->\n<title>Am\u00e9ricas: Las pol\u00edticas migratorias inhumanas ponen en peligro a las personas que necesitan protecci\u00f3n - amnistia.org.mx<\/title>\n<meta name=\"description\" content=\"Las pol\u00edticas migratorias inhumanas son la causa de la muerte de al menos 50 personas migrantes en un tr\u00e1iler en San Antonio, Texas, advierte Amnist\u00eda Internacional.\" \/>\n<meta name=\"robots\" content=\"index, follow\" \/>\n<meta name=\"googlebot\" content=\"index, follow, max-snippet:-1, max-image-preview:large, max-video-preview:-1\" \/>\n<meta name=\"bingbot\" content=\"index, follow, max-snippet:-1, max-image-preview:large, max-video-preview:-1\" \/>\n<link rel=\"canonical\" href=\"https:\/\/amnistia.org.mx\/contenido\/index.php\/americas-las-politicas-migratorias-inhumanas-ponen-en-peligro-a-las-personas-que-necesitan-proteccion\/\" \/>\n<meta property=\"og:locale\" content=\"es_MX\" \/>\n<meta property=\"og:type\" content=\"article\" \/>\n<meta property=\"og:title\" content=\"Am\u00e9ricas: Las pol\u00edticas migratorias inhumanas ponen en peligro a las personas que necesitan protecci\u00f3n - amnistia.org.mx\" \/>\n<meta property=\"og:description\" content=\"Las pol\u00edticas migratorias inhumanas son la causa de la muerte de al menos 50 personas migrantes en un tr\u00e1iler en San Antonio, Texas, advierte Amnist\u00eda Internacional.\" \/>\n<meta property=\"og:url\" content=\"https:\/\/amnistia.org.mx\/contenido\/index.php\/americas-las-politicas-migratorias-inhumanas-ponen-en-peligro-a-las-personas-que-necesitan-proteccion\/\" \/>\n<meta property=\"og:site_name\" content=\"amnistia.org.mx\" \/>\n<meta property=\"article:published_time\" content=\"2022-06-28T18:56:13+00:00\" \/>\n<meta property=\"article:modified_time\" content=\"2022-06-28T18:56:14+00:00\" \/>\n<meta property=\"og:image\" content=\"https:\/\/amnistia.org.mx\/contenido\/wp-content\/uploads\/2022\/06\/Foto-ajustada-3.jpg\" \/>\n\t<meta property=\"og:image:width\" content=\"650\" \/>\n\t<meta property=\"og:image:height\" content=\"319\" \/>\n<meta name=\"twitter:card\" content=\"summary_large_image\" \/>\n<script type=\"application\/ld+json\" class=\"yoast-schema-graph\">{\"@context\":\"https:\/\/schema.org\",\"@graph\":[{\"@type\":\"WebSite\",\"@id\":\"https:\/\/amnistia.org.mx\/contenido\/#website\",\"url\":\"https:\/\/amnistia.org.mx\/contenido\/\",\"name\":\"amnistia.org.mx\",\"description\":\"Nueva p\\u00e1gina de Amnist\\u00eda\",\"potentialAction\":[{\"@type\":\"SearchAction\",\"target\":\"https:\/\/amnistia.org.mx\/contenido\/?s={search_term_string}\",\"query-input\":\"required name=search_term_string\"}],\"inLanguage\":\"es-MX\"},{\"@type\":\"ImageObject\",\"@id\":\"https:\/\/amnistia.org.mx\/contenido\/index.php\/americas-las-politicas-migratorias-inhumanas-ponen-en-peligro-a-las-personas-que-necesitan-proteccion\/#primaryimage\",\"inLanguage\":\"es-MX\",\"url\":\"https:\/\/amnistia.org.mx\/contenido\/wp-content\/uploads\/2022\/06\/Foto-ajustada-3.jpg\",\"width\":650,\"height\":319},{\"@type\":\"WebPage\",\"@id\":\"https:\/\/amnistia.org.mx\/contenido\/index.php\/americas-las-politicas-migratorias-inhumanas-ponen-en-peligro-a-las-personas-que-necesitan-proteccion\/#webpage\",\"url\":\"https:\/\/amnistia.org.mx\/contenido\/index.php\/americas-las-politicas-migratorias-inhumanas-ponen-en-peligro-a-las-personas-que-necesitan-proteccion\/\",\"name\":\"Am\\u00e9ricas: Las pol\\u00edticas migratorias inhumanas ponen en peligro a las personas que necesitan protecci\\u00f3n - amnistia.org.mx\",\"isPartOf\":{\"@id\":\"https:\/\/amnistia.org.mx\/contenido\/#website\"},\"primaryImageOfPage\":{\"@id\":\"https:\/\/amnistia.org.mx\/contenido\/index.php\/americas-las-politicas-migratorias-inhumanas-ponen-en-peligro-a-las-personas-que-necesitan-proteccion\/#primaryimage\"},\"datePublished\":\"2022-06-28T18:56:13+00:00\",\"dateModified\":\"2022-06-28T18:56:14+00:00\",\"author\":{\"@id\":\"https:\/\/amnistia.org.mx\/contenido\/#\/schema\/person\/7db421c495688267ce8ede4625c17fa5\"},\"description\":\"Las pol\\u00edticas migratorias inhumanas son la causa de la muerte de al menos 50 personas migrantes en un tr\\u00e1iler en San Antonio, Texas, advierte Amnist\\u00eda Internacional.\",\"breadcrumb\":{\"@id\":\"https:\/\/amnistia.org.mx\/contenido\/index.php\/americas-las-politicas-migratorias-inhumanas-ponen-en-peligro-a-las-personas-que-necesitan-proteccion\/#breadcrumb\"},\"inLanguage\":\"es-MX\",\"potentialAction\":[{\"@type\":\"ReadAction\",\"target\":[\"https:\/\/amnistia.org.mx\/contenido\/index.php\/americas-las-politicas-migratorias-inhumanas-ponen-en-peligro-a-las-personas-que-necesitan-proteccion\/\"]}]},{\"@type\":\"BreadcrumbList\",\"@id\":\"https:\/\/amnistia.org.mx\/contenido\/index.php\/americas-las-politicas-migratorias-inhumanas-ponen-en-peligro-a-las-personas-que-necesitan-proteccion\/#breadcrumb\",\"itemListElement\":[{\"@type\":\"ListItem\",\"position\":1,\"item\":{\"@type\":\"WebPage\",\"@id\":\"https:\/\/amnistia.org.mx\/contenido\/\",\"url\":\"https:\/\/amnistia.org.mx\/contenido\/\",\"name\":\"Home\"}},{\"@type\":\"ListItem\",\"position\":2,\"item\":{\"@type\":\"WebPage\",\"@id\":\"https:\/\/amnistia.org.mx\/contenido\/index.php\/americas-las-politicas-migratorias-inhumanas-ponen-en-peligro-a-las-personas-que-necesitan-proteccion\/\",\"url\":\"https:\/\/amnistia.org.mx\/contenido\/index.php\/americas-las-politicas-migratorias-inhumanas-ponen-en-peligro-a-las-personas-que-necesitan-proteccion\/\",\"name\":\"Am\\u00e9ricas: Las pol\\u00edticas migratorias inhumanas ponen en peligro a las personas que necesitan protecci\\u00f3n\"}}]},{\"@type\":[\"Person\"],\"@id\":\"https:\/\/amnistia.org.mx\/contenido\/#\/schema\/person\/7db421c495688267ce8ede4625c17fa5\",\"name\":\"Alejandro Ju\\u00e1rez Gamero\",\"image\":{\"@type\":\"ImageObject\",\"@id\":\"https:\/\/amnistia.org.mx\/contenido\/#personlogo\",\"inLanguage\":\"es-MX\",\"url\":\"https:\/\/secure.gravatar.com\/avatar\/e312d5566d1c3ffb56f86415d6f0e606?s=96&d=mm&r=g\",\"caption\":\"Alejandro Ju\\u00e1rez Gamero\"}}]}<\/script>\n<!-- \/ Yoast SEO plugin. -->","_links":{"self":[{"href":"https:\/\/amnistia.org.mx\/contenido\/index.php\/wp-json\/wp\/v2\/posts\/18311"}],"collection":[{"href":"https:\/\/amnistia.org.mx\/contenido\/index.php\/wp-json\/wp\/v2\/posts"}],"about":[{"href":"https:\/\/amnistia.org.mx\/contenido\/index.php\/wp-json\/wp\/v2\/types\/post"}],"author":[{"embeddable":true,"href":"https:\/\/amnistia.org.mx\/contenido\/index.php\/wp-json\/wp\/v2\/users\/4"}],"replies":[{"embeddable":true,"href":"https:\/\/amnistia.org.mx\/contenido\/index.php\/wp-json\/wp\/v2\/comments?post=18311"}],"version-history":[{"count":3,"href":"https:\/\/amnistia.org.mx\/contenido\/index.php\/wp-json\/wp\/v2\/posts\/18311\/revisions"}],"predecessor-version":[{"id":18315,"href":"https:\/\/amnistia.org.mx\/contenido\/index.php\/wp-json\/wp\/v2\/posts\/18311\/revisions\/18315"}],"wp:featuredmedia":[{"embeddable":true,"href":"https:\/\/amnistia.org.mx\/contenido\/index.php\/wp-json\/wp\/v2\/media\/18312"}],"wp:attachment":[{"href":"https:\/\/amnistia.org.mx\/contenido\/index.php\/wp-json\/wp\/v2\/media?parent=18311"}],"wp:term":[{"taxonomy":"category","embeddable":true,"href":"https:\/\/amnistia.org.mx\/contenido\/index.php\/wp-json\/wp\/v2\/categories?post=18311"},{"taxonomy":"post_tag","embeddable":true,"href":"https:\/\/amnistia.org.mx\/contenido\/index.php\/wp-json\/wp\/v2\/tags?post=18311"}],"curies":[{"name":"wp","href":"https:\/\/api.w.org\/{rel}","templated":true}]}}