
{"id":18450,"date":"2022-07-15T13:10:00","date_gmt":"2022-07-15T18:10:00","guid":{"rendered":"https:\/\/amnistia.org.mx\/contenido\/?p=18450"},"modified":"2022-07-15T13:34:30","modified_gmt":"2022-07-15T18:34:30","slug":"victorias-en-materia-de-derechos-humanos-en-2022-que-hay-que-celebrar","status":"publish","type":"post","link":"https:\/\/amnistia.org.mx\/contenido\/index.php\/victorias-en-materia-de-derechos-humanos-en-2022-que-hay-que-celebrar\/","title":{"rendered":"Victorias en materia de derechos humanos en 2022 que hay que celebrar"},"content":{"rendered":"\t\t<div data-elementor-type=\"wp-post\" data-elementor-id=\"18450\" class=\"elementor elementor-18450\">\n\t\t\t\t\t\t\t\t\t<section class=\"elementor-section elementor-top-section elementor-element elementor-element-1bd7a5ae elementor-section-boxed elementor-section-height-default elementor-section-height-default\" data-id=\"1bd7a5ae\" data-element_type=\"section\">\n\t\t\t\t\t\t<div class=\"elementor-container elementor-column-gap-default\">\n\t\t\t\t\t<div class=\"elementor-column elementor-col-100 elementor-top-column elementor-element elementor-element-7cf175aa\" data-id=\"7cf175aa\" data-element_type=\"column\">\n\t\t\t<div class=\"elementor-widget-wrap elementor-element-populated\">\n\t\t\t\t\t\t\t\t<div class=\"elementor-element elementor-element-40aaf5ba elementor-author-box--layout-image-above elementor-author-box--align-center elementor-widget elementor-widget-author-box\" data-id=\"40aaf5ba\" data-element_type=\"widget\" data-widget_type=\"author-box.default\">\n\t\t\t\t<div class=\"elementor-widget-container\">\n\t\t\t<link rel=\"stylesheet\" href=\"https:\/\/amnistia.org.mx\/contenido\/wp-content\/plugins\/elementor-pro\/assets\/css\/widget-theme-elements.min.css\">\t\t<div class=\"elementor-author-box\">\n\t\t\t\t\t\t\t<div  class=\"elementor-author-box__avatar\">\n\t\t\t\t\t<img decoding=\"async\" src=\"https:\/\/amnistia.org.mx\/contenido\/wp-content\/uploads\/2022\/03\/circle-cropped-300x300.png\" alt=\"Por Amnist\u00eda Internacional\">\n\t\t\t\t<\/div>\n\t\t\t\n\t\t\t<div class=\"elementor-author-box__text\">\n\t\t\t\t\t\t\t\t\t<div >\n\t\t\t\t\t\t<h4 class=\"elementor-author-box__name\">\n\t\t\t\t\t\t\tPor Amnist\u00eda Internacional\t\t\t\t\t\t<\/h4>\n\t\t\t\t\t<\/div>\n\t\t\t\t\n\t\t\t\t\n\t\t\t\t\t\t\t<\/div>\n\t\t<\/div>\n\t\t\t\t<\/div>\n\t\t\t\t<\/div>\n\t\t\t\t<div class=\"elementor-element elementor-element-766613a elementor-widget-divider--view-line elementor-widget elementor-widget-divider\" data-id=\"766613a\" data-element_type=\"widget\" data-widget_type=\"divider.default\">\n\t\t\t\t<div class=\"elementor-widget-container\">\n\t\t\t<style>\/*! elementor - v3.11.5 - 14-03-2023 *\/\n.elementor-widget-divider{--divider-border-style:none;--divider-border-width:1px;--divider-color:#0c0d0e;--divider-icon-size:20px;--divider-element-spacing:10px;--divider-pattern-height:24px;--divider-pattern-size:20px;--divider-pattern-url:none;--divider-pattern-repeat:repeat-x}.elementor-widget-divider .elementor-divider{display:flex}.elementor-widget-divider .elementor-divider__text{font-size:15px;line-height:1;max-width:95%}.elementor-widget-divider .elementor-divider__element{margin:0 var(--divider-element-spacing);flex-shrink:0}.elementor-widget-divider .elementor-icon{font-size:var(--divider-icon-size)}.elementor-widget-divider .elementor-divider-separator{display:flex;margin:0;direction:ltr}.elementor-widget-divider--view-line_icon .elementor-divider-separator,.elementor-widget-divider--view-line_text .elementor-divider-separator{align-items:center}.elementor-widget-divider--view-line_icon .elementor-divider-separator:after,.elementor-widget-divider--view-line_icon .elementor-divider-separator:before,.elementor-widget-divider--view-line_text .elementor-divider-separator:after,.elementor-widget-divider--view-line_text .elementor-divider-separator:before{display:block;content:\"\";border-bottom:0;flex-grow:1;border-top:var(--divider-border-width) var(--divider-border-style) var(--divider-color)}.elementor-widget-divider--element-align-left .elementor-divider .elementor-divider-separator>.elementor-divider__svg:first-of-type{flex-grow:0;flex-shrink:100}.elementor-widget-divider--element-align-left .elementor-divider-separator:before{content:none}.elementor-widget-divider--element-align-left .elementor-divider__element{margin-left:0}.elementor-widget-divider--element-align-right .elementor-divider .elementor-divider-separator>.elementor-divider__svg:last-of-type{flex-grow:0;flex-shrink:100}.elementor-widget-divider--element-align-right .elementor-divider-separator:after{content:none}.elementor-widget-divider--element-align-right .elementor-divider__element{margin-right:0}.elementor-widget-divider:not(.elementor-widget-divider--view-line_text):not(.elementor-widget-divider--view-line_icon) .elementor-divider-separator{border-top:var(--divider-border-width) var(--divider-border-style) var(--divider-color)}.elementor-widget-divider--separator-type-pattern{--divider-border-style:none}.elementor-widget-divider--separator-type-pattern.elementor-widget-divider--view-line .elementor-divider-separator,.elementor-widget-divider--separator-type-pattern:not(.elementor-widget-divider--view-line) .elementor-divider-separator:after,.elementor-widget-divider--separator-type-pattern:not(.elementor-widget-divider--view-line) .elementor-divider-separator:before,.elementor-widget-divider--separator-type-pattern:not([class*=elementor-widget-divider--view]) .elementor-divider-separator{width:100%;min-height:var(--divider-pattern-height);-webkit-mask-size:var(--divider-pattern-size) 100%;mask-size:var(--divider-pattern-size) 100%;-webkit-mask-repeat:var(--divider-pattern-repeat);mask-repeat:var(--divider-pattern-repeat);background-color:var(--divider-color);-webkit-mask-image:var(--divider-pattern-url);mask-image:var(--divider-pattern-url)}.elementor-widget-divider--no-spacing{--divider-pattern-size:auto}.elementor-widget-divider--bg-round{--divider-pattern-repeat:round}.rtl .elementor-widget-divider .elementor-divider__text{direction:rtl}.e-con-inner>.elementor-widget-divider,.e-con>.elementor-widget-divider{width:var(--container-widget-width,100%);--flex-grow:var(--container-widget-flex-grow)}<\/style>\t\t<div class=\"elementor-divider\">\n\t\t\t<span class=\"elementor-divider-separator\">\n\t\t\t\t\t\t<\/span>\n\t\t<\/div>\n\t\t\t\t<\/div>\n\t\t\t\t<\/div>\n\t\t\t\t\t<\/div>\n\t\t<\/div>\n\t\t\t\t\t\t\t<\/div>\n\t\t<\/section>\n\t\t\t\t<section class=\"elementor-section elementor-top-section elementor-element elementor-element-1a7dbbb1 elementor-section-boxed elementor-section-height-default elementor-section-height-default\" data-id=\"1a7dbbb1\" data-element_type=\"section\">\n\t\t\t\t\t\t<div class=\"elementor-container elementor-column-gap-default\">\n\t\t\t\t\t<div class=\"elementor-column elementor-col-100 elementor-top-column elementor-element elementor-element-2fe814ec\" data-id=\"2fe814ec\" data-element_type=\"column\">\n\t\t\t<div class=\"elementor-widget-wrap elementor-element-populated\">\n\t\t\t\t\t\t\t\t<div class=\"elementor-element elementor-element-1ee3d7af elementor-align-center elementor-widget elementor-widget-post-info\" data-id=\"1ee3d7af\" data-element_type=\"widget\" data-widget_type=\"post-info.default\">\n\t\t\t\t<div class=\"elementor-widget-container\">\n\t\t\t<link rel=\"stylesheet\" href=\"https:\/\/amnistia.org.mx\/contenido\/wp-content\/plugins\/elementor\/assets\/css\/widget-icon-list.min.css\">\t\t<ul class=\"elementor-inline-items elementor-icon-list-items elementor-post-info\">\n\t\t\t\t\t\t\t\t<li class=\"elementor-icon-list-item elementor-repeater-item-faf80c6 elementor-inline-item\" itemprop=\"datePublished\">\n\t\t\t\t\t\t<a href=\"https:\/\/amnistia.org.mx\/contenido\/index.php\/2022\/07\/15\/\">\n\t\t\t\t\t\t\t\t\t\t\t<span class=\"elementor-icon-list-icon\">\n\t\t\t\t\t\t\t\t<svg aria-hidden=\"true\" class=\"e-font-icon-svg e-fas-calendar\" viewBox=\"0 0 448 512\" xmlns=\"http:\/\/www.w3.org\/2000\/svg\"><path d=\"M12 192h424c6.6 0 12 5.4 12 12v260c0 26.5-21.5 48-48 48H48c-26.5 0-48-21.5-48-48V204c0-6.6 5.4-12 12-12zm436-44v-36c0-26.5-21.5-48-48-48h-48V12c0-6.6-5.4-12-12-12h-40c-6.6 0-12 5.4-12 12v52H160V12c0-6.6-5.4-12-12-12h-40c-6.6 0-12 5.4-12 12v52H48C21.5 64 0 85.5 0 112v36c0 6.6 5.4 12 12 12h424c6.6 0 12-5.4 12-12z\"><\/path><\/svg>\t\t\t\t\t\t\t<\/span>\n\t\t\t\t\t\t\t\t\t<span class=\"elementor-icon-list-text elementor-post-info__item elementor-post-info__item--type-date\">\n\t\t\t\t\t\t\t\t\t\tjulio 15, 2022\t\t\t\t\t<\/span>\n\t\t\t\t\t\t\t\t\t<\/a>\n\t\t\t\t<\/li>\n\t\t\t\t<li class=\"elementor-icon-list-item elementor-repeater-item-d07449f elementor-inline-item\" itemprop=\"about\">\n\t\t\t\t\t\t\t\t\t\t<span class=\"elementor-icon-list-icon\">\n\t\t\t\t\t\t\t\t<svg aria-hidden=\"true\" class=\"e-font-icon-svg e-fas-tags\" viewBox=\"0 0 640 512\" xmlns=\"http:\/\/www.w3.org\/2000\/svg\"><path d=\"M497.941 225.941L286.059 14.059A48 48 0 0 0 252.118 0H48C21.49 0 0 21.49 0 48v204.118a48 48 0 0 0 14.059 33.941l211.882 211.882c18.744 18.745 49.136 18.746 67.882 0l204.118-204.118c18.745-18.745 18.745-49.137 0-67.882zM112 160c-26.51 0-48-21.49-48-48s21.49-48 48-48 48 21.49 48 48-21.49 48-48 48zm513.941 133.823L421.823 497.941c-18.745 18.745-49.137 18.745-67.882 0l-.36-.36L527.64 323.522c16.999-16.999 26.36-39.6 26.36-63.64s-9.362-46.641-26.36-63.64L331.397 0h48.721a48 48 0 0 1 33.941 14.059l211.882 211.882c18.745 18.745 18.745 49.137 0 67.882z\"><\/path><\/svg>\t\t\t\t\t\t\t<\/span>\n\t\t\t\t\t\t\t\t\t<span class=\"elementor-icon-list-text elementor-post-info__item elementor-post-info__item--type-terms\">\n\t\t\t\t\t\t\t\t\t\t<span class=\"elementor-post-info__terms-list\">\n\t\t\t\t<span class=\"elementor-post-info__terms-list-item\">Por Amnist\u00eda Internacional<\/span>\t\t\t\t<\/span>\n\t\t\t\t\t<\/span>\n\t\t\t\t\t\t\t\t<\/li>\n\t\t\t\t<\/ul>\n\t\t\t\t<\/div>\n\t\t\t\t<\/div>\n\t\t\t\t\t<\/div>\n\t\t<\/div>\n\t\t\t\t\t\t\t<\/div>\n\t\t<\/section>\n\t\t\t\t<section class=\"elementor-section elementor-top-section elementor-element elementor-element-55ceebbf elementor-section-boxed elementor-section-height-default elementor-section-height-default\" data-id=\"55ceebbf\" data-element_type=\"section\">\n\t\t\t\t\t\t<div class=\"elementor-container elementor-column-gap-wide\">\n\t\t\t\t\t<div class=\"elementor-column elementor-col-66 elementor-top-column elementor-element elementor-element-3c0819b\" data-id=\"3c0819b\" data-element_type=\"column\">\n\t\t\t<div class=\"elementor-widget-wrap elementor-element-populated\">\n\t\t\t\t\t\t\t\t<div class=\"elementor-element elementor-element-e82296b elementor-widget elementor-widget-text-editor\" data-id=\"e82296b\" data-element_type=\"widget\" data-widget_type=\"text-editor.default\">\n\t\t\t\t<div class=\"elementor-widget-container\">\n\t\t\t<style>\/*! elementor - v3.11.5 - 14-03-2023 *\/\n.elementor-widget-text-editor.elementor-drop-cap-view-stacked .elementor-drop-cap{background-color:#69727d;color:#fff}.elementor-widget-text-editor.elementor-drop-cap-view-framed .elementor-drop-cap{color:#69727d;border:3px solid;background-color:transparent}.elementor-widget-text-editor:not(.elementor-drop-cap-view-default) .elementor-drop-cap{margin-top:8px}.elementor-widget-text-editor:not(.elementor-drop-cap-view-default) .elementor-drop-cap-letter{width:1em;height:1em}.elementor-widget-text-editor .elementor-drop-cap{float:left;text-align:center;line-height:1;font-size:50px}.elementor-widget-text-editor .elementor-drop-cap-letter{display:inline-block}<\/style>\t\t\t\t<p><strong>Este ha sido un a\u00f1o de mucha actividad para Amnist\u00eda Internacional. En un momento en que el mundo se enfrenta a desaf\u00edos en materia de derechos humanos en tantos frentes, es f\u00e1cil perder de vista los numerosos cambios positivos que se han producido en todo el planeta en los \u00faltimos seis meses. Gracias al incansable compromiso de nuestros simpatizantes, Amnist\u00eda Internacional ha contribuido a poner en libertad a personas encarceladas injustamente, a reescribir leyes injustas y a hacer rendir cuentas a los poderosos. A continuaci\u00f3n se ofrece un resumen de las victorias en materia de derechos humanos en lo que va de a\u00f1o que hay que celebrar.<\/strong><\/p><p class=\"h3\"><strong>Enero<\/strong><\/p><p>Un\u00a0<strong><a href=\"https:\/\/www.es.amnesty.org\/en-que-estamos\/noticias\/noticia\/articulo\/polonia-tras-absolucion-de-las-mujeres-del-halo-arcoiris-las-autoridades-deben-poner-fin-a-su-caza-de-brujas-contra-activistas\/\" target=\"_top\">tribunal polaco desestim\u00f3 una apelaci\u00f3n contra la absoluci\u00f3n de tres mujeres<\/a><\/strong>\u00a0que hab\u00edan sido acusadas de \u201cofender las creencias religiosas\u201d por distribuir carteles de la Virgen Mar\u00eda con un halo con los colores del arco\u00edris LGBTI. La base de simpatizantes de Amnist\u00eda emprendi\u00f3\u00a0<strong>m\u00e1s de 276.000 acciones\u00a0<\/strong>en su favor.<\/p><p><img decoding=\"async\" loading=\"lazy\" class=\"img-responsive\" src=\"https:\/\/www.es.amnesty.org\/fileadmin\/_processed_\/c\/4\/csm_abt_4384837813002674630MjIyMDI0Mw.jpg-l_9ff3776ac0.jpg\" alt=\"Manifestaci\u00f3n a favor de las tres mujeres\" width=\"1020\" height=\"680\" \/><\/p><p class=\"text-center\"><em>(Photo by Attila Husejnow\/SOPA Images\/LightRocket via Getty Images)<\/em><\/p><p>Entr\u00f3 en vigor la abolici\u00f3n de la pena de muerte para todos los delitos en Kazajist\u00e1n, lo que supuso un gran logro para la campa\u00f1a de Amnist\u00eda en favor de la abolici\u00f3n en todo el mundo. Con este paso, Kazajist\u00e1n pas\u00f3 a ser el pa\u00eds 109\u00ba en abolirla; adem\u00e1s, en marzo, se convirti\u00f3 en Estado Parte en un importante tratado internacional en favor de la abolici\u00f3n de la pena de muerte.<\/p><p>El Departamento de Defensa de Estados Unidos\u00a0<strong><a href=\"https:\/\/www.rand.org\/news\/press\/2022\/01\/27.html\" target=\"_blank\" rel=\"noopener\">public\u00f3 las conclusiones de una investigaci\u00f3n independiente encargada a RAND Corporation<\/a><\/strong>\u00a0sobre las pr\u00e1cticas del Pent\u00e1gono relativas a la informaci\u00f3n sobre v\u00edctimas civiles. La investigaci\u00f3n se inici\u00f3, en parte, a ra\u00edz de la informaci\u00f3n elaborada por Amnist\u00eda sobre las v\u00edctimas civiles causadas por las fuerzas de Estados Unidos y la coalici\u00f3n en la ciudad siria de Raqqa en 2017; nuestra investigaci\u00f3n multimedia\u00a0<strong><em><a href=\"https:\/\/raqqa.amnesty.org\/\" target=\"_blank\" rel=\"noopener\">War in Raqqa: Rhetoric versus Reality<\/a><\/em><\/strong>\u00a0se cita en numerosas ocasiones en el informe de RAND.<\/p><p><strong>El Parlamento de Ghana rechaz\u00f3 un proyecto de ley\u00a0<\/strong>que criminalizaba a\u00fan m\u00e1s a las personas LGBTI, introduc\u00eda penas de prisi\u00f3n para cualquier persona que expresase apoyo o \u201csimpat\u00eda\u201d por personas LGBTI y fomentaba las terapias de conversi\u00f3n y la \u201crealineaci\u00f3n\u201d de g\u00e9nero para ni\u00f1os y ni\u00f1as. Se opusieron al proyecto de ley varios grupos, entre ellos Amnist\u00eda Internacional, que lo critic\u00f3 en el Parlamento.<\/p><p>En Afganist\u00e1n,\u00a0<strong><a href=\"https:\/\/www.es.amnesty.org\/en-que-estamos\/noticias\/noticia\/articulo\/afganistan-los-talibanes-deben-liberar-de-inmediato-al-profesor-faizullah-jalal\/\" target=\"_top\">Faizullah Jalal, profesor universitario que hab\u00eda sido detenido y recluido arbitrariamente por los talibanes<\/a><\/strong>, fue puesto en libertad a ra\u00edz del trabajo de campa\u00f1a de Amnist\u00eda Internacional y otras organizaciones. Su hija dijo que sin la intervenci\u00f3n de Amnist\u00eda su padre no hab\u00eda sido excarcelado.<\/p><p><a href=\"https:\/\/amnistia.org.mx\/contenido\/index.php\/dona\/\"><img decoding=\"async\" loading=\"lazy\" class=\"img-responsive aligncenter\" src=\"https:\/\/www.es.amnesty.org\/fileadmin\/user_upload\/banner_logros.png\" alt=\"Nuestros logros son gracias a t\u00ed. \u00danete\" width=\"590\" height=\"156\" \/><\/a><\/p><p class=\"h3\"><strong>\u00a0<\/strong><\/p><p class=\"h3\"><strong>Febrero<\/strong><\/p><p>Tras casi 30 a\u00f1os de trabajo de incidencia y campa\u00f1a de Amnist\u00eda Internacional Eslovenia, el presidente del pa\u00eds emiti\u00f3 por fin una\u00a0<strong><a href=\"https:\/\/eur02.safelinks.protection.outlook.com\/?url=https%3A%2F%2Famnesty.us1.list-manage.com%2Ftrack%2Fclick%3Fu%3D7fec2c63a7b6c1f3efb63d55f%26id%3D7375bf2eec%26e%3Dd8f0eee737&amp;data=04%7C01%7Cclemency.norris%40amnesty.org%7C49bb9746389a4222a13208da00206956%7Cc2dbf829378d44c1b47a1c043924ddf3%7C0%7C1%7C637822436475584548%7CUnknown%7CTWFpbGZsb3d8eyJWIjoiMC4wLjAwMDAiLCJQIjoiV2luMzIiLCJBTiI6Ik1haWwiLCJXVCI6Mn0%3D%7C2000&amp;sdata=TqYMiiVoPstptNDNVGzfc%2Fou8GcDDki6rHYkYwMKj%2FE%3D&amp;reserved=0\" target=\"_blank\" rel=\"noopener\">disculpa p\u00fablica<\/a><\/strong>\u00a0a las miles de personas de otras rep\u00fablicas de la ex Yugoslavia cuyos permisos de residencia fueron revocados despu\u00e9s de que el pa\u00eds se declarase independiente en 1992. El denominado \u201cborrado\u201d dej\u00f3 a alrededor de 26.000 personas sin residencia y sin derechos econ\u00f3micos y sociales, lo que las priv\u00f3 de recibir prestaciones sociales y sanitarias.<\/p><p>El\u00a0<strong><a href=\"https:\/\/www.es.amnesty.org\/en-que-estamos\/noticias\/noticia\/articulo\/kuwait-la-anulacion-de-la-ley-que-penalizaba-la-imitacion-del-sexo-opuesto-un-paso-adelante-para-los-derechos-de-las-personas-transgenero\/\" target=\"_top\">Tribunal Constitucional de Kuwait anul\u00f3 una ley que penalizaba a la \u201cimitaci\u00f3n del sexo opuesto\u201d<\/a><\/strong>, legislaci\u00f3n que Amnist\u00eda Internacional hab\u00eda criticado en su Informe Anual.<\/p><p>Tras una campa\u00f1a de largo recorrido realizada por Amnist\u00eda Internacional y otras organizaciones de la sociedad civil,\u00a0<strong><a href=\"https:\/\/www.es.amnesty.org\/en-que-estamos\/noticias\/noticia\/articulo\/colombia-despenalizacion-del-aborto-es-un-triunfo-para-los-derechos-humanos\/\" target=\"_top\">Colombia despenaliz\u00f3 el aborto durante las primeras 24 semanas del embarazo<\/a><\/strong>. Este logro impuls\u00f3 a\u00fan m\u00e1s el movimiento por los derechos sexuales y reproductivos en toda Latinoam\u00e9rica, despu\u00e9s de la legalizaci\u00f3n del aborto en Argentina en 2020 y la despenalizaci\u00f3n del aborto en M\u00e9xico en 2021.<\/p><p>En Honduras, los \u201c<strong>ocho defensores de Guapinol<\/strong>\u201d, defensores de los derechos del agua y presos de conciencia, fueron puestos en libertad sin condiciones al cabo de dos a\u00f1os y medio. Amnist\u00eda Internacional llev\u00f3 a cabo trabajo de medios de comunicaci\u00f3n, incidencia y campa\u00f1a durante m\u00e1s de un a\u00f1o para se\u00f1alar su detenci\u00f3n ileg\u00edtima.<\/p><p><img decoding=\"async\" loading=\"lazy\" class=\"img-responsive\" src=\"https:\/\/www.es.amnesty.org\/fileadmin\/_processed_\/f\/7\/csm_defensores-guapinol_8402ca735c.jpg\" alt=\"Los ocho defensores de Guapinol\" width=\"1019\" height=\"388\" \/><\/p><p>Dipti Rani Das, adolescente de 17 a\u00f1os de la minor\u00eda hind\u00fa de Bangladesh, qued\u00f3 en libertad\u00a0<strong>tras pasar m\u00e1s de 16 meses recluida por una publicaci\u00f3n en Facebook<\/strong>. Amnist\u00eda Internacional emiti\u00f3 una Acci\u00f3n Urgente en su apoyo y le proporcion\u00f3 ayuda ligada a la defensa de los derechos humanos para sufragar sus gastos jur\u00eddicos.<\/p><p class=\"h3\"><strong>Marzo<\/strong><\/p><p>El Consejo de Derechos Humanos de la ONU renov\u00f3 el mandato de la Comisi\u00f3n de Derechos Humanos en Sud\u00e1n del Sur, actualmente el \u00fanico mecanismo independiente capaz de recopilar pruebas con vistas a futuros procesos de rendici\u00f3n de cuentas. Amnist\u00eda Internacional defendi\u00f3 activamente su renovaci\u00f3n mediante cartas p\u00fablicas conjuntas dirigidas a los Estados miembros del Consejo de Derechos Humanos de la ONU, reuniones bilaterales con Estados miembros del Consejo y el involucramiento de las Secciones en las capitales.<\/p><p>Se excarcel\u00f3 a dos personas cuyos casos se hab\u00edan incluido recientemente en la campa\u00f1a anual Escribe por los Derechos de Amnist\u00eda Internacional.\u00a0<strong>Bernardo Caal Xol, ambientalista ind\u00edgena maya y preso de conciencia en Guatemala<\/strong>, fue puesto en libertad antes de cumplir la pena de prisi\u00f3n que se le hab\u00eda impuesto injustamente por su activismo.<\/p><div class=\"media-wrapper media-wrapper--1:1\"><iframe id=\"893100658\" title=\"Mensaje en libertad de Bernardo Caal Xol\" src=\"https:\/\/www.youtube.com\/embed\/b0ZVOALOHY4?rel=0&amp;enablejsapi=1\" frameborder=\"0\" allowfullscreen=\"allowfullscreen\" data-gtm-yt-inspected-11=\"true\" data-mce-fragment=\"1\"><\/iframe><\/div><p>En Sud\u00e1n del Sur,\u00a0<strong>Magai Matiop Ngong, escolar que ten\u00eda 15 a\u00f1os cuando lo condenaron a muerte en 2017<\/strong>, qued\u00f3 en libertad despu\u00e9s de que un Tribunal Superior resolviese que era un ni\u00f1o en el momento de cometerse el presunto delito.<\/p><p class=\"h3\"><strong>Abril<\/strong><\/p><p>En 2018, Amnist\u00eda Internacional lanz\u00f3 una\u00a0<strong><a href=\"https:\/\/www.es.amnesty.org\/actua\/acciones\/noruega-estudiante-afgana-oct17\/\">campa\u00f1a en favor de Taibeh Abassi<\/a><\/strong>, una chica de 18 a\u00f1os cuya familia corr\u00eda el riesgo de ser deportada a Afganist\u00e1n desde Noruega, pa\u00eds en el que hab\u00eda vivido desde 2012. En abril, la madre de Taibeh recibi\u00f3 por fin un permiso de residencia en virtud del cual tiene derecho a permanecer en Noruega con sus hijos e hijas. Taibeh comparti\u00f3 el siguiente mensaje para dar las gracias a Amnist\u00eda Internacional por su apoyo:<\/p><blockquote class=\"blockquote\"><div class=\"blockquote__content\"><p class=\"blockquote__text\">\u201cSi es posible me gustar\u00eda enviar un mensaje de agradecimiento a Amnist\u00eda Internacional y a todas las personas que nos han apoyado a m\u00ed y a mi familia en esta lucha. Ahora, cuando miro atr\u00e1s me siento fuerte y poderosa; ah\u00ed est\u00e1n todas esas tarjetas de apoyo que recib\u00ed de distintos miembros de Amnist\u00eda de todo el mundo \u2764\u2764\u201d<\/p><p class=\"blockquote__author\">Taibeh<\/p><\/div><\/blockquote><p><img decoding=\"async\" loading=\"lazy\" class=\"img-responsive\" src=\"https:\/\/www.es.amnesty.org\/fileadmin\/_processed_\/e\/3\/csm_247986_Taibeh_Abbasi_Concert_-_Trondheim_Norway_1500_3373a9a23d.jpg\" alt=\"Taibeh Abassi\" width=\"1020\" height=\"605\" \/><\/p><p>En Libia, Mansour Atti, periodista, bloguero y director del Comit\u00e9 de la Media Luna Roja y de la Comisi\u00f3n de la Sociedad Civil, fue puesto en libertad al cabo de diez meses de su desaparici\u00f3n forzada. Amnist\u00eda Internacional emiti\u00f3 una acci\u00f3n urgente, una declaraci\u00f3n p\u00fablica y un\u00a0<a href=\"https:\/\/www.es.amnesty.org\/en-que-estamos\/noticias\/noticia\/articulo\/libia-el-gobierno-no-debe-legitimar-a-las-milicias-y-grupos-armados-responsables-de-terribles-abusos\/\" target=\"_top\">comunicado de prensa<\/a>\u00a0sobre su caso y alent\u00f3 a miembros y simpatizantes a firmar peticiones, enviar cartas y publicar en las redes sociales pidiendo su libertad inmediata e incondicional.<\/p><p>En otra victoria para la campa\u00f1a de largo recorrido de Amnist\u00eda Internacional y otras organizaciones por la abolici\u00f3n mundial de la pena de muerte,\u00a0<strong><a href=\"https:\/\/www.theguardian.com\/world\/2022\/jan\/21\/papua-new-guinea-repeals-death-penalty-30-years-after-reintroduction\" target=\"_blank\" rel=\"noopener\">Pap\u00faa Nueva Guinea se convirti\u00f3 en el \u00faltimo pa\u00eds en abandonar este castigo<\/a><\/strong>, 30 a\u00f1os despu\u00e9s de haberlo reintroducido en 1991.<\/p><p>Tras meses de trabajo de incidencia y campa\u00f1a de Amnist\u00eda Internacional y otras organizaciones de la sociedad civil, la\u00a0<strong><a href=\"https:\/\/www.es.amnesty.org\/en-que-estamos\/noticias\/noticia\/articulo\/union-europea-el-acuerdo-sobre-la-ley-de-servicios-digitales-un-hito-en-la-regulacion-de-internet\/\" target=\"_top\">Uni\u00f3n Europea lleg\u00f3 a un acuerdo pol\u00edtico sobre la Ley de Servicios Digitales (LSD)<\/a><\/strong>. Entre otras cosas, este marco regulador hist\u00f3rico obligar\u00e1 a las grandes empresas tecnol\u00f3gicas a evaluar y gestionar los riesgos sist\u00e9micos, como la apolog\u00eda del odio y la difusi\u00f3n de desinformaci\u00f3n, que presentan sus servicios.<\/p><p>En respuesta a una investigaci\u00f3n de\u00a0<strong><a href=\"https:\/\/www.fidh.org\/es\/region\/africa\/mali\/denuncias-de-crimenes-contra-la-poblacion-en-moura-mali-investigacion\" target=\"_blank\" rel=\"noopener\">Amnist\u00eda Internacional y entidades asociadas<\/a><\/strong>, las autoridades de Mal\u00ed iniciaron una investigaci\u00f3n de una \u201coperaci\u00f3n antiterrorista\u201d llevada a cabo en la ciudad de Moura por fuerzas militares de Mal\u00ed y mercenarios del grupo Wagner que caus\u00f3 al menos 203 muertes. La investigaci\u00f3n conjunta de Amnist\u00eda Internacional, basada en testimonios de testigos presenciales, hab\u00eda concluido que durante la operaci\u00f3n murieron decenas de civiles y muchas personas fueron v\u00edctimas de homicidio ileg\u00edtimo.<\/p><p class=\"h3\"><strong>Mayo<\/strong><\/p><p>En un \u00e9xito del movimiento de las mujeres en Espa\u00f1a y de las activistas de Amnist\u00eda Internacional, que llevaban mucho tiempo haciendo campa\u00f1a, la c\u00e1mara baja del Parlamento espa\u00f1ol\u00a0<strong><a href=\"https:\/\/www.es.amnesty.org\/en-que-estamos\/noticias\/noticia\/articulo\/ley-de-garantia-de-la-libertad-sexual-una-oportunidad-para-atender-y-proteger-a-las-victimas-de-violencia-sexual\/\" target=\"_blank\" rel=\"noopener\">aprob\u00f3 un proyecto de ley que contiene importantes medidas para prevenir las violaciones, ofrecer protecci\u00f3n frente a ellas y enjuiciarlas<\/a><\/strong>. La ley pone el consentimiento en el centro del debate en torno a la violencia sexual, incluida la violaci\u00f3n.<\/p><p><img decoding=\"async\" loading=\"lazy\" class=\"img-responsive\" src=\"https:\/\/www.es.amnesty.org\/fileadmin\/_processed_\/b\/a\/csm_257135_6f8d4ee818.jpg\" alt=\"Mujeres manifest\u00e1ndose por el caso de la Manada\" width=\"1020\" height=\"680\" \/><\/p><p class=\"text-center\"><em>\u00a9 Pablo Blazquez Dominguez\/Getty Images<\/em><\/p><p>El\u00a0<strong><a href=\"https:\/\/www.es.amnesty.org\/en-que-estamos\/noticias\/noticia\/articulo\/sudan-del-sur-la-renovacion-del-embargo-de-armas-de-la-onu-es-una-medida-positiva-que-ayuda-a-frenar-la-violencia-sexual-relacionada-con-el-conflicto\/\" target=\"_top\">Consejo de Seguridad de la ONU renov\u00f3 el embargo de armas<\/a><\/strong>\u00a0impuesto a Sud\u00e1n del Sur durante un a\u00f1o m\u00e1s. Amnist\u00eda Internacional contribuy\u00f3 a este resultado con investigaci\u00f3n y trabajo de incidencia selectivo que incluy\u00f3 reuniones bilaterales con los miembros del Consejo de Seguridad durante una misi\u00f3n de incidencia en Nueva York en abril y el involucramiento de las Secciones en las capitales.<\/p><p>Un d\u00eda despu\u00e9s de que Amnist\u00eda presentase su informe anual sobre la pena de muerte,\u00a0<a href=\"https:\/\/twitter.com\/amnesty\/status\/1529496033197273088?s=20&amp;t=wcqqpgOWEIwo-mdGbiNkdQ\" target=\"_blank\" rel=\"noopener\">el presidente de Zambia anunci\u00f3 que el pa\u00eds iniciar\u00eda el proceso para abolirla<\/a>.<\/p><p>En Guinea se abri\u00f3 una investigaci\u00f3n judicial contra ex dirigentes pol\u00edticos y ex jefes de polic\u00eda por violaciones del derecho a la vida, desapariciones forzadas, detenciones arbitrarias y tortura tras la crisis constitucional del pa\u00eds en 2020.\u00a0<strong>Amnist\u00eda Internacional ha pedido reiteradamente que se ponga fin a la impunidad por estas violaciones de derechos humanos con la publicaci\u00f3n de un informe\u00a0<\/strong>y numerosos materiales m\u00e1s en los que se condena el homicidio ileg\u00edtimo de decenas de manifestantes y la detenci\u00f3n arbitraria de decenas de activistas pol\u00edticos y representantes de la sociedad civil.<\/p><p>Como paso positivo para la libertad de expresi\u00f3n en India, el\u00a0<strong>Tribunal Supremo del pa\u00eds suspendi\u00f3 la ley sobre sedici\u00f3n, que ten\u00eda 152 a\u00f1os de antig\u00fcedad<\/strong>.<\/p><p>\u00a0<strong style=\"font-size: 16px; font-family: var( --e-global-typography-text-font-family ), sans-serif;\">Junio<\/strong><\/p><p>Numerosos Estados, la sociedad civil y organizaciones internacionales se reunieron en Ginebra para ultimar el texto de una declaraci\u00f3n pol\u00edtica con la que se pretende reforzar la protecci\u00f3n de la poblaci\u00f3n civil frente al uso de amas explosivas en zonas pobladas,\u00a0<strong><a href=\"https:\/\/www.es.amnesty.org\/en-que-estamos\/noticias\/noticia\/articulo\/los-estados-deben-frenar-las-masacres-de-civiles-causadas-en-zonas-urbanas-por-el-uso-de-armas-explosivas\/\" target=\"_top\">medida que Amnist\u00eda Internacional llevaba tiempo defendiendo<\/a><\/strong>. Se espera que los Estados firmen la declaraci\u00f3n pol\u00edtica en un acto diplom\u00e1tico m\u00e1s adelante este mismo a\u00f1o.<\/p><p>La campa\u00f1a en curso de Amnist\u00eda Internacional contra la pena de muerte cosech\u00f3 otros \u00e9xitos, con el anuncio\u00a0<strong><a href=\"https:\/\/www.es.amnesty.org\/en-que-estamos\/noticias\/noticia\/articulo\/malasia-la-decision-de-abolir-la-pena-de-muerte-preceptiva-es-un-paso-positivo-en-la-direccion-correcta\/\" target=\"_top\">del gobierno de Malasia de que iniciar\u00eda el proceso para abolir la pena de muerte preceptiva<\/a><\/strong>, que actualmente acarrean 11 delitos.<\/p>\t\t\t\t\t\t<\/div>\n\t\t\t\t<\/div>\n\t\t\t\t<div class=\"elementor-element elementor-element-1cc8f14e elementor-post-navigation-borders-yes elementor-widget elementor-widget-post-navigation\" data-id=\"1cc8f14e\" data-element_type=\"widget\" data-widget_type=\"post-navigation.default\">\n\t\t\t\t<div class=\"elementor-widget-container\">\n\t\t\t\t\t<div class=\"elementor-post-navigation\">\n\t\t\t<div class=\"elementor-post-navigation__prev elementor-post-navigation__link\">\n\t\t\t\t<a href=\"https:\/\/amnistia.org.mx\/contenido\/index.php\/tragedia-en-la-valla-de-melilla-nunca-mas\/\" rel=\"prev\"><span class=\"post-navigation__arrow-wrapper post-navigation__arrow-prev\"><i class=\"fa fa-angle-left\" aria-hidden=\"true\"><\/i><span class=\"elementor-screen-only\">Previo<\/span><\/span><span class=\"elementor-post-navigation__link__prev\"><span class=\"post-navigation__prev--label\">Anterior<\/span><span class=\"post-navigation__prev--title\">Tragedia en la valla de Melilla: \u00a1Nunca m\u00e1s!<\/span><\/span><\/a>\t\t\t<\/div>\n\t\t\t\t\t\t\t<div class=\"elementor-post-navigation__separator-wrapper\">\n\t\t\t\t\t<div class=\"elementor-post-navigation__separator\"><\/div>\n\t\t\t\t<\/div>\n\t\t\t\t\t\t<div class=\"elementor-post-navigation__next elementor-post-navigation__link\">\n\t\t\t\t<a href=\"https:\/\/amnistia.org.mx\/contenido\/index.php\/mantener-nuestras-comunicaciones-seguras-por-que-y-como\/\" rel=\"next\"><span class=\"elementor-post-navigation__link__next\"><span class=\"post-navigation__next--label\">Siguiente<\/span><span class=\"post-navigation__next--title\">Mantener nuestras comunicaciones seguras: por qu\u00e9 y c\u00f3mo<\/span><\/span><span class=\"post-navigation__arrow-wrapper post-navigation__arrow-next\"><i class=\"fa fa-angle-right\" aria-hidden=\"true\"><\/i><span class=\"elementor-screen-only\">Next<\/span><\/span><\/a>\t\t\t<\/div>\n\t\t<\/div>\n\t\t\t\t<\/div>\n\t\t\t\t<\/div>\n\t\t\t\t<div class=\"elementor-element elementor-element-1df4b5f8 elementor-widget elementor-widget-facebook-comments\" data-id=\"1df4b5f8\" data-element_type=\"widget\" data-widget_type=\"facebook-comments.default\">\n\t\t\t\t<div class=\"elementor-widget-container\">\n\t\t\t<style>\/*! elementor-pro - v3.11.7 - 22-03-2023 *\/\n.elementor-facebook-widget.fb_iframe_widget,.elementor-facebook-widget.fb_iframe_widget span{width:100%!important}.elementor-facebook-widget.fb_iframe_widget iframe{position:relative;width:100%!important}.elementor-facebook-widget.fb-like{height:1px}.elementor-widget-facebook-comments iframe{width:100%!important}<\/style>\t\t<div class=\"elementor-facebook-widget fb-comments\" data-href=\"https:\/\/amnistia.org.mx\/contenido?p=18450\" data-width=\"100%\" data-numposts=\"10\" data-order-by=\"social\" style=\"min-height: 1px\"><\/div>\n\t\t\t\t<\/div>\n\t\t\t\t<\/div>\n\t\t\t\t\t<\/div>\n\t\t<\/div>\n\t\t\t\t<div class=\"elementor-column elementor-col-33 elementor-top-column elementor-element elementor-element-4220bf87\" data-id=\"4220bf87\" data-element_type=\"column\">\n\t\t\t<div class=\"elementor-widget-wrap elementor-element-populated\">\n\t\t\t\t\t\t\t\t<section class=\"elementor-section elementor-inner-section elementor-element elementor-element-3009c077 elementor-section-boxed elementor-section-height-default elementor-section-height-default\" data-id=\"3009c077\" data-element_type=\"section\">\n\t\t\t\t\t\t<div class=\"elementor-container elementor-column-gap-default\">\n\t\t\t\t\t<div class=\"elementor-column elementor-col-100 elementor-inner-column elementor-element elementor-element-d228e35\" data-id=\"d228e35\" data-element_type=\"column\">\n\t\t\t<div class=\"elementor-widget-wrap elementor-element-populated\">\n\t\t\t\t\t\t\t\t<div class=\"elementor-element elementor-element-3d225a00 elementor-widget elementor-widget-heading\" data-id=\"3d225a00\" data-element_type=\"widget\" data-widget_type=\"heading.default\">\n\t\t\t\t<div class=\"elementor-widget-container\">\n\t\t\t<style>\/*! elementor - v3.11.5 - 14-03-2023 *\/\n.elementor-heading-title{padding:0;margin:0;line-height:1}.elementor-widget-heading .elementor-heading-title[class*=elementor-size-]>a{color:inherit;font-size:inherit;line-height:inherit}.elementor-widget-heading .elementor-heading-title.elementor-size-small{font-size:15px}.elementor-widget-heading .elementor-heading-title.elementor-size-medium{font-size:19px}.elementor-widget-heading .elementor-heading-title.elementor-size-large{font-size:29px}.elementor-widget-heading .elementor-heading-title.elementor-size-xl{font-size:39px}.elementor-widget-heading .elementor-heading-title.elementor-size-xxl{font-size:59px}<\/style><h4 class=\"elementor-heading-title elementor-size-default\">Comp\u00e1rtelo en redes<\/h4>\t\t<\/div>\n\t\t\t\t<\/div>\n\t\t\t\t<div class=\"elementor-element elementor-element-555b0ed2 elementor-share-buttons--view-icon elementor-share-buttons--shape-circle elementor-share-buttons--skin-framed elementor-share-buttons--color-custom elementor-grid-0 elementor-widget elementor-widget-share-buttons\" data-id=\"555b0ed2\" data-element_type=\"widget\" data-widget_type=\"share-buttons.default\">\n\t\t\t\t<div class=\"elementor-widget-container\">\n\t\t\t<link rel=\"stylesheet\" href=\"https:\/\/amnistia.org.mx\/contenido\/wp-content\/plugins\/elementor-pro\/assets\/css\/widget-share-buttons.min.css\">\t\t<div class=\"elementor-grid\">\n\t\t\t\t\t\t\t\t<div class=\"elementor-grid-item\">\n\t\t\t\t\t\t<div\n\t\t\t\t\t\t\tclass=\"elementor-share-btn elementor-share-btn_facebook\"\n\t\t\t\t\t\t\trole=\"button\"\n\t\t\t\t\t\t\ttabindex=\"0\"\n\t\t\t\t\t\t\taria-label=\"Compartir en facebook\"\n\t\t\t\t\t\t>\n\t\t\t\t\t\t\t\t\t\t\t\t\t\t\t<span class=\"elementor-share-btn__icon\">\n\t\t\t\t\t\t\t\t<svg class=\"e-font-icon-svg e-fab-facebook\" viewBox=\"0 0 512 512\" xmlns=\"http:\/\/www.w3.org\/2000\/svg\"><path d=\"M504 256C504 119 393 8 256 8S8 119 8 256c0 123.78 90.69 226.38 209.25 245V327.69h-63V256h63v-54.64c0-62.15 37-96.48 93.67-96.48 27.14 0 55.52 4.84 55.52 4.84v61h-31.28c-30.8 0-40.41 19.12-40.41 38.73V256h68.78l-11 71.69h-57.78V501C413.31 482.38 504 379.78 504 256z\"><\/path><\/svg>\t\t\t\t\t\t\t<\/span>\n\t\t\t\t\t\t\t\t\t\t\t\t\t\t\t\t\t\t\t\t<\/div>\n\t\t\t\t\t<\/div>\n\t\t\t\t\t\t\t\t\t<div class=\"elementor-grid-item\">\n\t\t\t\t\t\t<div\n\t\t\t\t\t\t\tclass=\"elementor-share-btn elementor-share-btn_twitter\"\n\t\t\t\t\t\t\trole=\"button\"\n\t\t\t\t\t\t\ttabindex=\"0\"\n\t\t\t\t\t\t\taria-label=\"Compartir en twitter\"\n\t\t\t\t\t\t>\n\t\t\t\t\t\t\t\t\t\t\t\t\t\t\t<span class=\"elementor-share-btn__icon\">\n\t\t\t\t\t\t\t\t<svg class=\"e-font-icon-svg e-fab-twitter\" viewBox=\"0 0 512 512\" xmlns=\"http:\/\/www.w3.org\/2000\/svg\"><path d=\"M459.37 151.716c.325 4.548.325 9.097.325 13.645 0 138.72-105.583 298.558-298.558 298.558-59.452 0-114.68-17.219-161.137-47.106 8.447.974 16.568 1.299 25.34 1.299 49.055 0 94.213-16.568 130.274-44.832-46.132-.975-84.792-31.188-98.112-72.772 6.498.974 12.995 1.624 19.818 1.624 9.421 0 18.843-1.3 27.614-3.573-48.081-9.747-84.143-51.98-84.143-102.985v-1.299c13.969 7.797 30.214 12.67 47.431 13.319-28.264-18.843-46.781-51.005-46.781-87.391 0-19.492 5.197-37.36 14.294-52.954 51.655 63.675 129.3 105.258 216.365 109.807-1.624-7.797-2.599-15.918-2.599-24.04 0-57.828 46.782-104.934 104.934-104.934 30.213 0 57.502 12.67 76.67 33.137 23.715-4.548 46.456-13.32 66.599-25.34-7.798 24.366-24.366 44.833-46.132 57.827 21.117-2.273 41.584-8.122 60.426-16.243-14.292 20.791-32.161 39.308-52.628 54.253z\"><\/path><\/svg>\t\t\t\t\t\t\t<\/span>\n\t\t\t\t\t\t\t\t\t\t\t\t\t\t\t\t\t\t\t\t<\/div>\n\t\t\t\t\t<\/div>\n\t\t\t\t\t\t\t\t\t<div class=\"elementor-grid-item\">\n\t\t\t\t\t\t<div\n\t\t\t\t\t\t\tclass=\"elementor-share-btn elementor-share-btn_email\"\n\t\t\t\t\t\t\trole=\"button\"\n\t\t\t\t\t\t\ttabindex=\"0\"\n\t\t\t\t\t\t\taria-label=\"Compartir en email\"\n\t\t\t\t\t\t>\n\t\t\t\t\t\t\t\t\t\t\t\t\t\t\t<span class=\"elementor-share-btn__icon\">\n\t\t\t\t\t\t\t\t<svg class=\"e-font-icon-svg e-fas-envelope\" viewBox=\"0 0 512 512\" xmlns=\"http:\/\/www.w3.org\/2000\/svg\"><path d=\"M502.3 190.8c3.9-3.1 9.7-.2 9.7 4.7V400c0 26.5-21.5 48-48 48H48c-26.5 0-48-21.5-48-48V195.6c0-5 5.7-7.8 9.7-4.7 22.4 17.4 52.1 39.5 154.1 113.6 21.1 15.4 56.7 47.8 92.2 47.6 35.7.3 72-32.8 92.3-47.6 102-74.1 131.6-96.3 154-113.7zM256 320c23.2.4 56.6-29.2 73.4-41.4 132.7-96.3 142.8-104.7 173.4-128.7 5.8-4.5 9.2-11.5 9.2-18.9v-19c0-26.5-21.5-48-48-48H48C21.5 64 0 85.5 0 112v19c0 7.4 3.4 14.3 9.2 18.9 30.6 23.9 40.7 32.4 173.4 128.7 16.8 12.2 50.2 41.8 73.4 41.4z\"><\/path><\/svg>\t\t\t\t\t\t\t<\/span>\n\t\t\t\t\t\t\t\t\t\t\t\t\t\t\t\t\t\t\t\t<\/div>\n\t\t\t\t\t<\/div>\n\t\t\t\t\t\t\t\t\t<div class=\"elementor-grid-item\">\n\t\t\t\t\t\t<div\n\t\t\t\t\t\t\tclass=\"elementor-share-btn elementor-share-btn_whatsapp\"\n\t\t\t\t\t\t\trole=\"button\"\n\t\t\t\t\t\t\ttabindex=\"0\"\n\t\t\t\t\t\t\taria-label=\"Compartir en whatsapp\"\n\t\t\t\t\t\t>\n\t\t\t\t\t\t\t\t\t\t\t\t\t\t\t<span class=\"elementor-share-btn__icon\">\n\t\t\t\t\t\t\t\t<svg class=\"e-font-icon-svg e-fab-whatsapp\" viewBox=\"0 0 448 512\" xmlns=\"http:\/\/www.w3.org\/2000\/svg\"><path d=\"M380.9 97.1C339 55.1 283.2 32 223.9 32c-122.4 0-222 99.6-222 222 0 39.1 10.2 77.3 29.6 111L0 480l117.7-30.9c32.4 17.7 68.9 27 106.1 27h.1c122.3 0 224.1-99.6 224.1-222 0-59.3-25.2-115-67.1-157zm-157 341.6c-33.2 0-65.7-8.9-94-25.7l-6.7-4-69.8 18.3L72 359.2l-4.4-7c-18.5-29.4-28.2-63.3-28.2-98.2 0-101.7 82.8-184.5 184.6-184.5 49.3 0 95.6 19.2 130.4 54.1 34.8 34.9 56.2 81.2 56.1 130.5 0 101.8-84.9 184.6-186.6 184.6zm101.2-138.2c-5.5-2.8-32.8-16.2-37.9-18-5.1-1.9-8.8-2.8-12.5 2.8-3.7 5.6-14.3 18-17.6 21.8-3.2 3.7-6.5 4.2-12 1.4-32.6-16.3-54-29.1-75.5-66-5.7-9.8 5.7-9.1 16.3-30.3 1.8-3.7.9-6.9-.5-9.7-1.4-2.8-12.5-30.1-17.1-41.2-4.5-10.8-9.1-9.3-12.5-9.5-3.2-.2-6.9-.2-10.6-.2-3.7 0-9.7 1.4-14.8 6.9-5.1 5.6-19.4 19-19.4 46.3 0 27.3 19.9 53.7 22.6 57.4 2.8 3.7 39.1 59.7 94.8 83.8 35.2 15.2 49 16.5 66.6 13.9 10.7-1.6 32.8-13.4 37.4-26.4 4.6-13 4.6-24.1 3.2-26.4-1.3-2.5-5-3.9-10.5-6.6z\"><\/path><\/svg>\t\t\t\t\t\t\t<\/span>\n\t\t\t\t\t\t\t\t\t\t\t\t\t\t\t\t\t\t\t\t<\/div>\n\t\t\t\t\t<\/div>\n\t\t\t\t\t\t<\/div>\n\t\t\t\t<\/div>\n\t\t\t\t<\/div>\n\t\t\t\t\t<\/div>\n\t\t<\/div>\n\t\t\t\t\t\t\t<\/div>\n\t\t<\/section>\n\t\t\t\t\t<\/div>\n\t\t<\/div>\n\t\t\t\t\t\t\t<\/div>\n\t\t<\/section>\n\t\t\t\t<section class=\"elementor-section elementor-top-section elementor-element elementor-element-55fe354 elementor-section-boxed elementor-section-height-default elementor-section-height-default\" data-id=\"55fe354\" data-element_type=\"section\" data-settings=\"{&quot;background_background&quot;:&quot;classic&quot;}\">\n\t\t\t\t\t\t<div class=\"elementor-container elementor-column-gap-default\">\n\t\t\t\t\t<div class=\"elementor-column elementor-col-100 elementor-top-column elementor-element elementor-element-53a698fd\" data-id=\"53a698fd\" data-element_type=\"column\">\n\t\t\t<div class=\"elementor-widget-wrap elementor-element-populated\">\n\t\t\t\t\t\t\t\t<section class=\"elementor-section elementor-inner-section elementor-element elementor-element-48db38d6 elementor-section-boxed elementor-section-height-default elementor-section-height-default\" data-id=\"48db38d6\" data-element_type=\"section\">\n\t\t\t\t\t\t<div class=\"elementor-container elementor-column-gap-default\">\n\t\t\t\t\t<div class=\"elementor-column elementor-col-33 elementor-inner-column elementor-element elementor-element-273d6bb8\" data-id=\"273d6bb8\" data-element_type=\"column\">\n\t\t\t<div class=\"elementor-widget-wrap elementor-element-populated\">\n\t\t\t\t\t\t\t\t<div class=\"elementor-element elementor-element-739ec68c elementor-position-left elementor-vertical-align-middle elementor-view-default elementor-mobile-position-top elementor-widget elementor-widget-icon-box\" data-id=\"739ec68c\" data-element_type=\"widget\" data-widget_type=\"icon-box.default\">\n\t\t\t\t<div class=\"elementor-widget-container\">\n\t\t\t<link rel=\"stylesheet\" href=\"https:\/\/amnistia.org.mx\/contenido\/wp-content\/plugins\/elementor\/assets\/css\/widget-icon-box.min.css\">\t\t<div class=\"elementor-icon-box-wrapper\">\n\t\t\t\t\t\t<div class=\"elementor-icon-box-icon\">\n\t\t\t\t<span class=\"elementor-icon elementor-animation-\" >\n\t\t\t\t<svg xmlns=\"http:\/\/www.w3.org\/2000\/svg\" width=\"82.818\" height=\"136.515\" viewBox=\"0 0 82.818 136.515\">\n  <g id=\"hand\" transform=\"translate(-100.695)\">\n    <g id=\"Grupo_115\" data-name=\"Grupo 115\" transform=\"translate(100.695)\">\n      <path id=\"Trazado_2550\" data-name=\"Trazado 2550\" d=\"M183.513,12.138H169.144V3.376H154.776V0H118.039V11.5l-12.581,1.44L100.695,48.2l24.481,31.943-1.455,56.37h8l1.354-52.429,9.461,2.58,2.105-7.719-13.028-3.553L109.07,45.975l3.484-25.8,13.225-1.515a4.07,4.07,0,0,1,2.265,7.692l-10,4.941V44.565l3.512.432c.226.028,22.659,3,23.3,21.184l8-.28c-.355-10.163-5.561-18.33-15.065-23.668q.238-.283.458-.581a11.163,11.163,0,0,0,10.622.048,11.16,11.16,0,0,0,15.071,2.964,11.16,11.16,0,0,0,11.582,3.347V67.423L168.9,80.686l.736,55.828h8l-.712-53.995,6.588-13.214V12.138Zm-57.473-1.5V8h6.367v4.317A12.016,12.016,0,0,0,126.04,10.636Zm6.368,24.4h0a3.184,3.184,0,0,1-6.161,1.129l5.34-2.638c.282-.139.555-.289.821-.447v1.955Zm11.183-.017a3.186,3.186,0,0,1-3.183-3.163V8h6.366V31.837h0A3.187,3.187,0,0,1,143.592,35.02Zm17.552.193h0a3.183,3.183,0,0,1-6.367,0V11.377h6.367V35.213Zm14.368,2.078a3.183,3.183,0,1,1-6.367,0V20.139h6.367V37.29Z\" transform=\"translate(-100.695)\"\/>\n    <\/g>\n  <\/g>\n<\/svg>\n\t\t\t\t<\/span>\n\t\t\t<\/div>\n\t\t\t\t\t\t<div class=\"elementor-icon-box-content\">\n\t\t\t\t<h3 class=\"elementor-icon-box-title\">\n\t\t\t\t\t<span  >\n\t\t\t\t\t\tDona\t\t\t\t\t<\/span>\n\t\t\t\t<\/h3>\n\t\t\t\t\t\t\t\t\t<p class=\"elementor-icon-box-description\">\n\t\t\t\t\t\tTrabajamos para exponer las violaciones de los derechos humanos, dando una luz de esperanza a quienes a\u00fan esperan justicia.\t\t\t\t\t<\/p>\n\t\t\t\t\t\t\t<\/div>\n\t\t<\/div>\n\t\t\t\t<\/div>\n\t\t\t\t<\/div>\n\t\t\t\t\t<\/div>\n\t\t<\/div>\n\t\t\t\t<div class=\"elementor-column elementor-col-33 elementor-inner-column elementor-element elementor-element-2c3aa21\" data-id=\"2c3aa21\" data-element_type=\"column\">\n\t\t\t<div class=\"elementor-widget-wrap elementor-element-populated\">\n\t\t\t\t\t\t\t\t<div class=\"elementor-element elementor-element-556acb14 elementor-position-left elementor-vertical-align-middle elementor-view-default elementor-mobile-position-top elementor-widget elementor-widget-icon-box\" data-id=\"556acb14\" data-element_type=\"widget\" data-widget_type=\"icon-box.default\">\n\t\t\t\t<div class=\"elementor-widget-container\">\n\t\t\t\t\t<div class=\"elementor-icon-box-wrapper\">\n\t\t\t\t\t\t<div class=\"elementor-icon-box-icon\">\n\t\t\t\t<span class=\"elementor-icon elementor-animation-\" >\n\t\t\t\t<svg xmlns=\"http:\/\/www.w3.org\/2000\/svg\" width=\"134.598\" height=\"104.976\" viewBox=\"0 0 134.598 104.976\">\n  <g id=\"Amnesty_Icons_041\" data-name=\"Amnesty Icons 041\" transform=\"translate(-12.5 -23.49)\">\n    <rect id=\"Rect\u00e1ngulo_38\" data-name=\"Rect\u00e1ngulo 38\" width=\"22.879\" height=\"2.692\" transform=\"translate(23.267 77.351)\"\/>\n    <rect id=\"Rect\u00e1ngulo_39\" data-name=\"Rect\u00e1ngulo 39\" width=\"22.879\" height=\"2.692\" transform=\"translate(50.184 77.351)\"\/>\n    <rect id=\"Rect\u00e1ngulo_40\" data-name=\"Rect\u00e1ngulo 40\" width=\"22.879\" height=\"2.692\" transform=\"translate(23.267 82.734)\"\/>\n    <rect id=\"Rect\u00e1ngulo_41\" data-name=\"Rect\u00e1ngulo 41\" width=\"22.879\" height=\"2.692\" transform=\"translate(50.184 82.734)\"\/>\n    <rect id=\"Rect\u00e1ngulo_42\" data-name=\"Rect\u00e1ngulo 42\" width=\"22.879\" height=\"2.692\" transform=\"translate(23.267 88.118)\"\/>\n    <rect id=\"Rect\u00e1ngulo_43\" data-name=\"Rect\u00e1ngulo 43\" width=\"22.879\" height=\"2.692\" transform=\"translate(50.184 88.118)\"\/>\n    <rect id=\"Rect\u00e1ngulo_44\" data-name=\"Rect\u00e1ngulo 44\" width=\"22.879\" height=\"2.692\" transform=\"translate(23.267 93.501)\"\/>\n    <rect id=\"Rect\u00e1ngulo_45\" data-name=\"Rect\u00e1ngulo 45\" width=\"22.879\" height=\"2.692\" transform=\"translate(50.184 93.501)\"\/>\n    <rect id=\"Rect\u00e1ngulo_46\" data-name=\"Rect\u00e1ngulo 46\" width=\"22.879\" height=\"2.692\" transform=\"translate(23.267 98.884)\"\/>\n    <rect id=\"Rect\u00e1ngulo_47\" data-name=\"Rect\u00e1ngulo 47\" width=\"22.879\" height=\"2.692\" transform=\"translate(50.184 98.884)\"\/>\n    <rect id=\"Rect\u00e1ngulo_48\" data-name=\"Rect\u00e1ngulo 48\" width=\"22.879\" height=\"2.692\" transform=\"translate(23.267 104.268)\"\/>\n    <rect id=\"Rect\u00e1ngulo_49\" data-name=\"Rect\u00e1ngulo 49\" width=\"22.879\" height=\"2.692\" transform=\"translate(50.184 104.268)\"\/>\n    <rect id=\"Rect\u00e1ngulo_50\" data-name=\"Rect\u00e1ngulo 50\" width=\"22.879\" height=\"2.692\" transform=\"translate(86.522 77.351)\"\/>\n    <rect id=\"Rect\u00e1ngulo_51\" data-name=\"Rect\u00e1ngulo 51\" width=\"22.879\" height=\"2.692\" transform=\"translate(113.439 77.351)\"\/>\n    <rect id=\"Rect\u00e1ngulo_52\" data-name=\"Rect\u00e1ngulo 52\" width=\"22.879\" height=\"2.692\" transform=\"translate(86.522 82.734)\"\/>\n    <rect id=\"Rect\u00e1ngulo_53\" data-name=\"Rect\u00e1ngulo 53\" width=\"22.879\" height=\"2.692\" transform=\"translate(113.439 82.734)\"\/>\n    <rect id=\"Rect\u00e1ngulo_54\" data-name=\"Rect\u00e1ngulo 54\" width=\"22.879\" height=\"2.692\" transform=\"translate(86.522 88.118)\"\/>\n    <rect id=\"Rect\u00e1ngulo_55\" data-name=\"Rect\u00e1ngulo 55\" width=\"22.879\" height=\"2.692\" transform=\"translate(113.439 88.118)\"\/>\n    <rect id=\"Rect\u00e1ngulo_56\" data-name=\"Rect\u00e1ngulo 56\" width=\"22.879\" height=\"2.692\" transform=\"translate(86.522 93.501)\"\/>\n    <rect id=\"Rect\u00e1ngulo_57\" data-name=\"Rect\u00e1ngulo 57\" width=\"22.879\" height=\"2.692\" transform=\"translate(113.439 93.501)\"\/>\n    <rect id=\"Rect\u00e1ngulo_58\" data-name=\"Rect\u00e1ngulo 58\" width=\"22.879\" height=\"2.692\" transform=\"translate(86.522 98.884)\"\/>\n    <rect id=\"Rect\u00e1ngulo_59\" data-name=\"Rect\u00e1ngulo 59\" width=\"22.879\" height=\"2.692\" transform=\"translate(113.439 98.884)\"\/>\n    <rect id=\"Rect\u00e1ngulo_60\" data-name=\"Rect\u00e1ngulo 60\" width=\"22.879\" height=\"2.692\" transform=\"translate(86.522 104.268)\"\/>\n    <rect id=\"Rect\u00e1ngulo_61\" data-name=\"Rect\u00e1ngulo 61\" width=\"22.879\" height=\"2.692\" transform=\"translate(113.439 104.268)\"\/>\n    <rect id=\"Rect\u00e1ngulo_62\" data-name=\"Rect\u00e1ngulo 62\" width=\"43.067\" height=\"8.075\" rx=\"1\" transform=\"translate(23.267 41.013)\"\/>\n    <rect id=\"Rect\u00e1ngulo_63\" data-name=\"Rect\u00e1ngulo 63\" width=\"32.3\" height=\"8.075\" rx=\"1\" transform=\"translate(23.267 51.78)\"\/>\n    <path id=\"Trazado_47\" data-name=\"Trazado 47\" d=\"M147.085,24.836a1.346,1.346,0,0,0-1.346-1.346H83.83a5.383,5.383,0,0,0-4.038,1.871,5.383,5.383,0,0,0-4.038-1.871H13.846A1.356,1.356,0,0,0,12.5,24.836v96.9a1.346,1.346,0,0,0,1.346,1.346H71.96a4.011,4.011,0,0,0,3.8,5.383H83.83a4.01,4.01,0,0,0,3.8-5.383h58.127a1.356,1.356,0,0,0,1.346-1.346ZM15.192,26.182H75.755a2.692,2.692,0,0,1,2.692,2.692v91.518H15.192ZM83.83,120.391H81.138V28.873a2.692,2.692,0,0,1,2.692-2.692h60.563v94.209Z\" transform=\"translate(0)\"\/>\n    <rect id=\"Rect\u00e1ngulo_64\" data-name=\"Rect\u00e1ngulo 64\" width=\"49.796\" height=\"33.646\" rx=\"1\" transform=\"translate(86.522 35.63)\"\/>\n  <\/g>\n<\/svg>\n\t\t\t\t<\/span>\n\t\t\t<\/div>\n\t\t\t\t\t\t<div class=\"elementor-icon-box-content\">\n\t\t\t\t<h3 class=\"elementor-icon-box-title\">\n\t\t\t\t\t<span  >\n\t\t\t\t\t\tFirma nuestras peticiones\t\t\t\t\t<\/span>\n\t\t\t\t<\/h3>\n\t\t\t\t\t\t\t\t\t<p class=\"elementor-icon-box-description\">\n\t\t\t\t\t\tCon tu \ufb01rma podemos presentarnos frente a las autoridades no solo como Amnist\u00eda Internacional \u00a1sino como miles de personas exigen un mundo mejor!\n\n\t\t\t\t\t<\/p>\n\t\t\t\t\t\t\t<\/div>\n\t\t<\/div>\n\t\t\t\t<\/div>\n\t\t\t\t<\/div>\n\t\t\t\t\t<\/div>\n\t\t<\/div>\n\t\t\t\t<div class=\"elementor-column elementor-col-33 elementor-inner-column elementor-element elementor-element-2dcefebb\" data-id=\"2dcefebb\" data-element_type=\"column\">\n\t\t\t<div class=\"elementor-widget-wrap elementor-element-populated\">\n\t\t\t\t\t\t\t\t<div class=\"elementor-element elementor-element-db13c6a elementor-position-left elementor-vertical-align-middle elementor-view-default elementor-mobile-position-top elementor-widget elementor-widget-icon-box\" data-id=\"db13c6a\" data-element_type=\"widget\" data-widget_type=\"icon-box.default\">\n\t\t\t\t<div class=\"elementor-widget-container\">\n\t\t\t\t\t<div class=\"elementor-icon-box-wrapper\">\n\t\t\t\t\t\t<div class=\"elementor-icon-box-icon\">\n\t\t\t\t<span class=\"elementor-icon elementor-animation-\" >\n\t\t\t\t<svg xmlns=\"http:\/\/www.w3.org\/2000\/svg\" id=\"tres-personas-icono\" width=\"92.484\" height=\"64.15\" viewBox=\"0 0 92.484 64.15\"><path id=\"Trazado_20\" data-name=\"Trazado 20\" d=\"M16.41,64.633c.406-2.073,1.2-2.229,3.238-2.229H32.875A14.279,14.279,0,0,1,33.5,60.57H19.666c-2.564,0-4.4.449-5.036,3.669L12.564,74.951c-.4,1.834-.461,4.21,2.527,5.723,1.411.706,5.313,2.449,7.518,3.421a2.343,2.343,0,0,0,3.118-1.247l1.061-2.522a2.331,2.331,0,0,0-.775-2.752l-4.538-3.146a.53.53,0,0,1-.184-.541L22.3,69.723a.913.913,0,0,0-.142-.984.924.924,0,0,0-1.61.48l-1.015,4.164a2.36,2.36,0,0,0,.922,2.449l4.492,3.183a.512.512,0,0,1,.148.615l-1.024,2.522a.515.515,0,0,1-.3.294.547.547,0,0,1-.415,0c-2.186-.963-6.06-2.66-7.379-3.357-1.78-.917-1.919-1.99-1.568-3.669Z\" transform=\"translate(-12.368 -30.273)\"><\/path><path id=\"Trazado_21\" data-name=\"Trazado 21\" d=\"M110.66,74.952l-2.048-10.7c-.636-3.265-2.472-3.669-5.036-3.669H89.74a11.876,11.876,0,0,1,.609,1.834h13.246c2.039,0,2.832.156,3.238,2.229l2.048,10.823c.351,1.688.212,2.752-1.568,3.669-1.365.7-5.239,2.394-7.379,3.357a.547.547,0,0,1-.415,0,.515.515,0,0,1-.3-.293l-1.052-2.522a.512.512,0,0,1,.148-.615l4.548-3.146a2.36,2.36,0,0,0,.922-2.449l-1.107-4.247a.922.922,0,1,0-1.78.422l1.005,4.164a.53.53,0,0,1-.184.541l-4.538,3.146a2.331,2.331,0,0,0-.775,2.752l1.052,2.522a2.343,2.343,0,0,0,3.118,1.247c2.2-.972,6.106-2.752,7.518-3.421C111.122,79.162,111.057,76.814,110.66,74.952Z\" transform=\"translate(-18.371 -30.274)\"><\/path><path id=\"Trazado_22\" data-name=\"Trazado 22\" d=\"M57.437,50.68a.923.923,0,0,0,1.218-.624l.535-2.091a2.744,2.744,0,0,0-1.125-3.045,6.448,6.448,0,1,1,6.807,0,2.743,2.743,0,0,0-1.07,3l.581,2.137a.923.923,0,0,0,1.218.624,11.981,11.981,0,1,0-8.117,0Z\" transform=\"translate(-15.253 -27.537)\"><\/path><path id=\"Trazado_23\" data-name=\"Trazado 23\" d=\"M86.629,54.456a.924.924,0,0,0,1.218-.6.916.916,0,0,0-.507-1.055,6.45,6.45,0,1,1,4.889,0,.916.916,0,0,0-.507,1.064h0a.924.924,0,0,0,1.218.6A8.249,8.249,0,0,0,89.562,38.58,8.36,8.36,0,0,0,81.5,46.761a8.254,8.254,0,0,0,5.129,7.7Z\" transform=\"translate(-17.732 -28.452)\"><\/path><path id=\"Trazado_24\" data-name=\"Trazado 24\" d=\"M30.666,54.477a.924.924,0,0,0,1.218-.6h0a.916.916,0,0,0-.507-1.055,6.45,6.45,0,1,1,4.9,0,.883.883,0,0,0-.042,1.615.927.927,0,0,0,.743.036A8.249,8.249,0,0,0,33.562,38.61,8.369,8.369,0,0,0,25.5,46.791a8.254,8.254,0,0,0,5.166,7.686Z\" transform=\"translate(-13.387 -28.454)\"><\/path><path id=\"Trazado_25\" data-name=\"Trazado 25\" d=\"M84.328,63.283a11.551,11.551,0,0,0-.609-2.22h0c-1.642-3.981-5.055-4.5-8-4.5h-31c-2.933,0-6.337.523-7.988,4.5h0a8.569,8.569,0,0,0-.341.972h0c-.111.394-.221.807-.314,1.266L33.143,78.893c-.36,1.7-1.439,6.842,4.391,9.8,2.048,1.036,7.7,3.54,10.894,4.953a4.862,4.862,0,0,0,6.457-2.559L57.1,87.01c.858-2.045-.48-3.962-2.278-5.283h-.111l-6.042-4.247,1.753-7.209a.917.917,0,0,0-.618-1.064l-3.69-.862H45.9a.922.922,0,0,0-.922.7l-1.421,5.842-.424,1.752a4.819,4.819,0,0,0,1.845,5h.065L51.057,85.8l-1.052,2.513c-5.027-2.174-8.625-3.834-9.99-4.512-1.67-.853-1.965-1.6-1.494-3.907L41.473,64.3c.415-2.11.775-2.284,3.247-2.284H75.667c2.472,0,2.841.174,3.247,2.265l2.961,15.748c.461,2.22.175,2.944-1.5,3.788-1.365.7-4.99,2.33-10,4.586l-1.052-2.55,6.014-4.127a.167.167,0,0,0,.065,0,4.783,4.783,0,0,0,1.845-5L75.4,69.1a.922.922,0,0,0-.922-.7h-.138l-3.69.853a.917.917,0,0,0-.627,1.073l1.706,7.154-6.042,4.247-.065.046a4.8,4.8,0,0,0-1.6,5.732l1.522,3.623a4.843,4.843,0,0,0,4.474,2.962,4.9,4.9,0,0,0,1.965-.44c3.182-1.4,8.828-3.916,10.885-4.962,5.839-2.953,4.75-8.126,4.409-9.759Z\" transform=\"translate(-13.955 -29.941)\"><\/path><\/svg>\t\t\t\t<\/span>\n\t\t\t<\/div>\n\t\t\t\t\t\t<div class=\"elementor-icon-box-content\">\n\t\t\t\t<h3 class=\"elementor-icon-box-title\">\n\t\t\t\t\t<span  >\n\t\t\t\t\t\tHazte miembro\t\t\t\t\t<\/span>\n\t\t\t\t<\/h3>\n\t\t\t\t\t\t\t\t\t<p class=\"elementor-icon-box-description\">\n\t\t\t\t\t\tAdem\u00e1s de donar, las personas que forman parte de la membres\u00eda cuentan con voz y voto para participar en las actividades de gobernanza de Amnist\u00eda Internacional Secci\u00f3n Mexicana.\t\t\t\t\t<\/p>\n\t\t\t\t\t\t\t<\/div>\n\t\t<\/div>\n\t\t\t\t<\/div>\n\t\t\t\t<\/div>\n\t\t\t\t\t<\/div>\n\t\t<\/div>\n\t\t\t\t\t\t\t<\/div>\n\t\t<\/section>\n\t\t\t\t\t<\/div>\n\t\t<\/div>\n\t\t\t\t\t\t\t<\/div>\n\t\t<\/section>\n\t\t\t\t\t\t\t<\/div>\n\t\t","protected":false},"excerpt":{"rendered":"<p>Este ha sido un a\u00f1o de mucha actividad para Amnist\u00eda Internacional. En un momento en que el mundo se enfrenta a desaf\u00edos en materia de derechos humanos en tantos frentes, &hellip;<\/p>\n<p class=\"read-more\"> <a class=\"\" href=\"https:\/\/amnistia.org.mx\/contenido\/index.php\/victorias-en-materia-de-derechos-humanos-en-2022-que-hay-que-celebrar\/\"> <span class=\"screen-reader-text\">Victorias en materia de derechos humanos en 2022 que hay que celebrar<\/span> Leer m\u00e1s &raquo;<\/a><\/p>\n","protected":false},"author":8,"featured_media":18451,"comment_status":"closed","ping_status":"closed","sticky":false,"template":"","format":"standard","meta":{"_uf_show_specific_survey":0,"_uf_disable_surveys":false,"site-sidebar-layout":"default","site-content-layout":"default","ast-global-header-display":"","ast-main-header-display":"","ast-hfb-above-header-display":"","ast-hfb-below-header-display":"","ast-hfb-mobile-header-display":"","site-post-title":"","ast-breadcrumbs-content":"","ast-featured-img":"","footer-sml-layout":"","theme-transparent-header-meta":"","adv-header-id-meta":"","stick-header-meta":"","header-above-stick-meta":"","header-main-stick-meta":"","header-below-stick-meta":""},"categories":[18],"tags":[25],"acf":[],"aioseo_notices":[],"yoast_head":"<!-- This site is optimized with the Yoast SEO plugin v14.5 - https:\/\/yoast.com\/wordpress\/plugins\/seo\/ -->\n<title>Victorias en materia de derechos humanos en 2022 que hay que celebrar<\/title>\n<meta name=\"description\" content=\"Te ofrecemos un resumen de las victorias en materia de derechos humanos en lo que va de a\u00f1o que hay que celebrar.\" \/>\n<meta name=\"robots\" content=\"index, follow\" \/>\n<meta name=\"googlebot\" content=\"index, follow, max-snippet:-1, max-image-preview:large, max-video-preview:-1\" \/>\n<meta name=\"bingbot\" content=\"index, follow, max-snippet:-1, max-image-preview:large, max-video-preview:-1\" \/>\n<link rel=\"canonical\" href=\"https:\/\/amnistia.org.mx\/contenido\/index.php\/victorias-en-materia-de-derechos-humanos-en-2022-que-hay-que-celebrar\/\" \/>\n<meta property=\"og:locale\" content=\"es_MX\" \/>\n<meta property=\"og:type\" content=\"article\" \/>\n<meta property=\"og:title\" content=\"Victorias en materia de derechos humanos en 2022 que hay que celebrar\" \/>\n<meta property=\"og:description\" content=\"Te ofrecemos un resumen de las victorias en materia de derechos humanos en lo que va de a\u00f1o que hay que celebrar.\" \/>\n<meta property=\"og:url\" content=\"https:\/\/amnistia.org.mx\/contenido\/index.php\/victorias-en-materia-de-derechos-humanos-en-2022-que-hay-que-celebrar\/\" \/>\n<meta property=\"og:site_name\" content=\"amnistia.org.mx\" \/>\n<meta property=\"article:published_time\" content=\"2022-07-15T18:10:00+00:00\" \/>\n<meta property=\"article:modified_time\" content=\"2022-07-15T18:34:30+00:00\" \/>\n<meta property=\"og:image\" content=\"https:\/\/amnistia.org.mx\/contenido\/wp-content\/uploads\/2022\/07\/blog-amnistia-6-1024x576.png\" \/>\n\t<meta property=\"og:image:width\" content=\"1024\" \/>\n\t<meta property=\"og:image:height\" content=\"576\" \/>\n<meta name=\"twitter:card\" content=\"summary_large_image\" \/>\n<script type=\"application\/ld+json\" class=\"yoast-schema-graph\">{\"@context\":\"https:\/\/schema.org\",\"@graph\":[{\"@type\":\"WebSite\",\"@id\":\"https:\/\/amnistia.org.mx\/contenido\/#website\",\"url\":\"https:\/\/amnistia.org.mx\/contenido\/\",\"name\":\"amnistia.org.mx\",\"description\":\"Nueva p\\u00e1gina de Amnist\\u00eda\",\"potentialAction\":[{\"@type\":\"SearchAction\",\"target\":\"https:\/\/amnistia.org.mx\/contenido\/?s={search_term_string}\",\"query-input\":\"required name=search_term_string\"}],\"inLanguage\":\"es-MX\"},{\"@type\":\"ImageObject\",\"@id\":\"https:\/\/amnistia.org.mx\/contenido\/index.php\/victorias-en-materia-de-derechos-humanos-en-2022-que-hay-que-celebrar\/#primaryimage\",\"inLanguage\":\"es-MX\",\"url\":\"https:\/\/amnistia.org.mx\/contenido\/wp-content\/uploads\/2022\/07\/blog-amnistia-6.png\",\"width\":1600,\"height\":900},{\"@type\":\"WebPage\",\"@id\":\"https:\/\/amnistia.org.mx\/contenido\/index.php\/victorias-en-materia-de-derechos-humanos-en-2022-que-hay-que-celebrar\/#webpage\",\"url\":\"https:\/\/amnistia.org.mx\/contenido\/index.php\/victorias-en-materia-de-derechos-humanos-en-2022-que-hay-que-celebrar\/\",\"name\":\"Victorias en materia de derechos humanos en 2022 que hay que celebrar\",\"isPartOf\":{\"@id\":\"https:\/\/amnistia.org.mx\/contenido\/#website\"},\"primaryImageOfPage\":{\"@id\":\"https:\/\/amnistia.org.mx\/contenido\/index.php\/victorias-en-materia-de-derechos-humanos-en-2022-que-hay-que-celebrar\/#primaryimage\"},\"datePublished\":\"2022-07-15T18:10:00+00:00\",\"dateModified\":\"2022-07-15T18:34:30+00:00\",\"author\":{\"@id\":\"https:\/\/amnistia.org.mx\/contenido\/#\/schema\/person\/2d2b29996a9513767aea81f8ae57bdeb\"},\"description\":\"Te ofrecemos un resumen de las victorias en materia de derechos humanos en lo que va de a\\u00f1o que hay que celebrar.\",\"breadcrumb\":{\"@id\":\"https:\/\/amnistia.org.mx\/contenido\/index.php\/victorias-en-materia-de-derechos-humanos-en-2022-que-hay-que-celebrar\/#breadcrumb\"},\"inLanguage\":\"es-MX\",\"potentialAction\":[{\"@type\":\"ReadAction\",\"target\":[\"https:\/\/amnistia.org.mx\/contenido\/index.php\/victorias-en-materia-de-derechos-humanos-en-2022-que-hay-que-celebrar\/\"]}]},{\"@type\":\"BreadcrumbList\",\"@id\":\"https:\/\/amnistia.org.mx\/contenido\/index.php\/victorias-en-materia-de-derechos-humanos-en-2022-que-hay-que-celebrar\/#breadcrumb\",\"itemListElement\":[{\"@type\":\"ListItem\",\"position\":1,\"item\":{\"@type\":\"WebPage\",\"@id\":\"https:\/\/amnistia.org.mx\/contenido\/\",\"url\":\"https:\/\/amnistia.org.mx\/contenido\/\",\"name\":\"Home\"}},{\"@type\":\"ListItem\",\"position\":2,\"item\":{\"@type\":\"WebPage\",\"@id\":\"https:\/\/amnistia.org.mx\/contenido\/index.php\/victorias-en-materia-de-derechos-humanos-en-2022-que-hay-que-celebrar\/\",\"url\":\"https:\/\/amnistia.org.mx\/contenido\/index.php\/victorias-en-materia-de-derechos-humanos-en-2022-que-hay-que-celebrar\/\",\"name\":\"Victorias en materia de derechos humanos en 2022 que hay que celebrar\"}}]},{\"@type\":[\"Person\"],\"@id\":\"https:\/\/amnistia.org.mx\/contenido\/#\/schema\/person\/2d2b29996a9513767aea81f8ae57bdeb\",\"name\":\"Carolina Flores\",\"image\":{\"@type\":\"ImageObject\",\"@id\":\"https:\/\/amnistia.org.mx\/contenido\/#personlogo\",\"inLanguage\":\"es-MX\",\"url\":\"https:\/\/secure.gravatar.com\/avatar\/e2d29811923c60594035966b365ce272?s=96&d=mm&r=g\",\"caption\":\"Carolina Flores\"}}]}<\/script>\n<!-- \/ Yoast SEO plugin. -->","_links":{"self":[{"href":"https:\/\/amnistia.org.mx\/contenido\/index.php\/wp-json\/wp\/v2\/posts\/18450"}],"collection":[{"href":"https:\/\/amnistia.org.mx\/contenido\/index.php\/wp-json\/wp\/v2\/posts"}],"about":[{"href":"https:\/\/amnistia.org.mx\/contenido\/index.php\/wp-json\/wp\/v2\/types\/post"}],"author":[{"embeddable":true,"href":"https:\/\/amnistia.org.mx\/contenido\/index.php\/wp-json\/wp\/v2\/users\/8"}],"replies":[{"embeddable":true,"href":"https:\/\/amnistia.org.mx\/contenido\/index.php\/wp-json\/wp\/v2\/comments?post=18450"}],"version-history":[{"count":17,"href":"https:\/\/amnistia.org.mx\/contenido\/index.php\/wp-json\/wp\/v2\/posts\/18450\/revisions"}],"predecessor-version":[{"id":18468,"href":"https:\/\/amnistia.org.mx\/contenido\/index.php\/wp-json\/wp\/v2\/posts\/18450\/revisions\/18468"}],"wp:featuredmedia":[{"embeddable":true,"href":"https:\/\/amnistia.org.mx\/contenido\/index.php\/wp-json\/wp\/v2\/media\/18451"}],"wp:attachment":[{"href":"https:\/\/amnistia.org.mx\/contenido\/index.php\/wp-json\/wp\/v2\/media?parent=18450"}],"wp:term":[{"taxonomy":"category","embeddable":true,"href":"https:\/\/amnistia.org.mx\/contenido\/index.php\/wp-json\/wp\/v2\/categories?post=18450"},{"taxonomy":"post_tag","embeddable":true,"href":"https:\/\/amnistia.org.mx\/contenido\/index.php\/wp-json\/wp\/v2\/tags?post=18450"}],"curies":[{"name":"wp","href":"https:\/\/api.w.org\/{rel}","templated":true}]}}