
{"id":18490,"date":"2022-07-19T12:49:40","date_gmt":"2022-07-19T17:49:40","guid":{"rendered":"https:\/\/amnistia.org.mx\/contenido\/?p=18490"},"modified":"2022-07-19T12:49:42","modified_gmt":"2022-07-19T17:49:42","slug":"amnistia-internacional-lanza-campana-global-para-hacer-frente-a-amenaza-mundial-sin-precedentes-contra-el-derecho-a-protestar","status":"publish","type":"post","link":"https:\/\/amnistia.org.mx\/contenido\/index.php\/amnistia-internacional-lanza-campana-global-para-hacer-frente-a-amenaza-mundial-sin-precedentes-contra-el-derecho-a-protestar\/","title":{"rendered":"Amnist\u00eda Internacional lanza campa\u00f1a global para hacer frente a amenaza mundial sin precedentes contra el derecho a protestar"},"content":{"rendered":"\n<p>Activistas mexicanas encienden bengalas del color de la bandera colombiana durante una protesta en solidaridad con las mujeres colombianas y contra el gobierno del presidente colombiano Iv\u00e1n Duque, en Ciudad de M\u00e9xico, el 6 de mayo de 2021. (Foto de PEDRO PARDO\/AFP v\u00eda Getty Images)<\/p>\n\n\n\n<p>El derecho a la protesta est\u00e1 sometido a una amenaza creciente y sin precedentes en todas las regiones del mundo, as\u00ed lo ha manifestado hoy Amnist\u00eda Internacional con motivo del lanzamiento de su campa\u00f1a global contra las medidas cada vez m\u00e1s amplias y en\u00e9rgicas que adoptan los Estados para erosionar este derecho humano fundamental.<\/p>\n\n\n\n<p>De Rusia a Sri Lanka, de Francia a Senegal y de Ir\u00e1n a Nicaragua, las autoridades de los Estados est\u00e1n adoptando cada vez m\u00e1s medidas de todo tipo para reprimir la disidencia organizada. Manifestantes en todo el planeta se enfrentan a una potente combinaci\u00f3n de reacciones adversas: cada vez m\u00e1s leyes y otras medidas para restringir el derecho a la protesta; uso indebido de la fuerza; expansi\u00f3n de la vigilancia ilegal, tanto masiva como selectiva; apagones y censura de Internet, y abusos y estigmatizaci\u00f3n. Mientras, se est\u00e1n levantando a\u00fan m\u00e1s barreras para los grupos marginados y discriminados.<\/p>\n\n\n\n<p>La campa\u00f1a <strong>Protejamos la Protesta<\/strong> de Amnist\u00eda Internacional desafiar\u00e1 los ataques a la protesta pac\u00edfica, defender\u00e1 a quienes los sufren y apoyar\u00e1 las causas de los movimientos sociales que presionan en favor de un cambio en materia de derechos humanos.<\/p>\n\n\n\n<p>\u201cEn los \u00faltimos a\u00f1os han tenido lugar algunas de las mayores movilizaciones de protesta que hemos visto en varias d\u00e9cadas. Los movimientos Black Lives Matter, MeToo y contra el cambio clim\u00e1tico han llevado a millones de personas en todo el mundo a salir a la calle y actuar en Internet para exigir justicia racial y clim\u00e1tica, equidad y medios de vida, y el fin de la violencia y la discriminaci\u00f3n basadas en el g\u00e9nero. En otros lugares, miles de personas han alzado la voz contra la violencia y los homicidios de la polic\u00eda y la opresi\u00f3n y represi\u00f3n del Estado\u201d, ha afirmado Agn\u00e8s Callamard, Secretaria General de Amnist\u00eda Internacional.<\/p>\n\n\n\n<p>\u201cCasi sin excepci\u00f3n, esta ola de protestas multitudinarias se ha encontrado con respuestas obstructivas, represivas y frecuentemente violentas de las autoridades estatales. En lugar de facilitar el derecho a la protesta, los gobiernos est\u00e1n yendo cada vez m\u00e1s lejos para reprimirlo. Por eso, como la mayor organizaci\u00f3n de derechos humanos del mundo que somos, hemos elegido este momento para lanzar esta campa\u00f1a. Es hora de alzar la voz para recordar a quienes ejercen el poder que tenemos el derecho inalienable a protestar, expresar quejas y exigir cambios libre, colectiva y p\u00fablicamente\u201d.<\/p>\n\n\n\n<p><strong>Legislaci\u00f3n restrictiva, prohibiciones generales y poderes excepcionales<\/strong><\/p>\n\n\n\n<p>No son pocos los problemas \u2014entre ellos la crisis ambiental, la desigualdad creciente, las amenazas para los medios de vida, el racismo sist\u00e9mico y la violencia de g\u00e9nero\u2014 que hacen que la acci\u00f3n colectiva sea m\u00e1s necesaria que nunca. Los gobiernos han reaccionado aprobando legislaci\u00f3n que impone restricciones ileg\u00edtimas sobre el derecho a la protesta. Por ejemplo, hemos visto prohibiciones generales de las protestas en Grecia y Chipre durante la pandemia de COVID-19. En Reino Unido se ha aprobado <a href=\"https:\/\/www.legislation.gov.uk\/ukpga\/2022\/32\/contents\/enacted\">una ley<\/a> con disposiciones que otorgan amplios poderes a los agentes de polic\u00eda, incluida la capacidad de prohibir \u201cprotestas ruidosas\u201d, mientras que en <a href=\"https:\/\/www.amnesty.org\/en\/latest\/news\/2022\/06\/senegal-interdictions-violences-arrestations-arbitraires-le-droit-de-manifester-est-menace\/\">Senegal<\/a> est\u00e1n prohibidas las manifestaciones pol\u00edticas en el centro de Dakar, desde 2011, para evitar las protestas cerca de edificios gubernamentales.<\/p>\n\n\n\n<p>Toda clase de gobiernos est\u00e1n incrementando tambi\u00e9n el uso de los poderes excepcionales como excusa para reprimir la disidencia. As\u00ed se vio en los peores momentos de la pandemia de COVID-19 en algunos pa\u00edses, como Tailandia, mientras que en Rep\u00fablica Democr\u00e1tica del Congo, en virtud de <a href=\"https:\/\/www.amnesty.org\/en\/latest\/news\/2022\/05\/drc-one-year-on-state-of-siege\/\">un \u201cestado de sitio\u201d impuesto por el gobierno<\/a>, los agentes de la polic\u00eda y el ej\u00e9rcito tienen amplios poderes para restringir las protestas en las provincias de Ituri y Kivu Septentrional, desde mayo de 2021.<\/p>\n\n\n\n<p><strong>Demonizaci\u00f3n de la gente que se manifiesta<\/strong><\/p>\n\n\n\n<p>Gobiernos de todo el mundo justifican las restricciones afirmando que la protesta constituye una amenaza para el orden p\u00fablico y estigmatizando a las personas manifestantes al calificarlas de \u201cproblem\u00e1ticas\u201d, \u201calborotadoras\u201d e incluso \u201cterroristas\u201d. Definiendo de este modo a las personas que se manifiestan, las autoridades justifican sus medidas de tolerancia cero: introducci\u00f3n y uso indebido de leyes de seguridad ambiguas y draconianas, actuaci\u00f3n policial de mano dura y medidas disuasorias con car\u00e1cter preventivo.<\/p>\n\n\n\n<p>Este enfoque se observ\u00f3 en Hong Kong, donde la <a href=\"https:\/\/www.amnesty.org\/es\/latest\/news\/2021\/06\/hong-kong-national-security-law-has-created-a-human-rights-emergency-2\/\">Ley de Seguridad Nacional<\/a> y su amplia definici\u00f3n de \u201cseguridad nacional\u201d se ha utilizado arbitrariamente para restringir las protestas, entre otras cosas.<\/p>\n\n\n\n<p>Y en India, la <a href=\"https:\/\/www.amnesty.org\/en\/latest\/news\/2021\/11\/india-kashmiri-activist-held-under-abusive-law\/\">Ley de Prevenci\u00f3n de Actividades Ilegales<\/a> contra el terrorismo y el delito de \u201csedici\u00f3n\u201d se han utilizado repetidamente contra personas periodistas, defensores y defensoras de los derechos humanos y personas que se manifestaban pac\u00edficamente.<\/p>\n\n\n\n<p><strong>Militarizaci\u00f3n de la funci\u00f3n policial<\/strong><\/p>\n\n\n\n<p>Si bien los gobiernos llevan tiempo apoy\u00e1ndose en t\u00e1cticas agresivas para controlar policialmente las protestas, en los \u00faltimos a\u00f1os ha aumentado la cantidad de fuerza empleada por las fuerzas de seguridad en el desempe\u00f1o de sus funciones.<\/p>\n\n\n\n<p>Las llamadas \u201carmas menos letales\u201d \u2014como porras, pulverizadores de pimienta, gas lacrim\u00f3geno, granadas paralizantes, ca\u00f1ones de agua y balas de goma\u2014 son utilizadas indebidamente por las fuerzas de seguridad de forma sistem\u00e1tica. Y, desde principios de la d\u00e9cada de 2000, Amnist\u00eda Internacional ha documentado una tendencia a la militarizaci\u00f3n de la respuesta estatal a las protestas, incluido el despliegue de fuerzas armadas y uso de equipo militar. En pa\u00edses como <a href=\"https:\/\/www.amnesty.org\/es\/latest\/news\/2020\/10\/chilean-police-punish-us-for-daring-to-protest\/\">Chile<\/a> y <a href=\"https:\/\/www.amnesty.org\/en\/latest\/news\/2021\/09\/france-abusive-and-illegal-use-of-force-by-police-at-redon-rave-highlights-need-for-accountability\/\">Francia<\/a>, las fuerzas de seguridad van bien equipadas con material antidisturbios y suelen estar respaldadas por veh\u00edculos acorazados, aeronaves de uso militar, drones de vigilancia, fusiles y armas de asalto, granadas aturdidoras y ca\u00f1ones de sonido.<\/p>\n\n\n\n<p>Durante la sublevaci\u00f3n masiva que sigui\u00f3 al golpe de Estado de 2021 en <a href=\"https:\/\/www.amnesty.org\/en\/latest\/news\/2022\/04\/myanmar-coup-peaceful-protest\/\">Myanmar<\/a>, las fuerzas armadas usaron ilegalmente medios letales contra manifestantes pac\u00edficos. Seg\u00fan observadores, m\u00e1s de dos mil personas han sido asesinadas y m\u00e1s de 13 mil han sido detenidas desde que los militares tomaron el poder.<\/p>\n\n\n\n<p><strong>Desigualdad y discriminaci\u00f3n<\/strong><\/p>\n\n\n\n<p>Las personas que sufren desigualdad y discriminaci\u00f3n, ya sea por motivo de su raza, g\u00e9nero, orientaci\u00f3n sexual, identidad de g\u00e9nero, religi\u00f3n, edad, discapacidad, ocupaci\u00f3n o situaci\u00f3n social, econ\u00f3mica o migratoria, tambi\u00e9n resultan m\u00e1s afectadas por las restricciones del derecho a protestar y sufren mayor represi\u00f3n.<\/p>\n\n\n\n<p>Por ejemplo, las mujeres, la comunidad LGBTI y las personas que no se ajustan a las convenciones de g\u00e9nero sufren distintas formas de violencia de g\u00e9nero, marginaci\u00f3n e imposiciones sociales y legales. En pa\u00edses como <a href=\"https:\/\/www.amnesty.org\/es\/latest\/news\/2021\/11\/sudan-investigate-the-killings-of-people-after-military-crackdown-against-protesters\/\">Sud\u00e1n<\/a>, <a href=\"https:\/\/www.amnesty.org\/es\/latest\/news\/2021\/05\/colombia-preocupan-las-denuncias-de-desapariciones-y-violencia-sexual-contra-manifestantes\/\">Colombia<\/a> y <a href=\"https:\/\/www.amnesty.org\/en\/latest\/news\/2020\/07\/belarus-misogyny-and-discrimination-fuels-vicious-campaign-against-activists-ahead-of-election\/\">Bielorrusia<\/a> se han cometido agresiones sexuales contra mujeres por participar en protestas, mientras que en <a href=\"https:\/\/www.amnesty.org\/es\/documents\/eur44\/4362\/2021\/es\/\">Turqu\u00eda<\/a>, por ejemplo, las marchas del Orgullo llevan a\u00f1os prohibidas.<\/p>\n\n\n\n<p>\u201cNuestra campa\u00f1a llega en un momento cr\u00edtico. El valioso derecho a la protesta se est\u00e1 erosionando a una velocidad de v\u00e9rtigo y debemos hacer todo lo posible para evitarlo\u201d, ha manifestado afirmado Agn\u00e8s Callamard.<\/p>\n\n\n\n<p>\u201cIncontables manifestantes han perdido la vida en los \u00faltimos a\u00f1os y ahora, tambi\u00e9n en su nombre, debemos alzar nuestra propia voz y defender nuestro derecho a decir la verdad al poder a trav\u00e9s de protestas en la calle y en Internet\u201d.<\/p>\n\n\n\n<p><strong>Informaci\u00f3n complementaria<\/strong><\/p>\n\n\n\n<p>El derecho internacional de los derechos humanos protege el derecho a la protesta en una serie de disposiciones separadas que figuran en varios tratados regionales e internacionales y que, tomadas en conjunto, protegen \u00edntegramente las protestas. Aunque el derecho a la protesta no figure como un derecho diferenciado en los tratados de derechos humanos, las personas que participan en una protesta, ya sea individual o colectivamente, est\u00e1n ejerciendo m\u00faltiples derechos, entre ellos el derecho a la libertad de expresi\u00f3n y de reuni\u00f3n pac\u00edfica.<\/p>\n","protected":false},"excerpt":{"rendered":"<p>Activistas mexicanas encienden bengalas del color de la bandera colombiana durante una protesta en solidaridad con las mujeres colombianas y contra el gobierno del presidente colombiano Iv\u00e1n Duque, en Ciudad &hellip;<\/p>\n<p class=\"read-more\"> <a class=\"\" href=\"https:\/\/amnistia.org.mx\/contenido\/index.php\/amnistia-internacional-lanza-campana-global-para-hacer-frente-a-amenaza-mundial-sin-precedentes-contra-el-derecho-a-protestar\/\"> <span class=\"screen-reader-text\">Amnist\u00eda Internacional lanza campa\u00f1a global para hacer frente a amenaza mundial sin precedentes contra el derecho a protestar<\/span> Leer m\u00e1s &raquo;<\/a><\/p>\n","protected":false},"author":4,"featured_media":18491,"comment_status":"closed","ping_status":"closed","sticky":false,"template":"","format":"standard","meta":{"_uf_show_specific_survey":0,"_uf_disable_surveys":false,"site-sidebar-layout":"default","site-content-layout":"default","ast-global-header-display":"","ast-main-header-display":"","ast-hfb-above-header-display":"","ast-hfb-below-header-display":"","ast-hfb-mobile-header-display":"","site-post-title":"","ast-breadcrumbs-content":"","ast-featured-img":"","footer-sml-layout":"","theme-transparent-header-meta":"","adv-header-id-meta":"","stick-header-meta":"","header-above-stick-meta":"","header-main-stick-meta":"","header-below-stick-meta":""},"categories":[9],"tags":[40],"acf":[],"aioseo_notices":[],"yoast_head":"<!-- This site is optimized with the Yoast SEO plugin v14.5 - https:\/\/yoast.com\/wordpress\/plugins\/seo\/ -->\n<title>Amnist\u00eda Internacional lanza campa\u00f1a global para hacer frente a amenaza mundial sin precedentes contra el derecho a protestar - amnistia.org.mx<\/title>\n<meta name=\"description\" content=\"Amnist\u00eda Internacional lanza su campa\u00f1a global Protejamos la protesta. Apoyar\u00e1 las causas de los movimientos en favor de los derechos humanos.\" \/>\n<meta name=\"robots\" content=\"index, follow\" \/>\n<meta name=\"googlebot\" content=\"index, follow, max-snippet:-1, max-image-preview:large, max-video-preview:-1\" \/>\n<meta name=\"bingbot\" content=\"index, follow, max-snippet:-1, max-image-preview:large, max-video-preview:-1\" \/>\n<link rel=\"canonical\" href=\"https:\/\/amnistia.org.mx\/contenido\/index.php\/amnistia-internacional-lanza-campana-global-para-hacer-frente-a-amenaza-mundial-sin-precedentes-contra-el-derecho-a-protestar\/\" \/>\n<meta property=\"og:locale\" content=\"es_MX\" \/>\n<meta property=\"og:type\" content=\"article\" \/>\n<meta property=\"og:title\" content=\"Amnist\u00eda Internacional lanza campa\u00f1a global para hacer frente a amenaza mundial sin precedentes contra el derecho a protestar - amnistia.org.mx\" \/>\n<meta property=\"og:description\" content=\"Amnist\u00eda Internacional lanza su campa\u00f1a global Protejamos la protesta. Apoyar\u00e1 las causas de los movimientos en favor de los derechos humanos.\" \/>\n<meta property=\"og:url\" content=\"https:\/\/amnistia.org.mx\/contenido\/index.php\/amnistia-internacional-lanza-campana-global-para-hacer-frente-a-amenaza-mundial-sin-precedentes-contra-el-derecho-a-protestar\/\" \/>\n<meta property=\"og:site_name\" content=\"amnistia.org.mx\" \/>\n<meta property=\"article:published_time\" content=\"2022-07-19T17:49:40+00:00\" \/>\n<meta property=\"article:modified_time\" content=\"2022-07-19T17:49:42+00:00\" \/>\n<meta property=\"og:image\" content=\"https:\/\/amnistia.org.mx\/contenido\/wp-content\/uploads\/2022\/07\/Foto-ajustada-19-julio-22.jpg\" \/>\n\t<meta property=\"og:image:width\" content=\"650\" \/>\n\t<meta property=\"og:image:height\" content=\"433\" \/>\n<meta name=\"twitter:card\" content=\"summary_large_image\" \/>\n<script type=\"application\/ld+json\" class=\"yoast-schema-graph\">{\"@context\":\"https:\/\/schema.org\",\"@graph\":[{\"@type\":\"WebSite\",\"@id\":\"https:\/\/amnistia.org.mx\/contenido\/#website\",\"url\":\"https:\/\/amnistia.org.mx\/contenido\/\",\"name\":\"amnistia.org.mx\",\"description\":\"Nueva p\\u00e1gina de Amnist\\u00eda\",\"potentialAction\":[{\"@type\":\"SearchAction\",\"target\":\"https:\/\/amnistia.org.mx\/contenido\/?s={search_term_string}\",\"query-input\":\"required name=search_term_string\"}],\"inLanguage\":\"es-MX\"},{\"@type\":\"ImageObject\",\"@id\":\"https:\/\/amnistia.org.mx\/contenido\/index.php\/amnistia-internacional-lanza-campana-global-para-hacer-frente-a-amenaza-mundial-sin-precedentes-contra-el-derecho-a-protestar\/#primaryimage\",\"inLanguage\":\"es-MX\",\"url\":\"https:\/\/amnistia.org.mx\/contenido\/wp-content\/uploads\/2022\/07\/Foto-ajustada-19-julio-22.jpg\",\"width\":650,\"height\":433,\"caption\":\"TOPSHOT - Mexican activists light flares in the color of the Colombian flag during a protest in solidarity with Colombian women and against Colombian President Ivan Duque's government, in Mexico City, on May 6, 2021. (Photo by PEDRO PARDO \/ AFP) (Photo by PEDRO PARDO\/AFP via Getty Images)\"},{\"@type\":\"WebPage\",\"@id\":\"https:\/\/amnistia.org.mx\/contenido\/index.php\/amnistia-internacional-lanza-campana-global-para-hacer-frente-a-amenaza-mundial-sin-precedentes-contra-el-derecho-a-protestar\/#webpage\",\"url\":\"https:\/\/amnistia.org.mx\/contenido\/index.php\/amnistia-internacional-lanza-campana-global-para-hacer-frente-a-amenaza-mundial-sin-precedentes-contra-el-derecho-a-protestar\/\",\"name\":\"Amnist\\u00eda Internacional lanza campa\\u00f1a global para hacer frente a amenaza mundial sin precedentes contra el derecho a protestar - amnistia.org.mx\",\"isPartOf\":{\"@id\":\"https:\/\/amnistia.org.mx\/contenido\/#website\"},\"primaryImageOfPage\":{\"@id\":\"https:\/\/amnistia.org.mx\/contenido\/index.php\/amnistia-internacional-lanza-campana-global-para-hacer-frente-a-amenaza-mundial-sin-precedentes-contra-el-derecho-a-protestar\/#primaryimage\"},\"datePublished\":\"2022-07-19T17:49:40+00:00\",\"dateModified\":\"2022-07-19T17:49:42+00:00\",\"author\":{\"@id\":\"https:\/\/amnistia.org.mx\/contenido\/#\/schema\/person\/7db421c495688267ce8ede4625c17fa5\"},\"description\":\"Amnist\\u00eda Internacional lanza su campa\\u00f1a global Protejamos la protesta. Apoyar\\u00e1 las causas de los movimientos en favor de los derechos humanos.\",\"breadcrumb\":{\"@id\":\"https:\/\/amnistia.org.mx\/contenido\/index.php\/amnistia-internacional-lanza-campana-global-para-hacer-frente-a-amenaza-mundial-sin-precedentes-contra-el-derecho-a-protestar\/#breadcrumb\"},\"inLanguage\":\"es-MX\",\"potentialAction\":[{\"@type\":\"ReadAction\",\"target\":[\"https:\/\/amnistia.org.mx\/contenido\/index.php\/amnistia-internacional-lanza-campana-global-para-hacer-frente-a-amenaza-mundial-sin-precedentes-contra-el-derecho-a-protestar\/\"]}]},{\"@type\":\"BreadcrumbList\",\"@id\":\"https:\/\/amnistia.org.mx\/contenido\/index.php\/amnistia-internacional-lanza-campana-global-para-hacer-frente-a-amenaza-mundial-sin-precedentes-contra-el-derecho-a-protestar\/#breadcrumb\",\"itemListElement\":[{\"@type\":\"ListItem\",\"position\":1,\"item\":{\"@type\":\"WebPage\",\"@id\":\"https:\/\/amnistia.org.mx\/contenido\/\",\"url\":\"https:\/\/amnistia.org.mx\/contenido\/\",\"name\":\"Home\"}},{\"@type\":\"ListItem\",\"position\":2,\"item\":{\"@type\":\"WebPage\",\"@id\":\"https:\/\/amnistia.org.mx\/contenido\/index.php\/amnistia-internacional-lanza-campana-global-para-hacer-frente-a-amenaza-mundial-sin-precedentes-contra-el-derecho-a-protestar\/\",\"url\":\"https:\/\/amnistia.org.mx\/contenido\/index.php\/amnistia-internacional-lanza-campana-global-para-hacer-frente-a-amenaza-mundial-sin-precedentes-contra-el-derecho-a-protestar\/\",\"name\":\"Amnist\\u00eda Internacional lanza campa\\u00f1a global para hacer frente a amenaza mundial sin precedentes contra el derecho a protestar\"}}]},{\"@type\":[\"Person\"],\"@id\":\"https:\/\/amnistia.org.mx\/contenido\/#\/schema\/person\/7db421c495688267ce8ede4625c17fa5\",\"name\":\"Alejandro Ju\\u00e1rez Gamero\",\"image\":{\"@type\":\"ImageObject\",\"@id\":\"https:\/\/amnistia.org.mx\/contenido\/#personlogo\",\"inLanguage\":\"es-MX\",\"url\":\"https:\/\/secure.gravatar.com\/avatar\/e312d5566d1c3ffb56f86415d6f0e606?s=96&d=mm&r=g\",\"caption\":\"Alejandro Ju\\u00e1rez Gamero\"}}]}<\/script>\n<!-- \/ Yoast SEO plugin. -->","_links":{"self":[{"href":"https:\/\/amnistia.org.mx\/contenido\/index.php\/wp-json\/wp\/v2\/posts\/18490"}],"collection":[{"href":"https:\/\/amnistia.org.mx\/contenido\/index.php\/wp-json\/wp\/v2\/posts"}],"about":[{"href":"https:\/\/amnistia.org.mx\/contenido\/index.php\/wp-json\/wp\/v2\/types\/post"}],"author":[{"embeddable":true,"href":"https:\/\/amnistia.org.mx\/contenido\/index.php\/wp-json\/wp\/v2\/users\/4"}],"replies":[{"embeddable":true,"href":"https:\/\/amnistia.org.mx\/contenido\/index.php\/wp-json\/wp\/v2\/comments?post=18490"}],"version-history":[{"count":3,"href":"https:\/\/amnistia.org.mx\/contenido\/index.php\/wp-json\/wp\/v2\/posts\/18490\/revisions"}],"predecessor-version":[{"id":18494,"href":"https:\/\/amnistia.org.mx\/contenido\/index.php\/wp-json\/wp\/v2\/posts\/18490\/revisions\/18494"}],"wp:featuredmedia":[{"embeddable":true,"href":"https:\/\/amnistia.org.mx\/contenido\/index.php\/wp-json\/wp\/v2\/media\/18491"}],"wp:attachment":[{"href":"https:\/\/amnistia.org.mx\/contenido\/index.php\/wp-json\/wp\/v2\/media?parent=18490"}],"wp:term":[{"taxonomy":"category","embeddable":true,"href":"https:\/\/amnistia.org.mx\/contenido\/index.php\/wp-json\/wp\/v2\/categories?post=18490"},{"taxonomy":"post_tag","embeddable":true,"href":"https:\/\/amnistia.org.mx\/contenido\/index.php\/wp-json\/wp\/v2\/tags?post=18490"}],"curies":[{"name":"wp","href":"https:\/\/api.w.org\/{rel}","templated":true}]}}