
{"id":18648,"date":"2022-07-29T10:00:00","date_gmt":"2022-07-29T15:00:00","guid":{"rendered":"https:\/\/amnistia.org.mx\/contenido\/?p=18648"},"modified":"2022-07-29T10:18:33","modified_gmt":"2022-07-29T15:18:33","slug":"amnistia-internacional-lanza-la-campana-10anossinkarla-joven-victima-de-feminicidio-en-san-luis-potosi","status":"publish","type":"post","link":"https:\/\/amnistia.org.mx\/contenido\/index.php\/amnistia-internacional-lanza-la-campana-10anossinkarla-joven-victima-de-feminicidio-en-san-luis-potosi\/","title":{"rendered":"Amnist\u00eda Internacional lanza la campa\u00f1a #10A\u00f1osSinKarla, joven v\u00edctima de feminicidio en San Luis Potos\u00ed"},"content":{"rendered":"\n<ul><li>Este a\u00f1o se cumple una d\u00e9cada del feminicidio de Karla Pontigo, en la que las autoridades de SLP no han hecho justicia para la joven y su familia<\/li><\/ul>\n\n\n\n<ul><li>La campa\u00f1a buscar\u00e1 hacer incidencia con autoridades locales y federales para que se haga una reparaci\u00f3n integral del da\u00f1o y justicia en este caso<\/li><\/ul>\n\n\n\n<p>Amnist\u00eda Internacional lanz\u00f3 hoy la campa\u00f1a <strong>#10A\u00f1osSinKarla<\/strong>, joven que fue v\u00edctima de feminicidio en San Luis Potos\u00ed. La misma inicia a 3 meses de que se cumplan diez a\u00f1os de su muerte violenta, ocurrida en octubre de 2012. A la fecha no ha habido justicia para ella y su familia. El caso de Karla es emblem\u00e1tico de las deficiencias en que incurren las autoridades al investigar los casos de feminicidio, lo que lleva a que los procesos se prolonguen, pese a que hay protocolos de actuaci\u00f3n espec\u00edficos para realizar las investigaciones con perspectiva de g\u00e9nero.<\/p>\n\n\n\n<p>La campa\u00f1a tiene como objetivo que el gobierno del estado repare de manera integral el da\u00f1o a la familia de la joven, que la Fiscal\u00eda General de la Rep\u00fablica (FGR), que atrajo el caso, investigue las irregularidades cometidas por las autoridades que hicieron la primer investigaci\u00f3n del mismo y que impidieron el acceso a la justicia para la familia de la v\u00edctima, y que la Fiscal\u00eda General de San Luis Potos\u00ed integre una Fiscal\u00eda Especializada en Feminicidios.<\/p>\n\n\n\n<p>Cabe destacar que la creaci\u00f3n de la Fiscal\u00eda Especializada en Feminicidios fue tratada por Amnist\u00eda Internacional y la Fundaci\u00f3n para la Justicia (FJEDD), organizaci\u00f3n que litiga el caso, en reuni\u00f3n con el Fiscal General del Estado, Jos\u00e9 Luis Ru\u00edz Contreras, el 20 de julio de 2022 y el funcionario se comprometi\u00f3 a su creaci\u00f3n para el a\u00f1o 2023.<\/p>\n\n\n\n<p><strong>Trabajo con legisladoras locales<\/strong><\/p>\n\n\n\n<p>\u201cEn el marco de la campa\u00f1a <strong>#10A\u00f1osSinKarla<\/strong> Amnist\u00eda Internacional va a realizar una importante labor de incidencia con las legisladoras de la Comisi\u00f3n de Derechos Humanos, Igualdad y&nbsp; G\u00e9nero del Congreso del estado para que en la discusi\u00f3n del presupuesto que se ejercer\u00e1 el a\u00f1o pr\u00f3ximo consideren los recursos necesarios y suficientes para la creaci\u00f3n de la Fiscal\u00eda, que es una exigencia de las familias de v\u00edctimas de feminicidio en San Luis Potos\u00ed y de la que desde Amnist\u00eda Internacional hacemos eco\u201d, declar\u00f3 Edith Olivares Ferreto.<\/p>\n\n\n\n<p>\u201cLa aceptaci\u00f3n del fiscal es una noticia que ha sido recibida con mucha esperanza porque las muertes violentas de mujeres en ese estado se investigar\u00e1n desde un inicio con perspectiva de g\u00e9nero\u201d, precis\u00f3 Edith Olivares Ferreto.<\/p>\n\n\n\n<p>De acuerdo con datos del Secretariado Ejecutivo del Sistema Nacional de Seguridad P\u00fablica (SESNSP) en el periodo enero-junio se registraron en San Luis Potos\u00ed 24 asesinatos de mujeres, la cifra se integra de la suma de presuntas v\u00edctimas de feminicidio m\u00e1s presuntas v\u00edctimas de homicidio doloso. Adem\u00e1s, en el mismo periodo, el n\u00famero de emergencia 911 recibi\u00f3 mil 662 llamadas relacionadas con violencia contra la mujer en San Luis Potos\u00ed.<\/p>\n\n\n\n<p>Ante las deficiencias en las investigaciones penales, el 21 de junio de 2017 la Secretar\u00eda de Gobernaci\u00f3n (SEGOB), a trav\u00e9s de la Comisi\u00f3n Nacional para Prevenir y Erradicar la Violencia contra las Mujeres (CONAVIM), declar\u00f3 la alerta de violencia de g\u00e9nero contra las mujeres (AVGM) en diversos municipios del estado de San Luis Potos\u00ed.<\/p>\n\n\n\n<p><strong>Reparaci\u00f3n integral del da\u00f1o<\/strong><\/p>\n\n\n\n<p>Otro tema que abordar\u00e1 la campa\u00f1a <strong>#10A\u00f1osSinKarla<\/strong> tiene que ver con la obligaci\u00f3n inherente al gobierno del estado de efectuar una reparaci\u00f3n integral del da\u00f1o para la familia de Karla, que incluye garant\u00edas de no repetici\u00f3n, como lo establece el derecho internacional de los derechos humanos y las convenciones e instrumentos de los que M\u00e9xico es Estado parte, agreg\u00f3 Edith Olivares Ferreto.<\/p>\n\n\n\n<p>En el marco de la campa\u00f1a se realizar\u00e1 incidencia en diversas autoridades locales de San Luis Potos\u00ed, que tienen que ver de manera directa e indirecta con los procesos que han impedido que se concrete la justicia para Karla y su familia.<\/p>\n\n\n\n<p>A nivel federal, Amnist\u00eda Internacional realizar\u00e1 incidencia con la FGR, que atrajo el caso en octubre de 2021, para que \u00e9sta lleve ante la justicia a las autoridades que actuaron con negligencia en la primera investigaci\u00f3n que se realiz\u00f3 sobre la muerte de Karla.<\/p>\n\n\n\n<p>\u201cEst\u00e1 visto que la lucha para prevenir y erradicar la violencia de g\u00e9nero es un proceso en el que si bien se han registrado algunos avances, a\u00fan falta mucho por hacer para que sea atendido dentro de los par\u00e1metros establecidos por el Comit\u00e9 para la Eliminaci\u00f3n de la Discriminaci\u00f3n contra la Mujer (Cedaw), por la Corte Interamericana de Derechos Humanos (CoIDH) e incluso los de la Suprema Corte de Justicia de la Naci\u00f3n\u201d, agreg\u00f3 Edith Olivares Ferreto.<\/p>\n\n\n\n<p>\u201cLa campa\u00f1a<a href=\"https:\/\/amnistia.org.mx\/contenido\/index.php\/laluchacontinua-por-karla\/\"> <strong>#10A\u00f1osSinKarla<\/strong><\/a> pone en el centro a la joven y la necesidad de que se haga justicia a su familia, es tambi\u00e9n un llamado urgente para que la violencia contra las mujeres se investigue con perspectiva de g\u00e9nero. En el caso de San Luis Potos\u00ed es imperioso que se constituyan instituciones como la Fiscal\u00eda Especializada en Feminicidios, para atender de manera adecuada la violencia de g\u00e9nero y se allane el acceso a la justicia a las cientos de familias de v\u00edctimas de feminicidio en el estado\u201d, concluy\u00f3 Edith Olivares Ferreto.<\/p>\n\n\n\n<p><strong>Informaci\u00f3n adicional<\/strong>:<\/p>\n\n\n\n<p><a href=\"https:\/\/amnistia.org.mx\/contenido\/index.php\/amnistia-internacional-y-la-fjedd-destacan-la-necesidad-de-crear-en-san-luis-potosi-una-fiscalia-especializada-en-feminicidios\/\">Necesidad de crear en San Luis Potos\u00ed una fiscal\u00eda especializada en Feminicidios<\/a><\/p>\n\n\n\n<p><a href=\"https:\/\/amnistia.org.mx\/contenido\/index.php\/carta-abierta-ante-la-posible-desaparicion-de-la-unidad-especializada-multidisciplinaria-e-itinerante-en-materia-de-genero-uemi-en-la-fiscalia-de-san-luis-potosi\/\">Fiscal\u00eda General del Estado de San Luis Potos\u00ed determina desaparici\u00f3n de la UEMI<\/a><\/p>\n\n\n\n<p><a href=\"https:\/\/amnistia.org.mx\/contenido\/index.php\/fgr-atrae-el-caso-del-feminicidio-de-karla-pontigo\/\">Fiscal\u00eda General de la Rep\u00fablica atrae el caso de feminicidio de la joven Karla Pontigo<\/a><\/p>\n\n\n\n<p><strong>Para m\u00e1s informaci\u00f3n o para concertar una entrevista, contacte a:<\/strong><\/p>\n\n\n\n<p>Alejandro Ju\u00e1rez Gamero<\/p>\n\n\n\n<p>Amnist\u00eda Internacional M\u00e9xico<\/p>\n\n\n\n<p><a href=\"about:blank\">prensa@amnist\u00eda.org.mx<\/a><\/p>\n\n\n\n<p>+52 55 2265 4331<\/p>\n","protected":false},"excerpt":{"rendered":"<p>Este a\u00f1o se cumple una d\u00e9cada del feminicidio de Karla Pontigo, en la que las autoridades de SLP no han hecho justicia para la joven y su familia La campa\u00f1a &hellip;<\/p>\n<p class=\"read-more\"> <a class=\"\" href=\"https:\/\/amnistia.org.mx\/contenido\/index.php\/amnistia-internacional-lanza-la-campana-10anossinkarla-joven-victima-de-feminicidio-en-san-luis-potosi\/\"> <span class=\"screen-reader-text\">Amnist\u00eda Internacional lanza la campa\u00f1a #10A\u00f1osSinKarla, joven v\u00edctima de feminicidio en San Luis Potos\u00ed<\/span> Leer m\u00e1s &raquo;<\/a><\/p>\n","protected":false},"author":4,"featured_media":18382,"comment_status":"closed","ping_status":"closed","sticky":false,"template":"","format":"standard","meta":{"_uf_show_specific_survey":0,"_uf_disable_surveys":false,"site-sidebar-layout":"default","site-content-layout":"default","ast-global-header-display":"","ast-main-header-display":"","ast-hfb-above-header-display":"","ast-hfb-below-header-display":"","ast-hfb-mobile-header-display":"","site-post-title":"","ast-breadcrumbs-content":"","ast-featured-img":"","footer-sml-layout":"","theme-transparent-header-meta":"","adv-header-id-meta":"","stick-header-meta":"","header-above-stick-meta":"","header-main-stick-meta":"","header-below-stick-meta":""},"categories":[20],"tags":[28],"acf":[],"aioseo_notices":[],"yoast_head":"<!-- This site is optimized with the Yoast SEO plugin v14.5 - https:\/\/yoast.com\/wordpress\/plugins\/seo\/ -->\n<title>Amnist\u00eda Internacional lanza la campa\u00f1a #10A\u00f1osSinKarla, joven v\u00edctima de feminicidio en San Luis Potos\u00ed - amnistia.org.mx<\/title>\n<meta name=\"description\" content=\"Amnist\u00eda Internacional lanz\u00f3 la campa\u00f1a #10A\u00f1osSinKarla, a tres meses de que se conmemoren diez a\u00f1os de su feminicidio en San Luis Potos\u00ed.\" \/>\n<meta name=\"robots\" content=\"index, follow\" \/>\n<meta name=\"googlebot\" content=\"index, follow, max-snippet:-1, max-image-preview:large, max-video-preview:-1\" \/>\n<meta name=\"bingbot\" content=\"index, follow, max-snippet:-1, max-image-preview:large, max-video-preview:-1\" \/>\n<link rel=\"canonical\" href=\"https:\/\/amnistia.org.mx\/contenido\/index.php\/amnistia-internacional-lanza-la-campana-10anossinkarla-joven-victima-de-feminicidio-en-san-luis-potosi\/\" \/>\n<meta property=\"og:locale\" content=\"es_MX\" \/>\n<meta property=\"og:type\" content=\"article\" \/>\n<meta property=\"og:title\" content=\"Amnist\u00eda Internacional lanza la campa\u00f1a #10A\u00f1osSinKarla, joven v\u00edctima de feminicidio en San Luis Potos\u00ed - amnistia.org.mx\" \/>\n<meta property=\"og:description\" content=\"Amnist\u00eda Internacional lanz\u00f3 la campa\u00f1a #10A\u00f1osSinKarla, a tres meses de que se conmemoren diez a\u00f1os de su feminicidio en San Luis Potos\u00ed.\" \/>\n<meta property=\"og:url\" content=\"https:\/\/amnistia.org.mx\/contenido\/index.php\/amnistia-internacional-lanza-la-campana-10anossinkarla-joven-victima-de-feminicidio-en-san-luis-potosi\/\" \/>\n<meta property=\"og:site_name\" content=\"amnistia.org.mx\" \/>\n<meta property=\"article:published_time\" content=\"2022-07-29T15:00:00+00:00\" \/>\n<meta property=\"article:modified_time\" content=\"2022-07-29T15:18:33+00:00\" \/>\n<meta property=\"og:image\" content=\"https:\/\/amnistia.org.mx\/contenido\/wp-content\/uploads\/2022\/07\/Comunicados-Amnist\u00eda-Internacional.jpg\" \/>\n\t<meta property=\"og:image:width\" content=\"1280\" \/>\n\t<meta property=\"og:image:height\" content=\"960\" \/>\n<meta name=\"twitter:card\" content=\"summary_large_image\" \/>\n<script type=\"application\/ld+json\" class=\"yoast-schema-graph\">{\"@context\":\"https:\/\/schema.org\",\"@graph\":[{\"@type\":\"WebSite\",\"@id\":\"https:\/\/amnistia.org.mx\/contenido\/#website\",\"url\":\"https:\/\/amnistia.org.mx\/contenido\/\",\"name\":\"amnistia.org.mx\",\"description\":\"Nueva p\\u00e1gina de Amnist\\u00eda\",\"potentialAction\":[{\"@type\":\"SearchAction\",\"target\":\"https:\/\/amnistia.org.mx\/contenido\/?s={search_term_string}\",\"query-input\":\"required name=search_term_string\"}],\"inLanguage\":\"es-MX\"},{\"@type\":\"ImageObject\",\"@id\":\"https:\/\/amnistia.org.mx\/contenido\/index.php\/amnistia-internacional-lanza-la-campana-10anossinkarla-joven-victima-de-feminicidio-en-san-luis-potosi\/#primaryimage\",\"inLanguage\":\"es-MX\",\"url\":\"https:\/\/amnistia.org.mx\/contenido\/wp-content\/uploads\/2022\/07\/Comunicados-Amnist\\u00eda-Internacional.jpg\",\"width\":1280,\"height\":960},{\"@type\":\"WebPage\",\"@id\":\"https:\/\/amnistia.org.mx\/contenido\/index.php\/amnistia-internacional-lanza-la-campana-10anossinkarla-joven-victima-de-feminicidio-en-san-luis-potosi\/#webpage\",\"url\":\"https:\/\/amnistia.org.mx\/contenido\/index.php\/amnistia-internacional-lanza-la-campana-10anossinkarla-joven-victima-de-feminicidio-en-san-luis-potosi\/\",\"name\":\"Amnist\\u00eda Internacional lanza la campa\\u00f1a #10A\\u00f1osSinKarla, joven v\\u00edctima de feminicidio en San Luis Potos\\u00ed - amnistia.org.mx\",\"isPartOf\":{\"@id\":\"https:\/\/amnistia.org.mx\/contenido\/#website\"},\"primaryImageOfPage\":{\"@id\":\"https:\/\/amnistia.org.mx\/contenido\/index.php\/amnistia-internacional-lanza-la-campana-10anossinkarla-joven-victima-de-feminicidio-en-san-luis-potosi\/#primaryimage\"},\"datePublished\":\"2022-07-29T15:00:00+00:00\",\"dateModified\":\"2022-07-29T15:18:33+00:00\",\"author\":{\"@id\":\"https:\/\/amnistia.org.mx\/contenido\/#\/schema\/person\/7db421c495688267ce8ede4625c17fa5\"},\"description\":\"Amnist\\u00eda Internacional lanz\\u00f3 la campa\\u00f1a #10A\\u00f1osSinKarla, a tres meses de que se conmemoren diez a\\u00f1os de su feminicidio en San Luis Potos\\u00ed.\",\"breadcrumb\":{\"@id\":\"https:\/\/amnistia.org.mx\/contenido\/index.php\/amnistia-internacional-lanza-la-campana-10anossinkarla-joven-victima-de-feminicidio-en-san-luis-potosi\/#breadcrumb\"},\"inLanguage\":\"es-MX\",\"potentialAction\":[{\"@type\":\"ReadAction\",\"target\":[\"https:\/\/amnistia.org.mx\/contenido\/index.php\/amnistia-internacional-lanza-la-campana-10anossinkarla-joven-victima-de-feminicidio-en-san-luis-potosi\/\"]}]},{\"@type\":\"BreadcrumbList\",\"@id\":\"https:\/\/amnistia.org.mx\/contenido\/index.php\/amnistia-internacional-lanza-la-campana-10anossinkarla-joven-victima-de-feminicidio-en-san-luis-potosi\/#breadcrumb\",\"itemListElement\":[{\"@type\":\"ListItem\",\"position\":1,\"item\":{\"@type\":\"WebPage\",\"@id\":\"https:\/\/amnistia.org.mx\/contenido\/\",\"url\":\"https:\/\/amnistia.org.mx\/contenido\/\",\"name\":\"Home\"}},{\"@type\":\"ListItem\",\"position\":2,\"item\":{\"@type\":\"WebPage\",\"@id\":\"https:\/\/amnistia.org.mx\/contenido\/index.php\/amnistia-internacional-lanza-la-campana-10anossinkarla-joven-victima-de-feminicidio-en-san-luis-potosi\/\",\"url\":\"https:\/\/amnistia.org.mx\/contenido\/index.php\/amnistia-internacional-lanza-la-campana-10anossinkarla-joven-victima-de-feminicidio-en-san-luis-potosi\/\",\"name\":\"Amnist\\u00eda Internacional lanza la campa\\u00f1a #10A\\u00f1osSinKarla, joven v\\u00edctima de feminicidio en San Luis Potos\\u00ed\"}}]},{\"@type\":[\"Person\"],\"@id\":\"https:\/\/amnistia.org.mx\/contenido\/#\/schema\/person\/7db421c495688267ce8ede4625c17fa5\",\"name\":\"Alejandro Ju\\u00e1rez Gamero\",\"image\":{\"@type\":\"ImageObject\",\"@id\":\"https:\/\/amnistia.org.mx\/contenido\/#personlogo\",\"inLanguage\":\"es-MX\",\"url\":\"https:\/\/secure.gravatar.com\/avatar\/e312d5566d1c3ffb56f86415d6f0e606?s=96&d=mm&r=g\",\"caption\":\"Alejandro Ju\\u00e1rez Gamero\"}}]}<\/script>\n<!-- \/ Yoast SEO plugin. -->","_links":{"self":[{"href":"https:\/\/amnistia.org.mx\/contenido\/index.php\/wp-json\/wp\/v2\/posts\/18648"}],"collection":[{"href":"https:\/\/amnistia.org.mx\/contenido\/index.php\/wp-json\/wp\/v2\/posts"}],"about":[{"href":"https:\/\/amnistia.org.mx\/contenido\/index.php\/wp-json\/wp\/v2\/types\/post"}],"author":[{"embeddable":true,"href":"https:\/\/amnistia.org.mx\/contenido\/index.php\/wp-json\/wp\/v2\/users\/4"}],"replies":[{"embeddable":true,"href":"https:\/\/amnistia.org.mx\/contenido\/index.php\/wp-json\/wp\/v2\/comments?post=18648"}],"version-history":[{"count":4,"href":"https:\/\/amnistia.org.mx\/contenido\/index.php\/wp-json\/wp\/v2\/posts\/18648\/revisions"}],"predecessor-version":[{"id":18677,"href":"https:\/\/amnistia.org.mx\/contenido\/index.php\/wp-json\/wp\/v2\/posts\/18648\/revisions\/18677"}],"wp:featuredmedia":[{"embeddable":true,"href":"https:\/\/amnistia.org.mx\/contenido\/index.php\/wp-json\/wp\/v2\/media\/18382"}],"wp:attachment":[{"href":"https:\/\/amnistia.org.mx\/contenido\/index.php\/wp-json\/wp\/v2\/media?parent=18648"}],"wp:term":[{"taxonomy":"category","embeddable":true,"href":"https:\/\/amnistia.org.mx\/contenido\/index.php\/wp-json\/wp\/v2\/categories?post=18648"},{"taxonomy":"post_tag","embeddable":true,"href":"https:\/\/amnistia.org.mx\/contenido\/index.php\/wp-json\/wp\/v2\/tags?post=18648"}],"curies":[{"name":"wp","href":"https:\/\/api.w.org\/{rel}","templated":true}]}}