
{"id":19271,"date":"2022-09-09T10:35:38","date_gmt":"2022-09-09T15:35:38","guid":{"rendered":"https:\/\/amnistia.org.mx\/contenido\/?p=19271"},"modified":"2022-09-09T13:11:30","modified_gmt":"2022-09-09T18:11:30","slug":"mexico-militarizar-la-seguridad-publica-generara-mas-violaciones-de-derechos-humanos-y-perpetuara-la-impunidad","status":"publish","type":"post","link":"https:\/\/amnistia.org.mx\/contenido\/index.php\/mexico-militarizar-la-seguridad-publica-generara-mas-violaciones-de-derechos-humanos-y-perpetuara-la-impunidad\/","title":{"rendered":"M\u00e9xico: Militarizar la seguridad p\u00fablica generar\u00e1 m\u00e1s violaciones de derechos humanos y perpetuar\u00e1 la impunidad"},"content":{"rendered":"\n<ul><li>Amnist\u00eda Internacional rechaza categ\u00f3ricamente la decisi\u00f3n de las y los senadores de legalizar la militarizaci\u00f3n de M\u00e9xico<\/li><\/ul>\n\n\n\n<ul><li>La aprobaci\u00f3n de la iniciativa contraviene la Constituci\u00f3n Pol\u00edtica de los Estados Unidos Mexicanos e incumple los tratados internacionales en los que el pa\u00eds es parte<\/li><\/ul>\n\n\n\n<ul><li>Las cifras oficiales sobre desaparici\u00f3n forzada, privaci\u00f3n de la vida, tortura, tratos crueles e inhumanos, entre otros, dan cuenta que la pol\u00edtica de Estado de los \u00faltimos 16 a\u00f1os en materia de seguridad p\u00fablica ha agravado a\u00fan m\u00e1s la ya grave crisis de derechos humanos que vive el pa\u00eds.<\/li><\/ul>\n\n\n\n<p>La aprobaci\u00f3n de la iniciativa que formaliza la adscripci\u00f3n de la Guardia Nacional (GN) a la Secretar\u00eda de la Defensa (SEDENA), haciendo oficial su car\u00e1cter militar, por parte del Senado de la Rep\u00fablica, representa un atroz acto que pone en riesgo la garant\u00eda de los derechos humanos en M\u00e9xico, dijo Amnist\u00eda Internacional hoy.<\/p>\n\n\n\n<p>\u201cLamentamos profundamente la decisi\u00f3n del Senado. Ya hemos visto los desastrosos resultados de la militarizaci\u00f3n de la seguridad p\u00fablica en M\u00e9xico durante los \u00faltimos 16 a\u00f1os. En vez de seguir por este camino, llamamos al Poder Ejecutivo a dise\u00f1ar un plan de retiro progresivo de las fuerzas armadas de las calles, priorizando en el fortalecimiento de las polic\u00edas civiles, as\u00ed como el desarrollo de pol\u00edticas p\u00fablicas de prevenci\u00f3n, tendientes a garantizar la seguridad p\u00fablica. Ya basta de violaciones de derechos humanos y la impunidad\u201d, dijo Edith Olivares Ferreto, directora ejecutiva de Amnist\u00eda Internacional M\u00e9xico.<\/p>\n\n\n\n<p>El 27 de mayo de 2019, M\u00e9xico estableci\u00f3 la Guardia Nacional como su principal instituci\u00f3n de seguridad p\u00fablica, bajo el control civil de la Secretar\u00eda de Seguridad P\u00fablica y Protecci\u00f3n Ciudadana. Desde su creaci\u00f3n, la Guardia Nacional ha sido criticada por operar de manera cada vez m\u00e1s militarizada y por el hecho de que m\u00e1s del 70% de sus miembros provienen del Ej\u00e9rcito o la Marina. En paralelo, la Guardia Nacional ha sido criticada por las numerosas violaciones a los derechos humanos que fundadamente se le atribuyen. Entre 2020 y 2022 se presentaron m\u00e1s de 1,100 quejas contra esa instituci\u00f3n ante la Comisi\u00f3n Nacional de Derechos Humanos (CNDH). \u00c9stas se refer\u00edan a cr\u00edmenes de derecho internacional, incluidas desapariciones forzadas, detenciones arbitrarias, homicidios ileg\u00edtimos y tortura, entre otros.<\/p>\n\n\n\n<p>El 31 de agosto de 2022, el Presidente Andr\u00e9s Manuel L\u00f3pez Obrador propuso reformas legislativas que aumentar\u00edan a\u00fan m\u00e1s la militarizaci\u00f3n de la Guardia Nacional. Las reformas propuestas: 1) colocan formalmente a la Guardia Nacional bajo el control militar de la Secretar\u00eda de la Defensa Nacional; 2) permiten que personal militar activo funja en la instituci\u00f3n sin abandonar sus puestos militares; 3) requieren que los mandos de alto nivel de la Guardia Nacional provengan de puestos militares; 4) permiten que los cr\u00edmenes, incluidos los cr\u00edmenes de derecho internacional, y las violaciones de derechos humanos, perpetrados por el personal de la Guardia Nacional sean juzgados ante tribunales militares, no civiles; y 5) instituyen el entrenamiento militar para todo el personal de la Guardia Nacional.<\/p>\n\n\n\n<p><strong>Iniciativa militarista<\/strong><\/p>\n\n\n\n<p>Las reformas aprobadas por el Senado hoy son las \u00faltimas de una serie de leyes e iniciativas que terminan de ceder el control a los militares en el desempe\u00f1o de funciones de seguridad p\u00fablica en M\u00e9xico desde 2006, en el contexto de la llamada \u201cguerra contra las drogas\u201d. Este enfoque militarizado de la seguridad p\u00fablica ha tenido consecuencias desastrosas para los derechos humanos. M\u00e1s de 100,000 personas se encuentran desaparecidas en M\u00e9xico, mientras que el ej\u00e9rcito y la marina han sido acusados de violaciones generalizadas de derechos humanos. La SEDENA ha sido objeto de m\u00e1s de 4,000 quejas por abusos contra los derechos humanos ante la CNDH desde 2014.<\/p>\n\n\n\n<p>Las y los diputados y senadores han decidido contravenir las normas internacionales que estipulan que la participaci\u00f3n militar en actividades de seguridad p\u00fablica deben ser excepcionales y s\u00f3lo aplicarse en determinadas condiciones. A la luz de estos est\u00e1ndares, el Alto Comisionado de las Naciones Unidas para los Derechos Humanos y otros organismos de la ONU han expresado repetidamente su preocupaci\u00f3n por el uso de las fuerzas militares y policiales militarizadas para actividades de seguridad p\u00fablica en M\u00e9xico. Preocupaciones y recomendaciones que hoy han sido desestimadas.<\/p>\n\n\n\n<p>En su informe de abril de 2022 sobre M\u00e9xico, el Comit\u00e9 contra la Desaparici\u00f3n Forzada de la ONU inst\u00f3 al Estado mexicano a \u201cabandonar el enfoque militarizado de la seguridad p\u00fablica\u201d, ya que ha sido insuficiente e inadecuado para proteger los derechos humanos. Tambi\u00e9n recomend\u00f3 fortalecer a las fuerzas civiles y&nbsp; establecer un plan de retiro ordenado, inmediato y verificable de las fuerzas militares de las tareas de seguridad p\u00fablica.<\/p>\n\n\n\n<p><strong>La realidad en cifras<\/strong><\/p>\n\n\n\n<p>Amnist\u00eda Internacional, junto con las organizaciones de la sociedad civil, ha advertido que la estrategia de seguridad p\u00fablica militarizada ha sido fallida. M\u00e9xico es hoy un pa\u00eds mucho m\u00e1s inseguro que hace 16 a\u00f1os. Los homicidios se han incrementado 218%, entre 2006 y 2022; en 16 a\u00f1os han sido asesinadas m\u00e1s de 100 personas que ejerc\u00edan el periodismo (15 de ellas en los primeros ocho meses de este a\u00f1o) y m\u00e1s del 97% de las m\u00e1s de 105 mil personas desaparecidas ocurrieron a partir de diciembre de 2006.<\/p>\n\n\n\n<p>Miembros de las corporaciones militares mexicanas han cometido con frecuencia cr\u00edmenes de derecho internacional y graves violaciones a los derechos humanos con impunidad. De 2014 a la fecha, la CNDH ha recibido al menos 6.661 quejas por violaciones a derechos humanos cometidas por la SEDENA, la SEMAR y la Guardia Nacional. En todos esos a\u00f1os la SEDENA se ubica entre las 10 instituciones con m\u00e1s quejas y ese listado incluye a la Guardia Nacional.<\/p>\n\n\n\n<p><strong>Para m\u00e1s informaci\u00f3n o para concertar una entrevista, contacte a:<\/strong><\/p>\n\n\n\n<p>Alejandro Ju\u00e1rez Gamero (Amnist\u00eda Internacional M\u00e9xico): <a href=\"mailto:prensa@amnist%C3%ADa.org.mx\">prensa@amnist\u00eda.org.mx<\/a>, +52 55 2265 4331<\/p>\n\n\n\n<p>Duncan Tucker (Amnist\u00eda Internacional Am\u00e9ricas): <a href=\"mailto:duncan.tucker@amnesty.org\">duncan.tucker@amnesty.org<\/a>, +52 55 4848 8266<\/p>\n","protected":false},"excerpt":{"rendered":"<p>Amnist\u00eda Internacional rechaza categ\u00f3ricamente la decisi\u00f3n de las y los senadores de legalizar la militarizaci\u00f3n de M\u00e9xico La aprobaci\u00f3n de la iniciativa contraviene la Constituci\u00f3n Pol\u00edtica de los Estados Unidos &hellip;<\/p>\n<p class=\"read-more\"> <a class=\"\" href=\"https:\/\/amnistia.org.mx\/contenido\/index.php\/mexico-militarizar-la-seguridad-publica-generara-mas-violaciones-de-derechos-humanos-y-perpetuara-la-impunidad\/\"> <span class=\"screen-reader-text\">M\u00e9xico: Militarizar la seguridad p\u00fablica generar\u00e1 m\u00e1s violaciones de derechos humanos y perpetuar\u00e1 la impunidad<\/span> Leer m\u00e1s &raquo;<\/a><\/p>\n","protected":false},"author":4,"featured_media":16917,"comment_status":"open","ping_status":"open","sticky":false,"template":"","format":"standard","meta":{"_uf_show_specific_survey":0,"_uf_disable_surveys":false,"site-sidebar-layout":"default","site-content-layout":"default","ast-global-header-display":"","ast-main-header-display":"","ast-hfb-above-header-display":"","ast-hfb-below-header-display":"","ast-hfb-mobile-header-display":"","site-post-title":"","ast-breadcrumbs-content":"","ast-featured-img":"","footer-sml-layout":"","theme-transparent-header-meta":"","adv-header-id-meta":"","stick-header-meta":"","header-above-stick-meta":"","header-main-stick-meta":"","header-below-stick-meta":""},"categories":[20],"tags":[28],"acf":[],"aioseo_notices":[],"yoast_head":"<!-- This site is optimized with the Yoast SEO plugin v14.5 - https:\/\/yoast.com\/wordpress\/plugins\/seo\/ -->\n<title>M\u00e9xico: Militarizar la seguridad p\u00fablica generar\u00e1 m\u00e1s violaciones de derechos humanos y perpetuar\u00e1 la impunidad - amnistia.org.mx<\/title>\n<meta name=\"description\" content=\"La adscripci\u00f3n de la Guardia Nacional a la Secretar\u00eda de la Defensa representa un atroz acto que pone en riesgo la garant\u00eda de los derechos humanos en M\u00e9xico, dijo Amnist\u00eda Internacional.\" \/>\n<meta name=\"robots\" content=\"index, follow\" \/>\n<meta name=\"googlebot\" content=\"index, follow, max-snippet:-1, max-image-preview:large, max-video-preview:-1\" \/>\n<meta name=\"bingbot\" content=\"index, follow, max-snippet:-1, max-image-preview:large, max-video-preview:-1\" \/>\n<link rel=\"canonical\" href=\"https:\/\/amnistia.org.mx\/contenido\/index.php\/mexico-militarizar-la-seguridad-publica-generara-mas-violaciones-de-derechos-humanos-y-perpetuara-la-impunidad\/\" \/>\n<meta property=\"og:locale\" content=\"es_MX\" \/>\n<meta property=\"og:type\" content=\"article\" \/>\n<meta property=\"og:title\" content=\"M\u00e9xico: Militarizar la seguridad p\u00fablica generar\u00e1 m\u00e1s violaciones de derechos humanos y perpetuar\u00e1 la impunidad - amnistia.org.mx\" \/>\n<meta property=\"og:description\" content=\"La adscripci\u00f3n de la Guardia Nacional a la Secretar\u00eda de la Defensa representa un atroz acto que pone en riesgo la garant\u00eda de los derechos humanos en M\u00e9xico, dijo Amnist\u00eda Internacional.\" \/>\n<meta property=\"og:url\" content=\"https:\/\/amnistia.org.mx\/contenido\/index.php\/mexico-militarizar-la-seguridad-publica-generara-mas-violaciones-de-derechos-humanos-y-perpetuara-la-impunidad\/\" \/>\n<meta property=\"og:site_name\" content=\"amnistia.org.mx\" \/>\n<meta property=\"article:published_time\" content=\"2022-09-09T15:35:38+00:00\" \/>\n<meta property=\"article:modified_time\" content=\"2022-09-09T18:11:30+00:00\" \/>\n<meta property=\"og:image\" content=\"https:\/\/amnistia.org.mx\/contenido\/wp-content\/uploads\/2022\/04\/Comunicados-Amnist\u00eda-Internacional-1.jpg\" \/>\n\t<meta property=\"og:image:width\" content=\"1280\" \/>\n\t<meta property=\"og:image:height\" content=\"960\" \/>\n<meta name=\"twitter:card\" content=\"summary_large_image\" \/>\n<script type=\"application\/ld+json\" class=\"yoast-schema-graph\">{\"@context\":\"https:\/\/schema.org\",\"@graph\":[{\"@type\":\"WebSite\",\"@id\":\"https:\/\/amnistia.org.mx\/contenido\/#website\",\"url\":\"https:\/\/amnistia.org.mx\/contenido\/\",\"name\":\"amnistia.org.mx\",\"description\":\"Nueva p\\u00e1gina de Amnist\\u00eda\",\"potentialAction\":[{\"@type\":\"SearchAction\",\"target\":\"https:\/\/amnistia.org.mx\/contenido\/?s={search_term_string}\",\"query-input\":\"required name=search_term_string\"}],\"inLanguage\":\"es-MX\"},{\"@type\":\"ImageObject\",\"@id\":\"https:\/\/amnistia.org.mx\/contenido\/index.php\/mexico-militarizar-la-seguridad-publica-generara-mas-violaciones-de-derechos-humanos-y-perpetuara-la-impunidad\/#primaryimage\",\"inLanguage\":\"es-MX\",\"url\":\"https:\/\/amnistia.org.mx\/contenido\/wp-content\/uploads\/2022\/04\/Comunicados-Amnist\\u00eda-Internacional-1.jpg\",\"width\":1280,\"height\":960},{\"@type\":\"WebPage\",\"@id\":\"https:\/\/amnistia.org.mx\/contenido\/index.php\/mexico-militarizar-la-seguridad-publica-generara-mas-violaciones-de-derechos-humanos-y-perpetuara-la-impunidad\/#webpage\",\"url\":\"https:\/\/amnistia.org.mx\/contenido\/index.php\/mexico-militarizar-la-seguridad-publica-generara-mas-violaciones-de-derechos-humanos-y-perpetuara-la-impunidad\/\",\"name\":\"M\\u00e9xico: Militarizar la seguridad p\\u00fablica generar\\u00e1 m\\u00e1s violaciones de derechos humanos y perpetuar\\u00e1 la impunidad - amnistia.org.mx\",\"isPartOf\":{\"@id\":\"https:\/\/amnistia.org.mx\/contenido\/#website\"},\"primaryImageOfPage\":{\"@id\":\"https:\/\/amnistia.org.mx\/contenido\/index.php\/mexico-militarizar-la-seguridad-publica-generara-mas-violaciones-de-derechos-humanos-y-perpetuara-la-impunidad\/#primaryimage\"},\"datePublished\":\"2022-09-09T15:35:38+00:00\",\"dateModified\":\"2022-09-09T18:11:30+00:00\",\"author\":{\"@id\":\"https:\/\/amnistia.org.mx\/contenido\/#\/schema\/person\/7db421c495688267ce8ede4625c17fa5\"},\"description\":\"La adscripci\\u00f3n de la Guardia Nacional a la Secretar\\u00eda de la Defensa representa un atroz acto que pone en riesgo la garant\\u00eda de los derechos humanos en M\\u00e9xico, dijo Amnist\\u00eda Internacional.\",\"breadcrumb\":{\"@id\":\"https:\/\/amnistia.org.mx\/contenido\/index.php\/mexico-militarizar-la-seguridad-publica-generara-mas-violaciones-de-derechos-humanos-y-perpetuara-la-impunidad\/#breadcrumb\"},\"inLanguage\":\"es-MX\",\"potentialAction\":[{\"@type\":\"ReadAction\",\"target\":[\"https:\/\/amnistia.org.mx\/contenido\/index.php\/mexico-militarizar-la-seguridad-publica-generara-mas-violaciones-de-derechos-humanos-y-perpetuara-la-impunidad\/\"]}]},{\"@type\":\"BreadcrumbList\",\"@id\":\"https:\/\/amnistia.org.mx\/contenido\/index.php\/mexico-militarizar-la-seguridad-publica-generara-mas-violaciones-de-derechos-humanos-y-perpetuara-la-impunidad\/#breadcrumb\",\"itemListElement\":[{\"@type\":\"ListItem\",\"position\":1,\"item\":{\"@type\":\"WebPage\",\"@id\":\"https:\/\/amnistia.org.mx\/contenido\/\",\"url\":\"https:\/\/amnistia.org.mx\/contenido\/\",\"name\":\"Home\"}},{\"@type\":\"ListItem\",\"position\":2,\"item\":{\"@type\":\"WebPage\",\"@id\":\"https:\/\/amnistia.org.mx\/contenido\/index.php\/mexico-militarizar-la-seguridad-publica-generara-mas-violaciones-de-derechos-humanos-y-perpetuara-la-impunidad\/\",\"url\":\"https:\/\/amnistia.org.mx\/contenido\/index.php\/mexico-militarizar-la-seguridad-publica-generara-mas-violaciones-de-derechos-humanos-y-perpetuara-la-impunidad\/\",\"name\":\"M\\u00e9xico: Militarizar la seguridad p\\u00fablica generar\\u00e1 m\\u00e1s violaciones de derechos humanos y perpetuar\\u00e1 la impunidad\"}}]},{\"@type\":[\"Person\"],\"@id\":\"https:\/\/amnistia.org.mx\/contenido\/#\/schema\/person\/7db421c495688267ce8ede4625c17fa5\",\"name\":\"Alejandro Ju\\u00e1rez Gamero\",\"image\":{\"@type\":\"ImageObject\",\"@id\":\"https:\/\/amnistia.org.mx\/contenido\/#personlogo\",\"inLanguage\":\"es-MX\",\"url\":\"https:\/\/secure.gravatar.com\/avatar\/e312d5566d1c3ffb56f86415d6f0e606?s=96&d=mm&r=g\",\"caption\":\"Alejandro Ju\\u00e1rez Gamero\"}}]}<\/script>\n<!-- \/ Yoast SEO plugin. -->","_links":{"self":[{"href":"https:\/\/amnistia.org.mx\/contenido\/index.php\/wp-json\/wp\/v2\/posts\/19271"}],"collection":[{"href":"https:\/\/amnistia.org.mx\/contenido\/index.php\/wp-json\/wp\/v2\/posts"}],"about":[{"href":"https:\/\/amnistia.org.mx\/contenido\/index.php\/wp-json\/wp\/v2\/types\/post"}],"author":[{"embeddable":true,"href":"https:\/\/amnistia.org.mx\/contenido\/index.php\/wp-json\/wp\/v2\/users\/4"}],"replies":[{"embeddable":true,"href":"https:\/\/amnistia.org.mx\/contenido\/index.php\/wp-json\/wp\/v2\/comments?post=19271"}],"version-history":[{"count":5,"href":"https:\/\/amnistia.org.mx\/contenido\/index.php\/wp-json\/wp\/v2\/posts\/19271\/revisions"}],"predecessor-version":[{"id":19276,"href":"https:\/\/amnistia.org.mx\/contenido\/index.php\/wp-json\/wp\/v2\/posts\/19271\/revisions\/19276"}],"wp:featuredmedia":[{"embeddable":true,"href":"https:\/\/amnistia.org.mx\/contenido\/index.php\/wp-json\/wp\/v2\/media\/16917"}],"wp:attachment":[{"href":"https:\/\/amnistia.org.mx\/contenido\/index.php\/wp-json\/wp\/v2\/media?parent=19271"}],"wp:term":[{"taxonomy":"category","embeddable":true,"href":"https:\/\/amnistia.org.mx\/contenido\/index.php\/wp-json\/wp\/v2\/categories?post=19271"},{"taxonomy":"post_tag","embeddable":true,"href":"https:\/\/amnistia.org.mx\/contenido\/index.php\/wp-json\/wp\/v2\/tags?post=19271"}],"curies":[{"name":"wp","href":"https:\/\/api.w.org\/{rel}","templated":true}]}}