
{"id":19388,"date":"2022-09-26T09:35:14","date_gmt":"2022-09-26T14:35:14","guid":{"rendered":"https:\/\/amnistia.org.mx\/contenido\/?p=19388"},"modified":"2022-09-26T09:35:14","modified_gmt":"2022-09-26T14:35:14","slug":"iran-el-mundo-debe-tomar-medidas-efectivas-contra-la-sangrienta-represion-ante-el-aumento-del-numero-de-victimas-mortales","status":"publish","type":"post","link":"https:\/\/amnistia.org.mx\/contenido\/index.php\/iran-el-mundo-debe-tomar-medidas-efectivas-contra-la-sangrienta-represion-ante-el-aumento-del-numero-de-victimas-mortales\/","title":{"rendered":"Ir\u00e1n: El mundo debe tomar medidas efectivas contra la sangrienta represi\u00f3n ante el aumento del n\u00famero de v\u00edctimas mortales"},"content":{"rendered":"\n<p>La valent\u00eda de las personas que se manifiestan haciendo frente a una respuesta cada vez m\u00e1s sangrienta de las fuerzas de seguridad iran\u00edes en los \u00faltimos d\u00edas, tras la muerte de Mahsa Amini, pone al descubierto la magnitud de la indignaci\u00f3n en Ir\u00e1n por las leyes sobre el uso obligatorio del velo, los homicidios ileg\u00edtimos y la represi\u00f3n generalizada, ha afirmado hoy Amnist\u00eda Internacional.<\/p>\n\n\n\n<p>Los datos reunidos por la organizaci\u00f3n en relaci\u00f3n con las \u00faltimas dos noches de nueva violencia en 20 ciudades y 10 provincias de Ir\u00e1n, se\u00f1alan una desgarradora constante de disparos deliberados de munici\u00f3n real de las fuerzas de seguridad iran\u00edes contra manifestantes. Cuando el n\u00famero de v\u00edctimas mortales llega a un m\u00ednimo de 30, cuatro de ellas menores de edad, la organizaci\u00f3n reitera sus llamamientos a adoptar con urgencia medidas globales y advierte del riesgo de nuevos derramamientos de sangre en el marco de un apag\u00f3n de Internet impuesto deliberadamente.<\/p>\n\n\n\n<p>S\u00f3lo en la noche del 21 de septiembre, los disparos de las fuerzas de seguridad causaron la muerte de un m\u00ednimo de 19 personas, al menos tres de ellas menores de edad. Amnist\u00eda Internacional ha examinado fotograf\u00edas y v\u00eddeos que muestran a v\u00edctimas fallecidas con horribles heridas en la cabeza, el pecho y el est\u00f3mago.<\/p>\n\n\n\n<p>\u201cEl aumento del n\u00famero de v\u00edctimas mortales es una se\u00f1al alarmante del car\u00e1cter despiadado del ataque de las autoridades contra la vida humana amparadas en la oscuridad del cierre de Internet. En Ir\u00e1n no existe \u2018una investigaci\u00f3n imparcial\u2019. Los Estados miembros de la ONU deben ir m\u00e1s all\u00e1 de las declaraciones inoperantes, o\u00edr las peticiones de justicia de v\u00edctimas y defensores y defensoras de los derechos humanos en Ir\u00e1n y establecer con urgencia un mecanismo de investigaci\u00f3n de la ONU independiente\u201d, ha afirmado Heba Morayef, Directora de Amnist\u00eda Internacional para Oriente Medio y Norte de \u00c1frica.<\/p>\n\n\n\n<p>\u201cLa indignaci\u00f3n expresada en las calles tambi\u00e9n ha mostrado lo que la poblaci\u00f3n iran\u00ed piensa de la omnipresencia de la denominada \u2018polic\u00eda de la moral\u2019 y de las leyes sobre el uso obligatorio del velo. Es hora de que estas leyes discriminatorias y las fuerzas de seguridad que imponen su cumplimiento sean suprimidas por completo de la sociedad iran\u00ed, de una vez por todas\u201d.<\/p>\n\n\n\n<p>Amnist\u00eda Internacional tiene constancia de los nombres de 19 personas, entre ellas tres menores de edad, muertas por disparos de las fuerzas de seguridad el 21 de septiembre. Tambi\u00e9n se ha confirmado la muerte de otras dos personas, entre ellas un transe\u00fante de 16 a\u00f1os, el 22 de septiembre. Se est\u00e1n investigando otras muertes.<\/p>\n\n\n\n<p>Reflejando la creciente frustraci\u00f3n por la inacci\u00f3n de la comunidad internacional en lo relativo a tomar medidas efectivas para abordar las sucesivas oleadas de homicidios de manifestantes en Ir\u00e1n, el padre de Milan Haghigi, var\u00f3n de 21 a\u00f1os que muri\u00f3 por disparos de las fuerzas de seguridad el 21 de septiembre, declar\u00f3 a Amnist\u00eda Internacional: \u201cLa gente espera que la ONU nos defienda y defienda a quienes protestan. Yo tambi\u00e9n puedo condenar [a las autoridades iran\u00edes], el mundo entero puede condenarlas, pero \u00bfpara qu\u00e9 sirve esta condena?\u201d<\/p>\n\n\n\n<p>De acuerdo con relatos de testigos presenciales, las fuerzas de seguridad implicadas en los disparos con resultado de muerte incluyen agentes de la Guardia Revolucionaria, fuerzas paramilitares del Basij y agentes de seguridad vestidos de civil. Estas fuerzas de seguridad han disparado munici\u00f3n real contra personas que protestaban con la intenci\u00f3n de dispersarlas, intimidarlas y castigarlas o para impedir su entrada en edificios del Estado. Esto est\u00e1 prohibido por el derecho internacional, que limita el uso de armas de fuego a aquellos casos en que su uso sea necesario para responder a una amenaza inminente de muerte o lesiones graves, y s\u00f3lo cuando medios menos extremos sean insuficientes.<\/p>\n\n\n\n<p>Adem\u00e1s de las 19 personas muertas el 21 de septiembre, Amnist\u00eda Internacional tiene constancia de los nombres de otras dos personas muertas a manos de las fuerzas de seguridad en Dehdasht, provincia de Kohgilouyeh y Bouyer Ahmad, el 22 de septiembre, entre ellas un transe\u00fante de 16 a\u00f1os.<\/p>\n\n\n\n<p>Amnist\u00eda Internacional tiene constancia de los nombres de 30 personas muertas a manos de las fuerzas de seguridad desde que se iniciaron las protestas motivadas por la muerte bajo custodia policial de Mahsa (Zhina) Amini, de 22 a\u00f1os, tras ser detenida violentamente por la \u201cpolic\u00eda de la moral\u201d iran\u00ed en relaci\u00f3n con las leyes discriminatorias y degradantes sobre el uso obligatorio del velo: 22 hombres, 4 mujeres y 4 menores de edad. La organizaci\u00f3n cree que el n\u00famero real de v\u00edctimas mortales es mayor y sigue investigando.<\/p>\n\n\n\n<p>Se han registrado muertes en las provincias de Alborz, Isfah\u00e1n, Ilam, Kohgilouyeh y Bouyer Ahmad; Kermanshah; Kurdist\u00e1n, Mazandar\u00e1n; Semn\u00e1n; Teher\u00e1n y Azerbaiy\u00e1n Occidental.<\/p>\n\n\n\n<p><strong>Provincia de Azerbaiy\u00e1n Occidental<\/strong><\/p>\n\n\n\n<p>Esta provincia registr\u00f3 una de las cifras m\u00e1s altas de muertes la noche del 21 de septiembre: al menos tres hombres y dos j\u00f3venes. Se trata de Sadrodin Litani, Milan Haghighi y Amin Marefat, de 16 a\u00f1os, en Oshnavieh; y Danesh Rahnama y Abdollah Mahmoudpour, de 17 a\u00f1os, en la localidad de Balou.<\/p>\n\n\n\n<p>Un defensor de los derechos humanos comparti\u00f3 con Amnist\u00eda Internacional el relato por escrito de un manifestante de Ohshnavieh en el que se describ\u00eda c\u00f3mo, el 21 de septiembre, agentes de la Guardia Revolucionaria dispararon aleatoriamente munici\u00f3n real contra manifestantes que intentaban entrar en la Oficina del Gobernador. El manifestante escribi\u00f3: \u201cAgentes de la Guardia Revolucionaria atacaron a la gente y como resultado de los disparos efectuados directamente [hacia los manifestantes] con armas de fuego, tres personas perdieron la vida. [\u2026] Entre ellas estaban Sadroddin Litani, que recibi\u00f3 disparos en el est\u00f3mago y el cuello desde unos metros de distancia, y Amin Marefat, que recibi\u00f3 un disparo en el coraz\u00f3n [\u2026] la bala sali\u00f3 por la espalda\u201d.<\/p>\n\n\n\n<p>Amnist\u00eda Internacional examin\u00f3 un v\u00eddeo concordante con este testimonio, en el que se ve un orificio de bala en la espalda del cad\u00e1ver de Amin Marefat.<\/p>\n\n\n\n<p>El padre de la tercera v\u00edctima de Oshnavieh, Milan Haghighi, dijo a Amnist\u00eda Internacional que su hijo muri\u00f3 tras sufrir heridas de bala, entre ellas en un brazo y en el torso.<\/p>\n\n\n\n<p>Seg\u00fan informaci\u00f3n compartida con Amnist\u00eda Internacional por defensores y defensoras de los derechos humanos que tienen contactos sobre el terreno, los disparos mortales en Balou se hicieron frente a la sede del Basij en esa localidad. La organizaci\u00f3n recibi\u00f3 un mensaje de voz de un testigo que dec\u00eda: \u201c[Las fuerzas de seguridad] nos est\u00e1n matando directamente\u201d.<\/p>\n\n\n\n<p><strong>Provincia de Kohgilouyeh y Bouyer Ahmad<\/strong><\/p>\n\n\n\n<p>Dos testigos de Dehdasht dijeron a Amnist\u00eda Internacional que Pedram Azarnoush, transe\u00fante de 16 a\u00f1os, muri\u00f3 por disparos el 22 de septiembre cuando agentes de la Guardia Revolucionaria dispararon munici\u00f3n real, repetidamente y de forma aleatoria, para dispersar a manifestantes. La misma noche, residentes locales dijeron que las fuerzas de seguridad hab\u00edan matado a un segundo hombre identificado como Mehrdad Behnam Vasl.<\/p>\n\n\n\n<p>Uno de los dos testigos relat\u00f3 a Amnist\u00eda Internacional: \u201cel joven estaba apoyado en una pared y s\u00f3lo miraba a la gente. Los manifestantes hu\u00edan, y \u00e9l no se dio cuenta de que las balas tambi\u00e9n pod\u00edan llegar en su direcci\u00f3n. [\u2026] Las fuerzas de seguridad disparaban de forma reiterada sus armas en todas las direcciones, y todo el mundo corr\u00eda el riesgo de recibir un disparo o no, era pura suerte si [al escapar] recib\u00edan un balazo o no\u201d.<\/p>\n\n\n\n<p>Los testigos dijeron que fuerzas de la Guardia Revolucionaria se hab\u00edan escondido entre los \u00e1rboles en una plaza de Deshdasht y no se enfrentaban a ninguna amenaza cuando comenzaron a disparar contra manifestantes que coreaban consignas.<\/p>\n\n\n\n<p>Testigos de los hechos dijeron que varias personas tambi\u00e9n sufrieron herida de bala por los disparos de munici\u00f3n real efectuados por las fuerzas de seguridad, entre ellas un ni\u00f1o de 13 a\u00f1os, Amirali Douhandeh, que result\u00f3 herido en una pierna, e informaron de que agentes de seguridad y de inteligencia han establecido una fuerte presencia en el hospital Im\u00e1n Jomeini de Dehdasht y vigilan estrechamente un pabell\u00f3n en el que se atiende a manifestantes heridos.<\/p>\n\n\n\n<p><strong>Provincia de Semn\u00e1n<\/strong><\/p>\n\n\n\n<p>Informaci\u00f3n recopilada sobre Garmsar, provincia de Semn\u00e1n, indica que una constante similar de disparos temerarios de las fuerzas de seguridad se han saldado con la muerte de un joven manifestante, Mehdi Asgari, el 21 de septiembre en el exterior de una comisar\u00eda de polic\u00eda.<\/p>\n\n\n\n<p>En material videogr\u00e1fico, supuestamente del incidente, que se ha subido a Internet se ve c\u00f3mo son blanco de disparos los y las manifestantes que lanzan piedras contra la comisar\u00eda de polic\u00eda y patean la puerta de entrada. Entre el sonido de los disparos, se ve c\u00f3mo dos manifestantes caen al suelo. Un segundo v\u00eddeo del mismo incidente examinado por Amnist\u00eda Internacional muestra a un manifestante que yace sin vida y sangrando en el suelo.<\/p>\n\n\n\n<p><strong>Provincia de Mazandar\u00e1n<\/strong><\/p>\n\n\n\n<p>Se tiene constancia de la muerte de al menos seis hombres y una mujer en esta provincia. Sus nombres son: Mohsen Mohammadi killed, en Ghaemshahr; Hannaneh Kia, Hossein Ali Kia y Mehrzad Avazpour, muertos en Noshahr; Mohammad Hosseinikhah, muerto en Sari; Milad Zare, muerto en Babol; y Amir Norouzi, muerto en Bandar-e Anzali.<\/p>\n\n\n\n<p>Un periodista inform\u00f3 que, seg\u00fan dos personas amigas de Hannaneh Kia, esta mujer recibi\u00f3 un disparo mortal cuando se dirig\u00eda a una consulta m\u00e9dica.<\/p>\n\n\n\n<p><strong>Metodolog\u00eda<\/strong><\/p>\n\n\n\n<p>Para investigar la represi\u00f3n de las protestas en curso, hasta ahora Amnist\u00eda Internacional ha hablado y ha recibido pruebas audiovisuales de 30 personas: 10 testigos, seis manifestantes y un familiar de una de las v\u00edctimas, as\u00ed como de cuatro defensores y defensoras de los derechos y nueve periodistas que est\u00e1n fuera de Ir\u00e1n pero est\u00e1n en contacto con fuentes primarias sobre el terreno.<\/p>\n","protected":false},"excerpt":{"rendered":"<p>La valent\u00eda de las personas que se manifiestan haciendo frente a una respuesta cada vez m\u00e1s sangrienta de las fuerzas de seguridad iran\u00edes en los \u00faltimos d\u00edas, tras la muerte &hellip;<\/p>\n<p class=\"read-more\"> <a class=\"\" href=\"https:\/\/amnistia.org.mx\/contenido\/index.php\/iran-el-mundo-debe-tomar-medidas-efectivas-contra-la-sangrienta-represion-ante-el-aumento-del-numero-de-victimas-mortales\/\"> <span class=\"screen-reader-text\">Ir\u00e1n: El mundo debe tomar medidas efectivas contra la sangrienta represi\u00f3n ante el aumento del n\u00famero de v\u00edctimas mortales<\/span> Leer m\u00e1s &raquo;<\/a><\/p>\n","protected":false},"author":4,"featured_media":19392,"comment_status":"closed","ping_status":"closed","sticky":false,"template":"","format":"standard","meta":{"_uf_show_specific_survey":0,"_uf_disable_surveys":false,"site-sidebar-layout":"default","site-content-layout":"default","ast-global-header-display":"","ast-main-header-display":"","ast-hfb-above-header-display":"","ast-hfb-below-header-display":"","ast-hfb-mobile-header-display":"","site-post-title":"","ast-breadcrumbs-content":"","ast-featured-img":"","footer-sml-layout":"","theme-transparent-header-meta":"","adv-header-id-meta":"","stick-header-meta":"","header-above-stick-meta":"","header-main-stick-meta":"","header-below-stick-meta":""},"categories":[9],"tags":[],"acf":[],"aioseo_notices":[],"yoast_head":"<!-- This site is optimized with the Yoast SEO plugin v14.5 - https:\/\/yoast.com\/wordpress\/plugins\/seo\/ -->\n<title>Ir\u00e1n: El mundo debe tomar medidas efectivas contra la sangrienta represi\u00f3n ante el aumento del n\u00famero de v\u00edctimas mortales - amnistia.org.mx<\/title>\n<meta name=\"description\" content=\"Amnist\u00eda Internacional exhorta a la comunidad internacional a tomar medidas efectivas contra la sangrienta represi\u00f3n en Ir\u00e1n, tras la muerte de Mahsa Amini.\" \/>\n<meta name=\"robots\" content=\"index, follow\" \/>\n<meta name=\"googlebot\" content=\"index, follow, max-snippet:-1, max-image-preview:large, max-video-preview:-1\" \/>\n<meta name=\"bingbot\" content=\"index, follow, max-snippet:-1, max-image-preview:large, max-video-preview:-1\" \/>\n<link rel=\"canonical\" href=\"https:\/\/amnistia.org.mx\/contenido\/index.php\/iran-el-mundo-debe-tomar-medidas-efectivas-contra-la-sangrienta-represion-ante-el-aumento-del-numero-de-victimas-mortales\/\" \/>\n<meta property=\"og:locale\" content=\"es_MX\" \/>\n<meta property=\"og:type\" content=\"article\" \/>\n<meta property=\"og:title\" content=\"Ir\u00e1n: El mundo debe tomar medidas efectivas contra la sangrienta represi\u00f3n ante el aumento del n\u00famero de v\u00edctimas mortales - amnistia.org.mx\" \/>\n<meta property=\"og:description\" content=\"Amnist\u00eda Internacional exhorta a la comunidad internacional a tomar medidas efectivas contra la sangrienta represi\u00f3n en Ir\u00e1n, tras la muerte de Mahsa Amini.\" \/>\n<meta property=\"og:url\" content=\"https:\/\/amnistia.org.mx\/contenido\/index.php\/iran-el-mundo-debe-tomar-medidas-efectivas-contra-la-sangrienta-represion-ante-el-aumento-del-numero-de-victimas-mortales\/\" \/>\n<meta property=\"og:site_name\" content=\"amnistia.org.mx\" \/>\n<meta property=\"article:published_time\" content=\"2022-09-26T14:35:14+00:00\" \/>\n<meta property=\"og:image\" content=\"https:\/\/amnistia.org.mx\/contenido\/wp-content\/uploads\/2022\/09\/Foto-ajustada-1.jpg\" \/>\n\t<meta property=\"og:image:width\" content=\"700\" \/>\n\t<meta property=\"og:image:height\" content=\"328\" \/>\n<meta name=\"twitter:card\" content=\"summary_large_image\" \/>\n<script type=\"application\/ld+json\" class=\"yoast-schema-graph\">{\"@context\":\"https:\/\/schema.org\",\"@graph\":[{\"@type\":\"WebSite\",\"@id\":\"https:\/\/amnistia.org.mx\/contenido\/#website\",\"url\":\"https:\/\/amnistia.org.mx\/contenido\/\",\"name\":\"amnistia.org.mx\",\"description\":\"Nueva p\\u00e1gina de Amnist\\u00eda\",\"potentialAction\":[{\"@type\":\"SearchAction\",\"target\":\"https:\/\/amnistia.org.mx\/contenido\/?s={search_term_string}\",\"query-input\":\"required name=search_term_string\"}],\"inLanguage\":\"es-MX\"},{\"@type\":\"ImageObject\",\"@id\":\"https:\/\/amnistia.org.mx\/contenido\/index.php\/iran-el-mundo-debe-tomar-medidas-efectivas-contra-la-sangrienta-represion-ante-el-aumento-del-numero-de-victimas-mortales\/#primaryimage\",\"inLanguage\":\"es-MX\",\"url\":\"https:\/\/amnistia.org.mx\/contenido\/wp-content\/uploads\/2022\/09\/Foto-ajustada-1.jpg\",\"width\":700,\"height\":328},{\"@type\":\"WebPage\",\"@id\":\"https:\/\/amnistia.org.mx\/contenido\/index.php\/iran-el-mundo-debe-tomar-medidas-efectivas-contra-la-sangrienta-represion-ante-el-aumento-del-numero-de-victimas-mortales\/#webpage\",\"url\":\"https:\/\/amnistia.org.mx\/contenido\/index.php\/iran-el-mundo-debe-tomar-medidas-efectivas-contra-la-sangrienta-represion-ante-el-aumento-del-numero-de-victimas-mortales\/\",\"name\":\"Ir\\u00e1n: El mundo debe tomar medidas efectivas contra la sangrienta represi\\u00f3n ante el aumento del n\\u00famero de v\\u00edctimas mortales - amnistia.org.mx\",\"isPartOf\":{\"@id\":\"https:\/\/amnistia.org.mx\/contenido\/#website\"},\"primaryImageOfPage\":{\"@id\":\"https:\/\/amnistia.org.mx\/contenido\/index.php\/iran-el-mundo-debe-tomar-medidas-efectivas-contra-la-sangrienta-represion-ante-el-aumento-del-numero-de-victimas-mortales\/#primaryimage\"},\"datePublished\":\"2022-09-26T14:35:14+00:00\",\"dateModified\":\"2022-09-26T14:35:14+00:00\",\"author\":{\"@id\":\"https:\/\/amnistia.org.mx\/contenido\/#\/schema\/person\/7db421c495688267ce8ede4625c17fa5\"},\"description\":\"Amnist\\u00eda Internacional exhorta a la comunidad internacional a tomar medidas efectivas contra la sangrienta represi\\u00f3n en Ir\\u00e1n, tras la muerte de Mahsa Amini.\",\"breadcrumb\":{\"@id\":\"https:\/\/amnistia.org.mx\/contenido\/index.php\/iran-el-mundo-debe-tomar-medidas-efectivas-contra-la-sangrienta-represion-ante-el-aumento-del-numero-de-victimas-mortales\/#breadcrumb\"},\"inLanguage\":\"es-MX\",\"potentialAction\":[{\"@type\":\"ReadAction\",\"target\":[\"https:\/\/amnistia.org.mx\/contenido\/index.php\/iran-el-mundo-debe-tomar-medidas-efectivas-contra-la-sangrienta-represion-ante-el-aumento-del-numero-de-victimas-mortales\/\"]}]},{\"@type\":\"BreadcrumbList\",\"@id\":\"https:\/\/amnistia.org.mx\/contenido\/index.php\/iran-el-mundo-debe-tomar-medidas-efectivas-contra-la-sangrienta-represion-ante-el-aumento-del-numero-de-victimas-mortales\/#breadcrumb\",\"itemListElement\":[{\"@type\":\"ListItem\",\"position\":1,\"item\":{\"@type\":\"WebPage\",\"@id\":\"https:\/\/amnistia.org.mx\/contenido\/\",\"url\":\"https:\/\/amnistia.org.mx\/contenido\/\",\"name\":\"Home\"}},{\"@type\":\"ListItem\",\"position\":2,\"item\":{\"@type\":\"WebPage\",\"@id\":\"https:\/\/amnistia.org.mx\/contenido\/index.php\/iran-el-mundo-debe-tomar-medidas-efectivas-contra-la-sangrienta-represion-ante-el-aumento-del-numero-de-victimas-mortales\/\",\"url\":\"https:\/\/amnistia.org.mx\/contenido\/index.php\/iran-el-mundo-debe-tomar-medidas-efectivas-contra-la-sangrienta-represion-ante-el-aumento-del-numero-de-victimas-mortales\/\",\"name\":\"Ir\\u00e1n: El mundo debe tomar medidas efectivas contra la sangrienta represi\\u00f3n ante el aumento del n\\u00famero de v\\u00edctimas mortales\"}}]},{\"@type\":[\"Person\"],\"@id\":\"https:\/\/amnistia.org.mx\/contenido\/#\/schema\/person\/7db421c495688267ce8ede4625c17fa5\",\"name\":\"Alejandro Ju\\u00e1rez Gamero\",\"image\":{\"@type\":\"ImageObject\",\"@id\":\"https:\/\/amnistia.org.mx\/contenido\/#personlogo\",\"inLanguage\":\"es-MX\",\"url\":\"https:\/\/secure.gravatar.com\/avatar\/e312d5566d1c3ffb56f86415d6f0e606?s=96&d=mm&r=g\",\"caption\":\"Alejandro Ju\\u00e1rez Gamero\"}}]}<\/script>\n<!-- \/ Yoast SEO plugin. -->","_links":{"self":[{"href":"https:\/\/amnistia.org.mx\/contenido\/index.php\/wp-json\/wp\/v2\/posts\/19388"}],"collection":[{"href":"https:\/\/amnistia.org.mx\/contenido\/index.php\/wp-json\/wp\/v2\/posts"}],"about":[{"href":"https:\/\/amnistia.org.mx\/contenido\/index.php\/wp-json\/wp\/v2\/types\/post"}],"author":[{"embeddable":true,"href":"https:\/\/amnistia.org.mx\/contenido\/index.php\/wp-json\/wp\/v2\/users\/4"}],"replies":[{"embeddable":true,"href":"https:\/\/amnistia.org.mx\/contenido\/index.php\/wp-json\/wp\/v2\/comments?post=19388"}],"version-history":[{"count":4,"href":"https:\/\/amnistia.org.mx\/contenido\/index.php\/wp-json\/wp\/v2\/posts\/19388\/revisions"}],"predecessor-version":[{"id":19394,"href":"https:\/\/amnistia.org.mx\/contenido\/index.php\/wp-json\/wp\/v2\/posts\/19388\/revisions\/19394"}],"wp:featuredmedia":[{"embeddable":true,"href":"https:\/\/amnistia.org.mx\/contenido\/index.php\/wp-json\/wp\/v2\/media\/19392"}],"wp:attachment":[{"href":"https:\/\/amnistia.org.mx\/contenido\/index.php\/wp-json\/wp\/v2\/media?parent=19388"}],"wp:term":[{"taxonomy":"category","embeddable":true,"href":"https:\/\/amnistia.org.mx\/contenido\/index.php\/wp-json\/wp\/v2\/categories?post=19388"},{"taxonomy":"post_tag","embeddable":true,"href":"https:\/\/amnistia.org.mx\/contenido\/index.php\/wp-json\/wp\/v2\/tags?post=19388"}],"curies":[{"name":"wp","href":"https:\/\/api.w.org\/{rel}","templated":true}]}}