
{"id":19418,"date":"2022-09-30T10:04:00","date_gmt":"2022-09-30T15:04:00","guid":{"rendered":"https:\/\/amnistia.org.mx\/contenido\/?p=19418"},"modified":"2022-09-30T15:56:53","modified_gmt":"2022-09-30T20:56:53","slug":"que-esta-pasando-con-el-derecho-al-aborto-en-el-mundo","status":"publish","type":"post","link":"https:\/\/amnistia.org.mx\/contenido\/index.php\/que-esta-pasando-con-el-derecho-al-aborto-en-el-mundo\/","title":{"rendered":"\u00bfQu\u00e9 est\u00e1 pasando con el derecho al aborto en el mundo?"},"content":{"rendered":"\t\t<div data-elementor-type=\"wp-post\" data-elementor-id=\"19418\" class=\"elementor elementor-19418\">\n\t\t\t\t\t\t\t\t\t<section class=\"elementor-section elementor-top-section elementor-element elementor-element-2cf35ff6 elementor-section-boxed elementor-section-height-default elementor-section-height-default\" data-id=\"2cf35ff6\" data-element_type=\"section\">\n\t\t\t\t\t\t<div class=\"elementor-container elementor-column-gap-default\">\n\t\t\t\t\t<div class=\"elementor-column elementor-col-100 elementor-top-column elementor-element elementor-element-70ccb72e\" data-id=\"70ccb72e\" data-element_type=\"column\">\n\t\t\t<div class=\"elementor-widget-wrap elementor-element-populated\">\n\t\t\t\t\t\t\t\t<div class=\"elementor-element elementor-element-727b63f9 elementor-author-box--layout-image-above elementor-author-box--align-center elementor-widget elementor-widget-author-box\" data-id=\"727b63f9\" data-element_type=\"widget\" data-widget_type=\"author-box.default\">\n\t\t\t\t<div class=\"elementor-widget-container\">\n\t\t\t<link rel=\"stylesheet\" href=\"https:\/\/amnistia.org.mx\/contenido\/wp-content\/plugins\/elementor-pro\/assets\/css\/widget-theme-elements.min.css\">\t\t<div class=\"elementor-author-box\">\n\t\t\t\t\t\t\t<div  class=\"elementor-author-box__avatar\">\n\t\t\t\t\t<img decoding=\"async\" src=\"https:\/\/amnistia.org.mx\/contenido\/wp-content\/uploads\/2022\/03\/circle-cropped-300x300.png\" alt=\" M\u00aa Luisa Garc\u00e9s de los Fayos\">\n\t\t\t\t<\/div>\n\t\t\t\n\t\t\t<div class=\"elementor-author-box__text\">\n\t\t\t\t\t\t\t\t\t<div >\n\t\t\t\t\t\t<h4 class=\"elementor-author-box__name\">\n\t\t\t\t\t\t\t M\u00aa Luisa Garc\u00e9s de los Fayos\t\t\t\t\t\t<\/h4>\n\t\t\t\t\t<\/div>\n\t\t\t\t\n\t\t\t\t\t\t\t\t\t<div class=\"elementor-author-box__bio\">\n\t\t\t\t\t\t<p>Activista del Equipo de trabajo sobre el derechos de las mujeres en Amnist\u00eda Internacional Espa\u00f1a<\/p>\n\t\t\t\t\t<\/div>\n\t\t\t\t\n\t\t\t\t\t\t\t<\/div>\n\t\t<\/div>\n\t\t\t\t<\/div>\n\t\t\t\t<\/div>\n\t\t\t\t<div class=\"elementor-element elementor-element-e24439a elementor-widget-divider--view-line elementor-widget elementor-widget-divider\" data-id=\"e24439a\" data-element_type=\"widget\" data-widget_type=\"divider.default\">\n\t\t\t\t<div class=\"elementor-widget-container\">\n\t\t\t<style>\/*! elementor - v3.11.5 - 14-03-2023 *\/\n.elementor-widget-divider{--divider-border-style:none;--divider-border-width:1px;--divider-color:#0c0d0e;--divider-icon-size:20px;--divider-element-spacing:10px;--divider-pattern-height:24px;--divider-pattern-size:20px;--divider-pattern-url:none;--divider-pattern-repeat:repeat-x}.elementor-widget-divider .elementor-divider{display:flex}.elementor-widget-divider .elementor-divider__text{font-size:15px;line-height:1;max-width:95%}.elementor-widget-divider .elementor-divider__element{margin:0 var(--divider-element-spacing);flex-shrink:0}.elementor-widget-divider .elementor-icon{font-size:var(--divider-icon-size)}.elementor-widget-divider .elementor-divider-separator{display:flex;margin:0;direction:ltr}.elementor-widget-divider--view-line_icon .elementor-divider-separator,.elementor-widget-divider--view-line_text .elementor-divider-separator{align-items:center}.elementor-widget-divider--view-line_icon .elementor-divider-separator:after,.elementor-widget-divider--view-line_icon .elementor-divider-separator:before,.elementor-widget-divider--view-line_text .elementor-divider-separator:after,.elementor-widget-divider--view-line_text .elementor-divider-separator:before{display:block;content:\"\";border-bottom:0;flex-grow:1;border-top:var(--divider-border-width) var(--divider-border-style) var(--divider-color)}.elementor-widget-divider--element-align-left .elementor-divider .elementor-divider-separator>.elementor-divider__svg:first-of-type{flex-grow:0;flex-shrink:100}.elementor-widget-divider--element-align-left .elementor-divider-separator:before{content:none}.elementor-widget-divider--element-align-left .elementor-divider__element{margin-left:0}.elementor-widget-divider--element-align-right .elementor-divider .elementor-divider-separator>.elementor-divider__svg:last-of-type{flex-grow:0;flex-shrink:100}.elementor-widget-divider--element-align-right .elementor-divider-separator:after{content:none}.elementor-widget-divider--element-align-right .elementor-divider__element{margin-right:0}.elementor-widget-divider:not(.elementor-widget-divider--view-line_text):not(.elementor-widget-divider--view-line_icon) .elementor-divider-separator{border-top:var(--divider-border-width) var(--divider-border-style) var(--divider-color)}.elementor-widget-divider--separator-type-pattern{--divider-border-style:none}.elementor-widget-divider--separator-type-pattern.elementor-widget-divider--view-line .elementor-divider-separator,.elementor-widget-divider--separator-type-pattern:not(.elementor-widget-divider--view-line) .elementor-divider-separator:after,.elementor-widget-divider--separator-type-pattern:not(.elementor-widget-divider--view-line) .elementor-divider-separator:before,.elementor-widget-divider--separator-type-pattern:not([class*=elementor-widget-divider--view]) .elementor-divider-separator{width:100%;min-height:var(--divider-pattern-height);-webkit-mask-size:var(--divider-pattern-size) 100%;mask-size:var(--divider-pattern-size) 100%;-webkit-mask-repeat:var(--divider-pattern-repeat);mask-repeat:var(--divider-pattern-repeat);background-color:var(--divider-color);-webkit-mask-image:var(--divider-pattern-url);mask-image:var(--divider-pattern-url)}.elementor-widget-divider--no-spacing{--divider-pattern-size:auto}.elementor-widget-divider--bg-round{--divider-pattern-repeat:round}.rtl .elementor-widget-divider .elementor-divider__text{direction:rtl}.e-con-inner>.elementor-widget-divider,.e-con>.elementor-widget-divider{width:var(--container-widget-width,100%);--flex-grow:var(--container-widget-flex-grow)}<\/style>\t\t<div class=\"elementor-divider\">\n\t\t\t<span class=\"elementor-divider-separator\">\n\t\t\t\t\t\t<\/span>\n\t\t<\/div>\n\t\t\t\t<\/div>\n\t\t\t\t<\/div>\n\t\t\t\t\t<\/div>\n\t\t<\/div>\n\t\t\t\t\t\t\t<\/div>\n\t\t<\/section>\n\t\t\t\t<section class=\"elementor-section elementor-top-section elementor-element elementor-element-2153a9c3 elementor-section-boxed elementor-section-height-default elementor-section-height-default\" data-id=\"2153a9c3\" data-element_type=\"section\">\n\t\t\t\t\t\t<div class=\"elementor-container elementor-column-gap-default\">\n\t\t\t\t\t<div class=\"elementor-column elementor-col-100 elementor-top-column elementor-element elementor-element-7de26966\" data-id=\"7de26966\" data-element_type=\"column\">\n\t\t\t<div class=\"elementor-widget-wrap elementor-element-populated\">\n\t\t\t\t\t\t\t\t<div class=\"elementor-element elementor-element-1a88d77f elementor-align-center elementor-widget elementor-widget-post-info\" data-id=\"1a88d77f\" data-element_type=\"widget\" data-widget_type=\"post-info.default\">\n\t\t\t\t<div class=\"elementor-widget-container\">\n\t\t\t<link rel=\"stylesheet\" href=\"https:\/\/amnistia.org.mx\/contenido\/wp-content\/plugins\/elementor\/assets\/css\/widget-icon-list.min.css\">\t\t<ul class=\"elementor-inline-items elementor-icon-list-items elementor-post-info\">\n\t\t\t\t\t\t\t\t<li class=\"elementor-icon-list-item elementor-repeater-item-faf80c6 elementor-inline-item\" itemprop=\"datePublished\">\n\t\t\t\t\t\t<a href=\"https:\/\/amnistia.org.mx\/contenido\/index.php\/2022\/09\/30\/\">\n\t\t\t\t\t\t\t\t\t\t\t<span class=\"elementor-icon-list-icon\">\n\t\t\t\t\t\t\t\t<svg aria-hidden=\"true\" class=\"e-font-icon-svg e-fas-calendar\" viewBox=\"0 0 448 512\" xmlns=\"http:\/\/www.w3.org\/2000\/svg\"><path d=\"M12 192h424c6.6 0 12 5.4 12 12v260c0 26.5-21.5 48-48 48H48c-26.5 0-48-21.5-48-48V204c0-6.6 5.4-12 12-12zm436-44v-36c0-26.5-21.5-48-48-48h-48V12c0-6.6-5.4-12-12-12h-40c-6.6 0-12 5.4-12 12v52H160V12c0-6.6-5.4-12-12-12h-40c-6.6 0-12 5.4-12 12v52H48C21.5 64 0 85.5 0 112v36c0 6.6 5.4 12 12 12h424c6.6 0 12-5.4 12-12z\"><\/path><\/svg>\t\t\t\t\t\t\t<\/span>\n\t\t\t\t\t\t\t\t\t<span class=\"elementor-icon-list-text elementor-post-info__item elementor-post-info__item--type-date\">\n\t\t\t\t\t\t\t\t\t\tseptiembre 30, 2022\t\t\t\t\t<\/span>\n\t\t\t\t\t\t\t\t\t<\/a>\n\t\t\t\t<\/li>\n\t\t\t\t<li class=\"elementor-icon-list-item elementor-repeater-item-d07449f elementor-inline-item\" itemprop=\"about\">\n\t\t\t\t\t\t\t\t\t\t<span class=\"elementor-icon-list-icon\">\n\t\t\t\t\t\t\t\t<svg aria-hidden=\"true\" class=\"e-font-icon-svg e-fas-tags\" viewBox=\"0 0 640 512\" xmlns=\"http:\/\/www.w3.org\/2000\/svg\"><path d=\"M497.941 225.941L286.059 14.059A48 48 0 0 0 252.118 0H48C21.49 0 0 21.49 0 48v204.118a48 48 0 0 0 14.059 33.941l211.882 211.882c18.744 18.745 49.136 18.746 67.882 0l204.118-204.118c18.745-18.745 18.745-49.137 0-67.882zM112 160c-26.51 0-48-21.49-48-48s21.49-48 48-48 48 21.49 48 48-21.49 48-48 48zm513.941 133.823L421.823 497.941c-18.745 18.745-49.137 18.745-67.882 0l-.36-.36L527.64 323.522c16.999-16.999 26.36-39.6 26.36-63.64s-9.362-46.641-26.36-63.64L331.397 0h48.721a48 48 0 0 1 33.941 14.059l211.882 211.882c18.745 18.745 18.745 49.137 0 67.882z\"><\/path><\/svg>\t\t\t\t\t\t\t<\/span>\n\t\t\t\t\t\t\t\t\t<span class=\"elementor-icon-list-text elementor-post-info__item elementor-post-info__item--type-terms\">\n\t\t\t\t\t\t\t\t\t\t<span class=\"elementor-post-info__terms-list\">\n\t\t\t\t<span class=\"elementor-post-info__terms-list-item\">Por Amnist\u00eda Internacional<\/span>\t\t\t\t<\/span>\n\t\t\t\t\t<\/span>\n\t\t\t\t\t\t\t\t<\/li>\n\t\t\t\t<\/ul>\n\t\t\t\t<\/div>\n\t\t\t\t<\/div>\n\t\t\t\t\t<\/div>\n\t\t<\/div>\n\t\t\t\t\t\t\t<\/div>\n\t\t<\/section>\n\t\t\t\t<section class=\"elementor-section elementor-top-section elementor-element elementor-element-4f54f68 elementor-section-boxed elementor-section-height-default elementor-section-height-default\" data-id=\"4f54f68\" data-element_type=\"section\">\n\t\t\t\t\t\t<div class=\"elementor-container elementor-column-gap-wide\">\n\t\t\t\t\t<div class=\"elementor-column elementor-col-66 elementor-top-column elementor-element elementor-element-2d69baa2\" data-id=\"2d69baa2\" data-element_type=\"column\">\n\t\t\t<div class=\"elementor-widget-wrap elementor-element-populated\">\n\t\t\t\t\t\t\t\t<div class=\"elementor-element elementor-element-9f1005e elementor-widget elementor-widget-text-editor\" data-id=\"9f1005e\" data-element_type=\"widget\" data-widget_type=\"text-editor.default\">\n\t\t\t\t<div class=\"elementor-widget-container\">\n\t\t\t<style>\/*! elementor - v3.11.5 - 14-03-2023 *\/\n.elementor-widget-text-editor.elementor-drop-cap-view-stacked .elementor-drop-cap{background-color:#69727d;color:#fff}.elementor-widget-text-editor.elementor-drop-cap-view-framed .elementor-drop-cap{color:#69727d;border:3px solid;background-color:transparent}.elementor-widget-text-editor:not(.elementor-drop-cap-view-default) .elementor-drop-cap{margin-top:8px}.elementor-widget-text-editor:not(.elementor-drop-cap-view-default) .elementor-drop-cap-letter{width:1em;height:1em}.elementor-widget-text-editor .elementor-drop-cap{float:left;text-align:center;line-height:1;font-size:50px}.elementor-widget-text-editor .elementor-drop-cap-letter{display:inline-block}<\/style>\t\t\t\t<p class=\"h4\">El acceso a un aborto seguro constituye un derecho que deber\u00eda poseer toda mujer, ni\u00f1a o persona que pueda quedarse embarazada. Su supresi\u00f3n provoca la violaci\u00f3n de m\u00faltiples derechos como el derecho a la propia vida, a la salud, a la intimidad, a la autonom\u00eda o a no sufrir ni violencia, ni discriminaci\u00f3n.<\/p><p>En los \u00faltimos a\u00f1os se han visto\u00a0<strong>importantes avances<\/strong>\u00a0hacia este derecho. Destaca el\u00a0<a href=\"https:\/\/www.es.amnesty.org\/en-que-estamos\/noticias\/noticia\/articulo\/argentina-hoy-es-un-pais-mas-justo-democratico-e-igualitario\/\" target=\"_blank\" rel=\"noopener\">importante logro de las mujeres en Argentina<\/a>, pero tambi\u00e9n\u00a0<strong>Colombia, M\u00e9xico o\u00a0<a href=\"https:\/\/www.amnesty.org\/es\/documents\/amr28\/4043\/2021\/es\/\" target=\"_blank\" rel=\"noopener\">Ecuador<\/a>\u00a0han legislado recientemente hacia un<\/strong><strong>mayor acceso al aborto.<\/strong><\/p><p>Sin embargo, todav\u00eda existen pa\u00edses como\u00a0<strong>Nicaragua, El Salvador, Rep\u00fablica Dominicana, Malta,\u00a0Andorra o Polonia<\/strong>\u00a0(entre otros) en los que el\u00a0<strong>aborto contin\u00faa estando penado.<\/strong>\u00a0Esto supone que 90 millones de mujeres en edad reproductiva no tienen a derecho a decidir sobre su embarazo. Pero, no son las \u00fanicas que tienen que enfrentarse a restricciones legales en el aborto, ya que\u00a0<strong>el 22% de mujeres en edad reproductiva viven en pa\u00edses donde solo se permite abortar para salvar la vida de la mujer<\/strong>\u00a0y otro\u00a0<strong>23% en pa\u00edses en los que el aborto solo est\u00e1 permitido por motivos sociales y econ\u00f3micos<\/strong>. Esto hace que pr\u00e1cticamente un 50% del total de las mujeres en edad reproductiva vivan en pa\u00edses donde el abordo est\u00e1 fuertemente restringido y, por ello, est\u00e1 tambi\u00e9n en riesgo la vida de las mujeres que se ven obligadas a someterse a abortos clandestinos.<\/p><p><strong>A esta situaci\u00f3n se ha sumado recientemente Estados Unidos,<\/strong>\u00a0cuya Corte Suprema ha dictaminado que\u00a0<strong>el derecho al aborto no est\u00e1 amparado por la Constituci\u00f3n<\/strong>. La consecuencia es que cada Estado puede legislar llevando a la c\u00e1rcel a las mujeres acusadas de abortar y a quienes contribuyen a ello, o tambi\u00e9n pueden legislar estableciendo limitaciones tan restrictivas que lo hacen inviable en la pr\u00e1ctica.\u00a0<strong>Y esto es lo que ya est\u00e1 sucediendo en la mitad de los estados del pa\u00eds.<\/strong><\/p><p class=\"copy\"><strong><img decoding=\"async\" loading=\"lazy\" class=\"img-responsive\" src=\"https:\/\/www.es.amnesty.org\/fileadmin\/user_upload\/blog\/2022\/282400_madre_por_decision_no_por_imposicion.jpg\" alt=\"Derecho de aborto en el mundo\" width=\"849\" height=\"566\" \/><\/strong><\/p><p class=\"copy text-center\"><em>Manifestaci\u00f3n\u00a0en defensa del aborto celebrada el 28 de septiembre de 2021 en Quito, Ecuador. \u00a9 Franklin Jacome\/Agencia Press South\/Getty Images<\/em><\/p><blockquote class=\"blockquote\"><div class=\"blockquote__content\"><p class=\"blockquote__text\">\u201cTodav\u00eda existen pa\u00edses como Nicaragua, El Salvador, Rep\u00fablica Dominicana, Malta o Andorra (entre otros) en los que el aborto contin\u00faa estando penado. Esto supone que 90 millones de mujeres en edad reproductiva no tienen a derecho a decidir sobre su embarazo. EEUU se ha sumado recientemente a los pa\u00edses que no garantizan el derecho\u201d<\/p><\/div><\/blockquote><p>Algunos de los obst\u00e1culos con los que las mujeres pueden encontrarse adem\u00e1s de una\u00a0<strong>legislaci\u00f3n restrictiva<\/strong>, son la\u00a0<strong>poca disponibilidad de servicios, los costes elevados, la estigmatizaci\u00f3n, la objeci\u00f3n de conciencia del personal sanitario<\/strong>\u00a0-recientemente se han p\u00fablicos varios casos en Espa\u00f1a-, o la\u00a0<strong>exigencia de requisitos innecesarios<\/strong>\u00a0como el suministro de informaci\u00f3n enga\u00f1osa. Muchas mujeres que quieren ejercer su derecho a decidir sobre su embarazo y maternidad se ven obligadas a desplazarse a otros pa\u00edses (o a otros estados en el caso de Estados Unidos). Una posibilidad a la que no todas pueden acceder porque la desigualdad socioecon\u00f3mica tambi\u00e9n cuenta negativamente en el derecho al aborto.<\/p><p>El hecho de\u00a0<strong>imponer restricciones en el acceso a un aborto seguro, no desemboca en un menor n\u00famero de abortos, sino en un mayor n\u00famero de mujeres y ni\u00f1as que tienen que poner su vida en riesgo para que se les practique un aborto en unas condiciones que no cumplen los m\u00ednimos sanitarios.<\/strong><\/p><p>Se calcula que cada a\u00f1o uno de cada cuatro embarazos acaba en aborto. Sin embargo, la tasa de aborto no es tan diferente entre los pa\u00edses en los que est\u00e1 prohibido y los que no, siendo 37 por 1000 mujeres las que abortan en los primeros y 34 de 1000 las que abortan en los segundos.<\/p><p>Obligar a una mujer a continuar con su embarazo o buscar un m\u00e9todo de aborto inseguro constituye una violaci\u00f3n de sus derechos humanos. Por eso, no podemos permitir que se d\u00e9 marcha atr\u00e1s en los avances conseguidos en\u00a0<a href=\"https:\/\/www.es.amnesty.org\/en-que-estamos\/temas\/derechos-sexuales-reproductivos\/\" target=\"_blank\" rel=\"noopener\">derechos sexuales y reproductivos.<\/a><\/p><aside class=\"tweet\"><p class=\"tweet__message\"><span class=\"css-16my406 css-901oao r-bcqeeo r-poiln3 r-qvutc0\">El aborto es una necesidad b\u00e1sica de atenci\u00f3n m\u00e9dica para millones de mujeres. Obligar a alguien a llevar un embarazo, por el motivo que sea, es una violaci\u00f3n de sus derechos humanos.<\/span><\/p><\/aside><h2 class=\"h2\">China limita los abortos con \u201cfines no m\u00e9dicos\u201d<\/h2><p>Este pa\u00eds lleva d\u00e9cadas aplicando\u00a0<strong>pol\u00edticas de reproducci\u00f3n restrictivas de cara a controlar su tasa de natalidad,<\/strong>\u00a0utilizando el aborto y los anticonceptivos para poder cumplir su pol\u00edtica de hijo \u00fanico. Estas medidas han conducido al pa\u00eds a\u00a0<strong>la menor tasa de natalidad desde el a\u00f1o 1960.<\/strong><\/p><p>Para enfrentar la evidente crisis demogr\u00e1fica, el gobierno ha anunciado que se\u00a0<strong>limitar\u00e1n los abortos con \u201cfines no m\u00e9dicos\u201d y que \u201cmejorar\u00e1n la educaci\u00f3n sexual y los servicios de planificaci\u00f3n familiar tras un aborto o embarazo\u201d.\u00a0<\/strong>El Gobierno chino a\u00fan no ha detallado las especificaciones de estas restricciones, pero s\u00ed que tendr\u00e1 una duraci\u00f3n de 10 a\u00f1os, lo que resulta preocupante para los derechos reproductivos de las mujeres y ni\u00f1as.<\/p><p>China vulnera los derechos humanos, tanto cuando limita el n\u00famero de hijos e hijas que quiere tener una mujer, como cuando limita el acceso al aborto. Como lo hace\u00a0<strong>Ir\u00e1n\u00a0<\/strong>cuando, en base a su pol\u00edtica geoestrat\u00e9gica de expansi\u00f3n territorial, quiere aumentar la poblaci\u00f3n\u00a0<strong>obligando a las mujeres a procrear<\/strong>\u00a0con medidas como limitar el acceso al empleo p\u00fablico a las mujeres solteras o sin hijos.<\/p><p class=\"copy\"><img decoding=\"async\" loading=\"lazy\" class=\"img-responsive\" src=\"https:\/\/www.es.amnesty.org\/fileadmin\/user_upload\/blog\/2021\/RTXI0P81_aborto_USA.JPG\" alt=\"Marcha de las Mujeres contra la prohibici\u00f3n del aborto en Texas\" width=\"850\" height=\"636\" \/><\/p><p class=\"copy text-center\"><em>Marcha de las Mujeres celebrada despu\u00e9s de que Texas pusiera en marcha una prohibici\u00f3n casi total de los procedimientos de aborto y del acceso a los medicamentos inductores del aborto, 2 de octubre de 2021. \u00a9 REUTERS\/Caitlin Ochs<\/em><\/p><h2 class=\"h2\">Texas penaliza el aborto pasadas las 6 semanas de gestaci\u00f3n<\/h2><p>Tras d\u00e9cadas de la despenalizaci\u00f3n del aborto en Texas, ha entrado en vigor una\u00a0<strong>ley que proh\u00edbe el aborto a partir de las 6 semanas de gestaci\u00f3n<\/strong>. Esta medida constituye un paso atr\u00e1s en el derecho al aborto, obligando a las mujeres a darse cuenta de su embarazo y tomar una decisi\u00f3n en un periodo de tiempo demasiado corto.<\/p><p>Esta ley<strong>\u00a0no permite excepciones en caso de violaci\u00f3n o incestos,<\/strong><strong>\u00fanicamente permite el aborto por motivos de salud<\/strong>\u00a0en los que la vida de la madre corra peligro o su cuerpo pueda sufrir un fuerte deterioro. Adem\u00e1s,\u00a0<strong>se han establecido recompensas de hasta 10.000 d\u00f3lares para la gente que denuncie a quienes ayudan a abortar.\u00a0<\/strong>Otros estados est\u00e1n siguiendo la misma pauta, como\u00a0<strong>Idaho, Tenesee o Virginia Occidental<\/strong>, entre otros.<\/p><p>Esta ley afecta sobre todo a los colectivos m\u00e1s vulnerables, como las\u00a0<strong>adolescentes\u00a0<\/strong>que pueden no darse cuenta de su embarazo hasta un estado m\u00e1s avanzado, las\u00a0<strong>mujeres con bajos ingresos<\/strong>\u00a0o las\u00a0<strong>mujeres inmigrantes en situaci\u00f3n irregular.<\/strong><\/p><h2 class=\"h2\">Kansas consigue blindar en refer\u00e9ndum el derecho al aborto<\/h2><p>Es lo que ha sucedido en agosto de 2022, cuando la poblaci\u00f3n de este estado de Estados Unidos vot\u00f3 mayoritariamente a favor de que su legislaci\u00f3n siga protegiendo el derecho al aborto. Kansas se mantiene as\u00ed como un \u201cEstado refugio\u201d para las mujeres de esos otros estados que les niegan el derecho a un aborto legal y seguro.<\/p><p class=\"copy\"><img decoding=\"async\" loading=\"lazy\" class=\"img-responsive\" src=\"https:\/\/www.es.amnesty.org\/fileadmin\/user_upload\/blog\/2022\/280416_AniJednejWiecej____NotOneMore_marchl_in_Warsaw.jpg\" alt=\"El acceso a un aborto seguro es un derecho humano\" width=\"850\" height=\"567\" \/><\/p><p class=\"copy text-center\"><em>Marcha contra la prohibici\u00f3n casi total del aborto en Polonia y desencadenada por la tr\u00e1gica muerte de Izabela, que falleci\u00f3 por septicemia tras neg\u00e1rsele un aborto en el hospital de Pszczyna. \u00a9 Grzegorz \u017bukowski<\/em><\/p><h2 class=\"h2\">Polonia enjuicia a una defensora de derechos humanos acusada de &#8220;ayudar a un aborto&#8221;<\/h2><p>Polonia es uno de los pa\u00edses de la Uni\u00f3n Europea con una pol\u00edtica de aborto m\u00e1s restrictiva. En 2020 su Tribunal Constitucional elimin\u00f3 uno de los \u00fanicos tres supuestos en los que estaba permitido abortar \u2013por defecto fetal grave e irreversible o enfermedad que haga inviable la vida del feto-.<\/p><p>Adem\u00e1s, las autoridades persiguen a quienes se manifiestan en contra de esta decisi\u00f3n. En 2021,<strong>\u00a0la defensora de los derechos humanos Justyna Wydrzy\u0144ska fue acusada de \u201cayudar a un aborto\u201d<\/strong>\u00a0y de \u201cposesi\u00f3n de medicamentos sin autorizaci\u00f3n con el fin de introducirlos en el mercado\u201d.\u00a0<strong>Este es el primer caso en Europa en el que una activista es enjuiciada por contribuir a un aborto facilitando p\u00edldoras abortivas.<\/strong><\/p><p>El Tribunal Europeo de Derechos Humanos ha anunciado que examinar\u00e1 las denuncias de mujeres polacas que puedan haber sido v\u00edctimas de violaciones del\u00a0Convenio Europeo para la Protecci\u00f3n de los Derechos Humanos y de las Libertades Fundamentales\u00a0como consecuencia de la sentencia constitucional sobre el aborto.<\/p><blockquote class=\"blockquote\"><div class=\"blockquote__content\"><p class=\"blockquote__text\">\u201cEn los \u00faltimos 25 a\u00f1os, m\u00e1s de 50 pa\u00edses han modificado su legislaci\u00f3n para permitir mayor acceso al aborto, en ocasiones reconociendo que el acceso al aborto sin riesgos es fundamental para la protecci\u00f3n de la vida y la salud de las mujeres.\u201d<\/p><\/div><\/blockquote><h2 class=\"h2\">El Congreso de Rep\u00fablica Dominicana vota en contra de la despenalizaci\u00f3n del aborto<\/h2><p><strong>En Rep\u00fablica Dominicana el aborto est\u00e1 prohibido en todos los supuestos.\u00a0<\/strong>Sin embargo, en 2014 la C\u00e1mara de Diputados aprob\u00f3 un C\u00f3digo Penal que despenalizaba el aborto en tres situaciones: cuando el embarazo constituyera un peligro para la vida de la embarazada, cuando el feto no pudiera sobrevivir fuera del \u00fatero materno\u00a0y cuando el embarazo fuera consecuencia de una violaci\u00f3n o incesto. Este paso\u00a0fue anulado por el Tribunal Constitucional.<\/p><p>M\u00e1s recientemente, en 2021, la C\u00e1mara de Diputados volvi\u00f3 a abrir el debate, pero la mayor\u00eda de los diputados se mostraron en contra de la despenalizaci\u00f3n en esas tres circunstancias espec\u00edficas, demostrando que la vida y la salud de las mujeres y ni\u00f1as no forman parte de sus prioridades legislativas.<\/p><p class=\"copy\"><img decoding=\"async\" loading=\"lazy\" class=\"img-responsive\" src=\"https:\/\/www.es.amnesty.org\/fileadmin\/user_upload\/blog\/2021\/RTX7YNG2_aborto_Mexico.JPG\" alt=\"Manifestantes se abrazan en el D\u00eda Internacional del aborto seguro\" width=\"850\" height=\"572\" \/><\/p><p class=\"copy text-center\"><em>Dos manifestantes se abrazan durante una protesta para conmemorar el D\u00eda Internacional del Aborto Seguro en Ciudad de M\u00e9xico, el 28 de septiembre de 2020. \u00a9 REUTERS\/Carlos Jasso<\/em><\/p><h2 class=\"h2\">El aborto ya no est\u00e1 penado con la c\u00e1rcel en M\u00e9xico<\/h2><p>En septiembre de 2021, las y los ministros de la Suprema Corte de Justicia de la Naci\u00f3n declararon inconstitucional la penalizaci\u00f3n del aborto en M\u00e9xico. Es decir que los tribunales podr\u00e1n seguir juzgando a las mujeres y personas gestantes que aborten, pero no procesarlas o sancionarlas.<\/p><p>Esto significa un importante avance de derechos humanos gracias al trabajo de diversos movimientos feministas, mujeres y personas gestantes.<\/p><p>Sin embargo, 22 estados de la Rep\u00fablica Mexicana a\u00fan no lo hacen efectivo. Solo los estados de Coahuila, Baja California, Baja California Sur, Sinaloa, Hidalgo, Colima, Guerrero, Ciudad de M\u00e9xico, Veracruz y Oaxaca han despenalizado el aborto.\u00a0<\/p><p>Gracias a esta despenalizaci\u00f3n, lo que pase ahora en el resto de los estados depender\u00e1 de la redacci\u00f3n de nuevas leyes por parte de las y los legisladores.<\/p><h2 class=\"h2\">Chile tiene una nueva oportunidad para seguir avanzando<\/h2><p><strong>Hasta 2017, el aborto estaba prohibido en todos los supuestos<\/strong>.\u00a0<strong>Ese a\u00f1o se modific\u00f3 en el C\u00f3digo Penal para despenalizar tres supuestos<\/strong>, por violaci\u00f3n, por riesgo del embarazo para la vida de la madre y\u00a0por inviabilidad del feto, lo que ya supuso un paso muy importante, para las mujeres de Chile, pero tambi\u00e9n para toda la regi\u00f3n.<\/p><p>Ahora, en el proceso constituyente emprendido en el pa\u00eds,\u00a0<strong>la despenalizaci\u00f3n del aborto es uno de los derechos que est\u00e1n a debate para que la nueva constituci\u00f3n lo proteja<\/strong>. Los avances ya conseguidos en otros pa\u00edses vecinos ayudan en este objetivo.<\/p><p class=\"copy\"><img decoding=\"async\" loading=\"lazy\" class=\"img-responsive\" src=\"https:\/\/www.es.amnesty.org\/fileadmin\/user_upload\/blog\/2022\/284656_Amnesty_International_Activists_Stage_Abortion_Rights_Protest.jpg\" alt=\"Derecho a un aborto legal y seguro\" width=\"850\" height=\"567\" \/><\/p><p class=\"copy text-center\"><em>Manifestaci\u00f3n por el derecho al aborto en el mundo, celebrada el 7 de mayo de 2022 en \u00c1msterdam, Pa\u00edses Bajos. \u00a9 Pierre Crom\/Getty Images<\/em><\/p><h2 class=\"h2\">Colombia tambi\u00e9n despenaliza el aborto<\/h2><p>Las mujeres en Colombia, siguiendo la estela de las mujeres de Argentina y M\u00e9xico, litigaron ante su Tribunal Constitucional por el derecho a no tener que ir a la c\u00e1rcel, acusadas de abortar. Finalmente, en febrero de 2022, el Tribunal les dio la raz\u00f3n permitiendo que\u00a0<a href=\"https:\/\/www.es.amnesty.org\/en-que-estamos\/noticias\/noticia\/articulo\/colombia-despenalizacion-del-aborto-es-un-triunfo-para-los-derechos-humanos\/\" target=\"_blank\" rel=\"noopener\">el aborto sea legal<\/a>\u00a0en las primeras 24 semanas de embarazo.<\/p><p>Este es otro paso m\u00e1s para que el derecho al aborto legal y seguro sea una realidad en toda Am\u00e9rica Latina y el Caribe, una de las regiones del mundo con legislaciones m\u00e1s restrictivas.<\/p><h2 class=\"h2\">En Asia, avances para acceder a un aborto legal y seguro<\/h2><p>El aborto se despenaliz\u00f3 en\u00a0<strong>Corea del Sur<\/strong>\u00a0en enero de 2022, tras un fallo previo del Tribunal Constitucional que declaraba inconstitucional su prohibici\u00f3n y, en febrero fue el Parlamento de\u00a0<strong>Tailandia<\/strong>\u00a0el que reform\u00f3 su C\u00f3digo Penal para legalizar el aborto durante las primeras 12 semanas de embarazo.<\/p><h2 class=\"h2\">En Espa\u00f1a, de la ley al hecho hay un gran trecho<\/h2><p>En Espa\u00f1a aunque la ley sobre el acceso al aborto se\u00f1ala que<strong>\u00a0la prestaci\u00f3n sanitaria de la interrupci\u00f3n voluntaria del embarazo se realizar\u00e1 en centros de la red sanitaria p\u00fablica o vinculados a la misma, en la realidad esto es excepcional, ya que la mayor\u00eda de los abortos se realizan en centros privados,<\/strong>\u00a0produci\u00e9ndose una barrera de acceso al aborto muy importante.<\/p><p>Esto se debe,\u00a0 en gran parte, a la falta de un mecanismo efectivo que garantice el acceso al aborto en casos de ejercicio de\u00a0<strong>objeci\u00f3n de conciencia por parte de personal m\u00e9dico.\u00a0<\/strong>Recientemente han tenido gran repercusi\u00f3n en medios, el testimonio de mujeres que se han visto gravemente afectadas por esta situaci\u00f3n.<\/p><p>La buena noticia es que en septiembre de 2022, en el Congreso de los Diputados, se ha aprobado tramitar por el procedimiento de urgencia la reforma de la Ley actual, introduciendo dos elementos importantes para garantizar el derecho efectivo al aborto legal y seguro:\u00a0<strong>eliminar la exigencia de consentimiento paterno para que las chicas de 16 y 17 a\u00f1os<\/strong>\u00a0y las\u00a0<strong>mujeres con discapacidad<\/strong>\u00a0interrumpan el embarazo.<\/p><p class=\"copy text-center\"><img decoding=\"async\" loading=\"lazy\" class=\"img-responsive\" src=\"https:\/\/www.es.amnesty.org\/fileadmin\/user_upload\/blog\/2022\/286011_Demonstration_organized_by_Amnesty_International_Italia.jpg\" alt=\"Por la despenalizaci\u00f3n del aborto en el mundo\" width=\"850\" height=\"567\" \/><\/p><p class=\"copy text-center\"><em>Manifestaci\u00f3n organizada por Amnist\u00eda Internacional en Roma para protestar contra la abolici\u00f3n del aborto en Estados Unidos. \u00a9 Matteo Nardone\/Pacific Press\/LightRocket v\u00eda Getty Images<\/em><\/p><h2 class=\"h2\">Es el momento de actuar por el derecho al aborto<\/h2><p>Desde la\u00a0<strong>Conferencia Internacional sobre Poblaci\u00f3n y Desarrollo y su Programa de Acci\u00f3n en 1994<\/strong>, son muchos los pa\u00edses que han modificado sus leyes y su compromiso de prevenir los abortos inseguros, liberalizando el aborto y ampliando los motivos por los que el aborto es legal.<\/p><p><strong>En la \u00faltima d\u00e9cada conviven los avances pero tambi\u00e9n el inter\u00e9s de gobiernos y grupos antiaborto por hacer retroceder los derechos reproductivos de mujeres y ni\u00f1as<\/strong>.<\/p><p>Todos los a\u00f1os, en los distintos pa\u00edses del mundo, el\u00a0<strong>28 de septiembre<\/strong>, declarado como\u00a0<strong>D\u00eda Internacional del Aborto Seguro<\/strong>\u00a0por Naciones Unidas, las mujeres se manifiestan y reivindican el derecho a decidir sobre sus embarazos y su maternidad.<\/p><p><a href=\"https:\/\/www.es.amnesty.org\/en-que-estamos\/temas\/derechos-humanos\/\" target=\"_blank\" rel=\"noopener\">Las leyes de derechos humanos<\/a>\u00a0y las normas de la Organizaci\u00f3n Mundial de la Salud exigen que los Estados despenalicen el aborto y eliminen las barreras de acceso. El Plan de Acci\u00f3n de G\u00e9nero de la Uni\u00f3n Europea tambi\u00e9n reitera su compromiso para garantizar un entorno legal, pol\u00edtico y social propicio para la salud y los derechos sexuales y reproductivos, y muchos pa\u00edses europeos han sido l\u00edderes en la tendencia global de liberalizaci\u00f3n del acceso al aborto y para eliminar barreras. Sin embargo, todav\u00eda pa\u00edses de todo el mundo incumplen esta premisa e incluso eliminan los derechos ya conseguidos, como muestra el caso de Polonia y Estados Unidos.<\/p><p>Por eso es tan importante que actuemos para que los derechos sexuales y reproductivos, incluido el aborto, sigan avanzando y se extienda por los gobiernos de los pa\u00edses que todav\u00eda no han permitido que se produzca este necesario e imprescindible cambio.<\/p>\t\t\t\t\t\t<\/div>\n\t\t\t\t<\/div>\n\t\t\t\t<div class=\"elementor-element elementor-element-5787200c elementor-post-navigation-borders-yes elementor-widget elementor-widget-post-navigation\" data-id=\"5787200c\" data-element_type=\"widget\" data-widget_type=\"post-navigation.default\">\n\t\t\t\t<div class=\"elementor-widget-container\">\n\t\t\t\t\t<div class=\"elementor-post-navigation\">\n\t\t\t<div class=\"elementor-post-navigation__prev elementor-post-navigation__link\">\n\t\t\t\t<a href=\"https:\/\/amnistia.org.mx\/contenido\/index.php\/iran-leyes-abusivas-imponen-el-uso-del-velo-y-someten-la-vida-de-las-mujeres-a-control-policial\/\" rel=\"prev\"><span class=\"post-navigation__arrow-wrapper post-navigation__arrow-prev\"><i class=\"fa fa-angle-left\" aria-hidden=\"true\"><\/i><span class=\"elementor-screen-only\">Previo<\/span><\/span><span class=\"elementor-post-navigation__link__prev\"><span class=\"post-navigation__prev--label\">Anterior<\/span><span class=\"post-navigation__prev--title\">Ir\u00e1n: Leyes abusivas imponen el uso del velo y someten la vida de las mujeres a control policial<\/span><\/span><\/a>\t\t\t<\/div>\n\t\t\t\t\t\t\t<div class=\"elementor-post-navigation__separator-wrapper\">\n\t\t\t\t\t<div class=\"elementor-post-navigation__separator\"><\/div>\n\t\t\t\t<\/div>\n\t\t\t\t\t\t<div class=\"elementor-post-navigation__next elementor-post-navigation__link\">\n\t\t\t\t<a href=\"https:\/\/amnistia.org.mx\/contenido\/index.php\/educacion-en-derechos-humanos-todo-lo-que-necesitas-saber\/\" rel=\"next\"><span class=\"elementor-post-navigation__link__next\"><span class=\"post-navigation__next--label\">Siguiente<\/span><span class=\"post-navigation__next--title\">Educaci\u00f3n en derechos humanos: todo lo que necesitas saber<\/span><\/span><span class=\"post-navigation__arrow-wrapper post-navigation__arrow-next\"><i class=\"fa fa-angle-right\" aria-hidden=\"true\"><\/i><span class=\"elementor-screen-only\">Next<\/span><\/span><\/a>\t\t\t<\/div>\n\t\t<\/div>\n\t\t\t\t<\/div>\n\t\t\t\t<\/div>\n\t\t\t\t<div class=\"elementor-element elementor-element-418966c8 elementor-widget elementor-widget-facebook-comments\" data-id=\"418966c8\" data-element_type=\"widget\" data-widget_type=\"facebook-comments.default\">\n\t\t\t\t<div class=\"elementor-widget-container\">\n\t\t\t<style>\/*! elementor-pro - v3.11.7 - 22-03-2023 *\/\n.elementor-facebook-widget.fb_iframe_widget,.elementor-facebook-widget.fb_iframe_widget span{width:100%!important}.elementor-facebook-widget.fb_iframe_widget iframe{position:relative;width:100%!important}.elementor-facebook-widget.fb-like{height:1px}.elementor-widget-facebook-comments iframe{width:100%!important}<\/style>\t\t<div class=\"elementor-facebook-widget fb-comments\" data-href=\"https:\/\/amnistia.org.mx\/contenido?p=19418\" data-width=\"100%\" data-numposts=\"10\" data-order-by=\"social\" style=\"min-height: 1px\"><\/div>\n\t\t\t\t<\/div>\n\t\t\t\t<\/div>\n\t\t\t\t\t<\/div>\n\t\t<\/div>\n\t\t\t\t<div class=\"elementor-column elementor-col-33 elementor-top-column elementor-element elementor-element-577db4d1\" data-id=\"577db4d1\" data-element_type=\"column\">\n\t\t\t<div class=\"elementor-widget-wrap elementor-element-populated\">\n\t\t\t\t\t\t\t\t<section class=\"elementor-section elementor-inner-section elementor-element elementor-element-44d48988 elementor-section-boxed elementor-section-height-default elementor-section-height-default\" data-id=\"44d48988\" data-element_type=\"section\">\n\t\t\t\t\t\t<div class=\"elementor-container elementor-column-gap-default\">\n\t\t\t\t\t<div class=\"elementor-column elementor-col-100 elementor-inner-column elementor-element elementor-element-237ba799\" data-id=\"237ba799\" data-element_type=\"column\">\n\t\t\t<div class=\"elementor-widget-wrap elementor-element-populated\">\n\t\t\t\t\t\t\t\t<div class=\"elementor-element elementor-element-69eae710 elementor-widget elementor-widget-heading\" data-id=\"69eae710\" data-element_type=\"widget\" data-widget_type=\"heading.default\">\n\t\t\t\t<div class=\"elementor-widget-container\">\n\t\t\t<style>\/*! elementor - v3.11.5 - 14-03-2023 *\/\n.elementor-heading-title{padding:0;margin:0;line-height:1}.elementor-widget-heading .elementor-heading-title[class*=elementor-size-]>a{color:inherit;font-size:inherit;line-height:inherit}.elementor-widget-heading .elementor-heading-title.elementor-size-small{font-size:15px}.elementor-widget-heading .elementor-heading-title.elementor-size-medium{font-size:19px}.elementor-widget-heading .elementor-heading-title.elementor-size-large{font-size:29px}.elementor-widget-heading .elementor-heading-title.elementor-size-xl{font-size:39px}.elementor-widget-heading .elementor-heading-title.elementor-size-xxl{font-size:59px}<\/style><h4 class=\"elementor-heading-title elementor-size-default\">Comp\u00e1rtelo en redes<\/h4>\t\t<\/div>\n\t\t\t\t<\/div>\n\t\t\t\t<div class=\"elementor-element elementor-element-6dac18ab elementor-share-buttons--view-icon elementor-share-buttons--shape-circle elementor-share-buttons--skin-framed elementor-share-buttons--color-custom elementor-grid-0 elementor-widget elementor-widget-share-buttons\" data-id=\"6dac18ab\" data-element_type=\"widget\" data-widget_type=\"share-buttons.default\">\n\t\t\t\t<div class=\"elementor-widget-container\">\n\t\t\t<link rel=\"stylesheet\" href=\"https:\/\/amnistia.org.mx\/contenido\/wp-content\/plugins\/elementor-pro\/assets\/css\/widget-share-buttons.min.css\">\t\t<div class=\"elementor-grid\">\n\t\t\t\t\t\t\t\t<div class=\"elementor-grid-item\">\n\t\t\t\t\t\t<div\n\t\t\t\t\t\t\tclass=\"elementor-share-btn elementor-share-btn_facebook\"\n\t\t\t\t\t\t\trole=\"button\"\n\t\t\t\t\t\t\ttabindex=\"0\"\n\t\t\t\t\t\t\taria-label=\"Compartir en facebook\"\n\t\t\t\t\t\t>\n\t\t\t\t\t\t\t\t\t\t\t\t\t\t\t<span class=\"elementor-share-btn__icon\">\n\t\t\t\t\t\t\t\t<svg class=\"e-font-icon-svg e-fab-facebook\" viewBox=\"0 0 512 512\" xmlns=\"http:\/\/www.w3.org\/2000\/svg\"><path d=\"M504 256C504 119 393 8 256 8S8 119 8 256c0 123.78 90.69 226.38 209.25 245V327.69h-63V256h63v-54.64c0-62.15 37-96.48 93.67-96.48 27.14 0 55.52 4.84 55.52 4.84v61h-31.28c-30.8 0-40.41 19.12-40.41 38.73V256h68.78l-11 71.69h-57.78V501C413.31 482.38 504 379.78 504 256z\"><\/path><\/svg>\t\t\t\t\t\t\t<\/span>\n\t\t\t\t\t\t\t\t\t\t\t\t\t\t\t\t\t\t\t\t<\/div>\n\t\t\t\t\t<\/div>\n\t\t\t\t\t\t\t\t\t<div class=\"elementor-grid-item\">\n\t\t\t\t\t\t<div\n\t\t\t\t\t\t\tclass=\"elementor-share-btn elementor-share-btn_twitter\"\n\t\t\t\t\t\t\trole=\"button\"\n\t\t\t\t\t\t\ttabindex=\"0\"\n\t\t\t\t\t\t\taria-label=\"Compartir en twitter\"\n\t\t\t\t\t\t>\n\t\t\t\t\t\t\t\t\t\t\t\t\t\t\t<span class=\"elementor-share-btn__icon\">\n\t\t\t\t\t\t\t\t<svg class=\"e-font-icon-svg e-fab-twitter\" viewBox=\"0 0 512 512\" xmlns=\"http:\/\/www.w3.org\/2000\/svg\"><path d=\"M459.37 151.716c.325 4.548.325 9.097.325 13.645 0 138.72-105.583 298.558-298.558 298.558-59.452 0-114.68-17.219-161.137-47.106 8.447.974 16.568 1.299 25.34 1.299 49.055 0 94.213-16.568 130.274-44.832-46.132-.975-84.792-31.188-98.112-72.772 6.498.974 12.995 1.624 19.818 1.624 9.421 0 18.843-1.3 27.614-3.573-48.081-9.747-84.143-51.98-84.143-102.985v-1.299c13.969 7.797 30.214 12.67 47.431 13.319-28.264-18.843-46.781-51.005-46.781-87.391 0-19.492 5.197-37.36 14.294-52.954 51.655 63.675 129.3 105.258 216.365 109.807-1.624-7.797-2.599-15.918-2.599-24.04 0-57.828 46.782-104.934 104.934-104.934 30.213 0 57.502 12.67 76.67 33.137 23.715-4.548 46.456-13.32 66.599-25.34-7.798 24.366-24.366 44.833-46.132 57.827 21.117-2.273 41.584-8.122 60.426-16.243-14.292 20.791-32.161 39.308-52.628 54.253z\"><\/path><\/svg>\t\t\t\t\t\t\t<\/span>\n\t\t\t\t\t\t\t\t\t\t\t\t\t\t\t\t\t\t\t\t<\/div>\n\t\t\t\t\t<\/div>\n\t\t\t\t\t\t\t\t\t<div class=\"elementor-grid-item\">\n\t\t\t\t\t\t<div\n\t\t\t\t\t\t\tclass=\"elementor-share-btn elementor-share-btn_email\"\n\t\t\t\t\t\t\trole=\"button\"\n\t\t\t\t\t\t\ttabindex=\"0\"\n\t\t\t\t\t\t\taria-label=\"Compartir en email\"\n\t\t\t\t\t\t>\n\t\t\t\t\t\t\t\t\t\t\t\t\t\t\t<span class=\"elementor-share-btn__icon\">\n\t\t\t\t\t\t\t\t<svg class=\"e-font-icon-svg e-fas-envelope\" viewBox=\"0 0 512 512\" xmlns=\"http:\/\/www.w3.org\/2000\/svg\"><path d=\"M502.3 190.8c3.9-3.1 9.7-.2 9.7 4.7V400c0 26.5-21.5 48-48 48H48c-26.5 0-48-21.5-48-48V195.6c0-5 5.7-7.8 9.7-4.7 22.4 17.4 52.1 39.5 154.1 113.6 21.1 15.4 56.7 47.8 92.2 47.6 35.7.3 72-32.8 92.3-47.6 102-74.1 131.6-96.3 154-113.7zM256 320c23.2.4 56.6-29.2 73.4-41.4 132.7-96.3 142.8-104.7 173.4-128.7 5.8-4.5 9.2-11.5 9.2-18.9v-19c0-26.5-21.5-48-48-48H48C21.5 64 0 85.5 0 112v19c0 7.4 3.4 14.3 9.2 18.9 30.6 23.9 40.7 32.4 173.4 128.7 16.8 12.2 50.2 41.8 73.4 41.4z\"><\/path><\/svg>\t\t\t\t\t\t\t<\/span>\n\t\t\t\t\t\t\t\t\t\t\t\t\t\t\t\t\t\t\t\t<\/div>\n\t\t\t\t\t<\/div>\n\t\t\t\t\t\t\t\t\t<div class=\"elementor-grid-item\">\n\t\t\t\t\t\t<div\n\t\t\t\t\t\t\tclass=\"elementor-share-btn elementor-share-btn_whatsapp\"\n\t\t\t\t\t\t\trole=\"button\"\n\t\t\t\t\t\t\ttabindex=\"0\"\n\t\t\t\t\t\t\taria-label=\"Compartir en whatsapp\"\n\t\t\t\t\t\t>\n\t\t\t\t\t\t\t\t\t\t\t\t\t\t\t<span class=\"elementor-share-btn__icon\">\n\t\t\t\t\t\t\t\t<svg class=\"e-font-icon-svg e-fab-whatsapp\" viewBox=\"0 0 448 512\" xmlns=\"http:\/\/www.w3.org\/2000\/svg\"><path d=\"M380.9 97.1C339 55.1 283.2 32 223.9 32c-122.4 0-222 99.6-222 222 0 39.1 10.2 77.3 29.6 111L0 480l117.7-30.9c32.4 17.7 68.9 27 106.1 27h.1c122.3 0 224.1-99.6 224.1-222 0-59.3-25.2-115-67.1-157zm-157 341.6c-33.2 0-65.7-8.9-94-25.7l-6.7-4-69.8 18.3L72 359.2l-4.4-7c-18.5-29.4-28.2-63.3-28.2-98.2 0-101.7 82.8-184.5 184.6-184.5 49.3 0 95.6 19.2 130.4 54.1 34.8 34.9 56.2 81.2 56.1 130.5 0 101.8-84.9 184.6-186.6 184.6zm101.2-138.2c-5.5-2.8-32.8-16.2-37.9-18-5.1-1.9-8.8-2.8-12.5 2.8-3.7 5.6-14.3 18-17.6 21.8-3.2 3.7-6.5 4.2-12 1.4-32.6-16.3-54-29.1-75.5-66-5.7-9.8 5.7-9.1 16.3-30.3 1.8-3.7.9-6.9-.5-9.7-1.4-2.8-12.5-30.1-17.1-41.2-4.5-10.8-9.1-9.3-12.5-9.5-3.2-.2-6.9-.2-10.6-.2-3.7 0-9.7 1.4-14.8 6.9-5.1 5.6-19.4 19-19.4 46.3 0 27.3 19.9 53.7 22.6 57.4 2.8 3.7 39.1 59.7 94.8 83.8 35.2 15.2 49 16.5 66.6 13.9 10.7-1.6 32.8-13.4 37.4-26.4 4.6-13 4.6-24.1 3.2-26.4-1.3-2.5-5-3.9-10.5-6.6z\"><\/path><\/svg>\t\t\t\t\t\t\t<\/span>\n\t\t\t\t\t\t\t\t\t\t\t\t\t\t\t\t\t\t\t\t<\/div>\n\t\t\t\t\t<\/div>\n\t\t\t\t\t\t<\/div>\n\t\t\t\t<\/div>\n\t\t\t\t<\/div>\n\t\t\t\t\t<\/div>\n\t\t<\/div>\n\t\t\t\t\t\t\t<\/div>\n\t\t<\/section>\n\t\t\t\t\t<\/div>\n\t\t<\/div>\n\t\t\t\t\t\t\t<\/div>\n\t\t<\/section>\n\t\t\t\t<section class=\"elementor-section elementor-top-section elementor-element elementor-element-64d99d27 elementor-section-boxed elementor-section-height-default elementor-section-height-default\" data-id=\"64d99d27\" data-element_type=\"section\" data-settings=\"{&quot;background_background&quot;:&quot;classic&quot;}\">\n\t\t\t\t\t\t<div class=\"elementor-container elementor-column-gap-default\">\n\t\t\t\t\t<div class=\"elementor-column elementor-col-100 elementor-top-column elementor-element elementor-element-46be9af\" data-id=\"46be9af\" data-element_type=\"column\">\n\t\t\t<div class=\"elementor-widget-wrap elementor-element-populated\">\n\t\t\t\t\t\t\t\t<section class=\"elementor-section elementor-inner-section elementor-element elementor-element-3da93bae elementor-section-boxed elementor-section-height-default elementor-section-height-default\" data-id=\"3da93bae\" data-element_type=\"section\">\n\t\t\t\t\t\t<div class=\"elementor-container elementor-column-gap-default\">\n\t\t\t\t\t<div class=\"elementor-column elementor-col-33 elementor-inner-column elementor-element elementor-element-455aa61c\" data-id=\"455aa61c\" data-element_type=\"column\">\n\t\t\t<div class=\"elementor-widget-wrap elementor-element-populated\">\n\t\t\t\t\t\t\t\t<div class=\"elementor-element elementor-element-564f0300 elementor-position-left elementor-vertical-align-middle elementor-view-default elementor-mobile-position-top elementor-widget elementor-widget-icon-box\" data-id=\"564f0300\" data-element_type=\"widget\" data-widget_type=\"icon-box.default\">\n\t\t\t\t<div class=\"elementor-widget-container\">\n\t\t\t<link rel=\"stylesheet\" href=\"https:\/\/amnistia.org.mx\/contenido\/wp-content\/plugins\/elementor\/assets\/css\/widget-icon-box.min.css\">\t\t<div class=\"elementor-icon-box-wrapper\">\n\t\t\t\t\t\t<div class=\"elementor-icon-box-icon\">\n\t\t\t\t<span class=\"elementor-icon elementor-animation-\" >\n\t\t\t\t<svg xmlns=\"http:\/\/www.w3.org\/2000\/svg\" width=\"82.818\" height=\"136.515\" viewBox=\"0 0 82.818 136.515\">\n  <g id=\"hand\" transform=\"translate(-100.695)\">\n    <g id=\"Grupo_115\" data-name=\"Grupo 115\" transform=\"translate(100.695)\">\n      <path id=\"Trazado_2550\" data-name=\"Trazado 2550\" d=\"M183.513,12.138H169.144V3.376H154.776V0H118.039V11.5l-12.581,1.44L100.695,48.2l24.481,31.943-1.455,56.37h8l1.354-52.429,9.461,2.58,2.105-7.719-13.028-3.553L109.07,45.975l3.484-25.8,13.225-1.515a4.07,4.07,0,0,1,2.265,7.692l-10,4.941V44.565l3.512.432c.226.028,22.659,3,23.3,21.184l8-.28c-.355-10.163-5.561-18.33-15.065-23.668q.238-.283.458-.581a11.163,11.163,0,0,0,10.622.048,11.16,11.16,0,0,0,15.071,2.964,11.16,11.16,0,0,0,11.582,3.347V67.423L168.9,80.686l.736,55.828h8l-.712-53.995,6.588-13.214V12.138Zm-57.473-1.5V8h6.367v4.317A12.016,12.016,0,0,0,126.04,10.636Zm6.368,24.4h0a3.184,3.184,0,0,1-6.161,1.129l5.34-2.638c.282-.139.555-.289.821-.447v1.955Zm11.183-.017a3.186,3.186,0,0,1-3.183-3.163V8h6.366V31.837h0A3.187,3.187,0,0,1,143.592,35.02Zm17.552.193h0a3.183,3.183,0,0,1-6.367,0V11.377h6.367V35.213Zm14.368,2.078a3.183,3.183,0,1,1-6.367,0V20.139h6.367V37.29Z\" transform=\"translate(-100.695)\"\/>\n    <\/g>\n  <\/g>\n<\/svg>\n\t\t\t\t<\/span>\n\t\t\t<\/div>\n\t\t\t\t\t\t<div class=\"elementor-icon-box-content\">\n\t\t\t\t<h3 class=\"elementor-icon-box-title\">\n\t\t\t\t\t<span  >\n\t\t\t\t\t\tDona\t\t\t\t\t<\/span>\n\t\t\t\t<\/h3>\n\t\t\t\t\t\t\t\t\t<p class=\"elementor-icon-box-description\">\n\t\t\t\t\t\tTrabajamos para exponer las violaciones de los derechos humanos, dando una luz de esperanza a quienes a\u00fan esperan justicia.\t\t\t\t\t<\/p>\n\t\t\t\t\t\t\t<\/div>\n\t\t<\/div>\n\t\t\t\t<\/div>\n\t\t\t\t<\/div>\n\t\t\t\t\t<\/div>\n\t\t<\/div>\n\t\t\t\t<div class=\"elementor-column elementor-col-33 elementor-inner-column elementor-element elementor-element-158f1895\" data-id=\"158f1895\" data-element_type=\"column\">\n\t\t\t<div class=\"elementor-widget-wrap elementor-element-populated\">\n\t\t\t\t\t\t\t\t<div class=\"elementor-element elementor-element-9a2135a elementor-position-left elementor-vertical-align-middle elementor-view-default elementor-mobile-position-top elementor-widget elementor-widget-icon-box\" data-id=\"9a2135a\" data-element_type=\"widget\" data-widget_type=\"icon-box.default\">\n\t\t\t\t<div class=\"elementor-widget-container\">\n\t\t\t\t\t<div class=\"elementor-icon-box-wrapper\">\n\t\t\t\t\t\t<div class=\"elementor-icon-box-icon\">\n\t\t\t\t<span class=\"elementor-icon elementor-animation-\" >\n\t\t\t\t<svg xmlns=\"http:\/\/www.w3.org\/2000\/svg\" width=\"134.598\" height=\"104.976\" viewBox=\"0 0 134.598 104.976\">\n  <g id=\"Amnesty_Icons_041\" data-name=\"Amnesty Icons 041\" transform=\"translate(-12.5 -23.49)\">\n    <rect id=\"Rect\u00e1ngulo_38\" data-name=\"Rect\u00e1ngulo 38\" width=\"22.879\" height=\"2.692\" transform=\"translate(23.267 77.351)\"\/>\n    <rect id=\"Rect\u00e1ngulo_39\" data-name=\"Rect\u00e1ngulo 39\" width=\"22.879\" height=\"2.692\" transform=\"translate(50.184 77.351)\"\/>\n    <rect id=\"Rect\u00e1ngulo_40\" data-name=\"Rect\u00e1ngulo 40\" width=\"22.879\" height=\"2.692\" transform=\"translate(23.267 82.734)\"\/>\n    <rect id=\"Rect\u00e1ngulo_41\" data-name=\"Rect\u00e1ngulo 41\" width=\"22.879\" height=\"2.692\" transform=\"translate(50.184 82.734)\"\/>\n    <rect id=\"Rect\u00e1ngulo_42\" data-name=\"Rect\u00e1ngulo 42\" width=\"22.879\" height=\"2.692\" transform=\"translate(23.267 88.118)\"\/>\n    <rect id=\"Rect\u00e1ngulo_43\" data-name=\"Rect\u00e1ngulo 43\" width=\"22.879\" height=\"2.692\" transform=\"translate(50.184 88.118)\"\/>\n    <rect id=\"Rect\u00e1ngulo_44\" data-name=\"Rect\u00e1ngulo 44\" width=\"22.879\" height=\"2.692\" transform=\"translate(23.267 93.501)\"\/>\n    <rect id=\"Rect\u00e1ngulo_45\" data-name=\"Rect\u00e1ngulo 45\" width=\"22.879\" height=\"2.692\" transform=\"translate(50.184 93.501)\"\/>\n    <rect id=\"Rect\u00e1ngulo_46\" data-name=\"Rect\u00e1ngulo 46\" width=\"22.879\" height=\"2.692\" transform=\"translate(23.267 98.884)\"\/>\n    <rect id=\"Rect\u00e1ngulo_47\" data-name=\"Rect\u00e1ngulo 47\" width=\"22.879\" height=\"2.692\" transform=\"translate(50.184 98.884)\"\/>\n    <rect id=\"Rect\u00e1ngulo_48\" data-name=\"Rect\u00e1ngulo 48\" width=\"22.879\" height=\"2.692\" transform=\"translate(23.267 104.268)\"\/>\n    <rect id=\"Rect\u00e1ngulo_49\" data-name=\"Rect\u00e1ngulo 49\" width=\"22.879\" height=\"2.692\" transform=\"translate(50.184 104.268)\"\/>\n    <rect id=\"Rect\u00e1ngulo_50\" data-name=\"Rect\u00e1ngulo 50\" width=\"22.879\" height=\"2.692\" transform=\"translate(86.522 77.351)\"\/>\n    <rect id=\"Rect\u00e1ngulo_51\" data-name=\"Rect\u00e1ngulo 51\" width=\"22.879\" height=\"2.692\" transform=\"translate(113.439 77.351)\"\/>\n    <rect id=\"Rect\u00e1ngulo_52\" data-name=\"Rect\u00e1ngulo 52\" width=\"22.879\" height=\"2.692\" transform=\"translate(86.522 82.734)\"\/>\n    <rect id=\"Rect\u00e1ngulo_53\" data-name=\"Rect\u00e1ngulo 53\" width=\"22.879\" height=\"2.692\" transform=\"translate(113.439 82.734)\"\/>\n    <rect id=\"Rect\u00e1ngulo_54\" data-name=\"Rect\u00e1ngulo 54\" width=\"22.879\" height=\"2.692\" transform=\"translate(86.522 88.118)\"\/>\n    <rect id=\"Rect\u00e1ngulo_55\" data-name=\"Rect\u00e1ngulo 55\" width=\"22.879\" height=\"2.692\" transform=\"translate(113.439 88.118)\"\/>\n    <rect id=\"Rect\u00e1ngulo_56\" data-name=\"Rect\u00e1ngulo 56\" width=\"22.879\" height=\"2.692\" transform=\"translate(86.522 93.501)\"\/>\n    <rect id=\"Rect\u00e1ngulo_57\" data-name=\"Rect\u00e1ngulo 57\" width=\"22.879\" height=\"2.692\" transform=\"translate(113.439 93.501)\"\/>\n    <rect id=\"Rect\u00e1ngulo_58\" data-name=\"Rect\u00e1ngulo 58\" width=\"22.879\" height=\"2.692\" transform=\"translate(86.522 98.884)\"\/>\n    <rect id=\"Rect\u00e1ngulo_59\" data-name=\"Rect\u00e1ngulo 59\" width=\"22.879\" height=\"2.692\" transform=\"translate(113.439 98.884)\"\/>\n    <rect id=\"Rect\u00e1ngulo_60\" data-name=\"Rect\u00e1ngulo 60\" width=\"22.879\" height=\"2.692\" transform=\"translate(86.522 104.268)\"\/>\n    <rect id=\"Rect\u00e1ngulo_61\" data-name=\"Rect\u00e1ngulo 61\" width=\"22.879\" height=\"2.692\" transform=\"translate(113.439 104.268)\"\/>\n    <rect id=\"Rect\u00e1ngulo_62\" data-name=\"Rect\u00e1ngulo 62\" width=\"43.067\" height=\"8.075\" rx=\"1\" transform=\"translate(23.267 41.013)\"\/>\n    <rect id=\"Rect\u00e1ngulo_63\" data-name=\"Rect\u00e1ngulo 63\" width=\"32.3\" height=\"8.075\" rx=\"1\" transform=\"translate(23.267 51.78)\"\/>\n    <path id=\"Trazado_47\" data-name=\"Trazado 47\" d=\"M147.085,24.836a1.346,1.346,0,0,0-1.346-1.346H83.83a5.383,5.383,0,0,0-4.038,1.871,5.383,5.383,0,0,0-4.038-1.871H13.846A1.356,1.356,0,0,0,12.5,24.836v96.9a1.346,1.346,0,0,0,1.346,1.346H71.96a4.011,4.011,0,0,0,3.8,5.383H83.83a4.01,4.01,0,0,0,3.8-5.383h58.127a1.356,1.356,0,0,0,1.346-1.346ZM15.192,26.182H75.755a2.692,2.692,0,0,1,2.692,2.692v91.518H15.192ZM83.83,120.391H81.138V28.873a2.692,2.692,0,0,1,2.692-2.692h60.563v94.209Z\" transform=\"translate(0)\"\/>\n    <rect id=\"Rect\u00e1ngulo_64\" data-name=\"Rect\u00e1ngulo 64\" width=\"49.796\" height=\"33.646\" rx=\"1\" transform=\"translate(86.522 35.63)\"\/>\n  <\/g>\n<\/svg>\n\t\t\t\t<\/span>\n\t\t\t<\/div>\n\t\t\t\t\t\t<div class=\"elementor-icon-box-content\">\n\t\t\t\t<h3 class=\"elementor-icon-box-title\">\n\t\t\t\t\t<span  >\n\t\t\t\t\t\tFirma nuestras peticiones\t\t\t\t\t<\/span>\n\t\t\t\t<\/h3>\n\t\t\t\t\t\t\t\t\t<p class=\"elementor-icon-box-description\">\n\t\t\t\t\t\tCon tu \ufb01rma podemos presentarnos frente a las autoridades no solo como Amnist\u00eda Internacional \u00a1sino como miles de personas exigen un mundo mejor!\n\n\t\t\t\t\t<\/p>\n\t\t\t\t\t\t\t<\/div>\n\t\t<\/div>\n\t\t\t\t<\/div>\n\t\t\t\t<\/div>\n\t\t\t\t\t<\/div>\n\t\t<\/div>\n\t\t\t\t<div class=\"elementor-column elementor-col-33 elementor-inner-column elementor-element elementor-element-132e6288\" data-id=\"132e6288\" data-element_type=\"column\">\n\t\t\t<div class=\"elementor-widget-wrap elementor-element-populated\">\n\t\t\t\t\t\t\t\t<div class=\"elementor-element elementor-element-224a6a16 elementor-position-left elementor-vertical-align-middle elementor-view-default elementor-mobile-position-top elementor-widget elementor-widget-icon-box\" data-id=\"224a6a16\" data-element_type=\"widget\" data-widget_type=\"icon-box.default\">\n\t\t\t\t<div class=\"elementor-widget-container\">\n\t\t\t\t\t<div class=\"elementor-icon-box-wrapper\">\n\t\t\t\t\t\t<div class=\"elementor-icon-box-icon\">\n\t\t\t\t<span class=\"elementor-icon elementor-animation-\" >\n\t\t\t\t<svg xmlns=\"http:\/\/www.w3.org\/2000\/svg\" id=\"tres-personas-icono\" width=\"92.484\" height=\"64.15\" viewBox=\"0 0 92.484 64.15\"><path id=\"Trazado_20\" data-name=\"Trazado 20\" d=\"M16.41,64.633c.406-2.073,1.2-2.229,3.238-2.229H32.875A14.279,14.279,0,0,1,33.5,60.57H19.666c-2.564,0-4.4.449-5.036,3.669L12.564,74.951c-.4,1.834-.461,4.21,2.527,5.723,1.411.706,5.313,2.449,7.518,3.421a2.343,2.343,0,0,0,3.118-1.247l1.061-2.522a2.331,2.331,0,0,0-.775-2.752l-4.538-3.146a.53.53,0,0,1-.184-.541L22.3,69.723a.913.913,0,0,0-.142-.984.924.924,0,0,0-1.61.48l-1.015,4.164a2.36,2.36,0,0,0,.922,2.449l4.492,3.183a.512.512,0,0,1,.148.615l-1.024,2.522a.515.515,0,0,1-.3.294.547.547,0,0,1-.415,0c-2.186-.963-6.06-2.66-7.379-3.357-1.78-.917-1.919-1.99-1.568-3.669Z\" transform=\"translate(-12.368 -30.273)\"><\/path><path id=\"Trazado_21\" data-name=\"Trazado 21\" d=\"M110.66,74.952l-2.048-10.7c-.636-3.265-2.472-3.669-5.036-3.669H89.74a11.876,11.876,0,0,1,.609,1.834h13.246c2.039,0,2.832.156,3.238,2.229l2.048,10.823c.351,1.688.212,2.752-1.568,3.669-1.365.7-5.239,2.394-7.379,3.357a.547.547,0,0,1-.415,0,.515.515,0,0,1-.3-.293l-1.052-2.522a.512.512,0,0,1,.148-.615l4.548-3.146a2.36,2.36,0,0,0,.922-2.449l-1.107-4.247a.922.922,0,1,0-1.78.422l1.005,4.164a.53.53,0,0,1-.184.541l-4.538,3.146a2.331,2.331,0,0,0-.775,2.752l1.052,2.522a2.343,2.343,0,0,0,3.118,1.247c2.2-.972,6.106-2.752,7.518-3.421C111.122,79.162,111.057,76.814,110.66,74.952Z\" transform=\"translate(-18.371 -30.274)\"><\/path><path id=\"Trazado_22\" data-name=\"Trazado 22\" d=\"M57.437,50.68a.923.923,0,0,0,1.218-.624l.535-2.091a2.744,2.744,0,0,0-1.125-3.045,6.448,6.448,0,1,1,6.807,0,2.743,2.743,0,0,0-1.07,3l.581,2.137a.923.923,0,0,0,1.218.624,11.981,11.981,0,1,0-8.117,0Z\" transform=\"translate(-15.253 -27.537)\"><\/path><path id=\"Trazado_23\" data-name=\"Trazado 23\" d=\"M86.629,54.456a.924.924,0,0,0,1.218-.6.916.916,0,0,0-.507-1.055,6.45,6.45,0,1,1,4.889,0,.916.916,0,0,0-.507,1.064h0a.924.924,0,0,0,1.218.6A8.249,8.249,0,0,0,89.562,38.58,8.36,8.36,0,0,0,81.5,46.761a8.254,8.254,0,0,0,5.129,7.7Z\" transform=\"translate(-17.732 -28.452)\"><\/path><path id=\"Trazado_24\" data-name=\"Trazado 24\" d=\"M30.666,54.477a.924.924,0,0,0,1.218-.6h0a.916.916,0,0,0-.507-1.055,6.45,6.45,0,1,1,4.9,0,.883.883,0,0,0-.042,1.615.927.927,0,0,0,.743.036A8.249,8.249,0,0,0,33.562,38.61,8.369,8.369,0,0,0,25.5,46.791a8.254,8.254,0,0,0,5.166,7.686Z\" transform=\"translate(-13.387 -28.454)\"><\/path><path id=\"Trazado_25\" data-name=\"Trazado 25\" d=\"M84.328,63.283a11.551,11.551,0,0,0-.609-2.22h0c-1.642-3.981-5.055-4.5-8-4.5h-31c-2.933,0-6.337.523-7.988,4.5h0a8.569,8.569,0,0,0-.341.972h0c-.111.394-.221.807-.314,1.266L33.143,78.893c-.36,1.7-1.439,6.842,4.391,9.8,2.048,1.036,7.7,3.54,10.894,4.953a4.862,4.862,0,0,0,6.457-2.559L57.1,87.01c.858-2.045-.48-3.962-2.278-5.283h-.111l-6.042-4.247,1.753-7.209a.917.917,0,0,0-.618-1.064l-3.69-.862H45.9a.922.922,0,0,0-.922.7l-1.421,5.842-.424,1.752a4.819,4.819,0,0,0,1.845,5h.065L51.057,85.8l-1.052,2.513c-5.027-2.174-8.625-3.834-9.99-4.512-1.67-.853-1.965-1.6-1.494-3.907L41.473,64.3c.415-2.11.775-2.284,3.247-2.284H75.667c2.472,0,2.841.174,3.247,2.265l2.961,15.748c.461,2.22.175,2.944-1.5,3.788-1.365.7-4.99,2.33-10,4.586l-1.052-2.55,6.014-4.127a.167.167,0,0,0,.065,0,4.783,4.783,0,0,0,1.845-5L75.4,69.1a.922.922,0,0,0-.922-.7h-.138l-3.69.853a.917.917,0,0,0-.627,1.073l1.706,7.154-6.042,4.247-.065.046a4.8,4.8,0,0,0-1.6,5.732l1.522,3.623a4.843,4.843,0,0,0,4.474,2.962,4.9,4.9,0,0,0,1.965-.44c3.182-1.4,8.828-3.916,10.885-4.962,5.839-2.953,4.75-8.126,4.409-9.759Z\" transform=\"translate(-13.955 -29.941)\"><\/path><\/svg>\t\t\t\t<\/span>\n\t\t\t<\/div>\n\t\t\t\t\t\t<div class=\"elementor-icon-box-content\">\n\t\t\t\t<h3 class=\"elementor-icon-box-title\">\n\t\t\t\t\t<span  >\n\t\t\t\t\t\tHazte miembro\t\t\t\t\t<\/span>\n\t\t\t\t<\/h3>\n\t\t\t\t\t\t\t\t\t<p class=\"elementor-icon-box-description\">\n\t\t\t\t\t\tAdem\u00e1s de donar, las personas que forman parte de la membres\u00eda cuentan con voz y voto para participar en las actividades de gobernanza de Amnist\u00eda Internacional Secci\u00f3n Mexicana.\t\t\t\t\t<\/p>\n\t\t\t\t\t\t\t<\/div>\n\t\t<\/div>\n\t\t\t\t<\/div>\n\t\t\t\t<\/div>\n\t\t\t\t\t<\/div>\n\t\t<\/div>\n\t\t\t\t\t\t\t<\/div>\n\t\t<\/section>\n\t\t\t\t\t<\/div>\n\t\t<\/div>\n\t\t\t\t\t\t\t<\/div>\n\t\t<\/section>\n\t\t\t\t\t\t\t<\/div>\n\t\t","protected":false},"excerpt":{"rendered":"<p>El acceso a un aborto seguro constituye un derecho que deber\u00eda poseer toda mujer, ni\u00f1a o persona que pueda quedarse embarazada. Su supresi\u00f3n provoca la violaci\u00f3n de m\u00faltiples derechos como &hellip;<\/p>\n<p class=\"read-more\"> <a class=\"\" href=\"https:\/\/amnistia.org.mx\/contenido\/index.php\/que-esta-pasando-con-el-derecho-al-aborto-en-el-mundo\/\"> <span class=\"screen-reader-text\">\u00bfQu\u00e9 est\u00e1 pasando con el derecho al aborto en el mundo?<\/span> Leer m\u00e1s &raquo;<\/a><\/p>\n","protected":false},"author":8,"featured_media":19419,"comment_status":"closed","ping_status":"closed","sticky":false,"template":"","format":"standard","meta":{"_uf_show_specific_survey":0,"_uf_disable_surveys":false,"site-sidebar-layout":"default","site-content-layout":"default","ast-global-header-display":"","ast-main-header-display":"","ast-hfb-above-header-display":"","ast-hfb-below-header-display":"","ast-hfb-mobile-header-display":"","site-post-title":"","ast-breadcrumbs-content":"","ast-featured-img":"","footer-sml-layout":"","theme-transparent-header-meta":"","adv-header-id-meta":"","stick-header-meta":"","header-above-stick-meta":"","header-main-stick-meta":"","header-below-stick-meta":""},"categories":[18],"tags":[25],"acf":[],"aioseo_notices":[],"yoast_head":"<!-- This site is optimized with the Yoast SEO plugin v14.5 - https:\/\/yoast.com\/wordpress\/plugins\/seo\/ -->\n<title>\u00bfQu\u00e9 est\u00e1 pasando con el derecho al aborto en el mundo?<\/title>\n<meta name=\"description\" content=\"El acceso a un aborto seguro constituye un derecho que deber\u00eda poseer toda mujer, ni\u00f1a o persona que pueda quedarse embarazada.\" \/>\n<meta name=\"robots\" content=\"index, follow\" \/>\n<meta name=\"googlebot\" content=\"index, follow, max-snippet:-1, max-image-preview:large, max-video-preview:-1\" \/>\n<meta name=\"bingbot\" content=\"index, follow, max-snippet:-1, max-image-preview:large, max-video-preview:-1\" \/>\n<link rel=\"canonical\" href=\"https:\/\/amnistia.org.mx\/contenido\/index.php\/que-esta-pasando-con-el-derecho-al-aborto-en-el-mundo\/\" \/>\n<meta property=\"og:locale\" content=\"es_MX\" \/>\n<meta property=\"og:type\" content=\"article\" \/>\n<meta property=\"og:title\" content=\"\u00bfQu\u00e9 est\u00e1 pasando con el derecho al aborto en el mundo?\" \/>\n<meta property=\"og:description\" content=\"El acceso a un aborto seguro constituye un derecho que deber\u00eda poseer toda mujer, ni\u00f1a o persona que pueda quedarse embarazada.\" \/>\n<meta property=\"og:url\" content=\"https:\/\/amnistia.org.mx\/contenido\/index.php\/que-esta-pasando-con-el-derecho-al-aborto-en-el-mundo\/\" \/>\n<meta property=\"og:site_name\" content=\"amnistia.org.mx\" \/>\n<meta property=\"article:published_time\" content=\"2022-09-30T15:04:00+00:00\" \/>\n<meta property=\"article:modified_time\" content=\"2022-09-30T20:56:53+00:00\" \/>\n<meta property=\"og:image\" content=\"https:\/\/amnistia.org.mx\/contenido\/wp-content\/uploads\/2022\/09\/BLOG-AMNIST\u00cdA-INTERNACIONAL-3.png\" \/>\n\t<meta property=\"og:image:width\" content=\"1600\" \/>\n\t<meta property=\"og:image:height\" content=\"900\" \/>\n<meta name=\"twitter:card\" content=\"summary_large_image\" \/>\n<script type=\"application\/ld+json\" class=\"yoast-schema-graph\">{\"@context\":\"https:\/\/schema.org\",\"@graph\":[{\"@type\":\"WebSite\",\"@id\":\"https:\/\/amnistia.org.mx\/contenido\/#website\",\"url\":\"https:\/\/amnistia.org.mx\/contenido\/\",\"name\":\"amnistia.org.mx\",\"description\":\"Nueva p\\u00e1gina de Amnist\\u00eda\",\"potentialAction\":[{\"@type\":\"SearchAction\",\"target\":\"https:\/\/amnistia.org.mx\/contenido\/?s={search_term_string}\",\"query-input\":\"required name=search_term_string\"}],\"inLanguage\":\"es-MX\"},{\"@type\":\"ImageObject\",\"@id\":\"https:\/\/amnistia.org.mx\/contenido\/index.php\/que-esta-pasando-con-el-derecho-al-aborto-en-el-mundo\/#primaryimage\",\"inLanguage\":\"es-MX\",\"url\":\"https:\/\/amnistia.org.mx\/contenido\/wp-content\/uploads\/2022\/09\/BLOG-AMNIST\\u00cdA-INTERNACIONAL-3.png\",\"width\":1600,\"height\":900},{\"@type\":\"WebPage\",\"@id\":\"https:\/\/amnistia.org.mx\/contenido\/index.php\/que-esta-pasando-con-el-derecho-al-aborto-en-el-mundo\/#webpage\",\"url\":\"https:\/\/amnistia.org.mx\/contenido\/index.php\/que-esta-pasando-con-el-derecho-al-aborto-en-el-mundo\/\",\"name\":\"\\u00bfQu\\u00e9 est\\u00e1 pasando con el derecho al aborto en el mundo?\",\"isPartOf\":{\"@id\":\"https:\/\/amnistia.org.mx\/contenido\/#website\"},\"primaryImageOfPage\":{\"@id\":\"https:\/\/amnistia.org.mx\/contenido\/index.php\/que-esta-pasando-con-el-derecho-al-aborto-en-el-mundo\/#primaryimage\"},\"datePublished\":\"2022-09-30T15:04:00+00:00\",\"dateModified\":\"2022-09-30T20:56:53+00:00\",\"author\":{\"@id\":\"https:\/\/amnistia.org.mx\/contenido\/#\/schema\/person\/2d2b29996a9513767aea81f8ae57bdeb\"},\"description\":\"El acceso a un aborto seguro constituye un derecho que deber\\u00eda poseer toda mujer, ni\\u00f1a o persona que pueda quedarse embarazada.\",\"breadcrumb\":{\"@id\":\"https:\/\/amnistia.org.mx\/contenido\/index.php\/que-esta-pasando-con-el-derecho-al-aborto-en-el-mundo\/#breadcrumb\"},\"inLanguage\":\"es-MX\",\"potentialAction\":[{\"@type\":\"ReadAction\",\"target\":[\"https:\/\/amnistia.org.mx\/contenido\/index.php\/que-esta-pasando-con-el-derecho-al-aborto-en-el-mundo\/\"]}]},{\"@type\":\"BreadcrumbList\",\"@id\":\"https:\/\/amnistia.org.mx\/contenido\/index.php\/que-esta-pasando-con-el-derecho-al-aborto-en-el-mundo\/#breadcrumb\",\"itemListElement\":[{\"@type\":\"ListItem\",\"position\":1,\"item\":{\"@type\":\"WebPage\",\"@id\":\"https:\/\/amnistia.org.mx\/contenido\/\",\"url\":\"https:\/\/amnistia.org.mx\/contenido\/\",\"name\":\"Home\"}},{\"@type\":\"ListItem\",\"position\":2,\"item\":{\"@type\":\"WebPage\",\"@id\":\"https:\/\/amnistia.org.mx\/contenido\/index.php\/que-esta-pasando-con-el-derecho-al-aborto-en-el-mundo\/\",\"url\":\"https:\/\/amnistia.org.mx\/contenido\/index.php\/que-esta-pasando-con-el-derecho-al-aborto-en-el-mundo\/\",\"name\":\"\\u00bfQu\\u00e9 est\\u00e1 pasando con el derecho al aborto en el mundo?\"}}]},{\"@type\":[\"Person\"],\"@id\":\"https:\/\/amnistia.org.mx\/contenido\/#\/schema\/person\/2d2b29996a9513767aea81f8ae57bdeb\",\"name\":\"Carolina Flores\",\"image\":{\"@type\":\"ImageObject\",\"@id\":\"https:\/\/amnistia.org.mx\/contenido\/#personlogo\",\"inLanguage\":\"es-MX\",\"url\":\"https:\/\/secure.gravatar.com\/avatar\/e2d29811923c60594035966b365ce272?s=96&d=mm&r=g\",\"caption\":\"Carolina Flores\"}}]}<\/script>\n<!-- \/ Yoast SEO plugin. -->","_links":{"self":[{"href":"https:\/\/amnistia.org.mx\/contenido\/index.php\/wp-json\/wp\/v2\/posts\/19418"}],"collection":[{"href":"https:\/\/amnistia.org.mx\/contenido\/index.php\/wp-json\/wp\/v2\/posts"}],"about":[{"href":"https:\/\/amnistia.org.mx\/contenido\/index.php\/wp-json\/wp\/v2\/types\/post"}],"author":[{"embeddable":true,"href":"https:\/\/amnistia.org.mx\/contenido\/index.php\/wp-json\/wp\/v2\/users\/8"}],"replies":[{"embeddable":true,"href":"https:\/\/amnistia.org.mx\/contenido\/index.php\/wp-json\/wp\/v2\/comments?post=19418"}],"version-history":[{"count":8,"href":"https:\/\/amnistia.org.mx\/contenido\/index.php\/wp-json\/wp\/v2\/posts\/19418\/revisions"}],"predecessor-version":[{"id":19464,"href":"https:\/\/amnistia.org.mx\/contenido\/index.php\/wp-json\/wp\/v2\/posts\/19418\/revisions\/19464"}],"wp:featuredmedia":[{"embeddable":true,"href":"https:\/\/amnistia.org.mx\/contenido\/index.php\/wp-json\/wp\/v2\/media\/19419"}],"wp:attachment":[{"href":"https:\/\/amnistia.org.mx\/contenido\/index.php\/wp-json\/wp\/v2\/media?parent=19418"}],"wp:term":[{"taxonomy":"category","embeddable":true,"href":"https:\/\/amnistia.org.mx\/contenido\/index.php\/wp-json\/wp\/v2\/categories?post=19418"},{"taxonomy":"post_tag","embeddable":true,"href":"https:\/\/amnistia.org.mx\/contenido\/index.php\/wp-json\/wp\/v2\/tags?post=19418"}],"curies":[{"name":"wp","href":"https:\/\/api.w.org\/{rel}","templated":true}]}}