
{"id":19537,"date":"2022-10-20T14:14:26","date_gmt":"2022-10-20T19:14:26","guid":{"rendered":"https:\/\/amnistia.org.mx\/contenido\/?p=19537"},"modified":"2022-10-20T14:34:21","modified_gmt":"2022-10-20T19:34:21","slug":"la-presidenta-del-congreso-de-san-luis-potosi-se-compromete-a-impulsar-la-creacion-de-una-fiscalia-especializada-en-feminicidios","status":"publish","type":"post","link":"https:\/\/amnistia.org.mx\/contenido\/index.php\/la-presidenta-del-congreso-de-san-luis-potosi-se-compromete-a-impulsar-la-creacion-de-una-fiscalia-especializada-en-feminicidios\/","title":{"rendered":"La Presidenta del Congreso de San Luis Potos\u00ed se compromete a impulsar la creaci\u00f3n de una Fiscal\u00eda Especializada en Feminicidios"},"content":{"rendered":"\n<ul><li>La convocatoria es apoyada por la Presidenta de la Comisi\u00f3n de Derechos Humanos del Congreso<\/li><\/ul>\n\n\n\n<ul><li>En reuni\u00f3n con las legisladoras Amnist\u00eda Internacional y la FJEDD destacaron que la nueva Fiscal\u00eda Especializada en Feminicidios debe contar con presupuesto suficiente para cumplir sus objetivos<\/li><\/ul>\n\n\n\n<p>En reuni\u00f3n efectuada ayer con personas representantes de Amnist\u00eda Internacional M\u00e9xico y de la Fundaci\u00f3n para la Justicia (FJEDD), la Presidenta del Congreso de San Luis Potos\u00ed, Mar\u00eda Aranzaz\u00fa Puente Bustindui y la Presidenta de la Comisi\u00f3n de Derechos Humanos del mismo, Gabriela Mart\u00ednez L\u00e1rraga, se comprometieron a convocar a las dem\u00e1s personas legisladoras para que se sumen a la propuesta de creaci\u00f3n de una Fiscal\u00eda Especializada en Feminicidios en el estado.<\/p>\n\n\n\n<p>Durante el encuentro, que se efectu\u00f3 de manera h\u00edbrida, se abord\u00f3 la importancia de contar con el presupuesto suficiente para la creaci\u00f3n de dicha Fiscal\u00eda. Adem\u00e1s, se hizo hincapi\u00e9 en que actualmente las investigaciones de feminicidios que se realizan son deficientes, por lo que es fundamental que la Fiscal\u00eda Especializada en Feminicidios dependa directamente del Fiscal General, ya que actualmente se cuenta con unidades de investigaci\u00f3n adscritas a las fiscal\u00edas e investigan diversos temas.<\/p>\n\n\n\n<p>Se record\u00f3 que actualmente los casos de feminicidio est\u00e1n radicados en la Unidad de Acceso a la Justicia y Feminicidios y en la Unidad de Homicidios y Feminicidios, donde no se cuenta con personal especializado en perspectiva de g\u00e9nero. Adem\u00e1s, ambas unidades pertenecen a la Vicefiscal\u00eda y no figuran en la ley org\u00e1nica de creaci\u00f3n de la Fiscal\u00eda General del Estado (FGESLP) ni en su Reglamento, por lo que al ser creadas por resoluci\u00f3n del Fiscal en uso de sus facultades (al igual que la UEMI), corren el riesgo de ser eliminadas en cualquier momento.<\/p>\n\n\n\n<p>La propuesta de creaci\u00f3n de la Fiscal\u00eda Especializada en Feminicidios fue hecha por las familias de v\u00edctimas de feminicidio, luego de que la FGESLP determinar\u00e1, el 18 de marzo de 2022, la desaparici\u00f3n de la Unidad Especializada, Multidisciplinaria e Itinerante en Materia de G\u00e9nero, en la Investigaci\u00f3n y Persecuci\u00f3n, Litigaci\u00f3n y Concentraci\u00f3n de Asuntos Relacionados con Muertes Violentas de Mujeres y Feminicidios (UEMI).<\/p>\n\n\n\n<p>\u201cLa Fiscal\u00eda Especializada es necesaria porque el objetivo de su creaci\u00f3n es que se apliquen, de manera adecuada, los protocolos espec\u00edficos que permitan dar seguimiento a los casos de feminicidio. Para ello debe contar con personal profesional y debidamente capacitado. Esa especializaci\u00f3n no la tienen las unidades investigadoras con que cuenta actualmente la FGESLP, de ah\u00ed la insistencia en su creaci\u00f3n\u201d, declar\u00f3 Edith Olivares Ferreto, Directora Ejecutiva de Amnist\u00eda Internacional M\u00e9xico.<\/p>\n\n\n\n<p>\u201cEs importante destacar que los estados del pa\u00eds tienen tambi\u00e9n la obligaci\u00f3n de contribuir, como parte del Estado mexicano, con las convenciones de Bel\u00e9m do Par\u00e1 o de la CEDAW, y las sentencias emitidas contra el Estado mexicano por la Corte Interamericana de Derechos Humanos (CoIDH). En este sentido, la creaci\u00f3n de la Fiscal\u00eda Especializada en Feminicidios es una contribuci\u00f3n importante a ese cumplimiento\u201d, precis\u00f3 Edith Olivares.<\/p>\n\n\n\n<p>\u201cLa creaci\u00f3n de una Fiscal\u00eda Especializada en Feminicidios no es un lujo, ni debe verse como un gasto innecesario o un aumento en la burocracia de la procuraci\u00f3n de justicia, como lo han manifestado algunos funcionarios estatales. Que el Congreso del Estado pugne por su creaci\u00f3n es poner o\u00eddos y sensibilidad a un reclamo social de la ciudadan\u00eda potosina.&nbsp; Es tambi\u00e9n un paso relevante para dar soluci\u00f3n a los m\u00e1s de 100 casos de muertes violentas de mujeres registrados en el estado, cuyas investigaciones presentan un gran rezago y para combatir la impunidad que ello genera\u201d, declar\u00f3 Yesenia Vald\u00e9z, coordinadora de Litigio Estrat\u00e9gico de la FJEDD.<\/p>\n\n\n\n<p>De acuerdo con datos del Secretariado Ejecutivo del Sistema Nacional de Seguridad P\u00fablica (SESNSP), en lo que respecta a SLP, del 1 de enero al 31 de agosto de 2022, se han asesinado 35 mujeres (feminicidios y homicidios dolosos).<\/p>\n\n\n\n<p>Adem\u00e1s, en el mismo periodo se registraron 2 mil 178 llamadas de emergencia relacionadas con incidentes de violencia contra la mujer en el Estado, lo que ubica a SLP en el lugar n\u00famero 18 a nivel federal.<\/p>\n\n\n\n<p>En la reuni\u00f3n efectuada ayer participaron, por parte de Amnist\u00eda Internacional, Andr\u00e9s Pacheco Pacheco, Subdirector de Derechos Humanos y Norma Gonz\u00e1lez Ben\u00edtez, Jefa de An\u00e1lisis e Incidencia; Yesenia Vald\u00e9z, coordinadora de Litigio Estrat\u00e9gico de la FJEDD; la Presidenta del Congreso de San Luis Potos\u00ed, Mar\u00eda Aranzazu Puente Bustindui; y la Presidenta de la Comisi\u00f3n de Derechos Humanos del Congreso del estado, Gabriela Mart\u00ednez L\u00e1rraga.<\/p>\n\n\n\n<p><strong>Para m\u00e1s informaci\u00f3n o para concertar una entrevista, contacte a:<\/strong><\/p>\n\n\n\n<p><strong><u>Alejandro Ju\u00e1rez Gamero<\/u><\/strong><\/p>\n\n\n\n<p>Amnist\u00eda Internacional M\u00e9xico<\/p>\n\n\n\n<p>prensa@amnist\u00eda.org.mx<\/p>\n\n\n\n<p>+52 55 2265 4331<\/p>\n\n\n\n<p><strong><u>Gabriela Guti\u00e9rrez M<\/u><\/strong><\/p>\n\n\n\n<p>Fundaci\u00f3n para la Justicia (FJEDD)<\/p>\n\n\n\n<p>comunicacion@fundacionjusticia.org<\/p>\n\n\n\n<p>+52 55 1068 6799<\/p>\n","protected":false},"excerpt":{"rendered":"<p>La convocatoria es apoyada por la Presidenta de la Comisi\u00f3n de Derechos Humanos del Congreso En reuni\u00f3n con las legisladoras Amnist\u00eda Internacional y la FJEDD destacaron que la nueva Fiscal\u00eda &hellip;<\/p>\n<p class=\"read-more\"> <a class=\"\" href=\"https:\/\/amnistia.org.mx\/contenido\/index.php\/la-presidenta-del-congreso-de-san-luis-potosi-se-compromete-a-impulsar-la-creacion-de-una-fiscalia-especializada-en-feminicidios\/\"> <span class=\"screen-reader-text\">La Presidenta del Congreso de San Luis Potos\u00ed se compromete a impulsar la creaci\u00f3n de una Fiscal\u00eda Especializada en Feminicidios<\/span> Leer m\u00e1s &raquo;<\/a><\/p>\n","protected":false},"author":4,"featured_media":19541,"comment_status":"closed","ping_status":"closed","sticky":false,"template":"","format":"standard","meta":{"_uf_show_specific_survey":0,"_uf_disable_surveys":false,"site-sidebar-layout":"default","site-content-layout":"default","ast-global-header-display":"","ast-main-header-display":"","ast-hfb-above-header-display":"","ast-hfb-below-header-display":"","ast-hfb-mobile-header-display":"","site-post-title":"","ast-breadcrumbs-content":"","ast-featured-img":"","footer-sml-layout":"","theme-transparent-header-meta":"","adv-header-id-meta":"","stick-header-meta":"","header-above-stick-meta":"","header-main-stick-meta":"","header-below-stick-meta":""},"categories":[20],"tags":[28],"acf":[],"aioseo_notices":[],"yoast_head":"<!-- This site is optimized with the Yoast SEO plugin v14.5 - https:\/\/yoast.com\/wordpress\/plugins\/seo\/ -->\n<title>La Presidenta del Congreso de San Luis Potos\u00ed se compromete a impulsar la creaci\u00f3n de una Fiscal\u00eda Especializada en Feminicidios - amnistia.org.mx<\/title>\n<meta name=\"description\" content=\"Amnist\u00eda Internacional y la FJEDD se reunen con legisladoras de SLP para impulsar creaci\u00f3n de Fiscal\u00eda Especializada en Feminicidios en ese estado.\" \/>\n<meta name=\"robots\" content=\"index, follow\" \/>\n<meta name=\"googlebot\" content=\"index, follow, max-snippet:-1, max-image-preview:large, max-video-preview:-1\" \/>\n<meta name=\"bingbot\" content=\"index, follow, max-snippet:-1, max-image-preview:large, max-video-preview:-1\" \/>\n<link rel=\"canonical\" href=\"https:\/\/amnistia.org.mx\/contenido\/index.php\/la-presidenta-del-congreso-de-san-luis-potosi-se-compromete-a-impulsar-la-creacion-de-una-fiscalia-especializada-en-feminicidios\/\" \/>\n<meta property=\"og:locale\" content=\"es_MX\" \/>\n<meta property=\"og:type\" content=\"article\" \/>\n<meta property=\"og:title\" content=\"La Presidenta del Congreso de San Luis Potos\u00ed se compromete a impulsar la creaci\u00f3n de una Fiscal\u00eda Especializada en Feminicidios - amnistia.org.mx\" \/>\n<meta property=\"og:description\" content=\"Amnist\u00eda Internacional y la FJEDD se reunen con legisladoras de SLP para impulsar creaci\u00f3n de Fiscal\u00eda Especializada en Feminicidios en ese estado.\" \/>\n<meta property=\"og:url\" content=\"https:\/\/amnistia.org.mx\/contenido\/index.php\/la-presidenta-del-congreso-de-san-luis-potosi-se-compromete-a-impulsar-la-creacion-de-una-fiscalia-especializada-en-feminicidios\/\" \/>\n<meta property=\"og:site_name\" content=\"amnistia.org.mx\" \/>\n<meta property=\"article:published_time\" content=\"2022-10-20T19:14:26+00:00\" \/>\n<meta property=\"article:modified_time\" content=\"2022-10-20T19:34:21+00:00\" \/>\n<meta property=\"og:image\" content=\"https:\/\/amnistia.org.mx\/contenido\/wp-content\/uploads\/2022\/10\/Foto-ajustada-3.jpg\" \/>\n\t<meta property=\"og:image:width\" content=\"650\" \/>\n\t<meta property=\"og:image:height\" content=\"364\" \/>\n<meta name=\"twitter:card\" content=\"summary_large_image\" \/>\n<script type=\"application\/ld+json\" class=\"yoast-schema-graph\">{\"@context\":\"https:\/\/schema.org\",\"@graph\":[{\"@type\":\"WebSite\",\"@id\":\"https:\/\/amnistia.org.mx\/contenido\/#website\",\"url\":\"https:\/\/amnistia.org.mx\/contenido\/\",\"name\":\"amnistia.org.mx\",\"description\":\"Nueva p\\u00e1gina de Amnist\\u00eda\",\"potentialAction\":[{\"@type\":\"SearchAction\",\"target\":\"https:\/\/amnistia.org.mx\/contenido\/?s={search_term_string}\",\"query-input\":\"required name=search_term_string\"}],\"inLanguage\":\"es-MX\"},{\"@type\":\"ImageObject\",\"@id\":\"https:\/\/amnistia.org.mx\/contenido\/index.php\/la-presidenta-del-congreso-de-san-luis-potosi-se-compromete-a-impulsar-la-creacion-de-una-fiscalia-especializada-en-feminicidios\/#primaryimage\",\"inLanguage\":\"es-MX\",\"url\":\"https:\/\/amnistia.org.mx\/contenido\/wp-content\/uploads\/2022\/10\/Foto-ajustada-3.jpg\",\"width\":650,\"height\":364},{\"@type\":\"WebPage\",\"@id\":\"https:\/\/amnistia.org.mx\/contenido\/index.php\/la-presidenta-del-congreso-de-san-luis-potosi-se-compromete-a-impulsar-la-creacion-de-una-fiscalia-especializada-en-feminicidios\/#webpage\",\"url\":\"https:\/\/amnistia.org.mx\/contenido\/index.php\/la-presidenta-del-congreso-de-san-luis-potosi-se-compromete-a-impulsar-la-creacion-de-una-fiscalia-especializada-en-feminicidios\/\",\"name\":\"La Presidenta del Congreso de San Luis Potos\\u00ed se compromete a impulsar la creaci\\u00f3n de una Fiscal\\u00eda Especializada en Feminicidios - amnistia.org.mx\",\"isPartOf\":{\"@id\":\"https:\/\/amnistia.org.mx\/contenido\/#website\"},\"primaryImageOfPage\":{\"@id\":\"https:\/\/amnistia.org.mx\/contenido\/index.php\/la-presidenta-del-congreso-de-san-luis-potosi-se-compromete-a-impulsar-la-creacion-de-una-fiscalia-especializada-en-feminicidios\/#primaryimage\"},\"datePublished\":\"2022-10-20T19:14:26+00:00\",\"dateModified\":\"2022-10-20T19:34:21+00:00\",\"author\":{\"@id\":\"https:\/\/amnistia.org.mx\/contenido\/#\/schema\/person\/7db421c495688267ce8ede4625c17fa5\"},\"description\":\"Amnist\\u00eda Internacional y la FJEDD se reunen con legisladoras de SLP para impulsar creaci\\u00f3n de Fiscal\\u00eda Especializada en Feminicidios en ese estado.\",\"breadcrumb\":{\"@id\":\"https:\/\/amnistia.org.mx\/contenido\/index.php\/la-presidenta-del-congreso-de-san-luis-potosi-se-compromete-a-impulsar-la-creacion-de-una-fiscalia-especializada-en-feminicidios\/#breadcrumb\"},\"inLanguage\":\"es-MX\",\"potentialAction\":[{\"@type\":\"ReadAction\",\"target\":[\"https:\/\/amnistia.org.mx\/contenido\/index.php\/la-presidenta-del-congreso-de-san-luis-potosi-se-compromete-a-impulsar-la-creacion-de-una-fiscalia-especializada-en-feminicidios\/\"]}]},{\"@type\":\"BreadcrumbList\",\"@id\":\"https:\/\/amnistia.org.mx\/contenido\/index.php\/la-presidenta-del-congreso-de-san-luis-potosi-se-compromete-a-impulsar-la-creacion-de-una-fiscalia-especializada-en-feminicidios\/#breadcrumb\",\"itemListElement\":[{\"@type\":\"ListItem\",\"position\":1,\"item\":{\"@type\":\"WebPage\",\"@id\":\"https:\/\/amnistia.org.mx\/contenido\/\",\"url\":\"https:\/\/amnistia.org.mx\/contenido\/\",\"name\":\"Home\"}},{\"@type\":\"ListItem\",\"position\":2,\"item\":{\"@type\":\"WebPage\",\"@id\":\"https:\/\/amnistia.org.mx\/contenido\/index.php\/la-presidenta-del-congreso-de-san-luis-potosi-se-compromete-a-impulsar-la-creacion-de-una-fiscalia-especializada-en-feminicidios\/\",\"url\":\"https:\/\/amnistia.org.mx\/contenido\/index.php\/la-presidenta-del-congreso-de-san-luis-potosi-se-compromete-a-impulsar-la-creacion-de-una-fiscalia-especializada-en-feminicidios\/\",\"name\":\"La Presidenta del Congreso de San Luis Potos\\u00ed se compromete a impulsar la creaci\\u00f3n de una Fiscal\\u00eda Especializada en Feminicidios\"}}]},{\"@type\":[\"Person\"],\"@id\":\"https:\/\/amnistia.org.mx\/contenido\/#\/schema\/person\/7db421c495688267ce8ede4625c17fa5\",\"name\":\"Alejandro Ju\\u00e1rez Gamero\",\"image\":{\"@type\":\"ImageObject\",\"@id\":\"https:\/\/amnistia.org.mx\/contenido\/#personlogo\",\"inLanguage\":\"es-MX\",\"url\":\"https:\/\/secure.gravatar.com\/avatar\/e312d5566d1c3ffb56f86415d6f0e606?s=96&d=mm&r=g\",\"caption\":\"Alejandro Ju\\u00e1rez Gamero\"}}]}<\/script>\n<!-- \/ Yoast SEO plugin. -->","_links":{"self":[{"href":"https:\/\/amnistia.org.mx\/contenido\/index.php\/wp-json\/wp\/v2\/posts\/19537"}],"collection":[{"href":"https:\/\/amnistia.org.mx\/contenido\/index.php\/wp-json\/wp\/v2\/posts"}],"about":[{"href":"https:\/\/amnistia.org.mx\/contenido\/index.php\/wp-json\/wp\/v2\/types\/post"}],"author":[{"embeddable":true,"href":"https:\/\/amnistia.org.mx\/contenido\/index.php\/wp-json\/wp\/v2\/users\/4"}],"replies":[{"embeddable":true,"href":"https:\/\/amnistia.org.mx\/contenido\/index.php\/wp-json\/wp\/v2\/comments?post=19537"}],"version-history":[{"count":4,"href":"https:\/\/amnistia.org.mx\/contenido\/index.php\/wp-json\/wp\/v2\/posts\/19537\/revisions"}],"predecessor-version":[{"id":19542,"href":"https:\/\/amnistia.org.mx\/contenido\/index.php\/wp-json\/wp\/v2\/posts\/19537\/revisions\/19542"}],"wp:featuredmedia":[{"embeddable":true,"href":"https:\/\/amnistia.org.mx\/contenido\/index.php\/wp-json\/wp\/v2\/media\/19541"}],"wp:attachment":[{"href":"https:\/\/amnistia.org.mx\/contenido\/index.php\/wp-json\/wp\/v2\/media?parent=19537"}],"wp:term":[{"taxonomy":"category","embeddable":true,"href":"https:\/\/amnistia.org.mx\/contenido\/index.php\/wp-json\/wp\/v2\/categories?post=19537"},{"taxonomy":"post_tag","embeddable":true,"href":"https:\/\/amnistia.org.mx\/contenido\/index.php\/wp-json\/wp\/v2\/tags?post=19537"}],"curies":[{"name":"wp","href":"https:\/\/api.w.org\/{rel}","templated":true}]}}