
{"id":19555,"date":"2022-10-24T12:31:10","date_gmt":"2022-10-24T17:31:10","guid":{"rendered":"https:\/\/amnistia.org.mx\/contenido\/?p=19555"},"modified":"2022-10-24T12:35:20","modified_gmt":"2022-10-24T17:35:20","slug":"a-10-anos-de-su-feminicidio-mas-de-66-mil-personas-de-diversos-paises-demandan-justicia-para-karla-pontigo","status":"publish","type":"post","link":"https:\/\/amnistia.org.mx\/contenido\/index.php\/a-10-anos-de-su-feminicidio-mas-de-66-mil-personas-de-diversos-paises-demandan-justicia-para-karla-pontigo\/","title":{"rendered":"A 10 a\u00f1os de su feminicidio, m\u00e1s de 66 mil personas de diversos pa\u00edses demandan justicia para Karla Pontigo"},"content":{"rendered":"\n<ul><li>El caso de la joven es conocido en el mundo gracias a la campa\u00f1a&nbsp; <strong>#10A\u00f1osSinKarla,<\/strong> que impulsa Amnist\u00eda Internacional con el apoyo de la FJEDD<\/li><\/ul>\n\n\n\n<ul><li>Las irregularidades cometidas al investigar este caso han impedido que la familia tenga acceso a la verdad y a la justicia<\/li><\/ul>\n\n\n\n<p>Amnist\u00eda Internacional y la Fundaci\u00f3n para la Justicia (FJEDD) entregaron hoy, al Subsecretario de Derechos Humanos y Asuntos Jur\u00eddicos, \u00c1ngel Santiago Hern\u00e1ndez, en ausencia del gobernador Ricardo Gallardo Cardona, 66 mil 98 firmas de personas que suscribieron la petici\u00f3n de la campa\u00f1a internacional <strong>#10A\u00f1osSinKarla<\/strong>, en la que se exige justicia para Karla Pontigo y su familia. La joven fue v\u00edctima de feminicidio el 28 de octubre de 2012.<\/p>\n\n\n\n<p>La campa\u00f1a es una de las diversas actividades que ha llevado a cabo Amnist\u00eda Internacional M\u00e9xico, desde que empez\u00f3 a acompa\u00f1ar el caso de la joven en el a\u00f1o 2016. Las 66 mil 98 firmas entregadas hoy al Subsecretario de Gobierno provienen de M\u00e9xico y B\u00e9lgica. A ellas se sumar\u00e1n otras provenientes de Francia, Canad\u00e1 y Paraguay. De esta forma el feminicidio de Karla Pontigo es conocido ya en diversos pa\u00edses.<\/p>\n\n\n\n<p>La petici\u00f3n que incluye la campa\u00f1a <strong>#10A\u00f1osSinKarla<\/strong> insta al gobierno del estado de San Luis Potos\u00ed a que repare de manera integral el da\u00f1o a la familia de Karla Pontigo; a la Fiscal\u00eda General de la Rep\u00fablica (FGR) \u2013que atrajo el caso en febrero de 2022\u2013, que investigue las irregularidades cometidas por las autoridades que hicieron la primer investigaci\u00f3n del mismo y que impidieron el acceso a la justicia para la familia de la v\u00edctima, y a la Fiscal\u00eda General de San Luis Potos\u00ed a que integre una Fiscal\u00eda Especializada en Feminicidios.<\/p>\n\n\n\n<p>\u201cHan pasado diez largos a\u00f1os desde que se cometi\u00f3 el feminicidio de Karla sin que haya justicia para ella y su familia. Las irregularidades cometidas por las autoridades al investigar este caso son la causa de esa impunidad y tambi\u00e9n son el reflejo de lo que pasa con miles de feminicidios en M\u00e9xico. Esas falencias infligen a las familias de las v\u00edctimas una angustia permanente, dolor y las sume en un largo duelo, a lo que se suma la revictimizaci\u00f3n de parte de las autoridades\u201d, declar\u00f3 Edith Olivares Ferreto, Directora Ejecutiva de Amnist\u00eda Internacional M\u00e9xico.<\/p>\n\n\n\n<p>\u201cUna de las exigencias de la petici\u00f3n de la campa\u00f1a <strong>#10A\u00f1osSinKarla<\/strong> tiene que ver justamente con la necesidad de que haya una Fiscal\u00eda Especializada en Feminicidios en San Luis Potos\u00ed. \u00c9sta debe contar con personal capacitado en perspectiva de g\u00e9nero, tema fundamental en toda investigaci\u00f3n de feminicidios, el cual debe trabajar de manera diligente, profesional y tener a su disposici\u00f3n la infraestructura y los elementos para efectuar investigaciones que garanticen a las familias de las v\u00edctimas acceso a la verdad, a la justicia y a una reparaci\u00f3n integral del da\u00f1o\u201d, precis\u00f3 Edith Olivares Ferreto.<\/p>\n\n\n\n<p>Las m\u00e1s de 65 mil firmas que el d\u00eda de hoy se entregan dejan un doble mensaje: el primero -como ya se dijo, pero es necesario repetirlo hasta que se haga justicia- que son <strong>10 a\u00f1os ya<\/strong> <strong>que asesinaron a Karla,<\/strong> que a Karla, una joven estudiante de San Luis Potos\u00ed, le arrancaron su vida y a\u00fan, al d\u00eda de hoy, <strong>no hay nadie en la c\u00e1rcel sentenciado por su infame asesinato<\/strong>, que su madre, la se\u00f1ora Esperanza tard\u00f3 10 a\u00f1os luchando para que, por fin, se est\u00e9 realizando una investigaci\u00f3n exhaustiva sobre los hechos y los responsables del feminicidio de Karla, declar\u00f3 Yesenia Vald\u00e9z, coordinadora de Litigio Estrat\u00e9gico de la FJEDD.<\/p>\n\n\n\n<p>Y el segundo mensaje que env\u00edan con sus firmas las miles de personas de distintos pa\u00edses a las autoridades de San Luis Potos\u00ed, es que se debe frenar la impunidad en la que se encuentran actualmente m\u00e1s de 110 casos de muertes violentas de mujeres, provocada por la ineficacia e ineptitud en la investigaci\u00f3n de los mismos, por parte de la FGSLP. El reclamo de estas firmas son voces que gritan en todo San Luis Potos\u00ed \u00a1Basta, no queremos m\u00e1s madres luchando a\u00f1os y a\u00f1os para arrancar un poco de justicia para las hijas, esposas y madres de los Potosino! Esto solo se lograr\u00e1 si existe una Fiscal\u00eda Especializada en Investigaci\u00f3n de Feminicidios constitu\u00edda con profesionales capaces y comprometidos con la verdad y la justicia, precis\u00f3 Yesenia Vald\u00e9z.<\/p>\n\n\n\n<p>En el marco de la entrega de firmas, activistas de Amnist\u00eda Internacional en San Luis Potos\u00ed llevaron a cabo tambi\u00e9n una activaci\u00f3n que consisti\u00f3 en instalar una ofrenda y cruces color de rosa, para honrar la memoria de Karla Pontigo y de las mujeres v\u00edctimas de feminicidio en el estado.<\/p>\n\n\n\n<p><strong>Antecedentes<\/strong><\/p>\n\n\n\n<p>El feminicidio de Karla Pontigo fue cometido la noche del 28 de octubre de 2012. Su hermano fue a buscarla a la discoteca donde trabajaba los fines de semana. Al llegar, la encontr\u00f3 en el suelo, gravemente herida y sin poder comunicarse. Karla muri\u00f3 en la madrugada del 29 de octubre en el hospital debido a las graves lesiones en su cuerpo.<\/p>\n\n\n\n<p>La entonces Procuradur\u00eda General de Justicia de San Luis Potos\u00ed (PGJSLP) \u2013hoy Fiscal\u00eda\u2013 cometi\u00f3 diversas irregularidades en la investigaci\u00f3n de la muerte violenta de Karla:<\/p>\n\n\n\n<ul><li>No protegi\u00f3 debidamente la escena del crimen y esto hizo que el \u00e1rea fuera limpiada;<\/li><li>No tom\u00f3 fotograf\u00edas de la escena del crimen;<\/li><li>Tampoco protegi\u00f3 la cadena de custodia de las muestras y las pruebas;<\/li><li>Neg\u00f3 a la familia acceso al expediente desde el primer momento;<\/li><li>Perdi\u00f3 las pruebas que pod\u00edan establecer si Karla hab\u00eda sufrido agresi\u00f3n sexual;<\/li><li>No tom\u00f3 en cuenta las pruebas del acoso sexual y violencia psicol\u00f3gica que sufr\u00eda Karla por parte de su jefe.<\/li><\/ul>\n\n\n\n<p>El caso est\u00e1 actualmente en la Fiscal\u00eda General de la Rep\u00fablica, que lo atrajo en febrero de 2022, luego de que el Juzgado Primero de Distrito en San Luis Potos\u00ed se pronunciara por la existencia de conflicto de inter\u00e9s, por parte de la Fiscal\u00eda General del Estado de San Luis Potos\u00ed (FGESLP) para investigar y traer justicia en el caso.<\/p>\n\n\n\n<p><strong>Informaci\u00f3n adicional<\/strong>:<\/p>\n\n\n\n<p><a href=\"https:\/\/amnistia.org.mx\/contenido\/index.php\/amnistia-internacional-lanza-la-campana-10anossinkarla-joven-victima-de-feminicidio-en-san-luis-potosi\/\">Amnist\u00eda Internacional lanza campa\u00f1a #DiezA\u00f1osSinKarla<\/a><\/p>\n\n\n\n<p><a href=\"https:\/\/amnistia.org.mx\/contenido\/index.php\/fgr-atrae-el-caso-del-feminicidio-de-karla-pontigo\/\">Fiscal\u00eda General de la Rep\u00fablica atrae el caso de feminicidio de la joven Karla Pontigo<\/a><\/p>\n\n\n\n<p><a href=\"https:\/\/amnistia.org.mx\/contenido\/index.php\/carta-abierta-ante-la-posible-desaparicion-de-la-unidad-especializada-multidisciplinaria-e-itinerante-en-materia-de-genero-uemi-en-la-fiscalia-de-san-luis-potosi\/\">Fiscal\u00eda General del Estado de San Luis Potos\u00ed determina desaparici\u00f3n de la UEMI<\/a><\/p>\n\n\n\n<p><a href=\"https:\/\/amnistia.org.mx\/contenido\/index.php\/amnistia-internacional-y-la-fjedd-destacan-la-necesidad-de-crear-en-san-luis-potosi-una-fiscalia-especializada-en-feminicidios\/\">Necesidad de crear en San Luis Potos\u00ed una fiscal\u00eda especializada en Feminicidios<\/a><\/p>\n\n\n\n<p><strong>Contacto para mayor informaci\u00f3n<\/strong><\/p>\n\n\n\n<p><strong>Alejandro Ju\u00e1rez Gamero<\/strong><\/p>\n\n\n\n<p>Prensa de Amnist\u00eda Internacional<\/p>\n\n\n\n<p>prensa@amnistia.org.mx<\/p>\n\n\n\n<p>+52 55 2265 4331<\/p>\n\n\n\n<p><strong>Gabriela Guti\u00e9rrez M<\/strong><\/p>\n\n\n\n<p>Fundaci\u00f3n para la Justicia (FJEDD)<\/p>\n\n\n\n<p>comunicacion@fundacionjusticia.org<\/p>\n\n\n\n<p>+52 55 1068 6799<\/p>\n","protected":false},"excerpt":{"rendered":"<p>El caso de la joven es conocido en el mundo gracias a la campa\u00f1a&nbsp; #10A\u00f1osSinKarla, que impulsa Amnist\u00eda Internacional con el apoyo de la FJEDD Las irregularidades cometidas al investigar &hellip;<\/p>\n<p class=\"read-more\"> <a class=\"\" href=\"https:\/\/amnistia.org.mx\/contenido\/index.php\/a-10-anos-de-su-feminicidio-mas-de-66-mil-personas-de-diversos-paises-demandan-justicia-para-karla-pontigo\/\"> <span class=\"screen-reader-text\">A 10 a\u00f1os de su feminicidio, m\u00e1s de 66 mil personas de diversos pa\u00edses demandan justicia para Karla Pontigo<\/span> Leer m\u00e1s &raquo;<\/a><\/p>\n","protected":false},"author":4,"featured_media":19556,"comment_status":"closed","ping_status":"closed","sticky":false,"template":"","format":"standard","meta":{"_uf_show_specific_survey":0,"_uf_disable_surveys":false,"site-sidebar-layout":"default","site-content-layout":"default","ast-global-header-display":"","ast-main-header-display":"","ast-hfb-above-header-display":"","ast-hfb-below-header-display":"","ast-hfb-mobile-header-display":"","site-post-title":"","ast-breadcrumbs-content":"","ast-featured-img":"","footer-sml-layout":"","theme-transparent-header-meta":"","adv-header-id-meta":"","stick-header-meta":"","header-above-stick-meta":"","header-main-stick-meta":"","header-below-stick-meta":""},"categories":[20],"tags":[28],"acf":[],"aioseo_notices":[],"yoast_head":"<!-- This site is optimized with the Yoast SEO plugin v14.5 - https:\/\/yoast.com\/wordpress\/plugins\/seo\/ -->\n<title>A 10 a\u00f1os de su feminicidio, m\u00e1s de 66 mil personas de diversos pa\u00edses demandan justicia para Karla Pontigo - amnistia.org.mx<\/title>\n<meta name=\"description\" content=\"Amnist\u00eda Internacional entreg\u00f3 a autoridadesde San Luis Potos\u00ed 66 mil 98 firmas de la petici\u00f3n de la campa\u00f1a internacional #10A\u00f1osSinKarla\" \/>\n<meta name=\"robots\" content=\"index, follow\" \/>\n<meta name=\"googlebot\" content=\"index, follow, max-snippet:-1, max-image-preview:large, max-video-preview:-1\" \/>\n<meta name=\"bingbot\" content=\"index, follow, max-snippet:-1, max-image-preview:large, max-video-preview:-1\" \/>\n<link rel=\"canonical\" href=\"https:\/\/amnistia.org.mx\/contenido\/index.php\/a-10-anos-de-su-feminicidio-mas-de-66-mil-personas-de-diversos-paises-demandan-justicia-para-karla-pontigo\/\" \/>\n<meta property=\"og:locale\" content=\"es_MX\" \/>\n<meta property=\"og:type\" content=\"article\" \/>\n<meta property=\"og:title\" content=\"A 10 a\u00f1os de su feminicidio, m\u00e1s de 66 mil personas de diversos pa\u00edses demandan justicia para Karla Pontigo - amnistia.org.mx\" \/>\n<meta property=\"og:description\" content=\"Amnist\u00eda Internacional entreg\u00f3 a autoridadesde San Luis Potos\u00ed 66 mil 98 firmas de la petici\u00f3n de la campa\u00f1a internacional #10A\u00f1osSinKarla\" \/>\n<meta property=\"og:url\" content=\"https:\/\/amnistia.org.mx\/contenido\/index.php\/a-10-anos-de-su-feminicidio-mas-de-66-mil-personas-de-diversos-paises-demandan-justicia-para-karla-pontigo\/\" \/>\n<meta property=\"og:site_name\" content=\"amnistia.org.mx\" \/>\n<meta property=\"article:published_time\" content=\"2022-10-24T17:31:10+00:00\" \/>\n<meta property=\"article:modified_time\" content=\"2022-10-24T17:35:20+00:00\" \/>\n<meta property=\"og:image\" content=\"https:\/\/amnistia.org.mx\/contenido\/wp-content\/uploads\/2022\/10\/Foto-entrega-de-firmas-ajustada.jpg\" \/>\n\t<meta property=\"og:image:width\" content=\"650\" \/>\n\t<meta property=\"og:image:height\" content=\"433\" \/>\n<meta name=\"twitter:card\" content=\"summary_large_image\" \/>\n<script type=\"application\/ld+json\" class=\"yoast-schema-graph\">{\"@context\":\"https:\/\/schema.org\",\"@graph\":[{\"@type\":\"WebSite\",\"@id\":\"https:\/\/amnistia.org.mx\/contenido\/#website\",\"url\":\"https:\/\/amnistia.org.mx\/contenido\/\",\"name\":\"amnistia.org.mx\",\"description\":\"Nueva p\\u00e1gina de Amnist\\u00eda\",\"potentialAction\":[{\"@type\":\"SearchAction\",\"target\":\"https:\/\/amnistia.org.mx\/contenido\/?s={search_term_string}\",\"query-input\":\"required name=search_term_string\"}],\"inLanguage\":\"es-MX\"},{\"@type\":\"ImageObject\",\"@id\":\"https:\/\/amnistia.org.mx\/contenido\/index.php\/a-10-anos-de-su-feminicidio-mas-de-66-mil-personas-de-diversos-paises-demandan-justicia-para-karla-pontigo\/#primaryimage\",\"inLanguage\":\"es-MX\",\"url\":\"https:\/\/amnistia.org.mx\/contenido\/wp-content\/uploads\/2022\/10\/Foto-entrega-de-firmas-ajustada.jpg\",\"width\":650,\"height\":433},{\"@type\":\"WebPage\",\"@id\":\"https:\/\/amnistia.org.mx\/contenido\/index.php\/a-10-anos-de-su-feminicidio-mas-de-66-mil-personas-de-diversos-paises-demandan-justicia-para-karla-pontigo\/#webpage\",\"url\":\"https:\/\/amnistia.org.mx\/contenido\/index.php\/a-10-anos-de-su-feminicidio-mas-de-66-mil-personas-de-diversos-paises-demandan-justicia-para-karla-pontigo\/\",\"name\":\"A 10 a\\u00f1os de su feminicidio, m\\u00e1s de 66 mil personas de diversos pa\\u00edses demandan justicia para Karla Pontigo - amnistia.org.mx\",\"isPartOf\":{\"@id\":\"https:\/\/amnistia.org.mx\/contenido\/#website\"},\"primaryImageOfPage\":{\"@id\":\"https:\/\/amnistia.org.mx\/contenido\/index.php\/a-10-anos-de-su-feminicidio-mas-de-66-mil-personas-de-diversos-paises-demandan-justicia-para-karla-pontigo\/#primaryimage\"},\"datePublished\":\"2022-10-24T17:31:10+00:00\",\"dateModified\":\"2022-10-24T17:35:20+00:00\",\"author\":{\"@id\":\"https:\/\/amnistia.org.mx\/contenido\/#\/schema\/person\/7db421c495688267ce8ede4625c17fa5\"},\"description\":\"Amnist\\u00eda Internacional entreg\\u00f3 a autoridadesde San Luis Potos\\u00ed 66 mil 98 firmas de la petici\\u00f3n de la campa\\u00f1a internacional #10A\\u00f1osSinKarla\",\"breadcrumb\":{\"@id\":\"https:\/\/amnistia.org.mx\/contenido\/index.php\/a-10-anos-de-su-feminicidio-mas-de-66-mil-personas-de-diversos-paises-demandan-justicia-para-karla-pontigo\/#breadcrumb\"},\"inLanguage\":\"es-MX\",\"potentialAction\":[{\"@type\":\"ReadAction\",\"target\":[\"https:\/\/amnistia.org.mx\/contenido\/index.php\/a-10-anos-de-su-feminicidio-mas-de-66-mil-personas-de-diversos-paises-demandan-justicia-para-karla-pontigo\/\"]}]},{\"@type\":\"BreadcrumbList\",\"@id\":\"https:\/\/amnistia.org.mx\/contenido\/index.php\/a-10-anos-de-su-feminicidio-mas-de-66-mil-personas-de-diversos-paises-demandan-justicia-para-karla-pontigo\/#breadcrumb\",\"itemListElement\":[{\"@type\":\"ListItem\",\"position\":1,\"item\":{\"@type\":\"WebPage\",\"@id\":\"https:\/\/amnistia.org.mx\/contenido\/\",\"url\":\"https:\/\/amnistia.org.mx\/contenido\/\",\"name\":\"Home\"}},{\"@type\":\"ListItem\",\"position\":2,\"item\":{\"@type\":\"WebPage\",\"@id\":\"https:\/\/amnistia.org.mx\/contenido\/index.php\/a-10-anos-de-su-feminicidio-mas-de-66-mil-personas-de-diversos-paises-demandan-justicia-para-karla-pontigo\/\",\"url\":\"https:\/\/amnistia.org.mx\/contenido\/index.php\/a-10-anos-de-su-feminicidio-mas-de-66-mil-personas-de-diversos-paises-demandan-justicia-para-karla-pontigo\/\",\"name\":\"A 10 a\\u00f1os de su feminicidio, m\\u00e1s de 66 mil personas de diversos pa\\u00edses demandan justicia para Karla Pontigo\"}}]},{\"@type\":[\"Person\"],\"@id\":\"https:\/\/amnistia.org.mx\/contenido\/#\/schema\/person\/7db421c495688267ce8ede4625c17fa5\",\"name\":\"Alejandro Ju\\u00e1rez Gamero\",\"image\":{\"@type\":\"ImageObject\",\"@id\":\"https:\/\/amnistia.org.mx\/contenido\/#personlogo\",\"inLanguage\":\"es-MX\",\"url\":\"https:\/\/secure.gravatar.com\/avatar\/e312d5566d1c3ffb56f86415d6f0e606?s=96&d=mm&r=g\",\"caption\":\"Alejandro Ju\\u00e1rez Gamero\"}}]}<\/script>\n<!-- \/ Yoast SEO plugin. -->","_links":{"self":[{"href":"https:\/\/amnistia.org.mx\/contenido\/index.php\/wp-json\/wp\/v2\/posts\/19555"}],"collection":[{"href":"https:\/\/amnistia.org.mx\/contenido\/index.php\/wp-json\/wp\/v2\/posts"}],"about":[{"href":"https:\/\/amnistia.org.mx\/contenido\/index.php\/wp-json\/wp\/v2\/types\/post"}],"author":[{"embeddable":true,"href":"https:\/\/amnistia.org.mx\/contenido\/index.php\/wp-json\/wp\/v2\/users\/4"}],"replies":[{"embeddable":true,"href":"https:\/\/amnistia.org.mx\/contenido\/index.php\/wp-json\/wp\/v2\/comments?post=19555"}],"version-history":[{"count":4,"href":"https:\/\/amnistia.org.mx\/contenido\/index.php\/wp-json\/wp\/v2\/posts\/19555\/revisions"}],"predecessor-version":[{"id":19560,"href":"https:\/\/amnistia.org.mx\/contenido\/index.php\/wp-json\/wp\/v2\/posts\/19555\/revisions\/19560"}],"wp:featuredmedia":[{"embeddable":true,"href":"https:\/\/amnistia.org.mx\/contenido\/index.php\/wp-json\/wp\/v2\/media\/19556"}],"wp:attachment":[{"href":"https:\/\/amnistia.org.mx\/contenido\/index.php\/wp-json\/wp\/v2\/media?parent=19555"}],"wp:term":[{"taxonomy":"category","embeddable":true,"href":"https:\/\/amnistia.org.mx\/contenido\/index.php\/wp-json\/wp\/v2\/categories?post=19555"},{"taxonomy":"post_tag","embeddable":true,"href":"https:\/\/amnistia.org.mx\/contenido\/index.php\/wp-json\/wp\/v2\/tags?post=19555"}],"curies":[{"name":"wp","href":"https:\/\/api.w.org\/{rel}","templated":true}]}}