
{"id":19598,"date":"2024-04-05T12:30:22","date_gmt":"2024-04-05T18:30:22","guid":{"rendered":"https:\/\/amnistia.org.mx\/contenido\/?p=19598"},"modified":"2024-04-05T12:30:25","modified_gmt":"2024-04-05T18:30:25","slug":"existe-el-derecho-a-la-protesta-cuales-son-sus-limites","status":"publish","type":"post","link":"https:\/\/amnistia.org.mx\/contenido\/index.php\/existe-el-derecho-a-la-protesta-cuales-son-sus-limites\/","title":{"rendered":"\u00bfExiste el derecho a la protesta? \u00bfCu\u00e1les son sus l\u00edmites?"},"content":{"rendered":"\t\t<div data-elementor-type=\"wp-post\" data-elementor-id=\"19598\" class=\"elementor elementor-19598\">\n\t\t\t\t\t\t\t\t\t<section class=\"elementor-section elementor-top-section elementor-element elementor-element-598bf0e0 elementor-section-boxed elementor-section-height-default elementor-section-height-default\" data-id=\"598bf0e0\" data-element_type=\"section\">\n\t\t\t\t\t\t<div class=\"elementor-container elementor-column-gap-default\">\n\t\t\t\t\t<div class=\"elementor-column elementor-col-100 elementor-top-column elementor-element elementor-element-611d5556\" data-id=\"611d5556\" data-element_type=\"column\">\n\t\t\t<div class=\"elementor-widget-wrap elementor-element-populated\">\n\t\t\t\t\t\t\t\t<div class=\"elementor-element elementor-element-3a91b82a elementor-widget-divider--view-line elementor-widget elementor-widget-divider\" data-id=\"3a91b82a\" data-element_type=\"widget\" data-widget_type=\"divider.default\">\n\t\t\t\t<div class=\"elementor-widget-container\">\n\t\t\t<style>\/*! elementor - v3.11.5 - 14-03-2023 *\/\n.elementor-widget-divider{--divider-border-style:none;--divider-border-width:1px;--divider-color:#0c0d0e;--divider-icon-size:20px;--divider-element-spacing:10px;--divider-pattern-height:24px;--divider-pattern-size:20px;--divider-pattern-url:none;--divider-pattern-repeat:repeat-x}.elementor-widget-divider .elementor-divider{display:flex}.elementor-widget-divider .elementor-divider__text{font-size:15px;line-height:1;max-width:95%}.elementor-widget-divider .elementor-divider__element{margin:0 var(--divider-element-spacing);flex-shrink:0}.elementor-widget-divider .elementor-icon{font-size:var(--divider-icon-size)}.elementor-widget-divider .elementor-divider-separator{display:flex;margin:0;direction:ltr}.elementor-widget-divider--view-line_icon .elementor-divider-separator,.elementor-widget-divider--view-line_text .elementor-divider-separator{align-items:center}.elementor-widget-divider--view-line_icon .elementor-divider-separator:after,.elementor-widget-divider--view-line_icon .elementor-divider-separator:before,.elementor-widget-divider--view-line_text .elementor-divider-separator:after,.elementor-widget-divider--view-line_text .elementor-divider-separator:before{display:block;content:\"\";border-bottom:0;flex-grow:1;border-top:var(--divider-border-width) var(--divider-border-style) var(--divider-color)}.elementor-widget-divider--element-align-left .elementor-divider .elementor-divider-separator>.elementor-divider__svg:first-of-type{flex-grow:0;flex-shrink:100}.elementor-widget-divider--element-align-left .elementor-divider-separator:before{content:none}.elementor-widget-divider--element-align-left .elementor-divider__element{margin-left:0}.elementor-widget-divider--element-align-right .elementor-divider .elementor-divider-separator>.elementor-divider__svg:last-of-type{flex-grow:0;flex-shrink:100}.elementor-widget-divider--element-align-right .elementor-divider-separator:after{content:none}.elementor-widget-divider--element-align-right .elementor-divider__element{margin-right:0}.elementor-widget-divider:not(.elementor-widget-divider--view-line_text):not(.elementor-widget-divider--view-line_icon) .elementor-divider-separator{border-top:var(--divider-border-width) var(--divider-border-style) var(--divider-color)}.elementor-widget-divider--separator-type-pattern{--divider-border-style:none}.elementor-widget-divider--separator-type-pattern.elementor-widget-divider--view-line .elementor-divider-separator,.elementor-widget-divider--separator-type-pattern:not(.elementor-widget-divider--view-line) .elementor-divider-separator:after,.elementor-widget-divider--separator-type-pattern:not(.elementor-widget-divider--view-line) .elementor-divider-separator:before,.elementor-widget-divider--separator-type-pattern:not([class*=elementor-widget-divider--view]) .elementor-divider-separator{width:100%;min-height:var(--divider-pattern-height);-webkit-mask-size:var(--divider-pattern-size) 100%;mask-size:var(--divider-pattern-size) 100%;-webkit-mask-repeat:var(--divider-pattern-repeat);mask-repeat:var(--divider-pattern-repeat);background-color:var(--divider-color);-webkit-mask-image:var(--divider-pattern-url);mask-image:var(--divider-pattern-url)}.elementor-widget-divider--no-spacing{--divider-pattern-size:auto}.elementor-widget-divider--bg-round{--divider-pattern-repeat:round}.rtl .elementor-widget-divider .elementor-divider__text{direction:rtl}.e-con-inner>.elementor-widget-divider,.e-con>.elementor-widget-divider{width:var(--container-widget-width,100%);--flex-grow:var(--container-widget-flex-grow)}<\/style>\t\t<div class=\"elementor-divider\">\n\t\t\t<span class=\"elementor-divider-separator\">\n\t\t\t\t\t\t<\/span>\n\t\t<\/div>\n\t\t\t\t<\/div>\n\t\t\t\t<\/div>\n\t\t\t\t\t<\/div>\n\t\t<\/div>\n\t\t\t\t\t\t\t<\/div>\n\t\t<\/section>\n\t\t\t\t<section class=\"elementor-section elementor-top-section elementor-element elementor-element-6bbcd378 elementor-section-boxed elementor-section-height-default elementor-section-height-default\" data-id=\"6bbcd378\" data-element_type=\"section\">\n\t\t\t\t\t\t<div class=\"elementor-container elementor-column-gap-default\">\n\t\t\t\t\t<div class=\"elementor-column elementor-col-100 elementor-top-column elementor-element elementor-element-57ac26cd\" data-id=\"57ac26cd\" data-element_type=\"column\">\n\t\t\t<div class=\"elementor-widget-wrap elementor-element-populated\">\n\t\t\t\t\t\t\t\t<div class=\"elementor-element elementor-element-334bc9a4 elementor-author-box--layout-image-above elementor-author-box--align-center elementor-widget elementor-widget-author-box\" data-id=\"334bc9a4\" data-element_type=\"widget\" data-widget_type=\"author-box.default\">\n\t\t\t\t<div class=\"elementor-widget-container\">\n\t\t\t<link rel=\"stylesheet\" href=\"https:\/\/amnistia.org.mx\/contenido\/wp-content\/plugins\/elementor-pro\/assets\/css\/widget-theme-elements.min.css\">\t\t<div class=\"elementor-author-box\">\n\t\t\t\t\t\t\t<div  class=\"elementor-author-box__avatar\">\n\t\t\t\t\t<img decoding=\"async\" src=\"https:\/\/amnistia.org.mx\/contenido\/wp-content\/uploads\/2022\/03\/circle-cropped-300x300.png\" alt=\"Por Amnist\u00eda Internacional\">\n\t\t\t\t<\/div>\n\t\t\t\n\t\t\t<div class=\"elementor-author-box__text\">\n\t\t\t\t\t\t\t\t\t<div >\n\t\t\t\t\t\t<h4 class=\"elementor-author-box__name\">\n\t\t\t\t\t\t\tPor Amnist\u00eda Internacional\t\t\t\t\t\t<\/h4>\n\t\t\t\t\t<\/div>\n\t\t\t\t\n\t\t\t\t\n\t\t\t\t\t\t\t<\/div>\n\t\t<\/div>\n\t\t\t\t<\/div>\n\t\t\t\t<\/div>\n\t\t\t\t<div class=\"elementor-element elementor-element-5d87a2c6 elementor-align-center elementor-widget elementor-widget-post-info\" data-id=\"5d87a2c6\" data-element_type=\"widget\" data-widget_type=\"post-info.default\">\n\t\t\t\t<div class=\"elementor-widget-container\">\n\t\t\t<link rel=\"stylesheet\" href=\"https:\/\/amnistia.org.mx\/contenido\/wp-content\/plugins\/elementor\/assets\/css\/widget-icon-list.min.css\">\t\t<ul class=\"elementor-inline-items elementor-icon-list-items elementor-post-info\">\n\t\t\t\t\t\t\t\t<li class=\"elementor-icon-list-item elementor-repeater-item-faf80c6 elementor-inline-item\" itemprop=\"datePublished\">\n\t\t\t\t\t\t<a href=\"https:\/\/amnistia.org.mx\/contenido\/index.php\/2024\/04\/05\/\">\n\t\t\t\t\t\t\t\t\t\t\t<span class=\"elementor-icon-list-icon\">\n\t\t\t\t\t\t\t\t<svg aria-hidden=\"true\" class=\"e-font-icon-svg e-fas-calendar\" viewBox=\"0 0 448 512\" xmlns=\"http:\/\/www.w3.org\/2000\/svg\"><path d=\"M12 192h424c6.6 0 12 5.4 12 12v260c0 26.5-21.5 48-48 48H48c-26.5 0-48-21.5-48-48V204c0-6.6 5.4-12 12-12zm436-44v-36c0-26.5-21.5-48-48-48h-48V12c0-6.6-5.4-12-12-12h-40c-6.6 0-12 5.4-12 12v52H160V12c0-6.6-5.4-12-12-12h-40c-6.6 0-12 5.4-12 12v52H48C21.5 64 0 85.5 0 112v36c0 6.6 5.4 12 12 12h424c6.6 0 12-5.4 12-12z\"><\/path><\/svg>\t\t\t\t\t\t\t<\/span>\n\t\t\t\t\t\t\t\t\t<span class=\"elementor-icon-list-text elementor-post-info__item elementor-post-info__item--type-date\">\n\t\t\t\t\t\t\t\t\t\tabril 5, 2024\t\t\t\t\t<\/span>\n\t\t\t\t\t\t\t\t\t<\/a>\n\t\t\t\t<\/li>\n\t\t\t\t<li class=\"elementor-icon-list-item elementor-repeater-item-d07449f elementor-inline-item\" itemprop=\"about\">\n\t\t\t\t\t\t\t\t\t\t<span class=\"elementor-icon-list-icon\">\n\t\t\t\t\t\t\t\t<svg aria-hidden=\"true\" class=\"e-font-icon-svg e-fas-tags\" viewBox=\"0 0 640 512\" xmlns=\"http:\/\/www.w3.org\/2000\/svg\"><path d=\"M497.941 225.941L286.059 14.059A48 48 0 0 0 252.118 0H48C21.49 0 0 21.49 0 48v204.118a48 48 0 0 0 14.059 33.941l211.882 211.882c18.744 18.745 49.136 18.746 67.882 0l204.118-204.118c18.745-18.745 18.745-49.137 0-67.882zM112 160c-26.51 0-48-21.49-48-48s21.49-48 48-48 48 21.49 48 48-21.49 48-48 48zm513.941 133.823L421.823 497.941c-18.745 18.745-49.137 18.745-67.882 0l-.36-.36L527.64 323.522c16.999-16.999 26.36-39.6 26.36-63.64s-9.362-46.641-26.36-63.64L331.397 0h48.721a48 48 0 0 1 33.941 14.059l211.882 211.882c18.745 18.745 18.745 49.137 0 67.882z\"><\/path><\/svg>\t\t\t\t\t\t\t<\/span>\n\t\t\t\t\t\t\t\t\t<span class=\"elementor-icon-list-text elementor-post-info__item elementor-post-info__item--type-terms\">\n\t\t\t\t\t\t\t\t\t\t<span class=\"elementor-post-info__terms-list\">\n\t\t\t\t<span class=\"elementor-post-info__terms-list-item\">Por Amnist\u00eda Internacional<\/span>\t\t\t\t<\/span>\n\t\t\t\t\t<\/span>\n\t\t\t\t\t\t\t\t<\/li>\n\t\t\t\t<\/ul>\n\t\t\t\t<\/div>\n\t\t\t\t<\/div>\n\t\t\t\t\t<\/div>\n\t\t<\/div>\n\t\t\t\t\t\t\t<\/div>\n\t\t<\/section>\n\t\t\t\t<section class=\"elementor-section elementor-top-section elementor-element elementor-element-4247add6 elementor-section-boxed elementor-section-height-default elementor-section-height-default\" data-id=\"4247add6\" data-element_type=\"section\">\n\t\t\t\t\t\t<div class=\"elementor-container elementor-column-gap-wide\">\n\t\t\t\t\t<div class=\"elementor-column elementor-col-66 elementor-top-column elementor-element elementor-element-7c9f102\" data-id=\"7c9f102\" data-element_type=\"column\">\n\t\t\t<div class=\"elementor-widget-wrap elementor-element-populated\">\n\t\t\t\t\t\t\t\t<div class=\"elementor-element elementor-element-29a7242 elementor-widget elementor-widget-text-editor\" data-id=\"29a7242\" data-element_type=\"widget\" data-widget_type=\"text-editor.default\">\n\t\t\t\t<div class=\"elementor-widget-container\">\n\t\t\t<style>\/*! elementor - v3.11.5 - 14-03-2023 *\/\n.elementor-widget-text-editor.elementor-drop-cap-view-stacked .elementor-drop-cap{background-color:#69727d;color:#fff}.elementor-widget-text-editor.elementor-drop-cap-view-framed .elementor-drop-cap{color:#69727d;border:3px solid;background-color:transparent}.elementor-widget-text-editor:not(.elementor-drop-cap-view-default) .elementor-drop-cap{margin-top:8px}.elementor-widget-text-editor:not(.elementor-drop-cap-view-default) .elementor-drop-cap-letter{width:1em;height:1em}.elementor-widget-text-editor .elementor-drop-cap{float:left;text-align:center;line-height:1;font-size:50px}.elementor-widget-text-editor .elementor-drop-cap-letter{display:inline-block}<\/style>\t\t\t\t<h2 class=\"h5\"><strong>En pocas palabras: \u00a1s\u00ed, existe! El derecho internacional de los derechos humanos protege el derecho a la protesta.<\/strong><\/h2><p>\u00a0<\/p><p>Las protestas son una manera habitual de que la gente exprese sus puntos de vista y opiniones y pueda contribuir a la protecci\u00f3n de muchos otros derechos. Sin la capacidad de expresar opiniones libremente, las reuniones p\u00fablicas son simples concentraciones multitudinarias carentes de mensaje.<\/p><p><strong>Las personas que participan en una protesta<\/strong>, ya sea individual o colectivamente,\u00a0<strong>est\u00e1n ejerciendo m\u00faltiples derechos<\/strong>, entre ellos el derecho a la libertad de expresi\u00f3n y de reuni\u00f3n pac\u00edfica. Hay otros derechos que tambi\u00e9n son fundamentales para que la gente pueda protestar pac\u00edficamente, entre ellos el derecho a la vida, a la privacidad, a la libertad de asociaci\u00f3n, a no sufrir tortura ni otros malos tratos o penas degradantes, y a no sufrir detenci\u00f3n y reclusi\u00f3n arbitrarias, por ejemplo. Otros derechos pueden ser tambi\u00e9n el derecho a no sufrir discriminaci\u00f3n, el derecho a que se respeten los derechos laborales y otros derechos econ\u00f3micos, sociales y culturales.<\/p><p>Las protestas tambi\u00e9n brindan oportunidades para\u00a0<a href=\"https:\/\/www.es.amnesty.org\/en-que-estamos\/temas\/derechos-humanos\/\" target=\"_blank\" rel=\"noopener\">defender y promover los derechos<\/a>\u00a0de otras personas y crear sociedades que respeten los derechos humanos. Adem\u00e1s, las personas que han sido silenciadas y privadas de sus derechos pueden reclamar su voz y su poder pol\u00edtico, y cobrar fuerza al formar parte de un grupo o movimiento m\u00e1s grande.<\/p><p class=\"copy\"><img decoding=\"async\" loading=\"lazy\" class=\"img-responsive\" src=\"https:\/\/www.es.amnesty.org\/fileadmin\/user_upload\/blog\/2022\/287053_derecho_a_la_protesta.jpg\" alt=\"El derecho a protestar pac\u00edficamente\" width=\"849\" height=\"564\" \/><\/p><p class=\"copy text-center\"><em>Varios polic\u00edas disparan gas pimienta a una manifestante que se ha subido a un veh\u00edculo blindado durante una protesta el 7 de julio de 2017 en Hamburgo, norte de Alemania, durante una cumbre del G20. \u00a9\u00a0Boris Roessler\/DPA\/AFP via Getty Images<\/em><\/p><h2 class=\"h2\">El derecho a protestar\u00a0a trav\u00e9s de internet<\/h2><p>Pese a que en general se considera que una reuni\u00f3n es un encuentro f\u00edsico de personas, hoy en d\u00eda\u00a0<strong>los l\u00edmites entre los mundos digital y f\u00edsico son cada vez m\u00e1s difusos.<\/strong>\u00a0Internet desempe\u00f1a un importante papel a la hora de facilitar las reuniones f\u00edsicas, y se ha convertido en s\u00ed mismo en un lugar de reuni\u00f3n colectiva. Las protestas, huelgas y marchas virtuales est\u00e1n eclosionando en todos los lugares en los que la gente tiene acceso a Internet, y cuando la gente sale a protestar a la calle, una gran parte de la coordinaci\u00f3n y la preparaci\u00f3n de esas protestas se realizan de forma electr\u00f3nica.\u00a0<strong>Todas estas actividades merecen el mismo respeto, la misma protecci\u00f3n y la misma facilitaci\u00f3n que las reuniones f\u00edsicas.<\/strong><\/p><h2 class=\"h2\">El deber de facilitar las protestas pac\u00edficas<\/h2><p><strong>Las autoridades estatales tienen el deber de respetar, proteger y facilitar la protesta pac\u00edfica.<\/strong>\u00a0Esto significa que deben abstenerse de interferir indebidamente en el ejercicio de este derecho, proteger frente a la violencia a quienes se manifiestan, proporcionar servicios (como gesti\u00f3n del tr\u00e1fico o retretes, si es necesario), y comunicarse con los organizadores para garantizar que transcurre de forma pac\u00edfica.<\/p><p>Un grupo grande de personas reunidas en un lugar para expresar un mensaje com\u00fan tiene por naturaleza probabilidades de provocar trastornos. Por ello, las autoridades y las sociedades deber\u00edan en general tolerar estos trastornos, ya que\u00a0<strong>las protestas pac\u00edficas son un uso leg\u00edtimo del espacio p\u00fablico, y a menudo tambi\u00e9n del espacio privado.<\/strong><\/p><p><strong>Las personas que se manifiestan tambi\u00e9n tienen derecho a gozar de seguridad durante las protestas.\u00a0<\/strong>Esto se aplica, por ejemplo, a las manifestaciones de personas LGBTI, que a menudo se enfrentan a la hostilidad de transe\u00fantes y contramanifestantes. Por ejemplo, en 2019, a pesar de las contramanifestaciones generalizadas y las amenazas de violencia, varios miles de personas pudieron celebrar, bajo una fuerte protecci\u00f3n policial, su\u00a0<strong>primera Marcha del Orgullo en Bosnia y Herzegovina<\/strong>. Con bloques de cemento y vallas, y m\u00e1s de 1.000 polic\u00edas, incluida una unidad de francotiradores, protegieron la ruta principal en el centro de la capital, Sarajevo, y permitieron que la marcha, largamente retrasada, se celebrara sin incidentes.<\/p><p><img decoding=\"async\" loading=\"lazy\" class=\"img-responsive\" src=\"https:\/\/www.es.amnesty.org\/fileadmin\/user_upload\/blog\/2022\/AP22278708251494_Amina_Masha_Protest.jpg\" alt=\"Protesta por la muerte de Masha Amini\" width=\"850\" height=\"567\" \/><\/p><p class=\"copy text-center\"><em>Ciudadanos iran\u00edes que viven en Ecuador protestan por la muerte de Mahsa Amini, 5 de octubre de 2022. \u00a9 AP Photo\/Dolores Ochoa<\/em><\/p><p>Sin embargo, la polic\u00eda sigue incumpliendo en muchas ocasiones su deber de proteger. En\u00a0<strong>Georgia, en 2021, la Marcha del Orgullo planeada en Tiflis tuvo que ser cancelada<\/strong>\u00a0despu\u00e9s de que contramanifestantes violentos se reunieran en el centro de la ciudad y treparan al balc\u00f3n de la oficina del Orgullo de Tiflis, hicieran trizas una bandera arco\u00edris y rompieran las ventanas para a continuaci\u00f3n saquear el edificio y obligar a quienes organizaban el Orgullo a evacuar el local. Seg\u00fan los informes, hab\u00eda presentes peque\u00f1os grupos de polic\u00edas, que no intervinieron de forma efectiva. Decenas de periodistas que planeaban informar sobre la Marcha del Orgullo y se convirtieron en testigos sufrieron tambi\u00e9n el ataque de la muchedumbre hom\u00f3foba.<\/p><p>Durante las protestas pac\u00edficas celebradas en\u00a0<strong>Colombia\u00a0<\/strong>en 2021,\u00a0<strong>las mujeres informaron de m\u00faltiples incidentes de violencia de g\u00e9nero y violencia sexual<\/strong>\u00a0a manos de la polic\u00eda, y en\u00a0<strong>Sud\u00e1n<\/strong>, en 2018 y 2019,\u00a0<strong>las fuerzas de seguridad calificaron de \u201cprostitutas\u201d a las mujeres que se manifestaban<\/strong>, las amenazaron de violaci\u00f3n y las agredieron sexualmente. En\u00a0<strong>Bielorrusia<\/strong>, las mujeres que participaban en activismo pol\u00edtico y protestas contra el gobierno han sido\u00a0<strong>objeto de campa\u00f1as de difamaci\u00f3n y han sufrido violencia sexual bajo custodia<\/strong>. A algunas las han amenazado con retirarles la custodia de sus hijos o hijas, y en algunos casos incluso con secuestrar a los ni\u00f1os o ni\u00f1as, por su participaci\u00f3n en protestas antigubernamentales. En\u00a0<strong>Egipto<\/strong>, entre 2011 y 2014,\u00a0<strong>grupos de hombres violaron y sometieron a otras agresiones sexuales a mujeres que se manifestaban<\/strong>, especialmente en la plaza de Tahrir y sus inmediaciones en la capital, El Cairo, epicentro de las protestas antigubernamentales.<\/p><p><br \/>El derecho a la protesta requiere tambi\u00e9n que quienes organizan una manifestaci\u00f3n y participan en ella tengan una\u00a0<strong>oportunidad real de transmitir de forma pac\u00edfica su mensaje al p\u00fablico al que va dirigido.<\/strong>\u00a0Por lo tanto,\u00a0<strong>es importante respetar la forma, el momento y el lugar de celebraci\u00f3n de una protesta.<\/strong>\u00a0Las restricciones algunas veces est\u00e1n justificadas, pero las prohibiciones generales sobre el momento, la forma o la ubicaci\u00f3n de una protesta no son nunca aceptables porque impiden a las autoridades realizar una evaluaci\u00f3n caso por caso de las restricciones o valorar las circunstancias espec\u00edficas y evaluar su necesidad y proporcionalidad. En los casos en los que se pueden imponer leg\u00edtimamente ciertas restricciones, las autoridades deben intentar siempre facilitar dicha reuni\u00f3n ofreciendo alternativas razonables.<\/p><h2 class=\"h2\">\u00bfPueden restringirse las protestas?<\/h2><p><strong>Los Estados pueden restringir el derecho a la libertad de reuni\u00f3n pac\u00edfica, pero solo en circunstancias limitadas<\/strong>\u00a0y siempre y cuando cumplan tres condiciones concretas:\u00a0<strong>legalidad, necesidad y proporcionalidad, y persecuci\u00f3n de un fin leg\u00edtimo.<\/strong><\/p><p>Durante las primeras fases de la\u00a0<strong>pandemia de COVID-19,<\/strong>\u00a0cuando el impacto y la propagaci\u00f3n de la enfermedad eran especialmente imprevisibles, se impusieron en todo el mundo una serie de restricciones del derecho a la protesta. Algunos gobiernos, tras saber m\u00e1s sobre el comportamiento del virus, las rebajaron, por ejemplo exigiendo a quienes se manifestaban que mantuvieran la distancia f\u00edsica o llevaran mascarilla para impedir la propagaci\u00f3n de la enfermedad. Sin embargo, sigue habiendo pa\u00edses a\u00fan no han levantado las restricciones a las protestas impuestas como respuesta a la COVID-19, pese a las claras pruebas de que la situaci\u00f3n ha mejorado.<\/p><p><img decoding=\"async\" loading=\"lazy\" class=\"img-responsive\" src=\"https:\/\/www.es.amnesty.org\/fileadmin\/user_upload\/blog\/2022\/AP20181703147664_protesta_sanidad.jpg\" alt=\"Protesta a favor de la sanidad\" width=\"850\" height=\"567\" \/><\/p><p class=\"copy text-center\"><em>Manifestaci\u00f3n para exigir la mejora del sistema sanitario p\u00fablico espa\u00f1ol en Madrid, el lunes 29 de junio de 2020. \u00a9 AP Photo\/Bernat Armangue<\/em><\/p><h2 class=\"h2\">Reuni\u00f3n pac\u00edfica frente a no pac\u00edfica<\/h2><p><strong>El derecho a la libertad de reuni\u00f3n pac\u00edfica se aplica a las protestas pac\u00edficas<\/strong>\u00a0(es decir, no violentas). Seg\u00fan el Comit\u00e9 de Derechos Humanos de la ONU,\u00a0<em>\u201c[u]na reuni\u00f3n \u2018pac\u00edfica\u2019 es lo contrario de una reuni\u00f3n que se caracterice por una violencia generalizada y grave\u201d.<\/em>\u00a0Seg\u00fan propone el Comit\u00e9, los t\u00e9rminos \u201cpac\u00edfica\u201d y \u201cno violenta\u201d pueden por tanto utilizarse indistintamente. El Comit\u00e9 explica tambi\u00e9n que \u201c<em>[e]n el contexto del [derecho de reuni\u00f3n pac\u00edfica], la \u2018violencia\u2019 suele implicar el uso por los participantes de una fuerza f\u00edsica contra otros que pueda provocar lesiones, la muerte o da\u00f1os graves a los bienes\u201d.<\/em>\u00a0El Comit\u00e9 aclara que los empujones o la interrupci\u00f3n del tr\u00e1fico de veh\u00edculos o peatones o de las actividades diarias no constituye violencia.<\/p><p>Si un grupo reducido de participantes comete actos violentos durante una protesta, las personas que siguen comport\u00e1ndose pac\u00edficamente todav\u00eda tienen derecho a continuar con su protesta. Los actos de violencia espor\u00e1dicos o los delitos cometidos por algunos participantes durante una protesta no deben ser atribuidos a otras personas que mantienen un comportamiento pac\u00edfico. En ese caso,\u00a0<strong>las autoridades deben garantizar que quienes protestan pac\u00edficamente puedan seguir haci\u00e9ndolo, y no utilizar los actos violentos de unos pocos como pretexto para restringir o impedir los derechos de los dem\u00e1s.<\/strong><\/p><p>Para que se considere que una protesta carece de la protecci\u00f3n del derecho de reuni\u00f3n pac\u00edfica, deben existir pruebas claras y fehacientes de uso de la violencia o incitaci\u00f3n a la violencia, la hostilidad o la discriminaci\u00f3n por parte de un n\u00famero significativo de participantes.<\/p><p><img decoding=\"async\" loading=\"lazy\" class=\"img-responsive\" src=\"https:\/\/www.es.amnesty.org\/fileadmin\/user_upload\/blog\/2022\/AP22275660995672_right_to_protest.jpg\" alt=\"El derecho a la protesta existe\" width=\"850\" height=\"567\" \/><\/p><p class=\"copy text-center\"><em>Una activista lleva un mensaje en su mascarilla: &#8220;Dejen de matarnos&#8221; durante una protesta. \u00a9 AP Photo\/Hassan Ammar<\/em><\/p><p>Es com\u00fan que los Estados intenten restringir las protestas con argumentos en favor de la protecci\u00f3n de la seguridad nacional o el orden p\u00fablico. Sin embargo, el respeto por los derechos humanos forma parte de la seguridad nacional y el orden p\u00fablico, y el derecho a la protesta est\u00e1 protegido por el derecho internacional de los derechos humanos.\u00a0<strong>Aunque las protestas parezcan llevarse a cabo de manera desordenada, ca\u00f3tica o disruptiva, mientras sean pac\u00edficas debe permitirse que sigan adelante.<\/strong>\u00a0La presunci\u00f3n de car\u00e1cter pac\u00edfico, de la que se ha hablado m\u00e1s arriba, significa que las\u00a0<strong>autoridades no pueden prohibir de antemano una protesta simplemente porque exista peligro de violencia<\/strong>. Para que esa prohibici\u00f3n sea necesaria y proporcionada, har\u00edan falta firmes indicios de una violencia generalizada, o incitaci\u00f3n a la violencia o discriminaci\u00f3n.<\/p><p><strong>Los y las manifestantes que cometan actos violentos<\/strong>\u00a0no gozan de la protecci\u00f3n del derecho a la libertad de reuni\u00f3n pac\u00edfica y, por tanto, las\u00a0<strong>autoridades podr\u00edan imponerles sanciones leg\u00edtimas y proporcionadas<\/strong>. No obstante, incluso las personas que cometen actos violentos mantienen todos sus dem\u00e1s derechos, como el derecho a la vida, a la seguridad de la persona, a la integridad f\u00edsica y a no sufrir tortura y otros malos tratos.<\/p><h2 class=\"h2\">La prohibici\u00f3n de la apolog\u00eda del odio<\/h2><p>De acuerdo con el derecho a la libertad de reuni\u00f3n pac\u00edfica, las autoridades no pueden en ning\u00fan caso prohibir una protesta bas\u00e1ndose en el motivo por el que se protesta. Al igual que el<a href=\"https:\/\/www.es.amnesty.org\/en-que-estamos\/temas\/libertad-de-expresion\/\" target=\"_blank\" rel=\"noopener\">\u00a0derecho a la libertad de expresi\u00f3n<\/a>, el derecho a la libertad de reuni\u00f3n pac\u00edfica protege la capacidad de las personas de protestar colectivamente incluso si el mensaje que transmiten puede ser considerado ofensivo, escandaloso o inquietante.<\/p><p>Pero debemos tener presente que los derechos a la libertad de expresi\u00f3n y de reuni\u00f3n pac\u00edfica no son absolutos, y pueden ser restringidos para proteger los derechos de otras personas. Esta excepci\u00f3n incluye la necesidad de hacer cumplir la prohibici\u00f3n de la apolog\u00eda del odio que incita a la violencia, la hostilidad o la discriminaci\u00f3n.\u00a0<strong>La\u00a0<a href=\"https:\/\/www.es.amnesty.org\/en-que-estamos\/blog\/historia\/articulo\/los-limites-de-la-libertad-de-expresion-y-la-apologia-del-odio\/\" target=\"_blank\" rel=\"noopener\">apolog\u00eda del odio<\/a>, conocida tambi\u00e9n habitualmente como \u201cdiscurso de odio\u201d, amenaza los derechos de otras personas, especialmente su derecho a la igualdad y a no sufrir discriminaci\u00f3n<\/strong>, por lo que es leg\u00edtimo que los Estados impongan restricciones a las protestas que puedan propagar ese odio. Para ser considerada apolog\u00eda del odio, la expresi\u00f3n debe mostrar claramente la intenci\u00f3n de incitar a otras personas a discriminar o mostrarse hostiles o violentas contra el grupo o las personas que lo componen. Adem\u00e1s, las restricciones tambi\u00e9n deben tener en cuenta si esas ideas u opiniones son expresadas por toda la reuni\u00f3n, o al menos una gran mayor\u00eda de sus participantes, o s\u00f3lo por unas cuantas personas.<\/p><p class=\"copy\"><img decoding=\"async\" loading=\"lazy\" class=\"img-responsive\" src=\"https:\/\/www.es.amnesty.org\/fileadmin\/user_upload\/blog\/2022\/AP22275575261488_protesta_Ira__n.jpg\" alt=\"Tenemos derecho a protestar pac\u00edficamente\" width=\"850\" height=\"567\" \/><\/p><p class=\"copy text-center\"><em>La gente grita consignas durante una protesta contra la muerte de la iran\u00ed Mahsa Amini, en Estambul, Turqu\u00eda, el domingo 2 de octubre de 2022. \u00a9 AP Photo\/Emrah Gurel<\/em><\/p><h2 class=\"h2\">Autorizaci\u00f3n previa frente a notificaci\u00f3n de una protesta<\/h2><p>Puesto que organizar protestas p\u00fablicas y participar en ellas es una manera de ejercer el derecho a la libertad de reuni\u00f3n pac\u00edfica, las autoridades deben tratar las protestas como un derecho, no como un privilegio. Por ello,\u00a0<strong>las autoridades no deben exigir a quienes deseen organizar una protesta o participar en ella que soliciten autorizaci\u00f3n previa para que la protesta se lleve a cabo.<\/strong><\/p><p><strong>Como mucho, los Estados pueden imponer un simple procedimiento de notificaci\u00f3n<\/strong>\u00a0mediante el cual quienes organizan una protesta informan a las autoridades de sus planes con el fin de que la polic\u00eda pueda facilitar la manifestaci\u00f3n y cumplir con su deber de proteger los derechos de quienes se manifiestan y de las personas que se ven afectadas por las protestas. Sin embargo, los reg\u00edmenes de notificaci\u00f3n no deben utilizarse como una manera m\u00e1s de controlar las protestas y crearles obst\u00e1culos.<\/p><p>Un procedimiento de notificaci\u00f3n difiere de un r\u00e9gimen de autorizaci\u00f3n en que la persona que presenta la notificaci\u00f3n a las autoridades no est\u00e1 pidiendo su permiso, sino simplemente inform\u00e1ndoles de que se va a celebrar una protesta. En consecuencia,\u00a0<strong>una falta de notificaci\u00f3n previa o un incumplimiento de otros requisitos administrativos no deber\u00edan convertir una reuni\u00f3n en ilegal ni utilizarse para disolver una reuni\u00f3n o detener a sus participantes.<\/strong><\/p><h2 class=\"h2\">Protestas espont\u00e1neas<\/h2><p>Las reuniones espont\u00e1neas se consideran en general aquellas organizadas en respuesta a alg\u00fan suceso y en las que la persona que las organiza no ha podido cumplir el plazo de notificaci\u00f3n previa, o cuando la reuni\u00f3n no est\u00e1 organizada por nadie. Incluso en estos casos, la gente sigue teniendo derecho a la protesta y a la reuni\u00f3n pac\u00edfica.\u00a0<strong>Numerosos \u00f3rganos regionales e internacionales han subrayado que las reuniones espont\u00e1neas deben gozar de la misma protecci\u00f3n.<\/strong><\/p><h4 class=\"banner-cta-v2__title\"><strong>En Amnist\u00eda Internacional desafiamos los ataques a la protesta pac\u00edfica, defendemos a quienes los sufren y apoyamos los movimientos sociales que presionan en favor de un cambio en materia de derechos humanos. <a href=\"https:\/\/amnistia.org.mx\/contenido\/index.php\/protejamos-la-protesta\/\" target=\"_blank\" rel=\"noopener\">Firma la petici\u00f3n.<\/a><\/strong><\/h4>\t\t\t\t\t\t<\/div>\n\t\t\t\t<\/div>\n\t\t\t\t<div class=\"elementor-element elementor-element-14b1a18d elementor-post-navigation-borders-yes elementor-widget elementor-widget-post-navigation\" data-id=\"14b1a18d\" data-element_type=\"widget\" data-widget_type=\"post-navigation.default\">\n\t\t\t\t<div class=\"elementor-widget-container\">\n\t\t\t\t\t<div class=\"elementor-post-navigation\">\n\t\t\t<div class=\"elementor-post-navigation__prev elementor-post-navigation__link\">\n\t\t\t\t<a href=\"https:\/\/amnistia.org.mx\/contenido\/index.php\/la-transfobia-que-no-cesa\/\" rel=\"prev\"><span class=\"post-navigation__arrow-wrapper post-navigation__arrow-prev\"><i class=\"fa fa-angle-left\" aria-hidden=\"true\"><\/i><span class=\"elementor-screen-only\">Previo<\/span><\/span><span class=\"elementor-post-navigation__link__prev\"><span class=\"post-navigation__prev--label\">Anterior<\/span><span class=\"post-navigation__prev--title\">La transfobia que no cesa<\/span><\/span><\/a>\t\t\t<\/div>\n\t\t\t\t\t\t\t<div class=\"elementor-post-navigation__separator-wrapper\">\n\t\t\t\t\t<div class=\"elementor-post-navigation__separator\"><\/div>\n\t\t\t\t<\/div>\n\t\t\t\t\t\t<div class=\"elementor-post-navigation__next elementor-post-navigation__link\">\n\t\t\t\t<a href=\"https:\/\/amnistia.org.mx\/contenido\/index.php\/los-derechos-humanos-en-2023-regreso-al-pasado-del-nunca-mas\/\" rel=\"next\"><span class=\"elementor-post-navigation__link__next\"><span class=\"post-navigation__next--label\">Siguiente<\/span><span class=\"post-navigation__next--title\">Los derechos humanos en 2023: regreso al pasado del \u201cnunca m\u00e1s\u201d<\/span><\/span><span class=\"post-navigation__arrow-wrapper post-navigation__arrow-next\"><i class=\"fa fa-angle-right\" aria-hidden=\"true\"><\/i><span class=\"elementor-screen-only\">Next<\/span><\/span><\/a>\t\t\t<\/div>\n\t\t<\/div>\n\t\t\t\t<\/div>\n\t\t\t\t<\/div>\n\t\t\t\t<div class=\"elementor-element elementor-element-3f87c4e elementor-widget elementor-widget-facebook-comments\" data-id=\"3f87c4e\" data-element_type=\"widget\" data-widget_type=\"facebook-comments.default\">\n\t\t\t\t<div class=\"elementor-widget-container\">\n\t\t\t<style>\/*! elementor-pro - v3.11.7 - 22-03-2023 *\/\n.elementor-facebook-widget.fb_iframe_widget,.elementor-facebook-widget.fb_iframe_widget span{width:100%!important}.elementor-facebook-widget.fb_iframe_widget iframe{position:relative;width:100%!important}.elementor-facebook-widget.fb-like{height:1px}.elementor-widget-facebook-comments iframe{width:100%!important}<\/style>\t\t<div class=\"elementor-facebook-widget fb-comments\" data-href=\"https:\/\/amnistia.org.mx\/contenido?p=19598\" data-width=\"100%\" data-numposts=\"10\" data-order-by=\"social\" style=\"min-height: 1px\"><\/div>\n\t\t\t\t<\/div>\n\t\t\t\t<\/div>\n\t\t\t\t\t<\/div>\n\t\t<\/div>\n\t\t\t\t<div class=\"elementor-column elementor-col-33 elementor-top-column elementor-element elementor-element-5d7eabc1\" data-id=\"5d7eabc1\" data-element_type=\"column\">\n\t\t\t<div class=\"elementor-widget-wrap elementor-element-populated\">\n\t\t\t\t\t\t\t\t<section class=\"elementor-section elementor-inner-section elementor-element elementor-element-6cd2412b elementor-section-boxed elementor-section-height-default elementor-section-height-default\" data-id=\"6cd2412b\" data-element_type=\"section\">\n\t\t\t\t\t\t<div class=\"elementor-container elementor-column-gap-default\">\n\t\t\t\t\t<div class=\"elementor-column elementor-col-100 elementor-inner-column elementor-element elementor-element-47402305\" data-id=\"47402305\" data-element_type=\"column\">\n\t\t\t<div class=\"elementor-widget-wrap elementor-element-populated\">\n\t\t\t\t\t\t\t\t<div class=\"elementor-element elementor-element-36297ca elementor-widget elementor-widget-heading\" data-id=\"36297ca\" data-element_type=\"widget\" data-widget_type=\"heading.default\">\n\t\t\t\t<div class=\"elementor-widget-container\">\n\t\t\t<style>\/*! elementor - v3.11.5 - 14-03-2023 *\/\n.elementor-heading-title{padding:0;margin:0;line-height:1}.elementor-widget-heading .elementor-heading-title[class*=elementor-size-]>a{color:inherit;font-size:inherit;line-height:inherit}.elementor-widget-heading .elementor-heading-title.elementor-size-small{font-size:15px}.elementor-widget-heading .elementor-heading-title.elementor-size-medium{font-size:19px}.elementor-widget-heading .elementor-heading-title.elementor-size-large{font-size:29px}.elementor-widget-heading .elementor-heading-title.elementor-size-xl{font-size:39px}.elementor-widget-heading .elementor-heading-title.elementor-size-xxl{font-size:59px}<\/style><h4 class=\"elementor-heading-title elementor-size-default\">Comp\u00e1rtelo en redes<\/h4>\t\t<\/div>\n\t\t\t\t<\/div>\n\t\t\t\t<div class=\"elementor-element elementor-element-3fbb6d7b elementor-share-buttons--view-icon elementor-share-buttons--shape-circle elementor-share-buttons--skin-framed elementor-share-buttons--color-custom elementor-grid-0 elementor-widget elementor-widget-share-buttons\" data-id=\"3fbb6d7b\" data-element_type=\"widget\" data-widget_type=\"share-buttons.default\">\n\t\t\t\t<div class=\"elementor-widget-container\">\n\t\t\t<link rel=\"stylesheet\" href=\"https:\/\/amnistia.org.mx\/contenido\/wp-content\/plugins\/elementor-pro\/assets\/css\/widget-share-buttons.min.css\">\t\t<div class=\"elementor-grid\">\n\t\t\t\t\t\t\t\t<div class=\"elementor-grid-item\">\n\t\t\t\t\t\t<div\n\t\t\t\t\t\t\tclass=\"elementor-share-btn elementor-share-btn_facebook\"\n\t\t\t\t\t\t\trole=\"button\"\n\t\t\t\t\t\t\ttabindex=\"0\"\n\t\t\t\t\t\t\taria-label=\"Compartir en facebook\"\n\t\t\t\t\t\t>\n\t\t\t\t\t\t\t\t\t\t\t\t\t\t\t<span class=\"elementor-share-btn__icon\">\n\t\t\t\t\t\t\t\t<svg class=\"e-font-icon-svg e-fab-facebook\" viewBox=\"0 0 512 512\" xmlns=\"http:\/\/www.w3.org\/2000\/svg\"><path d=\"M504 256C504 119 393 8 256 8S8 119 8 256c0 123.78 90.69 226.38 209.25 245V327.69h-63V256h63v-54.64c0-62.15 37-96.48 93.67-96.48 27.14 0 55.52 4.84 55.52 4.84v61h-31.28c-30.8 0-40.41 19.12-40.41 38.73V256h68.78l-11 71.69h-57.78V501C413.31 482.38 504 379.78 504 256z\"><\/path><\/svg>\t\t\t\t\t\t\t<\/span>\n\t\t\t\t\t\t\t\t\t\t\t\t\t\t\t\t\t\t\t\t<\/div>\n\t\t\t\t\t<\/div>\n\t\t\t\t\t\t\t\t\t<div class=\"elementor-grid-item\">\n\t\t\t\t\t\t<div\n\t\t\t\t\t\t\tclass=\"elementor-share-btn elementor-share-btn_twitter\"\n\t\t\t\t\t\t\trole=\"button\"\n\t\t\t\t\t\t\ttabindex=\"0\"\n\t\t\t\t\t\t\taria-label=\"Compartir en twitter\"\n\t\t\t\t\t\t>\n\t\t\t\t\t\t\t\t\t\t\t\t\t\t\t<span class=\"elementor-share-btn__icon\">\n\t\t\t\t\t\t\t\t<svg class=\"e-font-icon-svg e-fab-twitter\" viewBox=\"0 0 512 512\" xmlns=\"http:\/\/www.w3.org\/2000\/svg\"><path d=\"M459.37 151.716c.325 4.548.325 9.097.325 13.645 0 138.72-105.583 298.558-298.558 298.558-59.452 0-114.68-17.219-161.137-47.106 8.447.974 16.568 1.299 25.34 1.299 49.055 0 94.213-16.568 130.274-44.832-46.132-.975-84.792-31.188-98.112-72.772 6.498.974 12.995 1.624 19.818 1.624 9.421 0 18.843-1.3 27.614-3.573-48.081-9.747-84.143-51.98-84.143-102.985v-1.299c13.969 7.797 30.214 12.67 47.431 13.319-28.264-18.843-46.781-51.005-46.781-87.391 0-19.492 5.197-37.36 14.294-52.954 51.655 63.675 129.3 105.258 216.365 109.807-1.624-7.797-2.599-15.918-2.599-24.04 0-57.828 46.782-104.934 104.934-104.934 30.213 0 57.502 12.67 76.67 33.137 23.715-4.548 46.456-13.32 66.599-25.34-7.798 24.366-24.366 44.833-46.132 57.827 21.117-2.273 41.584-8.122 60.426-16.243-14.292 20.791-32.161 39.308-52.628 54.253z\"><\/path><\/svg>\t\t\t\t\t\t\t<\/span>\n\t\t\t\t\t\t\t\t\t\t\t\t\t\t\t\t\t\t\t\t<\/div>\n\t\t\t\t\t<\/div>\n\t\t\t\t\t\t\t\t\t<div class=\"elementor-grid-item\">\n\t\t\t\t\t\t<div\n\t\t\t\t\t\t\tclass=\"elementor-share-btn elementor-share-btn_email\"\n\t\t\t\t\t\t\trole=\"button\"\n\t\t\t\t\t\t\ttabindex=\"0\"\n\t\t\t\t\t\t\taria-label=\"Compartir en email\"\n\t\t\t\t\t\t>\n\t\t\t\t\t\t\t\t\t\t\t\t\t\t\t<span class=\"elementor-share-btn__icon\">\n\t\t\t\t\t\t\t\t<svg class=\"e-font-icon-svg e-fas-envelope\" viewBox=\"0 0 512 512\" xmlns=\"http:\/\/www.w3.org\/2000\/svg\"><path d=\"M502.3 190.8c3.9-3.1 9.7-.2 9.7 4.7V400c0 26.5-21.5 48-48 48H48c-26.5 0-48-21.5-48-48V195.6c0-5 5.7-7.8 9.7-4.7 22.4 17.4 52.1 39.5 154.1 113.6 21.1 15.4 56.7 47.8 92.2 47.6 35.7.3 72-32.8 92.3-47.6 102-74.1 131.6-96.3 154-113.7zM256 320c23.2.4 56.6-29.2 73.4-41.4 132.7-96.3 142.8-104.7 173.4-128.7 5.8-4.5 9.2-11.5 9.2-18.9v-19c0-26.5-21.5-48-48-48H48C21.5 64 0 85.5 0 112v19c0 7.4 3.4 14.3 9.2 18.9 30.6 23.9 40.7 32.4 173.4 128.7 16.8 12.2 50.2 41.8 73.4 41.4z\"><\/path><\/svg>\t\t\t\t\t\t\t<\/span>\n\t\t\t\t\t\t\t\t\t\t\t\t\t\t\t\t\t\t\t\t<\/div>\n\t\t\t\t\t<\/div>\n\t\t\t\t\t\t\t\t\t<div class=\"elementor-grid-item\">\n\t\t\t\t\t\t<div\n\t\t\t\t\t\t\tclass=\"elementor-share-btn elementor-share-btn_whatsapp\"\n\t\t\t\t\t\t\trole=\"button\"\n\t\t\t\t\t\t\ttabindex=\"0\"\n\t\t\t\t\t\t\taria-label=\"Compartir en whatsapp\"\n\t\t\t\t\t\t>\n\t\t\t\t\t\t\t\t\t\t\t\t\t\t\t<span class=\"elementor-share-btn__icon\">\n\t\t\t\t\t\t\t\t<svg class=\"e-font-icon-svg e-fab-whatsapp\" viewBox=\"0 0 448 512\" xmlns=\"http:\/\/www.w3.org\/2000\/svg\"><path d=\"M380.9 97.1C339 55.1 283.2 32 223.9 32c-122.4 0-222 99.6-222 222 0 39.1 10.2 77.3 29.6 111L0 480l117.7-30.9c32.4 17.7 68.9 27 106.1 27h.1c122.3 0 224.1-99.6 224.1-222 0-59.3-25.2-115-67.1-157zm-157 341.6c-33.2 0-65.7-8.9-94-25.7l-6.7-4-69.8 18.3L72 359.2l-4.4-7c-18.5-29.4-28.2-63.3-28.2-98.2 0-101.7 82.8-184.5 184.6-184.5 49.3 0 95.6 19.2 130.4 54.1 34.8 34.9 56.2 81.2 56.1 130.5 0 101.8-84.9 184.6-186.6 184.6zm101.2-138.2c-5.5-2.8-32.8-16.2-37.9-18-5.1-1.9-8.8-2.8-12.5 2.8-3.7 5.6-14.3 18-17.6 21.8-3.2 3.7-6.5 4.2-12 1.4-32.6-16.3-54-29.1-75.5-66-5.7-9.8 5.7-9.1 16.3-30.3 1.8-3.7.9-6.9-.5-9.7-1.4-2.8-12.5-30.1-17.1-41.2-4.5-10.8-9.1-9.3-12.5-9.5-3.2-.2-6.9-.2-10.6-.2-3.7 0-9.7 1.4-14.8 6.9-5.1 5.6-19.4 19-19.4 46.3 0 27.3 19.9 53.7 22.6 57.4 2.8 3.7 39.1 59.7 94.8 83.8 35.2 15.2 49 16.5 66.6 13.9 10.7-1.6 32.8-13.4 37.4-26.4 4.6-13 4.6-24.1 3.2-26.4-1.3-2.5-5-3.9-10.5-6.6z\"><\/path><\/svg>\t\t\t\t\t\t\t<\/span>\n\t\t\t\t\t\t\t\t\t\t\t\t\t\t\t\t\t\t\t\t<\/div>\n\t\t\t\t\t<\/div>\n\t\t\t\t\t\t<\/div>\n\t\t\t\t<\/div>\n\t\t\t\t<\/div>\n\t\t\t\t\t<\/div>\n\t\t<\/div>\n\t\t\t\t\t\t\t<\/div>\n\t\t<\/section>\n\t\t\t\t\t<\/div>\n\t\t<\/div>\n\t\t\t\t\t\t\t<\/div>\n\t\t<\/section>\n\t\t\t\t<section class=\"elementor-section elementor-top-section elementor-element elementor-element-ea66678 elementor-section-boxed elementor-section-height-default elementor-section-height-default\" data-id=\"ea66678\" data-element_type=\"section\" data-settings=\"{&quot;background_background&quot;:&quot;classic&quot;}\">\n\t\t\t\t\t\t<div class=\"elementor-container elementor-column-gap-default\">\n\t\t\t\t\t<div class=\"elementor-column elementor-col-100 elementor-top-column elementor-element elementor-element-13cc7d40\" data-id=\"13cc7d40\" data-element_type=\"column\">\n\t\t\t<div class=\"elementor-widget-wrap elementor-element-populated\">\n\t\t\t\t\t\t\t\t<section class=\"elementor-section elementor-inner-section elementor-element elementor-element-21238f51 elementor-section-boxed elementor-section-height-default elementor-section-height-default\" data-id=\"21238f51\" data-element_type=\"section\">\n\t\t\t\t\t\t<div class=\"elementor-container elementor-column-gap-default\">\n\t\t\t\t\t<div class=\"elementor-column elementor-col-33 elementor-inner-column elementor-element elementor-element-24e44cf2\" data-id=\"24e44cf2\" data-element_type=\"column\">\n\t\t\t<div class=\"elementor-widget-wrap elementor-element-populated\">\n\t\t\t\t\t\t\t\t<div class=\"elementor-element elementor-element-62c0c63d elementor-position-left elementor-vertical-align-middle elementor-view-default elementor-mobile-position-top elementor-widget elementor-widget-icon-box\" data-id=\"62c0c63d\" data-element_type=\"widget\" data-widget_type=\"icon-box.default\">\n\t\t\t\t<div class=\"elementor-widget-container\">\n\t\t\t<link rel=\"stylesheet\" href=\"https:\/\/amnistia.org.mx\/contenido\/wp-content\/plugins\/elementor\/assets\/css\/widget-icon-box.min.css\">\t\t<div class=\"elementor-icon-box-wrapper\">\n\t\t\t\t\t\t<div class=\"elementor-icon-box-icon\">\n\t\t\t\t<span class=\"elementor-icon elementor-animation-\" >\n\t\t\t\t<svg xmlns=\"http:\/\/www.w3.org\/2000\/svg\" width=\"82.818\" height=\"136.515\" viewBox=\"0 0 82.818 136.515\">\n  <g id=\"hand\" transform=\"translate(-100.695)\">\n    <g id=\"Grupo_115\" data-name=\"Grupo 115\" transform=\"translate(100.695)\">\n      <path id=\"Trazado_2550\" data-name=\"Trazado 2550\" d=\"M183.513,12.138H169.144V3.376H154.776V0H118.039V11.5l-12.581,1.44L100.695,48.2l24.481,31.943-1.455,56.37h8l1.354-52.429,9.461,2.58,2.105-7.719-13.028-3.553L109.07,45.975l3.484-25.8,13.225-1.515a4.07,4.07,0,0,1,2.265,7.692l-10,4.941V44.565l3.512.432c.226.028,22.659,3,23.3,21.184l8-.28c-.355-10.163-5.561-18.33-15.065-23.668q.238-.283.458-.581a11.163,11.163,0,0,0,10.622.048,11.16,11.16,0,0,0,15.071,2.964,11.16,11.16,0,0,0,11.582,3.347V67.423L168.9,80.686l.736,55.828h8l-.712-53.995,6.588-13.214V12.138Zm-57.473-1.5V8h6.367v4.317A12.016,12.016,0,0,0,126.04,10.636Zm6.368,24.4h0a3.184,3.184,0,0,1-6.161,1.129l5.34-2.638c.282-.139.555-.289.821-.447v1.955Zm11.183-.017a3.186,3.186,0,0,1-3.183-3.163V8h6.366V31.837h0A3.187,3.187,0,0,1,143.592,35.02Zm17.552.193h0a3.183,3.183,0,0,1-6.367,0V11.377h6.367V35.213Zm14.368,2.078a3.183,3.183,0,1,1-6.367,0V20.139h6.367V37.29Z\" transform=\"translate(-100.695)\"\/>\n    <\/g>\n  <\/g>\n<\/svg>\n\t\t\t\t<\/span>\n\t\t\t<\/div>\n\t\t\t\t\t\t<div class=\"elementor-icon-box-content\">\n\t\t\t\t<h3 class=\"elementor-icon-box-title\">\n\t\t\t\t\t<span  >\n\t\t\t\t\t\tDona\t\t\t\t\t<\/span>\n\t\t\t\t<\/h3>\n\t\t\t\t\t\t\t\t\t<p class=\"elementor-icon-box-description\">\n\t\t\t\t\t\tTrabajamos para exponer las violaciones de los derechos humanos, dando una luz de esperanza a quienes a\u00fan esperan justicia.\t\t\t\t\t<\/p>\n\t\t\t\t\t\t\t<\/div>\n\t\t<\/div>\n\t\t\t\t<\/div>\n\t\t\t\t<\/div>\n\t\t\t\t\t<\/div>\n\t\t<\/div>\n\t\t\t\t<div class=\"elementor-column elementor-col-33 elementor-inner-column elementor-element elementor-element-77648ece\" data-id=\"77648ece\" data-element_type=\"column\">\n\t\t\t<div class=\"elementor-widget-wrap elementor-element-populated\">\n\t\t\t\t\t\t\t\t<div class=\"elementor-element elementor-element-3ec44593 elementor-position-left elementor-vertical-align-middle elementor-view-default elementor-mobile-position-top elementor-widget elementor-widget-icon-box\" data-id=\"3ec44593\" data-element_type=\"widget\" data-widget_type=\"icon-box.default\">\n\t\t\t\t<div class=\"elementor-widget-container\">\n\t\t\t\t\t<div class=\"elementor-icon-box-wrapper\">\n\t\t\t\t\t\t<div class=\"elementor-icon-box-icon\">\n\t\t\t\t<span class=\"elementor-icon elementor-animation-\" >\n\t\t\t\t<svg xmlns=\"http:\/\/www.w3.org\/2000\/svg\" width=\"134.598\" height=\"104.976\" viewBox=\"0 0 134.598 104.976\">\n  <g id=\"Amnesty_Icons_041\" data-name=\"Amnesty Icons 041\" transform=\"translate(-12.5 -23.49)\">\n    <rect id=\"Rect\u00e1ngulo_38\" data-name=\"Rect\u00e1ngulo 38\" width=\"22.879\" height=\"2.692\" transform=\"translate(23.267 77.351)\"\/>\n    <rect id=\"Rect\u00e1ngulo_39\" data-name=\"Rect\u00e1ngulo 39\" width=\"22.879\" height=\"2.692\" transform=\"translate(50.184 77.351)\"\/>\n    <rect id=\"Rect\u00e1ngulo_40\" data-name=\"Rect\u00e1ngulo 40\" width=\"22.879\" height=\"2.692\" transform=\"translate(23.267 82.734)\"\/>\n    <rect id=\"Rect\u00e1ngulo_41\" data-name=\"Rect\u00e1ngulo 41\" width=\"22.879\" height=\"2.692\" transform=\"translate(50.184 82.734)\"\/>\n    <rect id=\"Rect\u00e1ngulo_42\" data-name=\"Rect\u00e1ngulo 42\" width=\"22.879\" height=\"2.692\" transform=\"translate(23.267 88.118)\"\/>\n    <rect id=\"Rect\u00e1ngulo_43\" data-name=\"Rect\u00e1ngulo 43\" width=\"22.879\" height=\"2.692\" transform=\"translate(50.184 88.118)\"\/>\n    <rect id=\"Rect\u00e1ngulo_44\" data-name=\"Rect\u00e1ngulo 44\" width=\"22.879\" height=\"2.692\" transform=\"translate(23.267 93.501)\"\/>\n    <rect id=\"Rect\u00e1ngulo_45\" data-name=\"Rect\u00e1ngulo 45\" width=\"22.879\" height=\"2.692\" transform=\"translate(50.184 93.501)\"\/>\n    <rect id=\"Rect\u00e1ngulo_46\" data-name=\"Rect\u00e1ngulo 46\" width=\"22.879\" height=\"2.692\" transform=\"translate(23.267 98.884)\"\/>\n    <rect id=\"Rect\u00e1ngulo_47\" data-name=\"Rect\u00e1ngulo 47\" width=\"22.879\" height=\"2.692\" transform=\"translate(50.184 98.884)\"\/>\n    <rect id=\"Rect\u00e1ngulo_48\" data-name=\"Rect\u00e1ngulo 48\" width=\"22.879\" height=\"2.692\" transform=\"translate(23.267 104.268)\"\/>\n    <rect id=\"Rect\u00e1ngulo_49\" data-name=\"Rect\u00e1ngulo 49\" width=\"22.879\" height=\"2.692\" transform=\"translate(50.184 104.268)\"\/>\n    <rect id=\"Rect\u00e1ngulo_50\" data-name=\"Rect\u00e1ngulo 50\" width=\"22.879\" height=\"2.692\" transform=\"translate(86.522 77.351)\"\/>\n    <rect id=\"Rect\u00e1ngulo_51\" data-name=\"Rect\u00e1ngulo 51\" width=\"22.879\" height=\"2.692\" transform=\"translate(113.439 77.351)\"\/>\n    <rect id=\"Rect\u00e1ngulo_52\" data-name=\"Rect\u00e1ngulo 52\" width=\"22.879\" height=\"2.692\" transform=\"translate(86.522 82.734)\"\/>\n    <rect id=\"Rect\u00e1ngulo_53\" data-name=\"Rect\u00e1ngulo 53\" width=\"22.879\" height=\"2.692\" transform=\"translate(113.439 82.734)\"\/>\n    <rect id=\"Rect\u00e1ngulo_54\" data-name=\"Rect\u00e1ngulo 54\" width=\"22.879\" height=\"2.692\" transform=\"translate(86.522 88.118)\"\/>\n    <rect id=\"Rect\u00e1ngulo_55\" data-name=\"Rect\u00e1ngulo 55\" width=\"22.879\" height=\"2.692\" transform=\"translate(113.439 88.118)\"\/>\n    <rect id=\"Rect\u00e1ngulo_56\" data-name=\"Rect\u00e1ngulo 56\" width=\"22.879\" height=\"2.692\" transform=\"translate(86.522 93.501)\"\/>\n    <rect id=\"Rect\u00e1ngulo_57\" data-name=\"Rect\u00e1ngulo 57\" width=\"22.879\" height=\"2.692\" transform=\"translate(113.439 93.501)\"\/>\n    <rect id=\"Rect\u00e1ngulo_58\" data-name=\"Rect\u00e1ngulo 58\" width=\"22.879\" height=\"2.692\" transform=\"translate(86.522 98.884)\"\/>\n    <rect id=\"Rect\u00e1ngulo_59\" data-name=\"Rect\u00e1ngulo 59\" width=\"22.879\" height=\"2.692\" transform=\"translate(113.439 98.884)\"\/>\n    <rect id=\"Rect\u00e1ngulo_60\" data-name=\"Rect\u00e1ngulo 60\" width=\"22.879\" height=\"2.692\" transform=\"translate(86.522 104.268)\"\/>\n    <rect id=\"Rect\u00e1ngulo_61\" data-name=\"Rect\u00e1ngulo 61\" width=\"22.879\" height=\"2.692\" transform=\"translate(113.439 104.268)\"\/>\n    <rect id=\"Rect\u00e1ngulo_62\" data-name=\"Rect\u00e1ngulo 62\" width=\"43.067\" height=\"8.075\" rx=\"1\" transform=\"translate(23.267 41.013)\"\/>\n    <rect id=\"Rect\u00e1ngulo_63\" data-name=\"Rect\u00e1ngulo 63\" width=\"32.3\" height=\"8.075\" rx=\"1\" transform=\"translate(23.267 51.78)\"\/>\n    <path id=\"Trazado_47\" data-name=\"Trazado 47\" d=\"M147.085,24.836a1.346,1.346,0,0,0-1.346-1.346H83.83a5.383,5.383,0,0,0-4.038,1.871,5.383,5.383,0,0,0-4.038-1.871H13.846A1.356,1.356,0,0,0,12.5,24.836v96.9a1.346,1.346,0,0,0,1.346,1.346H71.96a4.011,4.011,0,0,0,3.8,5.383H83.83a4.01,4.01,0,0,0,3.8-5.383h58.127a1.356,1.356,0,0,0,1.346-1.346ZM15.192,26.182H75.755a2.692,2.692,0,0,1,2.692,2.692v91.518H15.192ZM83.83,120.391H81.138V28.873a2.692,2.692,0,0,1,2.692-2.692h60.563v94.209Z\" transform=\"translate(0)\"\/>\n    <rect id=\"Rect\u00e1ngulo_64\" data-name=\"Rect\u00e1ngulo 64\" width=\"49.796\" height=\"33.646\" rx=\"1\" transform=\"translate(86.522 35.63)\"\/>\n  <\/g>\n<\/svg>\n\t\t\t\t<\/span>\n\t\t\t<\/div>\n\t\t\t\t\t\t<div class=\"elementor-icon-box-content\">\n\t\t\t\t<h3 class=\"elementor-icon-box-title\">\n\t\t\t\t\t<span  >\n\t\t\t\t\t\tFirma nuestras peticiones\t\t\t\t\t<\/span>\n\t\t\t\t<\/h3>\n\t\t\t\t\t\t\t\t\t<p class=\"elementor-icon-box-description\">\n\t\t\t\t\t\tCon tu \ufb01rma podemos presentarnos frente a las autoridades no solo como Amnist\u00eda Internacional \u00a1sino como miles de personas exigen un mundo mejor!\n\n\t\t\t\t\t<\/p>\n\t\t\t\t\t\t\t<\/div>\n\t\t<\/div>\n\t\t\t\t<\/div>\n\t\t\t\t<\/div>\n\t\t\t\t\t<\/div>\n\t\t<\/div>\n\t\t\t\t<div class=\"elementor-column elementor-col-33 elementor-inner-column elementor-element elementor-element-4f044e58\" data-id=\"4f044e58\" data-element_type=\"column\">\n\t\t\t<div class=\"elementor-widget-wrap elementor-element-populated\">\n\t\t\t\t\t\t\t\t<div class=\"elementor-element elementor-element-382ad911 elementor-position-left elementor-vertical-align-middle elementor-view-default elementor-mobile-position-top elementor-widget elementor-widget-icon-box\" data-id=\"382ad911\" data-element_type=\"widget\" data-widget_type=\"icon-box.default\">\n\t\t\t\t<div class=\"elementor-widget-container\">\n\t\t\t\t\t<div class=\"elementor-icon-box-wrapper\">\n\t\t\t\t\t\t<div class=\"elementor-icon-box-icon\">\n\t\t\t\t<span class=\"elementor-icon elementor-animation-\" >\n\t\t\t\t<svg xmlns=\"http:\/\/www.w3.org\/2000\/svg\" id=\"tres-personas-icono\" width=\"92.484\" height=\"64.15\" viewBox=\"0 0 92.484 64.15\"><path id=\"Trazado_20\" data-name=\"Trazado 20\" d=\"M16.41,64.633c.406-2.073,1.2-2.229,3.238-2.229H32.875A14.279,14.279,0,0,1,33.5,60.57H19.666c-2.564,0-4.4.449-5.036,3.669L12.564,74.951c-.4,1.834-.461,4.21,2.527,5.723,1.411.706,5.313,2.449,7.518,3.421a2.343,2.343,0,0,0,3.118-1.247l1.061-2.522a2.331,2.331,0,0,0-.775-2.752l-4.538-3.146a.53.53,0,0,1-.184-.541L22.3,69.723a.913.913,0,0,0-.142-.984.924.924,0,0,0-1.61.48l-1.015,4.164a2.36,2.36,0,0,0,.922,2.449l4.492,3.183a.512.512,0,0,1,.148.615l-1.024,2.522a.515.515,0,0,1-.3.294.547.547,0,0,1-.415,0c-2.186-.963-6.06-2.66-7.379-3.357-1.78-.917-1.919-1.99-1.568-3.669Z\" transform=\"translate(-12.368 -30.273)\"><\/path><path id=\"Trazado_21\" data-name=\"Trazado 21\" d=\"M110.66,74.952l-2.048-10.7c-.636-3.265-2.472-3.669-5.036-3.669H89.74a11.876,11.876,0,0,1,.609,1.834h13.246c2.039,0,2.832.156,3.238,2.229l2.048,10.823c.351,1.688.212,2.752-1.568,3.669-1.365.7-5.239,2.394-7.379,3.357a.547.547,0,0,1-.415,0,.515.515,0,0,1-.3-.293l-1.052-2.522a.512.512,0,0,1,.148-.615l4.548-3.146a2.36,2.36,0,0,0,.922-2.449l-1.107-4.247a.922.922,0,1,0-1.78.422l1.005,4.164a.53.53,0,0,1-.184.541l-4.538,3.146a2.331,2.331,0,0,0-.775,2.752l1.052,2.522a2.343,2.343,0,0,0,3.118,1.247c2.2-.972,6.106-2.752,7.518-3.421C111.122,79.162,111.057,76.814,110.66,74.952Z\" transform=\"translate(-18.371 -30.274)\"><\/path><path id=\"Trazado_22\" data-name=\"Trazado 22\" d=\"M57.437,50.68a.923.923,0,0,0,1.218-.624l.535-2.091a2.744,2.744,0,0,0-1.125-3.045,6.448,6.448,0,1,1,6.807,0,2.743,2.743,0,0,0-1.07,3l.581,2.137a.923.923,0,0,0,1.218.624,11.981,11.981,0,1,0-8.117,0Z\" transform=\"translate(-15.253 -27.537)\"><\/path><path id=\"Trazado_23\" data-name=\"Trazado 23\" d=\"M86.629,54.456a.924.924,0,0,0,1.218-.6.916.916,0,0,0-.507-1.055,6.45,6.45,0,1,1,4.889,0,.916.916,0,0,0-.507,1.064h0a.924.924,0,0,0,1.218.6A8.249,8.249,0,0,0,89.562,38.58,8.36,8.36,0,0,0,81.5,46.761a8.254,8.254,0,0,0,5.129,7.7Z\" transform=\"translate(-17.732 -28.452)\"><\/path><path id=\"Trazado_24\" data-name=\"Trazado 24\" d=\"M30.666,54.477a.924.924,0,0,0,1.218-.6h0a.916.916,0,0,0-.507-1.055,6.45,6.45,0,1,1,4.9,0,.883.883,0,0,0-.042,1.615.927.927,0,0,0,.743.036A8.249,8.249,0,0,0,33.562,38.61,8.369,8.369,0,0,0,25.5,46.791a8.254,8.254,0,0,0,5.166,7.686Z\" transform=\"translate(-13.387 -28.454)\"><\/path><path id=\"Trazado_25\" data-name=\"Trazado 25\" d=\"M84.328,63.283a11.551,11.551,0,0,0-.609-2.22h0c-1.642-3.981-5.055-4.5-8-4.5h-31c-2.933,0-6.337.523-7.988,4.5h0a8.569,8.569,0,0,0-.341.972h0c-.111.394-.221.807-.314,1.266L33.143,78.893c-.36,1.7-1.439,6.842,4.391,9.8,2.048,1.036,7.7,3.54,10.894,4.953a4.862,4.862,0,0,0,6.457-2.559L57.1,87.01c.858-2.045-.48-3.962-2.278-5.283h-.111l-6.042-4.247,1.753-7.209a.917.917,0,0,0-.618-1.064l-3.69-.862H45.9a.922.922,0,0,0-.922.7l-1.421,5.842-.424,1.752a4.819,4.819,0,0,0,1.845,5h.065L51.057,85.8l-1.052,2.513c-5.027-2.174-8.625-3.834-9.99-4.512-1.67-.853-1.965-1.6-1.494-3.907L41.473,64.3c.415-2.11.775-2.284,3.247-2.284H75.667c2.472,0,2.841.174,3.247,2.265l2.961,15.748c.461,2.22.175,2.944-1.5,3.788-1.365.7-4.99,2.33-10,4.586l-1.052-2.55,6.014-4.127a.167.167,0,0,0,.065,0,4.783,4.783,0,0,0,1.845-5L75.4,69.1a.922.922,0,0,0-.922-.7h-.138l-3.69.853a.917.917,0,0,0-.627,1.073l1.706,7.154-6.042,4.247-.065.046a4.8,4.8,0,0,0-1.6,5.732l1.522,3.623a4.843,4.843,0,0,0,4.474,2.962,4.9,4.9,0,0,0,1.965-.44c3.182-1.4,8.828-3.916,10.885-4.962,5.839-2.953,4.75-8.126,4.409-9.759Z\" transform=\"translate(-13.955 -29.941)\"><\/path><\/svg>\t\t\t\t<\/span>\n\t\t\t<\/div>\n\t\t\t\t\t\t<div class=\"elementor-icon-box-content\">\n\t\t\t\t<h3 class=\"elementor-icon-box-title\">\n\t\t\t\t\t<span  >\n\t\t\t\t\t\tHazte miembro\t\t\t\t\t<\/span>\n\t\t\t\t<\/h3>\n\t\t\t\t\t\t\t\t\t<p class=\"elementor-icon-box-description\">\n\t\t\t\t\t\tAdem\u00e1s de donar, las personas que forman parte de la membres\u00eda cuentan con voz y voto para participar en las actividades de gobernanza de Amnist\u00eda Internacional Secci\u00f3n Mexicana.\t\t\t\t\t<\/p>\n\t\t\t\t\t\t\t<\/div>\n\t\t<\/div>\n\t\t\t\t<\/div>\n\t\t\t\t<\/div>\n\t\t\t\t\t<\/div>\n\t\t<\/div>\n\t\t\t\t\t\t\t<\/div>\n\t\t<\/section>\n\t\t\t\t\t<\/div>\n\t\t<\/div>\n\t\t\t\t\t\t\t<\/div>\n\t\t<\/section>\n\t\t\t\t\t\t\t<\/div>\n\t\t","protected":false},"excerpt":{"rendered":"<p>En pocas palabras: \u00a1s\u00ed, existe! El derecho internacional de los derechos humanos protege el derecho a la protesta. Las protestas son una manera habitual de que la gente exprese sus &hellip;<\/p>\n<p class=\"read-more\"> <a class=\"\" href=\"https:\/\/amnistia.org.mx\/contenido\/index.php\/existe-el-derecho-a-la-protesta-cuales-son-sus-limites\/\"> <span class=\"screen-reader-text\">\u00bfExiste el derecho a la protesta? \u00bfCu\u00e1les son sus l\u00edmites?<\/span> Leer m\u00e1s &raquo;<\/a><\/p>\n","protected":false},"author":8,"featured_media":19599,"comment_status":"closed","ping_status":"closed","sticky":false,"template":"","format":"standard","meta":{"_uf_show_specific_survey":0,"_uf_disable_surveys":false,"site-sidebar-layout":"default","site-content-layout":"default","ast-global-header-display":"","ast-main-header-display":"","ast-hfb-above-header-display":"","ast-hfb-below-header-display":"","ast-hfb-mobile-header-display":"","site-post-title":"","ast-breadcrumbs-content":"","ast-featured-img":"","footer-sml-layout":"","theme-transparent-header-meta":"","adv-header-id-meta":"","stick-header-meta":"","header-above-stick-meta":"","header-main-stick-meta":"","header-below-stick-meta":""},"categories":[18],"tags":[25],"acf":[],"aioseo_notices":[],"yoast_head":"<!-- This site is optimized with the Yoast SEO plugin v14.5 - https:\/\/yoast.com\/wordpress\/plugins\/seo\/ -->\n<title>\u00bfExiste el derecho a la protesta? \u00bfCu\u00e1les son sus l\u00edmites? - amnistia.org.mx<\/title>\n<meta name=\"description\" content=\"Las protestas son una manera habitual de que la gente exprese sus puntos de vista y opiniones y pueda contribuir a la protecci\u00f3n de muchos otros derechos.\" \/>\n<meta name=\"robots\" content=\"index, follow\" \/>\n<meta name=\"googlebot\" content=\"index, follow, max-snippet:-1, max-image-preview:large, max-video-preview:-1\" \/>\n<meta name=\"bingbot\" content=\"index, follow, max-snippet:-1, max-image-preview:large, max-video-preview:-1\" \/>\n<link rel=\"canonical\" href=\"https:\/\/amnistia.org.mx\/contenido\/index.php\/existe-el-derecho-a-la-protesta-cuales-son-sus-limites\/\" \/>\n<meta property=\"og:locale\" content=\"es_MX\" \/>\n<meta property=\"og:type\" content=\"article\" \/>\n<meta property=\"og:title\" content=\"\u00bfExiste el derecho a la protesta? \u00bfCu\u00e1les son sus l\u00edmites? - amnistia.org.mx\" \/>\n<meta property=\"og:description\" content=\"Las protestas son una manera habitual de que la gente exprese sus puntos de vista y opiniones y pueda contribuir a la protecci\u00f3n de muchos otros derechos.\" \/>\n<meta property=\"og:url\" content=\"https:\/\/amnistia.org.mx\/contenido\/index.php\/existe-el-derecho-a-la-protesta-cuales-son-sus-limites\/\" \/>\n<meta property=\"og:site_name\" content=\"amnistia.org.mx\" \/>\n<meta property=\"article:published_time\" content=\"2024-04-05T18:30:22+00:00\" \/>\n<meta property=\"article:modified_time\" content=\"2024-04-05T18:30:25+00:00\" \/>\n<meta property=\"og:image\" content=\"https:\/\/amnistia.org.mx\/contenido\/wp-content\/uploads\/2022\/11\/BLOG-AMNIST\u00cdA-INTERNACIONAL-protestas.png\" \/>\n\t<meta property=\"og:image:width\" content=\"1600\" \/>\n\t<meta property=\"og:image:height\" content=\"900\" \/>\n<meta name=\"twitter:card\" content=\"summary_large_image\" \/>\n<script type=\"application\/ld+json\" class=\"yoast-schema-graph\">{\"@context\":\"https:\/\/schema.org\",\"@graph\":[{\"@type\":\"WebSite\",\"@id\":\"https:\/\/amnistia.org.mx\/contenido\/#website\",\"url\":\"https:\/\/amnistia.org.mx\/contenido\/\",\"name\":\"amnistia.org.mx\",\"description\":\"Nueva p\\u00e1gina de Amnist\\u00eda\",\"potentialAction\":[{\"@type\":\"SearchAction\",\"target\":\"https:\/\/amnistia.org.mx\/contenido\/?s={search_term_string}\",\"query-input\":\"required name=search_term_string\"}],\"inLanguage\":\"es-MX\"},{\"@type\":\"ImageObject\",\"@id\":\"https:\/\/amnistia.org.mx\/contenido\/index.php\/existe-el-derecho-a-la-protesta-cuales-son-sus-limites\/#primaryimage\",\"inLanguage\":\"es-MX\",\"url\":\"https:\/\/amnistia.org.mx\/contenido\/wp-content\/uploads\/2022\/11\/BLOG-AMNIST\\u00cdA-INTERNACIONAL-protestas.png\",\"width\":1600,\"height\":900},{\"@type\":\"WebPage\",\"@id\":\"https:\/\/amnistia.org.mx\/contenido\/index.php\/existe-el-derecho-a-la-protesta-cuales-son-sus-limites\/#webpage\",\"url\":\"https:\/\/amnistia.org.mx\/contenido\/index.php\/existe-el-derecho-a-la-protesta-cuales-son-sus-limites\/\",\"name\":\"\\u00bfExiste el derecho a la protesta? \\u00bfCu\\u00e1les son sus l\\u00edmites? - amnistia.org.mx\",\"isPartOf\":{\"@id\":\"https:\/\/amnistia.org.mx\/contenido\/#website\"},\"primaryImageOfPage\":{\"@id\":\"https:\/\/amnistia.org.mx\/contenido\/index.php\/existe-el-derecho-a-la-protesta-cuales-son-sus-limites\/#primaryimage\"},\"datePublished\":\"2024-04-05T18:30:22+00:00\",\"dateModified\":\"2024-04-05T18:30:25+00:00\",\"author\":{\"@id\":\"https:\/\/amnistia.org.mx\/contenido\/#\/schema\/person\/2d2b29996a9513767aea81f8ae57bdeb\"},\"description\":\"Las protestas son una manera habitual de que la gente exprese sus puntos de vista y opiniones y pueda contribuir a la protecci\\u00f3n de muchos otros derechos.\",\"breadcrumb\":{\"@id\":\"https:\/\/amnistia.org.mx\/contenido\/index.php\/existe-el-derecho-a-la-protesta-cuales-son-sus-limites\/#breadcrumb\"},\"inLanguage\":\"es-MX\",\"potentialAction\":[{\"@type\":\"ReadAction\",\"target\":[\"https:\/\/amnistia.org.mx\/contenido\/index.php\/existe-el-derecho-a-la-protesta-cuales-son-sus-limites\/\"]}]},{\"@type\":\"BreadcrumbList\",\"@id\":\"https:\/\/amnistia.org.mx\/contenido\/index.php\/existe-el-derecho-a-la-protesta-cuales-son-sus-limites\/#breadcrumb\",\"itemListElement\":[{\"@type\":\"ListItem\",\"position\":1,\"item\":{\"@type\":\"WebPage\",\"@id\":\"https:\/\/amnistia.org.mx\/contenido\/\",\"url\":\"https:\/\/amnistia.org.mx\/contenido\/\",\"name\":\"Home\"}},{\"@type\":\"ListItem\",\"position\":2,\"item\":{\"@type\":\"WebPage\",\"@id\":\"https:\/\/amnistia.org.mx\/contenido\/index.php\/existe-el-derecho-a-la-protesta-cuales-son-sus-limites\/\",\"url\":\"https:\/\/amnistia.org.mx\/contenido\/index.php\/existe-el-derecho-a-la-protesta-cuales-son-sus-limites\/\",\"name\":\"\\u00bfExiste el derecho a la protesta? \\u00bfCu\\u00e1les son sus l\\u00edmites?\"}}]},{\"@type\":[\"Person\"],\"@id\":\"https:\/\/amnistia.org.mx\/contenido\/#\/schema\/person\/2d2b29996a9513767aea81f8ae57bdeb\",\"name\":\"Carolina Flores\",\"image\":{\"@type\":\"ImageObject\",\"@id\":\"https:\/\/amnistia.org.mx\/contenido\/#personlogo\",\"inLanguage\":\"es-MX\",\"url\":\"https:\/\/secure.gravatar.com\/avatar\/e2d29811923c60594035966b365ce272?s=96&d=mm&r=g\",\"caption\":\"Carolina Flores\"}}]}<\/script>\n<!-- \/ Yoast SEO plugin. -->","_links":{"self":[{"href":"https:\/\/amnistia.org.mx\/contenido\/index.php\/wp-json\/wp\/v2\/posts\/19598"}],"collection":[{"href":"https:\/\/amnistia.org.mx\/contenido\/index.php\/wp-json\/wp\/v2\/posts"}],"about":[{"href":"https:\/\/amnistia.org.mx\/contenido\/index.php\/wp-json\/wp\/v2\/types\/post"}],"author":[{"embeddable":true,"href":"https:\/\/amnistia.org.mx\/contenido\/index.php\/wp-json\/wp\/v2\/users\/8"}],"replies":[{"embeddable":true,"href":"https:\/\/amnistia.org.mx\/contenido\/index.php\/wp-json\/wp\/v2\/comments?post=19598"}],"version-history":[{"count":6,"href":"https:\/\/amnistia.org.mx\/contenido\/index.php\/wp-json\/wp\/v2\/posts\/19598\/revisions"}],"predecessor-version":[{"id":19605,"href":"https:\/\/amnistia.org.mx\/contenido\/index.php\/wp-json\/wp\/v2\/posts\/19598\/revisions\/19605"}],"wp:featuredmedia":[{"embeddable":true,"href":"https:\/\/amnistia.org.mx\/contenido\/index.php\/wp-json\/wp\/v2\/media\/19599"}],"wp:attachment":[{"href":"https:\/\/amnistia.org.mx\/contenido\/index.php\/wp-json\/wp\/v2\/media?parent=19598"}],"wp:term":[{"taxonomy":"category","embeddable":true,"href":"https:\/\/amnistia.org.mx\/contenido\/index.php\/wp-json\/wp\/v2\/categories?post=19598"},{"taxonomy":"post_tag","embeddable":true,"href":"https:\/\/amnistia.org.mx\/contenido\/index.php\/wp-json\/wp\/v2\/tags?post=19598"}],"curies":[{"name":"wp","href":"https:\/\/api.w.org\/{rel}","templated":true}]}}