
{"id":20178,"date":"2023-01-06T10:14:15","date_gmt":"2023-01-06T16:14:15","guid":{"rendered":"https:\/\/amnistia.org.mx\/contenido\/?p=20178"},"modified":"2023-01-06T11:09:27","modified_gmt":"2023-01-06T17:09:27","slug":"seguridadsinguerra-y-amnistia-internacional-condenan-la-violencia-en-sinaloa-reflejo-de-la-crisis-de-seguridad-publica-que-vive-el-pais","status":"publish","type":"post","link":"https:\/\/amnistia.org.mx\/contenido\/index.php\/seguridadsinguerra-y-amnistia-internacional-condenan-la-violencia-en-sinaloa-reflejo-de-la-crisis-de-seguridad-publica-que-vive-el-pais\/","title":{"rendered":"#SeguridadSinGuerra y Amnist\u00eda Internacional condenan la violencia en Sinaloa, reflejo de la crisis de seguridad p\u00fablica que vive el pa\u00eds."},"content":{"rendered":"\n<figure class=\"wp-block-image size-large\"><img decoding=\"async\" loading=\"lazy\" width=\"1024\" height=\"234\" src=\" https:\/\/amnistia.org.mx\/contenido\/wp-content\/uploads\/2023\/01\/Captura-de-Pantalla-2023-01-06-a-las-10.04.31-1024x234.png\" alt=\"\" class=\"wp-image-20180\"\/><\/figure>\n\n\n\n<p>Las organizaciones de la sociedad civil que conforman y acompa\u00f1an al Colectivo <strong>#SeguridadSinGuerra <\/strong>y <strong>Amnist\u00eda Internacional, <\/strong>condenamos los hechos de violencia ocurridos en m\u00faltiples lugares de Sinaloa como Culiac\u00e1n, Los Mochis y Guasave, que tienen lugar desde la madrugada del 5 de enero.<\/p>\n\n\n\n<p>Lo que ocurre en Sinaloa es un ejemplo claro de la violencia que viven diversas comunidades en gran parte del pa\u00eds, promovida por la presencia del crimen organizado, que incluso ha tomado el control en diversas ciudades ante la respuesta fallida del Estado para contener a dichas organizaciones delincuenciales.<\/p>\n\n\n\n<p><strong>La militarizaci\u00f3n no es ni ser\u00e1 la soluci\u00f3n<\/strong><\/p>\n\n\n\n<p>Vemos con preocupaci\u00f3n que la pol\u00edtica de militarizaci\u00f3n implementada no es efectiva para resolver en el largo plazo la crisis de violencia que vivimos, pues la presencia de elementos de las fuerzas armadas en labores de seguridad p\u00fablica no ha conseguido disminuir sustancialmente los homicidios, ni ha demostrado proveer protecci\u00f3n integral a la poblaci\u00f3n con base en los est\u00e1ndares internacionales de derechos humanos.<\/p>\n\n\n\n<p>Por el contrario, se ha observado un aumento en la comisi\u00f3n de los delitos perpetrados por la delincuencia organizada contra la libertad personal, as\u00ed como la extorsi\u00f3n. Adem\u00e1s, han aumentado las violaciones a los derechos humanos por parte de las fuerzas armadas, tales como tortura, desapariciones forzadas y ejecuciones extrajudiciales. Adem\u00e1s de que las instituciones de seguridad civiles han sido gravemente debilitadas.<\/p>\n\n\n\n<p>Desde <strong>Amnist\u00eda Internacional <\/strong>y el Colectivo <strong>#SeguridadSinGuerra <\/strong>hemos exigido en diversas ocasiones al gobierno poner fin a la militarizaci\u00f3n de la seguridad p\u00fablica, e instado a crear una estrategia nacional para lograr el desarme del pa\u00eds, un plan para el retiro progresivo de las fuerzas armadas, y una estrategia efectiva para lograr el cese de la violencia. Sin embargo, en respuesta, hemos visto no s\u00f3lo el incremento de la presencia de fuerzas armadas en las calles para atender la seguridad p\u00fablica, sino tambi\u00e9n, como lo se\u00f1al\u00f3 el Centro de Investigaci\u00f3n y Docencia Econ\u00f3micas, se les ha delegado tareas de orden meramente civil como la construcci\u00f3n de infraestructura p\u00fablica y privada; la distribuci\u00f3n de gasolina, libros de texto para la educaci\u00f3n b\u00e1sica y fertilizantes, entre muchas otras1. <\/p>\n\n\n\n<p>En ese sentido, hemos advertido la necesidad de reglamentar el art\u00edculo 129 constitucional que se\u00f1ala que \u201cen tiempo de paz, ninguna autoridad militar puede ejercer m\u00e1s funciones que las que tengan exacta conexi\u00f3n con la disciplina militar\u201d con lo cual se brindar\u00e1 mayor protecci\u00f3n a la poblaci\u00f3n y se garantizar\u00e1n controles legislativos y judiciales que supervisen las acciones de las fuerzas armadas.<\/p>\n\n\n\n<p>Por lo anterior, exigimos a las autoridades estatales y federales:<\/p>\n\n\n\n<ul start=\"2\"><li>Establecer e implementar las medidas urgentes para <strong>garantizar, la vida, la seguridad y la integridad de la poblaci\u00f3n en Sinaloa<\/strong>.<\/li><li>Implementar pol\u00edticas integrales que conduzcan a la disminuci\u00f3n y contenci\u00f3n del delito y la prevenci\u00f3n social y de la reincidencia delictiva.<\/li><li>Presentar un plan a corto, mediano y largo plazo de desmilitarizaci\u00f3n del pa\u00eds.<\/li><\/ul>\n\n\n\n<p><\/p>\n\n\n\n<p><\/p>\n\n\n\n<p>1 CIDE (2021). <em>Inventario Nacional de lo Militarizado. Una radiograf\u00eda de los procesos de militarizaci\u00f3n en M\u00e9xico<\/em>.<\/p>\n","protected":false},"excerpt":{"rendered":"<p>Las organizaciones de la sociedad civil que conforman y acompa\u00f1an al Colectivo #SeguridadSinGuerra y Amnist\u00eda Internacional, condenamos los hechos de violencia ocurridos en m\u00faltiples lugares de Sinaloa como Culiac\u00e1n, Los &hellip;<\/p>\n<p class=\"read-more\"> <a class=\"\" href=\"https:\/\/amnistia.org.mx\/contenido\/index.php\/seguridadsinguerra-y-amnistia-internacional-condenan-la-violencia-en-sinaloa-reflejo-de-la-crisis-de-seguridad-publica-que-vive-el-pais\/\"> <span class=\"screen-reader-text\">#SeguridadSinGuerra y Amnist\u00eda Internacional condenan la violencia en Sinaloa, reflejo de la crisis de seguridad p\u00fablica que vive el pa\u00eds.<\/span> Leer m\u00e1s &raquo;<\/a><\/p>\n","protected":false},"author":4,"featured_media":19487,"comment_status":"closed","ping_status":"closed","sticky":false,"template":"","format":"standard","meta":{"_uf_show_specific_survey":0,"_uf_disable_surveys":false,"site-sidebar-layout":"default","site-content-layout":"default","ast-global-header-display":"","ast-main-header-display":"","ast-hfb-above-header-display":"","ast-hfb-below-header-display":"","ast-hfb-mobile-header-display":"","site-post-title":"","ast-breadcrumbs-content":"","ast-featured-img":"","footer-sml-layout":"","theme-transparent-header-meta":"","adv-header-id-meta":"","stick-header-meta":"","header-above-stick-meta":"","header-main-stick-meta":"","header-below-stick-meta":""},"categories":[20],"tags":[28],"acf":[],"aioseo_notices":[],"yoast_head":"<!-- This site is optimized with the Yoast SEO plugin v14.5 - https:\/\/yoast.com\/wordpress\/plugins\/seo\/ -->\n<title>#SeguridadSinGuerra y Amnist\u00eda Internacional condenan la violencia en Sinaloa, reflejo de la crisis de seguridad p\u00fablica que vive el pa\u00eds. - amnistia.org.mx<\/title>\n<meta name=\"description\" content=\"Las organizaciones de la sociedad civil que conforman y acompa\u00f1an al Colectivo #SeguridadSinGuerra y Amnist\u00eda Internacional, condenamos los hechos de violencia ocurridos en m\u00faltiples lugares de Sinaloa como Culiac\u00e1n, Los Mochis y Guasave, que tienen lugar desde la madrugada del 5 de enero.\" \/>\n<meta name=\"robots\" content=\"index, follow\" \/>\n<meta name=\"googlebot\" content=\"index, follow, max-snippet:-1, max-image-preview:large, max-video-preview:-1\" \/>\n<meta name=\"bingbot\" content=\"index, follow, max-snippet:-1, max-image-preview:large, max-video-preview:-1\" \/>\n<link rel=\"canonical\" href=\"https:\/\/amnistia.org.mx\/contenido\/index.php\/seguridadsinguerra-y-amnistia-internacional-condenan-la-violencia-en-sinaloa-reflejo-de-la-crisis-de-seguridad-publica-que-vive-el-pais\/\" \/>\n<meta property=\"og:locale\" content=\"es_MX\" \/>\n<meta property=\"og:type\" content=\"article\" \/>\n<meta property=\"og:title\" content=\"#SeguridadSinGuerra y Amnist\u00eda Internacional condenan la violencia en Sinaloa, reflejo de la crisis de seguridad p\u00fablica que vive el pa\u00eds. - amnistia.org.mx\" \/>\n<meta property=\"og:description\" content=\"Las organizaciones de la sociedad civil que conforman y acompa\u00f1an al Colectivo #SeguridadSinGuerra y Amnist\u00eda Internacional, condenamos los hechos de violencia ocurridos en m\u00faltiples lugares de Sinaloa como Culiac\u00e1n, Los Mochis y Guasave, que tienen lugar desde la madrugada del 5 de enero.\" \/>\n<meta property=\"og:url\" content=\"https:\/\/amnistia.org.mx\/contenido\/index.php\/seguridadsinguerra-y-amnistia-internacional-condenan-la-violencia-en-sinaloa-reflejo-de-la-crisis-de-seguridad-publica-que-vive-el-pais\/\" \/>\n<meta property=\"og:site_name\" content=\"amnistia.org.mx\" \/>\n<meta property=\"article:published_time\" content=\"2023-01-06T16:14:15+00:00\" \/>\n<meta property=\"article:modified_time\" content=\"2023-01-06T17:09:27+00:00\" \/>\n<meta property=\"og:image\" content=\"https:\/\/amnistia.org.mx\/contenido\/wp-content\/uploads\/2022\/10\/Foto-EOF-para-comunicados.jpg\" \/>\n\t<meta property=\"og:image:width\" content=\"1280\" \/>\n\t<meta property=\"og:image:height\" content=\"960\" \/>\n<meta name=\"twitter:card\" content=\"summary_large_image\" \/>\n<script type=\"application\/ld+json\" class=\"yoast-schema-graph\">{\"@context\":\"https:\/\/schema.org\",\"@graph\":[{\"@type\":\"WebSite\",\"@id\":\"https:\/\/amnistia.org.mx\/contenido\/#website\",\"url\":\"https:\/\/amnistia.org.mx\/contenido\/\",\"name\":\"amnistia.org.mx\",\"description\":\"Nueva p\\u00e1gina de Amnist\\u00eda\",\"potentialAction\":[{\"@type\":\"SearchAction\",\"target\":\"https:\/\/amnistia.org.mx\/contenido\/?s={search_term_string}\",\"query-input\":\"required name=search_term_string\"}],\"inLanguage\":\"es-MX\"},{\"@type\":\"ImageObject\",\"@id\":\"https:\/\/amnistia.org.mx\/contenido\/index.php\/seguridadsinguerra-y-amnistia-internacional-condenan-la-violencia-en-sinaloa-reflejo-de-la-crisis-de-seguridad-publica-que-vive-el-pais\/#primaryimage\",\"inLanguage\":\"es-MX\",\"url\":\"https:\/\/amnistia.org.mx\/contenido\/wp-content\/uploads\/2022\/10\/Foto-EOF-para-comunicados.jpg\",\"width\":1280,\"height\":960},{\"@type\":\"WebPage\",\"@id\":\"https:\/\/amnistia.org.mx\/contenido\/index.php\/seguridadsinguerra-y-amnistia-internacional-condenan-la-violencia-en-sinaloa-reflejo-de-la-crisis-de-seguridad-publica-que-vive-el-pais\/#webpage\",\"url\":\"https:\/\/amnistia.org.mx\/contenido\/index.php\/seguridadsinguerra-y-amnistia-internacional-condenan-la-violencia-en-sinaloa-reflejo-de-la-crisis-de-seguridad-publica-que-vive-el-pais\/\",\"name\":\"#SeguridadSinGuerra y Amnist\\u00eda Internacional condenan la violencia en Sinaloa, reflejo de la crisis de seguridad p\\u00fablica que vive el pa\\u00eds. - amnistia.org.mx\",\"isPartOf\":{\"@id\":\"https:\/\/amnistia.org.mx\/contenido\/#website\"},\"primaryImageOfPage\":{\"@id\":\"https:\/\/amnistia.org.mx\/contenido\/index.php\/seguridadsinguerra-y-amnistia-internacional-condenan-la-violencia-en-sinaloa-reflejo-de-la-crisis-de-seguridad-publica-que-vive-el-pais\/#primaryimage\"},\"datePublished\":\"2023-01-06T16:14:15+00:00\",\"dateModified\":\"2023-01-06T17:09:27+00:00\",\"author\":{\"@id\":\"https:\/\/amnistia.org.mx\/contenido\/#\/schema\/person\/7db421c495688267ce8ede4625c17fa5\"},\"description\":\"Las organizaciones de la sociedad civil que conforman y acompa\\u00f1an al Colectivo #SeguridadSinGuerra y Amnist\\u00eda Internacional, condenamos los hechos de violencia ocurridos en m\\u00faltiples lugares de Sinaloa como Culiac\\u00e1n, Los Mochis y Guasave, que tienen lugar desde la madrugada del 5 de enero.\",\"breadcrumb\":{\"@id\":\"https:\/\/amnistia.org.mx\/contenido\/index.php\/seguridadsinguerra-y-amnistia-internacional-condenan-la-violencia-en-sinaloa-reflejo-de-la-crisis-de-seguridad-publica-que-vive-el-pais\/#breadcrumb\"},\"inLanguage\":\"es-MX\",\"potentialAction\":[{\"@type\":\"ReadAction\",\"target\":[\"https:\/\/amnistia.org.mx\/contenido\/index.php\/seguridadsinguerra-y-amnistia-internacional-condenan-la-violencia-en-sinaloa-reflejo-de-la-crisis-de-seguridad-publica-que-vive-el-pais\/\"]}]},{\"@type\":\"BreadcrumbList\",\"@id\":\"https:\/\/amnistia.org.mx\/contenido\/index.php\/seguridadsinguerra-y-amnistia-internacional-condenan-la-violencia-en-sinaloa-reflejo-de-la-crisis-de-seguridad-publica-que-vive-el-pais\/#breadcrumb\",\"itemListElement\":[{\"@type\":\"ListItem\",\"position\":1,\"item\":{\"@type\":\"WebPage\",\"@id\":\"https:\/\/amnistia.org.mx\/contenido\/\",\"url\":\"https:\/\/amnistia.org.mx\/contenido\/\",\"name\":\"Home\"}},{\"@type\":\"ListItem\",\"position\":2,\"item\":{\"@type\":\"WebPage\",\"@id\":\"https:\/\/amnistia.org.mx\/contenido\/index.php\/seguridadsinguerra-y-amnistia-internacional-condenan-la-violencia-en-sinaloa-reflejo-de-la-crisis-de-seguridad-publica-que-vive-el-pais\/\",\"url\":\"https:\/\/amnistia.org.mx\/contenido\/index.php\/seguridadsinguerra-y-amnistia-internacional-condenan-la-violencia-en-sinaloa-reflejo-de-la-crisis-de-seguridad-publica-que-vive-el-pais\/\",\"name\":\"#SeguridadSinGuerra y Amnist\\u00eda Internacional condenan la violencia en Sinaloa, reflejo de la crisis de seguridad p\\u00fablica que vive el pa\\u00eds.\"}}]},{\"@type\":[\"Person\"],\"@id\":\"https:\/\/amnistia.org.mx\/contenido\/#\/schema\/person\/7db421c495688267ce8ede4625c17fa5\",\"name\":\"Alejandro Ju\\u00e1rez Gamero\",\"image\":{\"@type\":\"ImageObject\",\"@id\":\"https:\/\/amnistia.org.mx\/contenido\/#personlogo\",\"inLanguage\":\"es-MX\",\"url\":\"https:\/\/secure.gravatar.com\/avatar\/e312d5566d1c3ffb56f86415d6f0e606?s=96&d=mm&r=g\",\"caption\":\"Alejandro Ju\\u00e1rez Gamero\"}}]}<\/script>\n<!-- \/ Yoast SEO plugin. -->","_links":{"self":[{"href":"https:\/\/amnistia.org.mx\/contenido\/index.php\/wp-json\/wp\/v2\/posts\/20178"}],"collection":[{"href":"https:\/\/amnistia.org.mx\/contenido\/index.php\/wp-json\/wp\/v2\/posts"}],"about":[{"href":"https:\/\/amnistia.org.mx\/contenido\/index.php\/wp-json\/wp\/v2\/types\/post"}],"author":[{"embeddable":true,"href":"https:\/\/amnistia.org.mx\/contenido\/index.php\/wp-json\/wp\/v2\/users\/4"}],"replies":[{"embeddable":true,"href":"https:\/\/amnistia.org.mx\/contenido\/index.php\/wp-json\/wp\/v2\/comments?post=20178"}],"version-history":[{"count":5,"href":"https:\/\/amnistia.org.mx\/contenido\/index.php\/wp-json\/wp\/v2\/posts\/20178\/revisions"}],"predecessor-version":[{"id":20184,"href":"https:\/\/amnistia.org.mx\/contenido\/index.php\/wp-json\/wp\/v2\/posts\/20178\/revisions\/20184"}],"wp:featuredmedia":[{"embeddable":true,"href":"https:\/\/amnistia.org.mx\/contenido\/index.php\/wp-json\/wp\/v2\/media\/19487"}],"wp:attachment":[{"href":"https:\/\/amnistia.org.mx\/contenido\/index.php\/wp-json\/wp\/v2\/media?parent=20178"}],"wp:term":[{"taxonomy":"category","embeddable":true,"href":"https:\/\/amnistia.org.mx\/contenido\/index.php\/wp-json\/wp\/v2\/categories?post=20178"},{"taxonomy":"post_tag","embeddable":true,"href":"https:\/\/amnistia.org.mx\/contenido\/index.php\/wp-json\/wp\/v2\/tags?post=20178"}],"curies":[{"name":"wp","href":"https:\/\/api.w.org\/{rel}","templated":true}]}}