
{"id":20231,"date":"2023-01-11T15:38:24","date_gmt":"2023-01-11T21:38:24","guid":{"rendered":"https:\/\/amnistia.org.mx\/contenido\/?p=20231"},"modified":"2023-01-11T15:54:13","modified_gmt":"2023-01-11T21:54:13","slug":"usa-el-gobierno-estadounidense-sigue-perpetuando-graves-violaciones-de-derechos-humanos-en-la-prision-de-guantanamo-a-21-anos-de-su-apertura","status":"publish","type":"post","link":"https:\/\/amnistia.org.mx\/contenido\/index.php\/usa-el-gobierno-estadounidense-sigue-perpetuando-graves-violaciones-de-derechos-humanos-en-la-prision-de-guantanamo-a-21-anos-de-su-apertura\/","title":{"rendered":"USA: El gobierno estadounidense sigue perpetuando graves violaciones de derechos humanos en la prisi\u00f3n de Guant\u00e1namo, a 21 a\u00f1os de su apertura"},"content":{"rendered":"\n<p class=\"has-text-align-left\">Activistas de Amnist\u00eda Internacional efectuaron, este mi\u00e9rcoles 11 de enero de 2023, una activaci\u00f3n ante la embajada de Estados Unidos en M\u00e9xico, y posteriormente en la Victoria Alada (\u00c1ngela de la Independencia), para demandar el cierre de la prisi\u00f3n de Guant\u00e1namo. Foto: Amnist\u00eda Internacional M\u00e9xico.<\/p>\n\n\n\n<p><strong>Posicionamiento de Amnist\u00eda Internacional M\u00e9xico sobre la prisi\u00f3n de Guant\u00e1namo, en el marco del 21 aniversario de su apertura<\/strong><\/p>\n\n\n\n<p>La existencia del centro de detenci\u00f3n militar de Guant\u00e1namo constituye una afrenta para la vigencia de los derechos humanos.&nbsp; 21 a\u00f1os despu\u00e9s de su apertura, es claro que la intenci\u00f3n del gobierno estadounidense fue crear un centro de detenci\u00f3n fuera de su territorio para eludir el estado de derecho.<\/p>\n\n\n\n<p>Guant\u00e1namo es un s\u00edmbolo del abuso de los derechos humanos de las personas privadas de libertad y se ha convertido en un lastre en la lucha contra el terrorismo. Al mantener este centro de detenci\u00f3n, Estados Unidos anima a otros pa\u00edses a violar los derechos humanos.<\/p>\n\n\n\n<p>El centro de detenci\u00f3n de Guant\u00e1namo est\u00e1 en contra de los valores fundamentales de justicia, libertad y dignidad que promueve el gobierno estadounidense. Guant\u00e1namo es una verg\u00fcenza nacional para Estados Unidos y le resta autoridad moral en todo el mundo.<\/p>\n\n\n\n<p>En Guant\u00e1namo han estado recluidos casi 780 musulmanes sin cargos ni juicios y hoy mismo permanecen 35, lo que constituye una expresi\u00f3n clar\u00edsima de racismo e islamofobia.<\/p>\n\n\n\n<p>Tras 21 a\u00f1os de injusticias, secciones de Amnist\u00eda Internacional en todo el mundo, estamos pidiendo a Joe Biden el cierre definitivo del centro de detenci\u00f3n de Guant\u00e1namo.<\/p>\n\n\n\n<p>El uso de la detenci\u00f3n indefinida sin cargos como respuesta a los atentados del 11 de septiembre de 2001 ha sido ilegal desde el principio y as\u00ed se est\u00e1 violando el derecho a la justicia para las v\u00edctimas de estos atentados.<\/p>\n\n\n\n<p>En Guant\u00e1namo se cometen las m\u00e1s graves violaciones a derechos humanos: tortura, tratos cueles e inhumanos, desapariciones forzadas y detenciones prolongadas. El gobierno de Estados Unidos se ha negado a investigar y sancionar a quienes han cometido estos delitos de derecho internacional. Esta impunidad es inaceptable.<\/p>\n\n\n\n<p>Algunas de las personas detenidas han recibido autorizaci\u00f3n para ser trasladadas a otros pa\u00edses pero contin\u00faan recluidas en esta c\u00e1rcel del horror, como es el caso de Toffig al-Bihani.<\/p>\n\n\n\n<p>Desde Amnist\u00eda Internacional M\u00e9xico hacemos un llamado al presidente estadounidense Joe Biden para que cierre de inmediato el centro de detenci\u00f3n de Guant\u00e1namo y para que proponga una soluci\u00f3n legal y respetuosa de los derechos humanos de las personas que est\u00e1n ah\u00ed recluidas.<\/p>\n\n\n\n<p>Todos los detenidos a quienes se ha autorizado su traslado deben ser reubicados inmediatamente a pa\u00edses donde se respeten sus derechos humanos.<\/p>\n\n\n\n<p>Las personas que no tienen ninguna acusaci\u00f3n tambi\u00e9n deben ser trasladadas lo antes posible.<\/p>\n\n\n\n<p>Todos los detenidos que fueron sometidos a tortura u otros tratos crueles, inhumanos o degradantes deben acceder a una reparaci\u00f3n integral del da\u00f1o, y los responsables de los actos de tortura y desaparici\u00f3n forzada deben comparecer ante la justicia en un juicio justo.<\/p>\n\n\n\n<p>Pedimos tambi\u00e9n que se ponga fin a las pr\u00e1cticas abusivas en Guant\u00e1namo y otros centros de detenci\u00f3n en Estados Unidos. Todos los detenidos deben ser formalmente acusados y sometidos a un juicio justo, o puestos en libertad de inmediato.<\/p>\n\n\n\n<p>El presidente Joe Biden debe cumplir su compromiso de cerrar Guant\u00e1namo de una vez por todas. Cuanto m\u00e1s tiempo permanezca en uso la prisi\u00f3n, m\u00e1s tiempo seguir\u00e1 minando la credibilidad de Estados Unidos en todo el mundo en materia de derechos humanos.<\/p>\n\n\n\n<p>Presidente Biden: haga lo correcto, cierre Guant\u00e1namo de una vez por todas.<\/p>\n\n\n\n<p><strong>Informaci\u00f3n adicional<\/strong><\/p>\n\n\n\n<ul><li>Guant\u00e1namo sigue abierto, y alberga a 35 detenidos que llevan all\u00ed casi dos d\u00e9cadas sin un juicio justo. La mayor\u00eda ni siquiera han sido acusados de ning\u00fan delito.<\/li><\/ul>\n\n\n\n<ul><li>Hasta ahora, el Presidente Biden ha trasladado a cinco hombres fuera del centro.<\/li><\/ul>\n\n\n\n<ul><li>Ahora hay 20 hombres autorizados para ser puestos en libertad.<\/li><\/ul>\n\n\n\n<ul><li>No ha habido rendici\u00f3n de cuentas en Estados Unidos por las importantes violaciones de los derechos humanos perpetradas por Estados Unidos, incluidas la tortura, las desapariciones forzadas y la absoluta de garant\u00edas procesales.<\/li><\/ul>\n\n\n\n<ul><li>Secciones de Amnist\u00eda Internacional en todo el mundo -EE.UU, Francia, Espa\u00f1a, Suecia, Suiza, Reino Unido, Italia, Canad\u00e1 franc\u00f3fono (Montreal), Australia, Noruega, Irlanda, Alemania, Argentina, B\u00e9lgica (FR), M\u00e9xico, Chile, Venezuela, Austria, Islandia, entre otras- estamos pidiendo al presidente estadounidense, Joe Biden, que cierre finalmente Guant\u00e1namo antes de que termine su mandato presidencial, mediante la transferencia y liberaci\u00f3n de los presos de Guant\u00e1namo.<\/li><\/ul>\n\n\n\n<p><strong>Para m\u00e1s informaci\u00f3n o para concertar una entrevista, contacte a:<\/strong><\/p>\n\n\n\n<p>Alejandro Ju\u00e1rez Gamero<\/p>\n\n\n\n<p>Amnist\u00eda Internacional M\u00e9xico<\/p>\n\n\n\n<p><a href=\"mailto:prensa@amnist%C3%ADa.org.mx\">prensa@amnist\u00eda.org.mx<\/a><\/p>\n\n\n\n<p>+52 55 2265 4331<\/p>\n","protected":false},"excerpt":{"rendered":"<p>Activistas de Amnist\u00eda Internacional efectuaron, este mi\u00e9rcoles 11 de enero de 2023, una activaci\u00f3n ante la embajada de Estados Unidos en M\u00e9xico, y posteriormente en la Victoria Alada (\u00c1ngela de &hellip;<\/p>\n<p class=\"read-more\"> <a class=\"\" href=\"https:\/\/amnistia.org.mx\/contenido\/index.php\/usa-el-gobierno-estadounidense-sigue-perpetuando-graves-violaciones-de-derechos-humanos-en-la-prision-de-guantanamo-a-21-anos-de-su-apertura\/\"> <span class=\"screen-reader-text\">USA: El gobierno estadounidense sigue perpetuando graves violaciones de derechos humanos en la prisi\u00f3n de Guant\u00e1namo, a 21 a\u00f1os de su apertura<\/span> Leer m\u00e1s &raquo;<\/a><\/p>\n","protected":false},"author":4,"featured_media":20249,"comment_status":"closed","ping_status":"closed","sticky":false,"template":"","format":"standard","meta":{"_uf_show_specific_survey":0,"_uf_disable_surveys":false,"site-sidebar-layout":"default","site-content-layout":"default","ast-global-header-display":"","ast-main-header-display":"","ast-hfb-above-header-display":"","ast-hfb-below-header-display":"","ast-hfb-mobile-header-display":"","site-post-title":"","ast-breadcrumbs-content":"","ast-featured-img":"","footer-sml-layout":"","theme-transparent-header-meta":"","adv-header-id-meta":"","stick-header-meta":"","header-above-stick-meta":"","header-main-stick-meta":"","header-below-stick-meta":""},"categories":[9],"tags":[],"acf":[],"aioseo_notices":[],"yoast_head":"<!-- This site is optimized with the Yoast SEO plugin v14.5 - https:\/\/yoast.com\/wordpress\/plugins\/seo\/ -->\n<title>USA: El gobierno estadounidense sigue perpetuando graves violaciones de derechos humanos en la prisi\u00f3n de Guant\u00e1namo, a 21 a\u00f1os de su apertura - amnistia.org.mx<\/title>\n<meta name=\"description\" content=\"Estados Unidos perpet\u00faa graves violaciones de derechos humanos en la prisi\u00f3n de Guant\u00e1namo, a 21 a\u00f1os de su apertura, advierte Amnist\u00eda Internacional.\" \/>\n<meta name=\"robots\" content=\"index, follow\" \/>\n<meta name=\"googlebot\" content=\"index, follow, max-snippet:-1, max-image-preview:large, max-video-preview:-1\" \/>\n<meta name=\"bingbot\" content=\"index, follow, max-snippet:-1, max-image-preview:large, max-video-preview:-1\" \/>\n<link rel=\"canonical\" href=\"https:\/\/amnistia.org.mx\/contenido\/index.php\/usa-el-gobierno-estadounidense-sigue-perpetuando-graves-violaciones-de-derechos-humanos-en-la-prision-de-guantanamo-a-21-anos-de-su-apertura\/\" \/>\n<meta property=\"og:locale\" content=\"es_MX\" \/>\n<meta property=\"og:type\" content=\"article\" \/>\n<meta property=\"og:title\" content=\"USA: El gobierno estadounidense sigue perpetuando graves violaciones de derechos humanos en la prisi\u00f3n de Guant\u00e1namo, a 21 a\u00f1os de su apertura - amnistia.org.mx\" \/>\n<meta property=\"og:description\" content=\"Estados Unidos perpet\u00faa graves violaciones de derechos humanos en la prisi\u00f3n de Guant\u00e1namo, a 21 a\u00f1os de su apertura, advierte Amnist\u00eda Internacional.\" \/>\n<meta property=\"og:url\" content=\"https:\/\/amnistia.org.mx\/contenido\/index.php\/usa-el-gobierno-estadounidense-sigue-perpetuando-graves-violaciones-de-derechos-humanos-en-la-prision-de-guantanamo-a-21-anos-de-su-apertura\/\" \/>\n<meta property=\"og:site_name\" content=\"amnistia.org.mx\" \/>\n<meta property=\"article:published_time\" content=\"2023-01-11T21:38:24+00:00\" \/>\n<meta property=\"article:modified_time\" content=\"2023-01-11T21:54:13+00:00\" \/>\n<meta property=\"og:image\" content=\"https:\/\/amnistia.org.mx\/contenido\/wp-content\/uploads\/2023\/01\/Guanta\u0301namo-1024x552.png\" \/>\n\t<meta property=\"og:image:width\" content=\"1024\" \/>\n\t<meta property=\"og:image:height\" content=\"552\" \/>\n<meta name=\"twitter:card\" content=\"summary_large_image\" \/>\n<script type=\"application\/ld+json\" class=\"yoast-schema-graph\">{\"@context\":\"https:\/\/schema.org\",\"@graph\":[{\"@type\":\"WebSite\",\"@id\":\"https:\/\/amnistia.org.mx\/contenido\/#website\",\"url\":\"https:\/\/amnistia.org.mx\/contenido\/\",\"name\":\"amnistia.org.mx\",\"description\":\"Nueva p\\u00e1gina de Amnist\\u00eda\",\"potentialAction\":[{\"@type\":\"SearchAction\",\"target\":\"https:\/\/amnistia.org.mx\/contenido\/?s={search_term_string}\",\"query-input\":\"required name=search_term_string\"}],\"inLanguage\":\"es-MX\"},{\"@type\":\"ImageObject\",\"@id\":\"https:\/\/amnistia.org.mx\/contenido\/index.php\/usa-el-gobierno-estadounidense-sigue-perpetuando-graves-violaciones-de-derechos-humanos-en-la-prision-de-guantanamo-a-21-anos-de-su-apertura\/#primaryimage\",\"inLanguage\":\"es-MX\",\"url\":\"https:\/\/amnistia.org.mx\/contenido\/wp-content\/uploads\/2023\/01\/Guanta\\u0301namo.png\",\"width\":2870,\"height\":1548},{\"@type\":\"WebPage\",\"@id\":\"https:\/\/amnistia.org.mx\/contenido\/index.php\/usa-el-gobierno-estadounidense-sigue-perpetuando-graves-violaciones-de-derechos-humanos-en-la-prision-de-guantanamo-a-21-anos-de-su-apertura\/#webpage\",\"url\":\"https:\/\/amnistia.org.mx\/contenido\/index.php\/usa-el-gobierno-estadounidense-sigue-perpetuando-graves-violaciones-de-derechos-humanos-en-la-prision-de-guantanamo-a-21-anos-de-su-apertura\/\",\"name\":\"USA: El gobierno estadounidense sigue perpetuando graves violaciones de derechos humanos en la prisi\\u00f3n de Guant\\u00e1namo, a 21 a\\u00f1os de su apertura - amnistia.org.mx\",\"isPartOf\":{\"@id\":\"https:\/\/amnistia.org.mx\/contenido\/#website\"},\"primaryImageOfPage\":{\"@id\":\"https:\/\/amnistia.org.mx\/contenido\/index.php\/usa-el-gobierno-estadounidense-sigue-perpetuando-graves-violaciones-de-derechos-humanos-en-la-prision-de-guantanamo-a-21-anos-de-su-apertura\/#primaryimage\"},\"datePublished\":\"2023-01-11T21:38:24+00:00\",\"dateModified\":\"2023-01-11T21:54:13+00:00\",\"author\":{\"@id\":\"https:\/\/amnistia.org.mx\/contenido\/#\/schema\/person\/7db421c495688267ce8ede4625c17fa5\"},\"description\":\"Estados Unidos perpet\\u00faa graves violaciones de derechos humanos en la prisi\\u00f3n de Guant\\u00e1namo, a 21 a\\u00f1os de su apertura, advierte Amnist\\u00eda Internacional.\",\"breadcrumb\":{\"@id\":\"https:\/\/amnistia.org.mx\/contenido\/index.php\/usa-el-gobierno-estadounidense-sigue-perpetuando-graves-violaciones-de-derechos-humanos-en-la-prision-de-guantanamo-a-21-anos-de-su-apertura\/#breadcrumb\"},\"inLanguage\":\"es-MX\",\"potentialAction\":[{\"@type\":\"ReadAction\",\"target\":[\"https:\/\/amnistia.org.mx\/contenido\/index.php\/usa-el-gobierno-estadounidense-sigue-perpetuando-graves-violaciones-de-derechos-humanos-en-la-prision-de-guantanamo-a-21-anos-de-su-apertura\/\"]}]},{\"@type\":\"BreadcrumbList\",\"@id\":\"https:\/\/amnistia.org.mx\/contenido\/index.php\/usa-el-gobierno-estadounidense-sigue-perpetuando-graves-violaciones-de-derechos-humanos-en-la-prision-de-guantanamo-a-21-anos-de-su-apertura\/#breadcrumb\",\"itemListElement\":[{\"@type\":\"ListItem\",\"position\":1,\"item\":{\"@type\":\"WebPage\",\"@id\":\"https:\/\/amnistia.org.mx\/contenido\/\",\"url\":\"https:\/\/amnistia.org.mx\/contenido\/\",\"name\":\"Home\"}},{\"@type\":\"ListItem\",\"position\":2,\"item\":{\"@type\":\"WebPage\",\"@id\":\"https:\/\/amnistia.org.mx\/contenido\/index.php\/usa-el-gobierno-estadounidense-sigue-perpetuando-graves-violaciones-de-derechos-humanos-en-la-prision-de-guantanamo-a-21-anos-de-su-apertura\/\",\"url\":\"https:\/\/amnistia.org.mx\/contenido\/index.php\/usa-el-gobierno-estadounidense-sigue-perpetuando-graves-violaciones-de-derechos-humanos-en-la-prision-de-guantanamo-a-21-anos-de-su-apertura\/\",\"name\":\"USA: El gobierno estadounidense sigue perpetuando graves violaciones de derechos humanos en la prisi\\u00f3n de Guant\\u00e1namo, a 21 a\\u00f1os de su apertura\"}}]},{\"@type\":[\"Person\"],\"@id\":\"https:\/\/amnistia.org.mx\/contenido\/#\/schema\/person\/7db421c495688267ce8ede4625c17fa5\",\"name\":\"Alejandro Ju\\u00e1rez Gamero\",\"image\":{\"@type\":\"ImageObject\",\"@id\":\"https:\/\/amnistia.org.mx\/contenido\/#personlogo\",\"inLanguage\":\"es-MX\",\"url\":\"https:\/\/secure.gravatar.com\/avatar\/e312d5566d1c3ffb56f86415d6f0e606?s=96&d=mm&r=g\",\"caption\":\"Alejandro Ju\\u00e1rez Gamero\"}}]}<\/script>\n<!-- \/ Yoast SEO plugin. -->","_links":{"self":[{"href":"https:\/\/amnistia.org.mx\/contenido\/index.php\/wp-json\/wp\/v2\/posts\/20231"}],"collection":[{"href":"https:\/\/amnistia.org.mx\/contenido\/index.php\/wp-json\/wp\/v2\/posts"}],"about":[{"href":"https:\/\/amnistia.org.mx\/contenido\/index.php\/wp-json\/wp\/v2\/types\/post"}],"author":[{"embeddable":true,"href":"https:\/\/amnistia.org.mx\/contenido\/index.php\/wp-json\/wp\/v2\/users\/4"}],"replies":[{"embeddable":true,"href":"https:\/\/amnistia.org.mx\/contenido\/index.php\/wp-json\/wp\/v2\/comments?post=20231"}],"version-history":[{"count":13,"href":"https:\/\/amnistia.org.mx\/contenido\/index.php\/wp-json\/wp\/v2\/posts\/20231\/revisions"}],"predecessor-version":[{"id":20247,"href":"https:\/\/amnistia.org.mx\/contenido\/index.php\/wp-json\/wp\/v2\/posts\/20231\/revisions\/20247"}],"wp:featuredmedia":[{"embeddable":true,"href":"https:\/\/amnistia.org.mx\/contenido\/index.php\/wp-json\/wp\/v2\/media\/20249"}],"wp:attachment":[{"href":"https:\/\/amnistia.org.mx\/contenido\/index.php\/wp-json\/wp\/v2\/media?parent=20231"}],"wp:term":[{"taxonomy":"category","embeddable":true,"href":"https:\/\/amnistia.org.mx\/contenido\/index.php\/wp-json\/wp\/v2\/categories?post=20231"},{"taxonomy":"post_tag","embeddable":true,"href":"https:\/\/amnistia.org.mx\/contenido\/index.php\/wp-json\/wp\/v2\/tags?post=20231"}],"curies":[{"name":"wp","href":"https:\/\/api.w.org\/{rel}","templated":true}]}}