
{"id":20291,"date":"2023-01-20T10:00:00","date_gmt":"2023-01-20T16:00:00","guid":{"rendered":"https:\/\/amnistia.org.mx\/contenido\/?p=20291"},"modified":"2023-01-20T10:25:16","modified_gmt":"2023-01-20T16:25:16","slug":"comunicado-red-feminista-antimilitarista","status":"publish","type":"post","link":"https:\/\/amnistia.org.mx\/contenido\/index.php\/comunicado-red-feminista-antimilitarista\/","title":{"rendered":"Comunicado Red Feminista Antimilitarista"},"content":{"rendered":"\n<p>Las organizaciones que integramos la Red Feminista Antimilitarista externamos nuestra preocupaci\u00f3n por el despliegue de 6 mil 60 elementos de la Guardia Nacional en las instalaciones del Metro de la Ciudad de M\u00e9xico, desde el pasado 12 de enero, con la finalidad de realizar acciones de vigilancia y seguridad de las personas usuarias de este sistema de transporte.<\/p>\n\n\n\n<p>Esto se suma a la lista de acciones que el Gobierno federal ha llevado a cabo para mantener a las fuerzas armadas como el principal soporte de la seguridad p\u00fablica en el pa\u00eds. Al respecto, vemos que las decisiones del Estado mexicano van encaminadas a otorgar mayor injerencia a la Guardia Nacional en materia de seguridad p\u00fablica, lo que puede conllevar riesgos sustanciales para la vigencia y respeto de los derechos humanos.<\/p>\n\n\n\n<p>Esta decisi\u00f3n es contraria a lo establecido en los est\u00e1ndares internacionales de derechos humanos, como lo se\u00f1ala la sentencia del<a href=\"https:\/\/www.corteidh.or.cr\/docs\/casos\/articulos\/seriec_370_esp.pdf\"> <\/a><a href=\"https:\/\/www.corteidh.or.cr\/docs\/casos\/articulos\/seriec_370_esp.pdf\"><em>caso Alvarado Espinoza y otros Vs. M\u00e9xico<\/em><\/a>, en la cual la Corte Interamericana de Derechos Humanos determin\u00f3 que \u201cel mantenimiento del orden p\u00fablico interno y la seguridad ciudadana deben estar primariamente reservados a los cuerpos policiales civiles\u201d y que la participaci\u00f3n de las fuerzas armadas en estas tareas debe ser excepcional, temporal, restringida, subordinada y complementaria a las labores de las corporaciones civiles, as\u00ed como regulada mediante mecanismos legales y fiscalizada por \u00f3rganos civiles independientes.<\/p>\n\n\n\n<p>Por otro lado, nos desconcierta que la presencia de elementos de la GN carece de fundamentos s\u00f3lidos, ya que, seg\u00fan la propia Jefa de Gobierno ha dicho, la decisi\u00f3n responde a incidentes \u201canormales\u201d ocurridos en los \u00faltimos meses, espec\u00edficamente el choque de dos trenes ocurrido el pasado 7 de enero. Ante esta situaci\u00f3n, recordamos que las tareas de vigilancia y mantenimiento del Metro son labores meramente de car\u00e1cter civil, no militares.<\/p>\n\n\n\n<p>Finalmente, vemos que la decisi\u00f3n de desplegar a estos elementos de la GN se tom\u00f3 sin transparencia y con total opacidad, pues no se ha difundido cu\u00e1l ser\u00e1 la estrategia de seguridad que el Gobierno de la Ciudad de M\u00e9xico implementar\u00e1, que deber\u00eda de incluir las actividades, la temporalidad de la permanencia de la Guardia Nacional, as\u00ed como su retiro, y paralelo a ello, qu\u00e9 acciones se llevar\u00e1n a cabo para fortalecer el trabajo que realizan polic\u00edas.<\/p>\n\n\n\n<p>Las fallas en el Metro pueden entenderse mejor cuando revisamos los presupuestos y la cuenta p\u00fablica, pues muestran que este modo de transporte, que es vital para los traslados de millones de personas en la ciudad, no ha recibido el mantenimiento necesario. El diagn\u00f3stico es claro: la austeridad puede tener consecuencias fatales para la integridad y la vida de las personas.<\/p>\n\n\n\n<p>Hasta el momento no se han ofrecido evidencias que sustenten la idea de que las problem\u00e1ticas actuales del Metro se deriven de actos intencionados, tampoco de por qu\u00e9 la GN ser\u00eda la instituci\u00f3n adecuada para hacer frente a tales eventos. La narrativa se\u00f1ala a un enemigo invisible que crea incertidumbre y miedo; el papel de las instituciones es brindar certeza y seguridad, no trabajar bajo suposiciones sin sustento.<\/p>\n\n\n\n<p>A pesar de la presencia de la Guardia Nacional, los incidentes en el Metro contin\u00faan. Ejemplo de ello son la separaci\u00f3n de dos vagones de la l\u00ednea 7 y la explosi\u00f3n con humo que se registr\u00f3 en la estaci\u00f3n Bellas Artes. En ambos casos, la presencia de estos elementos de vigilancia no represent\u00f3 ninguna mejora para la seguridad de las personas usuarias, por lo cual cuestionamos una vez m\u00e1s la pertinencia de tenerles en esta red de transporte.<\/p>\n\n\n\n<p>Por lo anterior, solicitamos a Claudia Sheinbaum, Jefa de Gobierno de la Ciudad de M\u00e9xico, que:<\/p>\n\n\n\n<ol type=\"1\"><li>Se realice un diagn\u00f3stico sobre las deficiencias del Metro y se den a conocer los resultados del mismo, as\u00ed como las acciones que en concordancia se implementar\u00e1n para solventarlas.<\/li><li>Se realice y se den a conocer los resultados de un diagn\u00f3stico sobre la incidencia delictiva en el Metro, as\u00ed como las acciones a implementar para prevenir y atender dicha problem\u00e1tica.<\/li><li>Se d\u00e9 a conocer la estrategia que se llevar\u00e1 a cabo para fortalecer al personal de polic\u00eda que tiene como funci\u00f3n realizar la vigilancia del Metro.<\/li><li>Se transparente el gasto que representa el despliegue de la GN en las instalaciones del Metro y se explique con claridad la inversi\u00f3n de recursos actual para mantenimiento y modernizaci\u00f3n de las unidades que brindan servicio en el Metro.<\/li><\/ol>\n\n\n\n<figure class=\"wp-block-image size-large\"><img decoding=\"async\" loading=\"lazy\" width=\"1024\" height=\"682\" src=\"https:\/\/amnistia.org.mx\/contenido\/wp-content\/uploads\/2023\/01\/Logos-1024x682.jpg\" alt=\"\" class=\"wp-image-20292\"\/><\/figure>\n","protected":false},"excerpt":{"rendered":"<p>Las organizaciones que integramos la Red Feminista Antimilitarista externamos nuestra preocupaci\u00f3n por el despliegue de 6 mil 60 elementos de la Guardia Nacional en las instalaciones del Metro de la &hellip;<\/p>\n<p class=\"read-more\"> <a class=\"\" href=\"https:\/\/amnistia.org.mx\/contenido\/index.php\/comunicado-red-feminista-antimilitarista\/\"> <span class=\"screen-reader-text\">Comunicado Red Feminista Antimilitarista<\/span> Leer m\u00e1s &raquo;<\/a><\/p>\n","protected":false},"author":4,"featured_media":19487,"comment_status":"closed","ping_status":"closed","sticky":false,"template":"","format":"standard","meta":{"_uf_show_specific_survey":0,"_uf_disable_surveys":false,"site-sidebar-layout":"default","site-content-layout":"default","ast-global-header-display":"","ast-main-header-display":"","ast-hfb-above-header-display":"","ast-hfb-below-header-display":"","ast-hfb-mobile-header-display":"","site-post-title":"","ast-breadcrumbs-content":"","ast-featured-img":"","footer-sml-layout":"","theme-transparent-header-meta":"","adv-header-id-meta":"","stick-header-meta":"","header-above-stick-meta":"","header-main-stick-meta":"","header-below-stick-meta":""},"categories":[20],"tags":[28],"acf":[],"aioseo_notices":[],"yoast_head":"<!-- This site is optimized with the Yoast SEO plugin v14.5 - https:\/\/yoast.com\/wordpress\/plugins\/seo\/ -->\n<title>Comunicado Red Feminista Antimilitarista - amnistia.org.mx<\/title>\n<meta name=\"description\" content=\"Amnist\u00eda Internacional y organizaciones civiles expresan su preocupaci\u00f3n por el despliegue de 6 mil 60 elementos de la Guardia Nacional en las instalaciones del Metro.\" \/>\n<meta name=\"robots\" content=\"index, follow\" \/>\n<meta name=\"googlebot\" content=\"index, follow, max-snippet:-1, max-image-preview:large, max-video-preview:-1\" \/>\n<meta name=\"bingbot\" content=\"index, follow, max-snippet:-1, max-image-preview:large, max-video-preview:-1\" \/>\n<link rel=\"canonical\" href=\"https:\/\/amnistia.org.mx\/contenido\/index.php\/comunicado-red-feminista-antimilitarista\/\" \/>\n<meta property=\"og:locale\" content=\"es_MX\" \/>\n<meta property=\"og:type\" content=\"article\" \/>\n<meta property=\"og:title\" content=\"Comunicado Red Feminista Antimilitarista - amnistia.org.mx\" \/>\n<meta property=\"og:description\" content=\"Amnist\u00eda Internacional y organizaciones civiles expresan su preocupaci\u00f3n por el despliegue de 6 mil 60 elementos de la Guardia Nacional en las instalaciones del Metro.\" \/>\n<meta property=\"og:url\" content=\"https:\/\/amnistia.org.mx\/contenido\/index.php\/comunicado-red-feminista-antimilitarista\/\" \/>\n<meta property=\"og:site_name\" content=\"amnistia.org.mx\" \/>\n<meta property=\"article:published_time\" content=\"2023-01-20T16:00:00+00:00\" \/>\n<meta property=\"article:modified_time\" content=\"2023-01-20T16:25:16+00:00\" \/>\n<meta property=\"og:image\" content=\"https:\/\/amnistia.org.mx\/contenido\/wp-content\/uploads\/2022\/10\/Foto-EOF-para-comunicados.jpg\" \/>\n\t<meta property=\"og:image:width\" content=\"1280\" \/>\n\t<meta property=\"og:image:height\" content=\"960\" \/>\n<meta name=\"twitter:card\" content=\"summary_large_image\" \/>\n<script type=\"application\/ld+json\" class=\"yoast-schema-graph\">{\"@context\":\"https:\/\/schema.org\",\"@graph\":[{\"@type\":\"WebSite\",\"@id\":\"https:\/\/amnistia.org.mx\/contenido\/#website\",\"url\":\"https:\/\/amnistia.org.mx\/contenido\/\",\"name\":\"amnistia.org.mx\",\"description\":\"Nueva p\\u00e1gina de Amnist\\u00eda\",\"potentialAction\":[{\"@type\":\"SearchAction\",\"target\":\"https:\/\/amnistia.org.mx\/contenido\/?s={search_term_string}\",\"query-input\":\"required name=search_term_string\"}],\"inLanguage\":\"es-MX\"},{\"@type\":\"ImageObject\",\"@id\":\"https:\/\/amnistia.org.mx\/contenido\/index.php\/comunicado-red-feminista-antimilitarista\/#primaryimage\",\"inLanguage\":\"es-MX\",\"url\":\"https:\/\/amnistia.org.mx\/contenido\/wp-content\/uploads\/2022\/10\/Foto-EOF-para-comunicados.jpg\",\"width\":1280,\"height\":960},{\"@type\":\"WebPage\",\"@id\":\"https:\/\/amnistia.org.mx\/contenido\/index.php\/comunicado-red-feminista-antimilitarista\/#webpage\",\"url\":\"https:\/\/amnistia.org.mx\/contenido\/index.php\/comunicado-red-feminista-antimilitarista\/\",\"name\":\"Comunicado Red Feminista Antimilitarista - amnistia.org.mx\",\"isPartOf\":{\"@id\":\"https:\/\/amnistia.org.mx\/contenido\/#website\"},\"primaryImageOfPage\":{\"@id\":\"https:\/\/amnistia.org.mx\/contenido\/index.php\/comunicado-red-feminista-antimilitarista\/#primaryimage\"},\"datePublished\":\"2023-01-20T16:00:00+00:00\",\"dateModified\":\"2023-01-20T16:25:16+00:00\",\"author\":{\"@id\":\"https:\/\/amnistia.org.mx\/contenido\/#\/schema\/person\/7db421c495688267ce8ede4625c17fa5\"},\"description\":\"Amnist\\u00eda Internacional y organizaciones civiles expresan su preocupaci\\u00f3n por el despliegue de 6 mil 60 elementos de la Guardia Nacional en las instalaciones del Metro.\",\"breadcrumb\":{\"@id\":\"https:\/\/amnistia.org.mx\/contenido\/index.php\/comunicado-red-feminista-antimilitarista\/#breadcrumb\"},\"inLanguage\":\"es-MX\",\"potentialAction\":[{\"@type\":\"ReadAction\",\"target\":[\"https:\/\/amnistia.org.mx\/contenido\/index.php\/comunicado-red-feminista-antimilitarista\/\"]}]},{\"@type\":\"BreadcrumbList\",\"@id\":\"https:\/\/amnistia.org.mx\/contenido\/index.php\/comunicado-red-feminista-antimilitarista\/#breadcrumb\",\"itemListElement\":[{\"@type\":\"ListItem\",\"position\":1,\"item\":{\"@type\":\"WebPage\",\"@id\":\"https:\/\/amnistia.org.mx\/contenido\/\",\"url\":\"https:\/\/amnistia.org.mx\/contenido\/\",\"name\":\"Home\"}},{\"@type\":\"ListItem\",\"position\":2,\"item\":{\"@type\":\"WebPage\",\"@id\":\"https:\/\/amnistia.org.mx\/contenido\/index.php\/comunicado-red-feminista-antimilitarista\/\",\"url\":\"https:\/\/amnistia.org.mx\/contenido\/index.php\/comunicado-red-feminista-antimilitarista\/\",\"name\":\"Comunicado Red Feminista Antimilitarista\"}}]},{\"@type\":[\"Person\"],\"@id\":\"https:\/\/amnistia.org.mx\/contenido\/#\/schema\/person\/7db421c495688267ce8ede4625c17fa5\",\"name\":\"Alejandro Ju\\u00e1rez Gamero\",\"image\":{\"@type\":\"ImageObject\",\"@id\":\"https:\/\/amnistia.org.mx\/contenido\/#personlogo\",\"inLanguage\":\"es-MX\",\"url\":\"https:\/\/secure.gravatar.com\/avatar\/e312d5566d1c3ffb56f86415d6f0e606?s=96&d=mm&r=g\",\"caption\":\"Alejandro Ju\\u00e1rez Gamero\"}}]}<\/script>\n<!-- \/ Yoast SEO plugin. -->","_links":{"self":[{"href":"https:\/\/amnistia.org.mx\/contenido\/index.php\/wp-json\/wp\/v2\/posts\/20291"}],"collection":[{"href":"https:\/\/amnistia.org.mx\/contenido\/index.php\/wp-json\/wp\/v2\/posts"}],"about":[{"href":"https:\/\/amnistia.org.mx\/contenido\/index.php\/wp-json\/wp\/v2\/types\/post"}],"author":[{"embeddable":true,"href":"https:\/\/amnistia.org.mx\/contenido\/index.php\/wp-json\/wp\/v2\/users\/4"}],"replies":[{"embeddable":true,"href":"https:\/\/amnistia.org.mx\/contenido\/index.php\/wp-json\/wp\/v2\/comments?post=20291"}],"version-history":[{"count":3,"href":"https:\/\/amnistia.org.mx\/contenido\/index.php\/wp-json\/wp\/v2\/posts\/20291\/revisions"}],"predecessor-version":[{"id":20295,"href":"https:\/\/amnistia.org.mx\/contenido\/index.php\/wp-json\/wp\/v2\/posts\/20291\/revisions\/20295"}],"wp:featuredmedia":[{"embeddable":true,"href":"https:\/\/amnistia.org.mx\/contenido\/index.php\/wp-json\/wp\/v2\/media\/19487"}],"wp:attachment":[{"href":"https:\/\/amnistia.org.mx\/contenido\/index.php\/wp-json\/wp\/v2\/media?parent=20291"}],"wp:term":[{"taxonomy":"category","embeddable":true,"href":"https:\/\/amnistia.org.mx\/contenido\/index.php\/wp-json\/wp\/v2\/categories?post=20291"},{"taxonomy":"post_tag","embeddable":true,"href":"https:\/\/amnistia.org.mx\/contenido\/index.php\/wp-json\/wp\/v2\/tags?post=20291"}],"curies":[{"name":"wp","href":"https:\/\/api.w.org\/{rel}","templated":true}]}}