
{"id":20615,"date":"2023-02-01T12:45:21","date_gmt":"2023-02-01T18:45:21","guid":{"rendered":"https:\/\/amnistia.org.mx\/contenido\/?p=20615"},"modified":"2023-02-01T12:57:31","modified_gmt":"2023-02-01T18:57:31","slug":"israel-tpo-las-vidas-de-los-palestinos-corren-peligro-mientras-israel-refuerza-el-apartheid","status":"publish","type":"post","link":"https:\/\/amnistia.org.mx\/contenido\/index.php\/israel-tpo-las-vidas-de-los-palestinos-corren-peligro-mientras-israel-refuerza-el-apartheid\/","title":{"rendered":"Israel\/TPO: Las vidas de las personas palestinas corren peligro mientras Israel refuerza el apartheid"},"content":{"rendered":"\n<p class=\"has-text-align-right\">Foto: Sameh Rahmi\/NurPhoto via Getty Images<\/p>\n\n\n\n<p>Las autoridades israel\u00edes deben desmantelar el sistema de apartheid que est\u00e1 causando tanto sufrimiento y derramamiento de sangre, declar\u00f3 hoy Amnist\u00eda Internacional. Desde que la organizaci\u00f3n lanz\u00f3 hace un a\u00f1o una gran <a href=\"https:\/\/www.amnesty.org\/en\/latest\/campaigns\/2022\/02\/israels-system-of-apartheid\/\">campa\u00f1a<\/a> contra el apartheid, las fuerzas israel\u00edes han matado a casi 220 personas palestinas, 35 de ellas s\u00f3lo en enero de 2023. Los homicidios ileg\u00edtimos contribuyen a mantener el sistema de apartheid de Israel y constituyen cr\u00edmenes de <em>lesa humanidad<\/em>, al igual que otras violaciones graves y continuas cometidas por las autoridades israel\u00edes, como la detenci\u00f3n administrativa y los traslados forzosos.<\/p>\n\n\n\n<p>En los \u00faltimos d\u00edas, una serie de atentados mortales ha puesto de relieve la urgente necesidad de rendir cuentas. El 26 de enero, las fuerzas israel\u00edes llevaron a cabo una incursi\u00f3n en el campo de refugiados de Yen\u00edn y mataron a 10 personas palestinas, entre ellas una mujer de 61 a\u00f1os. El 27 de enero, siete personas israel\u00edes murieron cuando un hombre palestino armado abri\u00f3 fuego en Neve Ya&#8217;akov, asentamiento israel\u00ed en la Jerusal\u00e9n Oriental ocupada. En respuesta a este ataque, las autoridades israel\u00edes han intensificado el castigo colectivo contra las personas palestinas, llevando a cabo detenciones masivas y amenazando con demoliciones punitivas de viviendas.<\/p>\n\n\n\n<p>&#8220;Los devastadores acontecimientos de la semana pasada han puesto de manifiesto una vez m\u00e1s el costo mortal del sistema de apartheid. La incapacidad de la comunidad internacional para hacer rendir cuentas a las autoridades israel\u00edes por el apartheid y otros cr\u00edmenes les ha dado libertad de acci\u00f3n para segregar, controlar y oprimir a las personas palestinas a diario, y contribuye a perpetuar una violencia mortal. El apartheid es un crimen contra la humanidad, y es francamente escalofriante ver c\u00f3mo sus autores eluden la justicia a\u00f1o tras a\u00f1o&#8221;, declar\u00f3 Agn\u00e8s Callamard, Secretaria General de Amnist\u00eda Internacional.\u202f<\/p>\n\n\n\n<p>&#8220;Israel lleva mucho tiempo intentando silenciar los resultados del apartheid con campa\u00f1as de difamaci\u00f3n selectivas, y la comunidad internacional se deja intimidar por estas t\u00e1cticas. Hasta que no se desmantele el apartheid no hay esperanza de proteger las vidas de las personas, ni de justicia para las familias en duelo de Palestina e Israel\u201d.<\/p>\n\n\n\n<p>Bajo el r\u00e9gimen del apartheid, las autoridades israel\u00edes controlan pr\u00e1cticamente todos los aspectos de la vida de las personas palestinas y las someten diariamente a opresi\u00f3n y discriminaci\u00f3n mediante la fragmentaci\u00f3n territorial y la segregaci\u00f3n legal. Las personas palestinas de los Territorios Palestinos Ocupados (TPO) est\u00e1n segregadas en enclaves separados, y los que viven en la Franja de Gaza est\u00e1n aislados del resto del mundo por el bloqueo ilegal de Israel, que ha provocado una crisis humanitaria y constituye una forma de castigo colectivo.<\/p>\n\n\n\n<p><strong>Pruebas diarias de apartheid\u202f<\/strong><\/p>\n\n\n\n<p>El 1 de febrero de 2022, Amnist\u00eda Internacional public\u00f3 un <a href=\"https:\/\/www.amnesty.org\/en\/documents\/mde15\/5141\/2022\/en\/\">informe<\/a> en el que detalla c\u00f3mo Israel impone un sistema institucionalizado de opresi\u00f3n y dominaci\u00f3n contra las personas palestinas all\u00ed donde tiene control sobre sus derechos: en Israel, en los TPO y contra las personas refugiadas desplazadas, al negarles su derecho al retorno. El informe muestra c\u00f3mo las leyes, pol\u00edticas y pr\u00e1cticas israel\u00edes se promulgan con el objetivo primordial de mantener una mayor\u00eda demogr\u00e1fica jud\u00eda y maximizar el control de la tierra y los recursos en beneficio de las personas jud\u00edas israel\u00edes y en detrimento de las personas palestinas<\/p>\n\n\n\n<p>El a\u00f1o 2022 fue uno de los m\u00e1s mort\u00edferos para las personas palestinas en la Cisjordania ocupada desde al menos 2005, con unas 153 personas palestinos, entre ellos decenas de ni\u00f1as y ni\u00f1os, muertas a manos de las fuerzas israel\u00edes, la mayor\u00eda en el contexto de un aumento de las redadas militares y las operaciones de detenci\u00f3n. Las <a href=\"https:\/\/www.amnesty.org\/en\/latest\/news\/2022\/10\/israel-opt-investigate-war-crimes-during-august-offensive-on-gaza\/\">investigaciones de Amnist\u00eda Internacional<\/a> revelaron que 33 personas palestinas, 17 de ellas civiles, murieron a manos de las fuerzas israel\u00edes durante su ofensiva de agosto de 2022 sobre Gaza, y que al menos siete personas civiles murieron a causa de cohetes lanzados por grupos armados palestinos.\u202f<\/p>\n\n\n\n<p>Mientras tanto, los incidentes de violencia de colonos israel\u00edes contra personas palestinas <a href=\"https:\/\/www.ohchr.org\/en\/press-releases\/2022\/12\/israel-un-experts-condemn-record-year-israeli-violence-occupied-west-bank-0\">aumentaron<\/a> por sexto a\u00f1o consecutivo en 2022, con ataques que incluyen agresiones f\u00edsicas, da\u00f1os materiales y destrucci\u00f3n de olivares. Est\u00e1 ampliamente documentado que las autoridades israel\u00edes consienten y facilitan esta violencia, incluso deteniendo a las personas palestinas atacadas, proporcionando escolta armada a los colonos o simplemente mirando desde la barrera mientras las personas palestinas son golpeadas y sus propiedades destruidas. Esta cultura de impunidad ha fomentado m\u00e1s violencia, como demuestra la oleada de ataques de colonos que han tenido lugar en los \u00faltimos d\u00edas.<\/p>\n\n\n\n<p>Tras el tiroteo de Neve Ya&#8217;akov, las autoridades israel\u00edes han parecido incitar a una mayor violencia contra las personas palestinas al anunciar planes para agilizar las licencias de armas &#8220;con el fin de permitir que miles de ciudadanos m\u00e1s lleven armas&#8221;. El primer ministro Benjam\u00edn Netanyahu, que ya se ha comprometido a ampliar masivamente los asentamientos ilegales en los TPO, dijo tambi\u00e9n que el gobierno ten\u00eda previsto &#8220;reforzar los asentamientos&#8221;.<\/p>\n\n\n\n<p>Todos los asentamientos israel\u00edes en los TPO son ilegales de acuerdo con el derecho internacional, y la prolongada pol\u00edtica israel\u00ed de asentar personas en territorio ocupado constituye un crimen de guerra.<\/p>\n\n\n\n<p>El aumento de la expansi\u00f3n de los asentamientos expondr\u00e1 a innumerables personas palestinas al riesgo de traslado forzoso, un <a href=\"https:\/\/www.icc-cpi.int\/sites\/default\/files\/RS-Eng.pdf\">crimen contra la humanidad<\/a> que las autoridades israel\u00edes han cometido de forma sistem\u00e1tica. Un ejemplo reciente es la sentencia del Tribunal Supremo de mayo de 2022 que dio luz verde al traslado forzoso de m\u00e1s de 1.150 personas palestinas de Masafer Yatta, en Cisjordania. El a\u00f1o pasado, las autoridades israel\u00edes tambi\u00e9n intensificaron sus planes para demoler la aldea no reconocida de Ras Jrabah, en la regi\u00f3n israel\u00ed del N\u00e9guev\/Naqab, y desplazar a las 500 personas residentes palestino-beduinas, mientras que en enero de 2023 se demoli\u00f3 por 212\u00aa vez la aldea beduina de Al Araqib. El informe de Amnist\u00eda Internacional sobre el apartheid mostraba c\u00f3mo se llevan a cabo los desalojos forzosos en el N\u00e9guev\/Naqab, y en todo el territorio palestino ocupado, en aras de los objetivos demogr\u00e1ficos de Israel.<\/p>\n\n\n\n<p><strong>Creciente reconocimiento<\/strong><\/p>\n\n\n\n<p>En medio de estas violaciones, existe un creciente reconocimiento internacional de que las autoridades israel\u00edes est\u00e1n cometiendo apartheid. Las personas palestinas llevan mucho tiempo pidiendo que se entienda el r\u00e9gimen de Israel como apartheid, y organizaciones palestinas como Al-Haq, el Centro Palestino de Derechos Humanos y Al Mezan han estado a la vanguardia en la ONU con este fin.<\/p>\n\n\n\n<p>La presi\u00f3n en favor de este reconocimiento cobr\u00f3 impulso en 2022, cuando dos personas relatoras de la ONU concluyeron que las autoridades israel\u00edes comet\u00edan apartheid. El n\u00famero de Estados que se refirieron en el Consejo de Derechos Humanos al apartheid cometido por Israel se duplic\u00f3, pasando de nueve en 2021 a 18 en 2022. En particular, Sud\u00e1frica y Namibia se encuentran entre los Estados que han expresado su preocupaci\u00f3n porque el trato de Israel a los palestinos constituya apartheid. Varias organizaciones de derechos humanos internacionales e israel\u00edes tambi\u00e9n han pedido el fin del apartheid, entre ellas Human Rights Watch, B&#8217;Tselem y Yesh Din.<\/p>\n\n\n\n<p>Las autoridades israel\u00edes han hecho todo lo posible por suprimir y desacreditar las conclusiones del apartheid.\u202fLas consecuencias son especialmente graves para las personas palestinas defensoras de los derechos humanos: en agosto del a\u00f1o pasado, las autoridades israel\u00edes registraron las oficinas de siete destacadas ONG palestinas tras calificarlas de &#8220;entidades terroristas&#8221; y declararlas ilegales. En diciembre, Salah Hammouri, investigador sobre el terreno de la organizaci\u00f3n de defensa de los derechos de los presos Addameer, fue despose\u00eddo de su residencia en Jerusal\u00e9n y expulsado a Francia tras pasar nueve meses en detenci\u00f3n administrativa.<\/p>\n\n\n\n<p><strong>Desprecio por el derecho internacional\u202f<\/strong><\/p>\n\n\n\n<p>En mayo de 2023, el historial de Israel en materia de derechos humanos se someter\u00e1 a escrutinio en el marco del Examen Peri\u00f3dico Universal (EPU) del Consejo de Derechos Humanos de la ONU. Amnist\u00eda Internacional ha escrito a las autoridades israel\u00edes inst\u00e1ndolas a participar, pero a\u00fan no se han sometido al <a href=\"https:\/\/www.ohchr.org\/en\/hr-bodies\/upr\/il-index\">proceso de examen<\/a>. Las autoridades israel\u00edes han ignorado la mayor\u00eda de las recomendaciones presentadas por los Estados examinadores y respaldadas por el Consejo de Derechos Humanos durante el anterior ciclo del EPU, en 2018. Por ejemplo, a pesar de que se les ha instado en repetidas ocasiones a lo largo de los a\u00f1os, y de nuevo en 2018, a poner fin a la detenci\u00f3n administrativa, Israel mantiene actualmente recluidas a m\u00e1s de 860 personas palestinas sin cargos, ni juicio, la cifra m\u00e1s alta en 15 a\u00f1os.<\/p>\n\n\n\n<p>&#8220;El prolongado desprecio por parte de las autoridades israel\u00edes de sus obligaciones en virtud del derecho internacional y de las recomendaciones de la comunidad internacional sigue teniendo consecuencias nefastas para los palestinos y socava tambi\u00e9n la protecci\u00f3n de los derechos de las personas israel\u00edes&#8221;, declar\u00f3 Agn\u00e8s Callamard.<\/p>\n\n\n\n<p>&#8220;Ning\u00fan Estado debe incurrir en desacato sistem\u00e1tico y con impunidad del derecho internacional, incluidas las resoluciones vinculantes del Consejo de Seguridad de la ONU. Pedimos a los Estados que pongan fin a toda forma de apoyo a las violaciones de Israel y que rompan con a\u00f1os de inacci\u00f3n c\u00f3mplice haciendo que las autoridades israel\u00edes rindan cuentas\u201d.\u202f<\/p>\n","protected":false},"excerpt":{"rendered":"<p>Foto: Sameh Rahmi\/NurPhoto via Getty Images Las autoridades israel\u00edes deben desmantelar el sistema de apartheid que est\u00e1 causando tanto sufrimiento y derramamiento de sangre, declar\u00f3 hoy Amnist\u00eda Internacional. Desde que &hellip;<\/p>\n<p class=\"read-more\"> <a class=\"\" href=\"https:\/\/amnistia.org.mx\/contenido\/index.php\/israel-tpo-las-vidas-de-los-palestinos-corren-peligro-mientras-israel-refuerza-el-apartheid\/\"> <span class=\"screen-reader-text\">Israel\/TPO: Las vidas de las personas palestinas corren peligro mientras Israel refuerza el apartheid<\/span> Leer m\u00e1s &raquo;<\/a><\/p>\n","protected":false},"author":4,"featured_media":20616,"comment_status":"closed","ping_status":"closed","sticky":false,"template":"","format":"standard","meta":{"_uf_show_specific_survey":0,"_uf_disable_surveys":false,"site-sidebar-layout":"default","site-content-layout":"default","ast-global-header-display":"","ast-main-header-display":"","ast-hfb-above-header-display":"","ast-hfb-below-header-display":"","ast-hfb-mobile-header-display":"","site-post-title":"","ast-breadcrumbs-content":"","ast-featured-img":"","footer-sml-layout":"","theme-transparent-header-meta":"","adv-header-id-meta":"","stick-header-meta":"","header-above-stick-meta":"","header-main-stick-meta":"","header-below-stick-meta":""},"categories":[9],"tags":[],"acf":[],"aioseo_notices":[],"yoast_head":"<!-- This site is optimized with the Yoast SEO plugin v14.5 - https:\/\/yoast.com\/wordpress\/plugins\/seo\/ -->\n<title>Israel\/TPO: Las vidas de las personas palestinas corren peligro mientras Israel refuerza el apartheid - amnistia.org.mx<\/title>\n<meta name=\"description\" content=\"Amnist\u00eda Internacional insta al Estado de Israel a demantelar el sistema de apartheid en los Territorios ocupados.\" \/>\n<meta name=\"robots\" content=\"index, follow\" \/>\n<meta name=\"googlebot\" content=\"index, follow, max-snippet:-1, max-image-preview:large, max-video-preview:-1\" \/>\n<meta name=\"bingbot\" content=\"index, follow, max-snippet:-1, max-image-preview:large, max-video-preview:-1\" \/>\n<link rel=\"canonical\" href=\"https:\/\/amnistia.org.mx\/contenido\/index.php\/israel-tpo-las-vidas-de-los-palestinos-corren-peligro-mientras-israel-refuerza-el-apartheid\/\" \/>\n<meta property=\"og:locale\" content=\"es_MX\" \/>\n<meta property=\"og:type\" content=\"article\" \/>\n<meta property=\"og:title\" content=\"Israel\/TPO: Las vidas de las personas palestinas corren peligro mientras Israel refuerza el apartheid - amnistia.org.mx\" \/>\n<meta property=\"og:description\" content=\"Amnist\u00eda Internacional insta al Estado de Israel a demantelar el sistema de apartheid en los Territorios ocupados.\" \/>\n<meta property=\"og:url\" content=\"https:\/\/amnistia.org.mx\/contenido\/index.php\/israel-tpo-las-vidas-de-los-palestinos-corren-peligro-mientras-israel-refuerza-el-apartheid\/\" \/>\n<meta property=\"og:site_name\" content=\"amnistia.org.mx\" \/>\n<meta property=\"article:published_time\" content=\"2023-02-01T18:45:21+00:00\" \/>\n<meta property=\"article:modified_time\" content=\"2023-02-01T18:57:31+00:00\" \/>\n<meta property=\"og:image\" content=\"https:\/\/amnistia.org.mx\/contenido\/wp-content\/uploads\/2023\/02\/Las-vidas-de-los-palestinos-corren-peligro-mientras-Israel-refuerza-el-apartheid.png\" \/>\n\t<meta property=\"og:image:width\" content=\"1600\" \/>\n\t<meta property=\"og:image:height\" content=\"900\" \/>\n<meta name=\"twitter:card\" content=\"summary_large_image\" \/>\n<script type=\"application\/ld+json\" class=\"yoast-schema-graph\">{\"@context\":\"https:\/\/schema.org\",\"@graph\":[{\"@type\":\"WebSite\",\"@id\":\"https:\/\/amnistia.org.mx\/contenido\/#website\",\"url\":\"https:\/\/amnistia.org.mx\/contenido\/\",\"name\":\"amnistia.org.mx\",\"description\":\"Nueva p\\u00e1gina de Amnist\\u00eda\",\"potentialAction\":[{\"@type\":\"SearchAction\",\"target\":\"https:\/\/amnistia.org.mx\/contenido\/?s={search_term_string}\",\"query-input\":\"required name=search_term_string\"}],\"inLanguage\":\"es-MX\"},{\"@type\":\"ImageObject\",\"@id\":\"https:\/\/amnistia.org.mx\/contenido\/index.php\/israel-tpo-las-vidas-de-los-palestinos-corren-peligro-mientras-israel-refuerza-el-apartheid\/#primaryimage\",\"inLanguage\":\"es-MX\",\"url\":\"https:\/\/amnistia.org.mx\/contenido\/wp-content\/uploads\/2023\/02\/Las-vidas-de-los-palestinos-corren-peligro-mientras-Israel-refuerza-el-apartheid.png\",\"width\":1600,\"height\":900},{\"@type\":\"WebPage\",\"@id\":\"https:\/\/amnistia.org.mx\/contenido\/index.php\/israel-tpo-las-vidas-de-los-palestinos-corren-peligro-mientras-israel-refuerza-el-apartheid\/#webpage\",\"url\":\"https:\/\/amnistia.org.mx\/contenido\/index.php\/israel-tpo-las-vidas-de-los-palestinos-corren-peligro-mientras-israel-refuerza-el-apartheid\/\",\"name\":\"Israel\/TPO: Las vidas de las personas palestinas corren peligro mientras Israel refuerza el apartheid - amnistia.org.mx\",\"isPartOf\":{\"@id\":\"https:\/\/amnistia.org.mx\/contenido\/#website\"},\"primaryImageOfPage\":{\"@id\":\"https:\/\/amnistia.org.mx\/contenido\/index.php\/israel-tpo-las-vidas-de-los-palestinos-corren-peligro-mientras-israel-refuerza-el-apartheid\/#primaryimage\"},\"datePublished\":\"2023-02-01T18:45:21+00:00\",\"dateModified\":\"2023-02-01T18:57:31+00:00\",\"author\":{\"@id\":\"https:\/\/amnistia.org.mx\/contenido\/#\/schema\/person\/7db421c495688267ce8ede4625c17fa5\"},\"description\":\"Amnist\\u00eda Internacional insta al Estado de Israel a demantelar el sistema de apartheid en los Territorios ocupados.\",\"breadcrumb\":{\"@id\":\"https:\/\/amnistia.org.mx\/contenido\/index.php\/israel-tpo-las-vidas-de-los-palestinos-corren-peligro-mientras-israel-refuerza-el-apartheid\/#breadcrumb\"},\"inLanguage\":\"es-MX\",\"potentialAction\":[{\"@type\":\"ReadAction\",\"target\":[\"https:\/\/amnistia.org.mx\/contenido\/index.php\/israel-tpo-las-vidas-de-los-palestinos-corren-peligro-mientras-israel-refuerza-el-apartheid\/\"]}]},{\"@type\":\"BreadcrumbList\",\"@id\":\"https:\/\/amnistia.org.mx\/contenido\/index.php\/israel-tpo-las-vidas-de-los-palestinos-corren-peligro-mientras-israel-refuerza-el-apartheid\/#breadcrumb\",\"itemListElement\":[{\"@type\":\"ListItem\",\"position\":1,\"item\":{\"@type\":\"WebPage\",\"@id\":\"https:\/\/amnistia.org.mx\/contenido\/\",\"url\":\"https:\/\/amnistia.org.mx\/contenido\/\",\"name\":\"Home\"}},{\"@type\":\"ListItem\",\"position\":2,\"item\":{\"@type\":\"WebPage\",\"@id\":\"https:\/\/amnistia.org.mx\/contenido\/index.php\/israel-tpo-las-vidas-de-los-palestinos-corren-peligro-mientras-israel-refuerza-el-apartheid\/\",\"url\":\"https:\/\/amnistia.org.mx\/contenido\/index.php\/israel-tpo-las-vidas-de-los-palestinos-corren-peligro-mientras-israel-refuerza-el-apartheid\/\",\"name\":\"Israel\/TPO: Las vidas de las personas palestinas corren peligro mientras Israel refuerza el apartheid\"}}]},{\"@type\":[\"Person\"],\"@id\":\"https:\/\/amnistia.org.mx\/contenido\/#\/schema\/person\/7db421c495688267ce8ede4625c17fa5\",\"name\":\"Alejandro Ju\\u00e1rez Gamero\",\"image\":{\"@type\":\"ImageObject\",\"@id\":\"https:\/\/amnistia.org.mx\/contenido\/#personlogo\",\"inLanguage\":\"es-MX\",\"url\":\"https:\/\/secure.gravatar.com\/avatar\/e312d5566d1c3ffb56f86415d6f0e606?s=96&d=mm&r=g\",\"caption\":\"Alejandro Ju\\u00e1rez Gamero\"}}]}<\/script>\n<!-- \/ Yoast SEO plugin. -->","_links":{"self":[{"href":"https:\/\/amnistia.org.mx\/contenido\/index.php\/wp-json\/wp\/v2\/posts\/20615"}],"collection":[{"href":"https:\/\/amnistia.org.mx\/contenido\/index.php\/wp-json\/wp\/v2\/posts"}],"about":[{"href":"https:\/\/amnistia.org.mx\/contenido\/index.php\/wp-json\/wp\/v2\/types\/post"}],"author":[{"embeddable":true,"href":"https:\/\/amnistia.org.mx\/contenido\/index.php\/wp-json\/wp\/v2\/users\/4"}],"replies":[{"embeddable":true,"href":"https:\/\/amnistia.org.mx\/contenido\/index.php\/wp-json\/wp\/v2\/comments?post=20615"}],"version-history":[{"count":5,"href":"https:\/\/amnistia.org.mx\/contenido\/index.php\/wp-json\/wp\/v2\/posts\/20615\/revisions"}],"predecessor-version":[{"id":20621,"href":"https:\/\/amnistia.org.mx\/contenido\/index.php\/wp-json\/wp\/v2\/posts\/20615\/revisions\/20621"}],"wp:featuredmedia":[{"embeddable":true,"href":"https:\/\/amnistia.org.mx\/contenido\/index.php\/wp-json\/wp\/v2\/media\/20616"}],"wp:attachment":[{"href":"https:\/\/amnistia.org.mx\/contenido\/index.php\/wp-json\/wp\/v2\/media?parent=20615"}],"wp:term":[{"taxonomy":"category","embeddable":true,"href":"https:\/\/amnistia.org.mx\/contenido\/index.php\/wp-json\/wp\/v2\/categories?post=20615"},{"taxonomy":"post_tag","embeddable":true,"href":"https:\/\/amnistia.org.mx\/contenido\/index.php\/wp-json\/wp\/v2\/tags?post=20615"}],"curies":[{"name":"wp","href":"https:\/\/api.w.org\/{rel}","templated":true}]}}