
{"id":20979,"date":"2023-02-28T12:00:03","date_gmt":"2023-02-28T18:00:03","guid":{"rendered":"https:\/\/amnistia.org.mx\/contenido\/?p=20979"},"modified":"2023-02-28T12:00:05","modified_gmt":"2023-02-28T18:00:05","slug":"edomex-la-fgem-ofrecio-una-disculpa-publica-a-cuatro-familias-de-victimas-de-feminicidio-precedido-de-desaparicion","status":"publish","type":"post","link":"https:\/\/amnistia.org.mx\/contenido\/index.php\/edomex-la-fgem-ofrecio-una-disculpa-publica-a-cuatro-familias-de-victimas-de-feminicidio-precedido-de-desaparicion\/","title":{"rendered":"Edomex: La FGEM ofreci\u00f3 una disculpa p\u00fablica a cuatro familias de v\u00edctimas de feminicidio precedido de desaparici\u00f3n"},"content":{"rendered":"\n<ul><li>La medida de satisfacci\u00f3n fue por los feminicidios precedidos de desaparici\u00f3n de Nadia Muci\u00f1o M\u00e1rquez, Daniela S\u00e1nchez Curiel, Diana Vel\u00e1zquez Florencio y Julia Sosa Conde<\/li><\/ul>\n\n\n\n<ul><li>La disculpa es parte de la reparaci\u00f3n integral del da\u00f1o. Sin embargo, a\u00fan deben continuar los procesos de cada caso hasta que se logre acceso a la verdad y a la justicia plena<\/li><\/ul>\n\n\n\n<p>Las familias de Nadia Muci\u00f1o M\u00e1rquez, Daniela S\u00e1nchez Curiel, Diana Vel\u00e1zquez Florencio y Julia Sosa Conde -quienes fueron v\u00edctimas de feminicidio precedido de desaparici\u00f3n en el Estado de M\u00e9xico-, recibieron hoy una disculpa p\u00fablica de parte de la Fiscal\u00eda General de Justicia del Estado de M\u00e9xico (FGJEM). El acto se efectu\u00f3 luego de un lamentable aplazamiento registrado en noviembre de 2022, que se sum\u00f3 a los agravios institucionales sufridos por las familias de las v\u00edctimas.<\/p>\n\n\n\n<p>La disculpa p\u00fablica forma parte de la reparaci\u00f3n integral del da\u00f1o al que tienen derecho las familias, dado que el Estado no fue capaz de garantizar a las v\u00edctimas su derecho a la vida, la integridad y libertad personales. Esta medida tiene como objetivo reintegrar la memoria y dignidad de las mujeres v\u00edctimas de feminicidio precedido de desaparici\u00f3n.<\/p>\n\n\n\n<p>\u201cEsta disculpa p\u00fablica es una medida necesaria que deb\u00eda dar la FGJEM a Mar\u00eda Antonia M\u00e1rquez, mam\u00e1 de Nadia; Laura Curiel, mam\u00e1 de Daniela; Lidia Florencio Guerrero, mam\u00e1 de Diana y Ana Sosa, hija de Julia, por la que reconoce p\u00fablicamente sus errores, negligencias y violencias cometidas en las investigaciones penales de los cuatro casos referidos\u201d, declar\u00f3 Edith Olivares Ferreto, Directora Ejecutiva de Amnist\u00eda Internacional M\u00e9xico.<\/p>\n\n\n\n<p>\u201cLa medida de satisfacci\u00f3n es uno de los componentes del proceso de acceso a la justicia y la reparaci\u00f3n integral del da\u00f1o. Su concreci\u00f3n se dio luego de a\u00f1o y medio de reuniones de las familias con las autoridades y de la desafortunada decisi\u00f3n de la procuradur\u00eda de cancelar de \u00faltimo momento la ceremonia que se hab\u00eda previsto inicialmente para el 16 de noviembre de 2022, decisi\u00f3n esta \u00faltima que constituy\u00f3 un agravio institucional m\u00e1s para las familias\u201d, agreg\u00f3 Edith Olivares.<\/p>\n\n\n\n<p>\u201cHoy las acuerpamos solidariamente en esta disculpa p\u00fablica con la que se restituye la memoria de sus familiares. Desde Amnist\u00eda Internacional les seguiremos dando acompa\u00f1amiento a ellas y a las OSCs que las apoyan, pues a\u00fan queda un largo camino que recorrer, con diligencias importantes por realizar, hasta lograr la verdad, la justicia y la reparaci\u00f3n integral del da\u00f1o por las que tanto han luchado\u201d, concluy\u00f3 Edith Olivares Ferreto.<\/p>\n\n\n\n<p><strong>La disculpa p\u00fablica es obligaci\u00f3n del Estado<\/strong><\/p>\n\n\n\n<p>Las disculpas p\u00fablicas forman parte de la reparaci\u00f3n integral del da\u00f1o y est\u00e1n establecidas en diversas sentencias de la Corte Interamericana de Derechos Humanos (CoIDH). Tambi\u00e9n est\u00e1n incluidas en diversas leyes mexicanas: Ley federal de responsabilidad patrimonial del Estado; Ley de Victimas; Ley de reparaciones; Ley de Amparo y en la Ley General de V\u00edctimas, promulgada el 9 de enero de 2013, reglamentaria del tercer p\u00e1rrafo del art\u00edculo 1\u00b0, art\u00edculo 17\u00b0 y el 20, apartado C, de la Constituci\u00f3n mexicana.<\/p>\n\n\n\n<p><strong>Justicia que no llega<\/strong><\/p>\n\n\n\n<p>Los cuatro casos referidos est\u00e1n ampliamente documentados en el informe <em><a href=\"https:\/\/amnistia.org.mx\/contenido\/index.php\/juicio-a-la-justicia\/\">Juicio a la Justicia. Deficiencias en las investigaciones penales de feminicidios precedidos de desaparici\u00f3n en el Estado de M\u00e9xico<\/a><\/em>.<\/p>\n\n\n\n<p>En dicho informe Amnist\u00eda Internacional advierte que las investigaciones de feminicidios efectuadas por la FGJEM, presentan graves deficiencias por la inacci\u00f3n y negligencia de las autoridades, lo que ha llevado a la p\u00e9rdida de evidencias, a que no se examinen todas las l\u00edneas de investigaci\u00f3n y a que no se aplique correctamente la perspectiva de g\u00e9nero.<\/p>\n\n\n\n<p>Esas insuficiencias obstaculizan el proceso judicial y aumentan las probabilidades de que los casos queden impunes. En este sentido, cabe mencionar que en el caso del feminicidio de Nadia Muci\u00f1o M\u00e1rquez, su familia lleva <strong>19 a\u00f1os sin soluci\u00f3n<\/strong>; en el de Daniela S\u00e1nchez Curiel,<strong> ocho a\u00f1os<\/strong>; en el de Diana Vel\u00e1zquez Florencio, <strong>cinco a\u00f1os<\/strong> y en el de Julia Sosa Conde, <strong>cuatro a\u00f1os<\/strong>.<\/p>\n\n\n\n<p>El acto de disculpa p\u00fablica se llev\u00f3 a cabo en el auditorio de la FGJEM y en \u00e9l participaron Mar\u00eda Antonia M\u00e1rquez, mam\u00e1 de Nadia; Laura Curiel, mam\u00e1 de Daniela; Lidia Florencio Guerrero, mam\u00e1 de Diana y Ana Sosa, hija de Julia, as\u00ed como la Directora Ejecutiva de Amnist\u00eda Internacional M\u00e9xico, Edith Olivares Ferreto; el Fiscal General de Justicia del Edomex, Jos\u00e9 Luis Cervantes Mart\u00ednez y la Fiscal de G\u00e9nero Dilcya Garc\u00eda Espinoza de los Monteros.<\/p>\n\n\n\n<p>Durante el acto conmemorativo se interpret\u00f3 la canci\u00f3n <strong>#HastaSerEscuchadas<\/strong>, por parte de Lu Ruenes y Regina De Ovando.<\/p>\n\n\n\n<p><strong>M\u00e1s informaci\u00f3n:<\/strong><\/p>\n\n\n\n<p>Informe <em><a href=\"https:\/\/amnistia.org.mx\/contenido\/index.php\/juicio-a-la-justicia\/\">Juicio a la Justicia. Deficiencias en las investigaciones penales de feminicidios precedidos de desaparici\u00f3n en el Estado de M\u00e9xico<\/a><\/em><\/p>\n\n\n\n<p><a href=\"https:\/\/amnistia.org.mx\/peticiones\/hastaserescuchadas\/ventana.php\">Petici\u00f3n dirigida al Fiscal General de Justicia del Estado de M\u00e9xico<\/a><\/p>\n\n\n\n<p><a href=\"https:\/\/www.youtube.com\/watch?v=FnifdIf7NUc\">Documental Hasta Ser Escuchadas<\/a><\/p>\n\n\n\n<p><a href=\"https:\/\/www.youtube.com\/watch?v=NNrvgfdKzjg\">Canci\u00f3n Hasta Ser Escuchadas<\/a><\/p>\n\n\n\n<p><strong>Para m\u00e1s informaci\u00f3n o para concertar una entrevista, contacte a:<\/strong><\/p>\n\n\n\n<p>Alejandro Ju\u00e1rez Gamero, Amnist\u00eda Internacional M\u00e9xico.<\/p>\n\n\n\n<p><a href=\"mailto:prensa@amnist\u00eda.org.mx\">prensa@amnist\u00eda.org.mx<\/a><\/p>\n\n\n\n<p>+52 55 2265 4331<\/p>\n","protected":false},"excerpt":{"rendered":"<p>La medida de satisfacci\u00f3n fue por los feminicidios precedidos de desaparici\u00f3n de Nadia Muci\u00f1o M\u00e1rquez, Daniela S\u00e1nchez Curiel, Diana Vel\u00e1zquez Florencio y Julia Sosa Conde La disculpa es parte de &hellip;<\/p>\n<p class=\"read-more\"> <a class=\"\" href=\"https:\/\/amnistia.org.mx\/contenido\/index.php\/edomex-la-fgem-ofrecio-una-disculpa-publica-a-cuatro-familias-de-victimas-de-feminicidio-precedido-de-desaparicion\/\"> <span class=\"screen-reader-text\">Edomex: La FGEM ofreci\u00f3 una disculpa p\u00fablica a cuatro familias de v\u00edctimas de feminicidio precedido de desaparici\u00f3n<\/span> Leer m\u00e1s &raquo;<\/a><\/p>\n","protected":false},"author":4,"featured_media":20982,"comment_status":"closed","ping_status":"closed","sticky":false,"template":"","format":"standard","meta":{"_uf_show_specific_survey":0,"_uf_disable_surveys":false,"site-sidebar-layout":"default","site-content-layout":"default","ast-global-header-display":"","ast-main-header-display":"","ast-hfb-above-header-display":"","ast-hfb-below-header-display":"","ast-hfb-mobile-header-display":"","site-post-title":"","ast-breadcrumbs-content":"","ast-featured-img":"","footer-sml-layout":"","theme-transparent-header-meta":"","adv-header-id-meta":"","stick-header-meta":"","header-above-stick-meta":"","header-main-stick-meta":"","header-below-stick-meta":""},"categories":[20],"tags":[28],"acf":[],"aioseo_notices":[],"yoast_head":"<!-- This site is optimized with the Yoast SEO plugin v14.5 - https:\/\/yoast.com\/wordpress\/plugins\/seo\/ -->\n<title>Edomex: La FGEM ofreci\u00f3 una disculpa p\u00fablica a cuatro familias de v\u00edctimas de feminicidio precedido de desaparici\u00f3n - amnistia.org.mx<\/title>\n<meta name=\"description\" content=\"La FGJEM concret\u00f3 hoy una disculpa p\u00fablica a cuatro familias de v\u00edctimas de feminicidio, precedido de desaparici\u00f3n en el Estado de M\u00e9xico.\" \/>\n<meta name=\"robots\" content=\"index, follow\" \/>\n<meta name=\"googlebot\" content=\"index, follow, max-snippet:-1, max-image-preview:large, max-video-preview:-1\" \/>\n<meta name=\"bingbot\" content=\"index, follow, max-snippet:-1, max-image-preview:large, max-video-preview:-1\" \/>\n<link rel=\"canonical\" href=\"https:\/\/amnistia.org.mx\/contenido\/index.php\/edomex-la-fgem-ofrecio-una-disculpa-publica-a-cuatro-familias-de-victimas-de-feminicidio-precedido-de-desaparicion\/\" \/>\n<meta property=\"og:locale\" content=\"es_MX\" \/>\n<meta property=\"og:type\" content=\"article\" \/>\n<meta property=\"og:title\" content=\"Edomex: La FGEM ofreci\u00f3 una disculpa p\u00fablica a cuatro familias de v\u00edctimas de feminicidio precedido de desaparici\u00f3n - amnistia.org.mx\" \/>\n<meta property=\"og:description\" content=\"La FGJEM concret\u00f3 hoy una disculpa p\u00fablica a cuatro familias de v\u00edctimas de feminicidio, precedido de desaparici\u00f3n en el Estado de M\u00e9xico.\" \/>\n<meta property=\"og:url\" content=\"https:\/\/amnistia.org.mx\/contenido\/index.php\/edomex-la-fgem-ofrecio-una-disculpa-publica-a-cuatro-familias-de-victimas-de-feminicidio-precedido-de-desaparicion\/\" \/>\n<meta property=\"og:site_name\" content=\"amnistia.org.mx\" \/>\n<meta property=\"article:published_time\" content=\"2023-02-28T18:00:03+00:00\" \/>\n<meta property=\"article:modified_time\" content=\"2023-02-28T18:00:05+00:00\" \/>\n<meta property=\"og:image\" content=\"https:\/\/amnistia.org.mx\/contenido\/wp-content\/uploads\/2023\/02\/Mural-Hasta-Ser-Escuchadas-ajustado.jpg\" \/>\n\t<meta property=\"og:image:width\" content=\"560\" \/>\n\t<meta property=\"og:image:height\" content=\"232\" \/>\n<meta name=\"twitter:card\" content=\"summary_large_image\" \/>\n<script type=\"application\/ld+json\" class=\"yoast-schema-graph\">{\"@context\":\"https:\/\/schema.org\",\"@graph\":[{\"@type\":\"WebSite\",\"@id\":\"https:\/\/amnistia.org.mx\/contenido\/#website\",\"url\":\"https:\/\/amnistia.org.mx\/contenido\/\",\"name\":\"amnistia.org.mx\",\"description\":\"Nueva p\\u00e1gina de Amnist\\u00eda\",\"potentialAction\":[{\"@type\":\"SearchAction\",\"target\":\"https:\/\/amnistia.org.mx\/contenido\/?s={search_term_string}\",\"query-input\":\"required name=search_term_string\"}],\"inLanguage\":\"es-MX\"},{\"@type\":\"ImageObject\",\"@id\":\"https:\/\/amnistia.org.mx\/contenido\/index.php\/edomex-la-fgem-ofrecio-una-disculpa-publica-a-cuatro-familias-de-victimas-de-feminicidio-precedido-de-desaparicion\/#primaryimage\",\"inLanguage\":\"es-MX\",\"url\":\"https:\/\/amnistia.org.mx\/contenido\/wp-content\/uploads\/2023\/02\/Mural-Hasta-Ser-Escuchadas-ajustado.jpg\",\"width\":560,\"height\":232},{\"@type\":\"WebPage\",\"@id\":\"https:\/\/amnistia.org.mx\/contenido\/index.php\/edomex-la-fgem-ofrecio-una-disculpa-publica-a-cuatro-familias-de-victimas-de-feminicidio-precedido-de-desaparicion\/#webpage\",\"url\":\"https:\/\/amnistia.org.mx\/contenido\/index.php\/edomex-la-fgem-ofrecio-una-disculpa-publica-a-cuatro-familias-de-victimas-de-feminicidio-precedido-de-desaparicion\/\",\"name\":\"Edomex: La FGEM ofreci\\u00f3 una disculpa p\\u00fablica a cuatro familias de v\\u00edctimas de feminicidio precedido de desaparici\\u00f3n - amnistia.org.mx\",\"isPartOf\":{\"@id\":\"https:\/\/amnistia.org.mx\/contenido\/#website\"},\"primaryImageOfPage\":{\"@id\":\"https:\/\/amnistia.org.mx\/contenido\/index.php\/edomex-la-fgem-ofrecio-una-disculpa-publica-a-cuatro-familias-de-victimas-de-feminicidio-precedido-de-desaparicion\/#primaryimage\"},\"datePublished\":\"2023-02-28T18:00:03+00:00\",\"dateModified\":\"2023-02-28T18:00:05+00:00\",\"author\":{\"@id\":\"https:\/\/amnistia.org.mx\/contenido\/#\/schema\/person\/7db421c495688267ce8ede4625c17fa5\"},\"description\":\"La FGJEM concret\\u00f3 hoy una disculpa p\\u00fablica a cuatro familias de v\\u00edctimas de feminicidio, precedido de desaparici\\u00f3n en el Estado de M\\u00e9xico.\",\"breadcrumb\":{\"@id\":\"https:\/\/amnistia.org.mx\/contenido\/index.php\/edomex-la-fgem-ofrecio-una-disculpa-publica-a-cuatro-familias-de-victimas-de-feminicidio-precedido-de-desaparicion\/#breadcrumb\"},\"inLanguage\":\"es-MX\",\"potentialAction\":[{\"@type\":\"ReadAction\",\"target\":[\"https:\/\/amnistia.org.mx\/contenido\/index.php\/edomex-la-fgem-ofrecio-una-disculpa-publica-a-cuatro-familias-de-victimas-de-feminicidio-precedido-de-desaparicion\/\"]}]},{\"@type\":\"BreadcrumbList\",\"@id\":\"https:\/\/amnistia.org.mx\/contenido\/index.php\/edomex-la-fgem-ofrecio-una-disculpa-publica-a-cuatro-familias-de-victimas-de-feminicidio-precedido-de-desaparicion\/#breadcrumb\",\"itemListElement\":[{\"@type\":\"ListItem\",\"position\":1,\"item\":{\"@type\":\"WebPage\",\"@id\":\"https:\/\/amnistia.org.mx\/contenido\/\",\"url\":\"https:\/\/amnistia.org.mx\/contenido\/\",\"name\":\"Home\"}},{\"@type\":\"ListItem\",\"position\":2,\"item\":{\"@type\":\"WebPage\",\"@id\":\"https:\/\/amnistia.org.mx\/contenido\/index.php\/edomex-la-fgem-ofrecio-una-disculpa-publica-a-cuatro-familias-de-victimas-de-feminicidio-precedido-de-desaparicion\/\",\"url\":\"https:\/\/amnistia.org.mx\/contenido\/index.php\/edomex-la-fgem-ofrecio-una-disculpa-publica-a-cuatro-familias-de-victimas-de-feminicidio-precedido-de-desaparicion\/\",\"name\":\"Edomex: La FGEM ofreci\\u00f3 una disculpa p\\u00fablica a cuatro familias de v\\u00edctimas de feminicidio precedido de desaparici\\u00f3n\"}}]},{\"@type\":[\"Person\"],\"@id\":\"https:\/\/amnistia.org.mx\/contenido\/#\/schema\/person\/7db421c495688267ce8ede4625c17fa5\",\"name\":\"Alejandro Ju\\u00e1rez Gamero\",\"image\":{\"@type\":\"ImageObject\",\"@id\":\"https:\/\/amnistia.org.mx\/contenido\/#personlogo\",\"inLanguage\":\"es-MX\",\"url\":\"https:\/\/secure.gravatar.com\/avatar\/e312d5566d1c3ffb56f86415d6f0e606?s=96&d=mm&r=g\",\"caption\":\"Alejandro Ju\\u00e1rez Gamero\"}}]}<\/script>\n<!-- \/ Yoast SEO plugin. -->","_links":{"self":[{"href":"https:\/\/amnistia.org.mx\/contenido\/index.php\/wp-json\/wp\/v2\/posts\/20979"}],"collection":[{"href":"https:\/\/amnistia.org.mx\/contenido\/index.php\/wp-json\/wp\/v2\/posts"}],"about":[{"href":"https:\/\/amnistia.org.mx\/contenido\/index.php\/wp-json\/wp\/v2\/types\/post"}],"author":[{"embeddable":true,"href":"https:\/\/amnistia.org.mx\/contenido\/index.php\/wp-json\/wp\/v2\/users\/4"}],"replies":[{"embeddable":true,"href":"https:\/\/amnistia.org.mx\/contenido\/index.php\/wp-json\/wp\/v2\/comments?post=20979"}],"version-history":[{"count":5,"href":"https:\/\/amnistia.org.mx\/contenido\/index.php\/wp-json\/wp\/v2\/posts\/20979\/revisions"}],"predecessor-version":[{"id":20987,"href":"https:\/\/amnistia.org.mx\/contenido\/index.php\/wp-json\/wp\/v2\/posts\/20979\/revisions\/20987"}],"wp:featuredmedia":[{"embeddable":true,"href":"https:\/\/amnistia.org.mx\/contenido\/index.php\/wp-json\/wp\/v2\/media\/20982"}],"wp:attachment":[{"href":"https:\/\/amnistia.org.mx\/contenido\/index.php\/wp-json\/wp\/v2\/media?parent=20979"}],"wp:term":[{"taxonomy":"category","embeddable":true,"href":"https:\/\/amnistia.org.mx\/contenido\/index.php\/wp-json\/wp\/v2\/categories?post=20979"},{"taxonomy":"post_tag","embeddable":true,"href":"https:\/\/amnistia.org.mx\/contenido\/index.php\/wp-json\/wp\/v2\/tags?post=20979"}],"curies":[{"name":"wp","href":"https:\/\/api.w.org\/{rel}","templated":true}]}}