
{"id":21171,"date":"2023-03-14T18:03:10","date_gmt":"2023-03-15T00:03:10","guid":{"rendered":"https:\/\/amnistia.org.mx\/contenido\/?p=21171"},"modified":"2023-03-29T16:17:00","modified_gmt":"2023-03-29T22:17:00","slug":"me-estallo-el-ojo-el-abuso-global-de-los-proyectiles-de-impacto-cinetico","status":"publish","type":"post","link":"https:\/\/amnistia.org.mx\/contenido\/index.php\/me-estallo-el-ojo-el-abuso-global-de-los-proyectiles-de-impacto-cinetico\/","title":{"rendered":"\u201cMe estall\u00f3 el ojo&#8221; El abuso global de los proyectiles de impacto cin\u00e9tico"},"content":{"rendered":"\t\t<div data-elementor-type=\"wp-post\" data-elementor-id=\"21171\" class=\"elementor elementor-21171\">\n\t\t\t\t\t\t\t\t\t<section class=\"elementor-section elementor-top-section elementor-element elementor-element-7815dda3 elementor-section-boxed elementor-section-height-default elementor-section-height-default\" data-id=\"7815dda3\" data-element_type=\"section\">\n\t\t\t\t\t\t<div class=\"elementor-container elementor-column-gap-default\">\n\t\t\t\t\t<div class=\"elementor-column elementor-col-100 elementor-top-column elementor-element elementor-element-5fdf002\" data-id=\"5fdf002\" data-element_type=\"column\">\n\t\t\t<div class=\"elementor-widget-wrap elementor-element-populated\">\n\t\t\t\t\t\t\t\t<div class=\"elementor-element elementor-element-21ef632a elementor-widget elementor-widget-text-editor\" data-id=\"21ef632a\" data-element_type=\"widget\" data-widget_type=\"text-editor.default\">\n\t\t\t\t<div class=\"elementor-widget-container\">\n\t\t\t<style>\/*! elementor - v3.11.5 - 14-03-2023 *\/\n.elementor-widget-text-editor.elementor-drop-cap-view-stacked .elementor-drop-cap{background-color:#69727d;color:#fff}.elementor-widget-text-editor.elementor-drop-cap-view-framed .elementor-drop-cap{color:#69727d;border:3px solid;background-color:transparent}.elementor-widget-text-editor:not(.elementor-drop-cap-view-default) .elementor-drop-cap{margin-top:8px}.elementor-widget-text-editor:not(.elementor-drop-cap-view-default) .elementor-drop-cap-letter{width:1em;height:1em}.elementor-widget-text-editor .elementor-drop-cap{float:left;text-align:center;line-height:1;font-size:50px}.elementor-widget-text-editor .elementor-drop-cap-letter{display:inline-block}<\/style>\t\t\t\t<!-- wp:paragraph -->\n<p>Este informe analiza el uso indebido y generalizado en todo el mundo de los proyectiles de impacto cin\u00e9tico, a menudo denominados <strong>balas de goma o de pl\u00e1stico<\/strong>, en el control policial de reuniones p\u00fablicas. Tambi\u00e9n examina las deficiencias existentes en la regulaci\u00f3n de su fabricaci\u00f3n, uso y comercio, y estudia otros tipos de proyectiles, como la munici\u00f3n de metal (que no est\u00e1 dise\u00f1ada como material para hacer cumplir la ley, es especialmente <strong>peligrosa<\/strong> y cuyo uso en este \u00e1mbito <strong>debe prohibirse<\/strong>). Por \u00faltimo, examina el uso ileg\u00edtimo de <strong>granadas de gas lacrim\u00f3geno<\/strong> como proyectiles que se lanzan directamente contra las personas, o en \u00e1ngulos bajos contra las multitudes, una preocupante tendencia mundial que ha provocado <strong>graves lesiones a cientos de personas y algunas muertes.<\/strong><\/p>\n<!-- \/wp:paragraph -->\n\n<!-- wp:paragraph {\"align\":\"center\"} -->\n<p class=\"has-text-align-center\"><strong>\u00a1Lee el informe completo!<\/strong><\/p>\n<!-- \/wp:paragraph -->\n<p>&lt;<\/p>\n<!-- wp:buttons {\"align\":\"center\"} -->\n<div class=\"wp-block-buttons aligncenter\">\n<p align=\"center\"><iframe loading=\"lazy\" class=\"embed-responsive-item\" src=\"https:\/\/amnistia.org.mx\/informes\/boton49.php\" width=\"200\" height=\"80\" frameborder=\"0\" scrolling=\"NO\" align=\"center\" allowfullscreen=\"allowfullscreen\"><\/iframe><\/p>\n<!-- \/wp:button --><\/div>\n<!-- \/wp:buttons -->\t\t\t\t\t\t<\/div>\n\t\t\t\t<\/div>\n\t\t\t\t\t<\/div>\n\t\t<\/div>\n\t\t\t\t\t\t\t<\/div>\n\t\t<\/section>\n\t\t\t\t\t\t\t<\/div>\n\t\t","protected":false},"excerpt":{"rendered":"<p>Este informe analiza el uso indebido y generalizado en todo el mundo de los proyectiles de impacto cin\u00e9tico, a menudo denominados balas de goma o de pl\u00e1stico, en el control &hellip;<\/p>\n<p class=\"read-more\"> <a class=\"\" href=\"https:\/\/amnistia.org.mx\/contenido\/index.php\/me-estallo-el-ojo-el-abuso-global-de-los-proyectiles-de-impacto-cinetico\/\"> <span class=\"screen-reader-text\">\u201cMe estall\u00f3 el ojo&#8221; El abuso global de los proyectiles de impacto cin\u00e9tico<\/span> Leer m\u00e1s &raquo;<\/a><\/p>\n","protected":false},"author":8,"featured_media":21172,"comment_status":"closed","ping_status":"closed","sticky":false,"template":"","format":"standard","meta":{"_uf_show_specific_survey":0,"_uf_disable_surveys":false,"site-sidebar-layout":"default","site-content-layout":"default","ast-global-header-display":"","ast-main-header-display":"","ast-hfb-above-header-display":"","ast-hfb-below-header-display":"","ast-hfb-mobile-header-display":"","site-post-title":"","ast-breadcrumbs-content":"","ast-featured-img":"","footer-sml-layout":"","theme-transparent-header-meta":"","adv-header-id-meta":"","stick-header-meta":"","header-above-stick-meta":"","header-main-stick-meta":"","header-below-stick-meta":""},"categories":[17],"tags":[40,121],"acf":[],"aioseo_notices":[],"yoast_head":"<!-- This site is optimized with the Yoast SEO plugin v14.5 - https:\/\/yoast.com\/wordpress\/plugins\/seo\/ -->\n<title>\u201cMe estall\u00f3 el ojo&quot; El abuso global de los proyectiles de impacto cin\u00e9tico<\/title>\n<meta name=\"description\" content=\"El informe &quot;Me estall\u00f3 el ojo&quot; analiza el uso indebido y generalizado en todo el mundo de balas de goma o de pl\u00e1stico, en el control policial de reuniones p\u00fablicas.\" \/>\n<meta name=\"robots\" content=\"index, follow\" \/>\n<meta name=\"googlebot\" content=\"index, follow, max-snippet:-1, max-image-preview:large, max-video-preview:-1\" \/>\n<meta name=\"bingbot\" content=\"index, follow, max-snippet:-1, max-image-preview:large, max-video-preview:-1\" \/>\n<link rel=\"canonical\" href=\"https:\/\/amnistia.org.mx\/contenido\/index.php\/me-estallo-el-ojo-el-abuso-global-de-los-proyectiles-de-impacto-cinetico\/\" \/>\n<meta property=\"og:locale\" content=\"es_MX\" \/>\n<meta property=\"og:type\" content=\"article\" \/>\n<meta property=\"og:title\" content=\"\u201cMe estall\u00f3 el ojo&quot; El abuso global de los proyectiles de impacto cin\u00e9tico\" \/>\n<meta property=\"og:description\" content=\"El informe &quot;Me estall\u00f3 el ojo&quot; analiza el uso indebido y generalizado en todo el mundo de balas de goma o de pl\u00e1stico, en el control policial de reuniones p\u00fablicas.\" \/>\n<meta property=\"og:url\" content=\"https:\/\/amnistia.org.mx\/contenido\/index.php\/me-estallo-el-ojo-el-abuso-global-de-los-proyectiles-de-impacto-cinetico\/\" \/>\n<meta property=\"og:site_name\" content=\"amnistia.org.mx\" \/>\n<meta property=\"article:published_time\" content=\"2023-03-15T00:03:10+00:00\" \/>\n<meta property=\"article:modified_time\" content=\"2023-03-29T22:17:00+00:00\" \/>\n<meta property=\"og:image\" content=\"https:\/\/amnistia.org.mx\/contenido\/wp-content\/uploads\/2023\/03\/INFORME.png\" \/>\n\t<meta property=\"og:image:width\" content=\"1600\" \/>\n\t<meta property=\"og:image:height\" content=\"900\" \/>\n<meta name=\"twitter:card\" content=\"summary_large_image\" \/>\n<script type=\"application\/ld+json\" class=\"yoast-schema-graph\">{\"@context\":\"https:\/\/schema.org\",\"@graph\":[{\"@type\":\"WebSite\",\"@id\":\"https:\/\/amnistia.org.mx\/contenido\/#website\",\"url\":\"https:\/\/amnistia.org.mx\/contenido\/\",\"name\":\"amnistia.org.mx\",\"description\":\"Nueva p\\u00e1gina de Amnist\\u00eda\",\"potentialAction\":[{\"@type\":\"SearchAction\",\"target\":\"https:\/\/amnistia.org.mx\/contenido\/?s={search_term_string}\",\"query-input\":\"required name=search_term_string\"}],\"inLanguage\":\"es-MX\"},{\"@type\":\"ImageObject\",\"@id\":\"https:\/\/amnistia.org.mx\/contenido\/index.php\/me-estallo-el-ojo-el-abuso-global-de-los-proyectiles-de-impacto-cinetico\/#primaryimage\",\"inLanguage\":\"es-MX\",\"url\":\"https:\/\/amnistia.org.mx\/contenido\/wp-content\/uploads\/2023\/03\/INFORME.png\",\"width\":1600,\"height\":900},{\"@type\":\"WebPage\",\"@id\":\"https:\/\/amnistia.org.mx\/contenido\/index.php\/me-estallo-el-ojo-el-abuso-global-de-los-proyectiles-de-impacto-cinetico\/#webpage\",\"url\":\"https:\/\/amnistia.org.mx\/contenido\/index.php\/me-estallo-el-ojo-el-abuso-global-de-los-proyectiles-de-impacto-cinetico\/\",\"name\":\"\\u201cMe estall\\u00f3 el ojo\\\" El abuso global de los proyectiles de impacto cin\\u00e9tico\",\"isPartOf\":{\"@id\":\"https:\/\/amnistia.org.mx\/contenido\/#website\"},\"primaryImageOfPage\":{\"@id\":\"https:\/\/amnistia.org.mx\/contenido\/index.php\/me-estallo-el-ojo-el-abuso-global-de-los-proyectiles-de-impacto-cinetico\/#primaryimage\"},\"datePublished\":\"2023-03-15T00:03:10+00:00\",\"dateModified\":\"2023-03-29T22:17:00+00:00\",\"author\":{\"@id\":\"https:\/\/amnistia.org.mx\/contenido\/#\/schema\/person\/2d2b29996a9513767aea81f8ae57bdeb\"},\"description\":\"El informe \\\"Me estall\\u00f3 el ojo\\\" analiza el uso indebido y generalizado en todo el mundo de balas de goma o de pl\\u00e1stico, en el control policial de reuniones p\\u00fablicas.\",\"breadcrumb\":{\"@id\":\"https:\/\/amnistia.org.mx\/contenido\/index.php\/me-estallo-el-ojo-el-abuso-global-de-los-proyectiles-de-impacto-cinetico\/#breadcrumb\"},\"inLanguage\":\"es-MX\",\"potentialAction\":[{\"@type\":\"ReadAction\",\"target\":[\"https:\/\/amnistia.org.mx\/contenido\/index.php\/me-estallo-el-ojo-el-abuso-global-de-los-proyectiles-de-impacto-cinetico\/\"]}]},{\"@type\":\"BreadcrumbList\",\"@id\":\"https:\/\/amnistia.org.mx\/contenido\/index.php\/me-estallo-el-ojo-el-abuso-global-de-los-proyectiles-de-impacto-cinetico\/#breadcrumb\",\"itemListElement\":[{\"@type\":\"ListItem\",\"position\":1,\"item\":{\"@type\":\"WebPage\",\"@id\":\"https:\/\/amnistia.org.mx\/contenido\/\",\"url\":\"https:\/\/amnistia.org.mx\/contenido\/\",\"name\":\"Home\"}},{\"@type\":\"ListItem\",\"position\":2,\"item\":{\"@type\":\"WebPage\",\"@id\":\"https:\/\/amnistia.org.mx\/contenido\/index.php\/me-estallo-el-ojo-el-abuso-global-de-los-proyectiles-de-impacto-cinetico\/\",\"url\":\"https:\/\/amnistia.org.mx\/contenido\/index.php\/me-estallo-el-ojo-el-abuso-global-de-los-proyectiles-de-impacto-cinetico\/\",\"name\":\"\\u201cMe estall\\u00f3 el ojo&#8221; El abuso global de los proyectiles de impacto cin\\u00e9tico\"}}]},{\"@type\":[\"Person\"],\"@id\":\"https:\/\/amnistia.org.mx\/contenido\/#\/schema\/person\/2d2b29996a9513767aea81f8ae57bdeb\",\"name\":\"Carolina Flores\",\"image\":{\"@type\":\"ImageObject\",\"@id\":\"https:\/\/amnistia.org.mx\/contenido\/#personlogo\",\"inLanguage\":\"es-MX\",\"url\":\"https:\/\/secure.gravatar.com\/avatar\/e2d29811923c60594035966b365ce272?s=96&d=mm&r=g\",\"caption\":\"Carolina Flores\"}}]}<\/script>\n<!-- \/ Yoast SEO plugin. -->","_links":{"self":[{"href":"https:\/\/amnistia.org.mx\/contenido\/index.php\/wp-json\/wp\/v2\/posts\/21171"}],"collection":[{"href":"https:\/\/amnistia.org.mx\/contenido\/index.php\/wp-json\/wp\/v2\/posts"}],"about":[{"href":"https:\/\/amnistia.org.mx\/contenido\/index.php\/wp-json\/wp\/v2\/types\/post"}],"author":[{"embeddable":true,"href":"https:\/\/amnistia.org.mx\/contenido\/index.php\/wp-json\/wp\/v2\/users\/8"}],"replies":[{"embeddable":true,"href":"https:\/\/amnistia.org.mx\/contenido\/index.php\/wp-json\/wp\/v2\/comments?post=21171"}],"version-history":[{"count":11,"href":"https:\/\/amnistia.org.mx\/contenido\/index.php\/wp-json\/wp\/v2\/posts\/21171\/revisions"}],"predecessor-version":[{"id":22038,"href":"https:\/\/amnistia.org.mx\/contenido\/index.php\/wp-json\/wp\/v2\/posts\/21171\/revisions\/22038"}],"wp:featuredmedia":[{"embeddable":true,"href":"https:\/\/amnistia.org.mx\/contenido\/index.php\/wp-json\/wp\/v2\/media\/21172"}],"wp:attachment":[{"href":"https:\/\/amnistia.org.mx\/contenido\/index.php\/wp-json\/wp\/v2\/media?parent=21171"}],"wp:term":[{"taxonomy":"category","embeddable":true,"href":"https:\/\/amnistia.org.mx\/contenido\/index.php\/wp-json\/wp\/v2\/categories?post=21171"},{"taxonomy":"post_tag","embeddable":true,"href":"https:\/\/amnistia.org.mx\/contenido\/index.php\/wp-json\/wp\/v2\/tags?post=21171"}],"curies":[{"name":"wp","href":"https:\/\/api.w.org\/{rel}","templated":true}]}}