
{"id":23396,"date":"2023-07-24T16:52:05","date_gmt":"2023-07-24T21:52:05","guid":{"rendered":"https:\/\/amnistia.org.mx\/contenido\/?p=23396"},"modified":"2023-07-24T17:06:38","modified_gmt":"2023-07-24T22:06:38","slug":"educacion-en-derechos-humanos-formacion-para-la-accion","status":"publish","type":"post","link":"https:\/\/amnistia.org.mx\/contenido\/index.php\/educacion-en-derechos-humanos-formacion-para-la-accion\/","title":{"rendered":"<strong>Educaci\u00f3n en Derechos Humanos: formaci\u00f3n para la acci\u00f3n<\/strong>"},"content":{"rendered":"\t\t<div data-elementor-type=\"wp-post\" data-elementor-id=\"23396\" class=\"elementor elementor-23396\">\n\t\t\t\t\t\t\t\t\t<section class=\"elementor-section elementor-top-section elementor-element elementor-element-1acba32 elementor-section-boxed elementor-section-height-default elementor-section-height-default\" data-id=\"1acba32\" data-element_type=\"section\">\n\t\t\t\t\t\t<div class=\"elementor-container elementor-column-gap-default\">\n\t\t\t\t\t<div class=\"elementor-column elementor-col-100 elementor-top-column elementor-element elementor-element-19105855\" data-id=\"19105855\" data-element_type=\"column\">\n\t\t\t<div class=\"elementor-widget-wrap elementor-element-populated\">\n\t\t\t\t\t\t\t\t<div class=\"elementor-element elementor-element-24334991 elementor-author-box--layout-image-above elementor-author-box--align-center elementor-widget elementor-widget-author-box\" data-id=\"24334991\" data-element_type=\"widget\" data-widget_type=\"author-box.default\">\n\t\t\t\t<div class=\"elementor-widget-container\">\n\t\t\t<link rel=\"stylesheet\" href=\"https:\/\/amnistia.org.mx\/contenido\/wp-content\/plugins\/elementor-pro\/assets\/css\/widget-theme-elements.min.css\">\t\t<div class=\"elementor-author-box\">\n\t\t\t\t\t\t\t<div  class=\"elementor-author-box__avatar\">\n\t\t\t\t\t<img decoding=\"async\" src=\"https:\/\/amnistia.org.mx\/contenido\/wp-content\/uploads\/2023\/04\/circle-cropped-300x300.png\" alt=\"Por Alfonso Ochoa Manzo\">\n\t\t\t\t<\/div>\n\t\t\t\n\t\t\t<div class=\"elementor-author-box__text\">\n\t\t\t\t\t\t\t\t\t<div >\n\t\t\t\t\t\t<h4 class=\"elementor-author-box__name\">\n\t\t\t\t\t\t\tPor Alfonso Ochoa Manzo\t\t\t\t\t\t<\/h4>\n\t\t\t\t\t<\/div>\n\t\t\t\t\n\t\t\t\t\t\t\t\t\t<div class=\"elementor-author-box__bio\">\n\t\t\t\t\t\t<p>Responsable de Educaci\u00f3n en Derechos Humanos<\/p>\n\t\t\t\t\t<\/div>\n\t\t\t\t\n\t\t\t\t\t\t\t<\/div>\n\t\t<\/div>\n\t\t\t\t<\/div>\n\t\t\t\t<\/div>\n\t\t\t\t<div class=\"elementor-element elementor-element-69d97248 elementor-widget-divider--view-line elementor-widget elementor-widget-divider\" data-id=\"69d97248\" data-element_type=\"widget\" data-widget_type=\"divider.default\">\n\t\t\t\t<div class=\"elementor-widget-container\">\n\t\t\t<style>\/*! elementor - v3.11.5 - 14-03-2023 *\/\n.elementor-widget-divider{--divider-border-style:none;--divider-border-width:1px;--divider-color:#0c0d0e;--divider-icon-size:20px;--divider-element-spacing:10px;--divider-pattern-height:24px;--divider-pattern-size:20px;--divider-pattern-url:none;--divider-pattern-repeat:repeat-x}.elementor-widget-divider .elementor-divider{display:flex}.elementor-widget-divider .elementor-divider__text{font-size:15px;line-height:1;max-width:95%}.elementor-widget-divider .elementor-divider__element{margin:0 var(--divider-element-spacing);flex-shrink:0}.elementor-widget-divider .elementor-icon{font-size:var(--divider-icon-size)}.elementor-widget-divider .elementor-divider-separator{display:flex;margin:0;direction:ltr}.elementor-widget-divider--view-line_icon .elementor-divider-separator,.elementor-widget-divider--view-line_text .elementor-divider-separator{align-items:center}.elementor-widget-divider--view-line_icon .elementor-divider-separator:after,.elementor-widget-divider--view-line_icon .elementor-divider-separator:before,.elementor-widget-divider--view-line_text .elementor-divider-separator:after,.elementor-widget-divider--view-line_text .elementor-divider-separator:before{display:block;content:\"\";border-bottom:0;flex-grow:1;border-top:var(--divider-border-width) var(--divider-border-style) var(--divider-color)}.elementor-widget-divider--element-align-left .elementor-divider .elementor-divider-separator>.elementor-divider__svg:first-of-type{flex-grow:0;flex-shrink:100}.elementor-widget-divider--element-align-left .elementor-divider-separator:before{content:none}.elementor-widget-divider--element-align-left .elementor-divider__element{margin-left:0}.elementor-widget-divider--element-align-right .elementor-divider .elementor-divider-separator>.elementor-divider__svg:last-of-type{flex-grow:0;flex-shrink:100}.elementor-widget-divider--element-align-right .elementor-divider-separator:after{content:none}.elementor-widget-divider--element-align-right .elementor-divider__element{margin-right:0}.elementor-widget-divider:not(.elementor-widget-divider--view-line_text):not(.elementor-widget-divider--view-line_icon) .elementor-divider-separator{border-top:var(--divider-border-width) var(--divider-border-style) var(--divider-color)}.elementor-widget-divider--separator-type-pattern{--divider-border-style:none}.elementor-widget-divider--separator-type-pattern.elementor-widget-divider--view-line .elementor-divider-separator,.elementor-widget-divider--separator-type-pattern:not(.elementor-widget-divider--view-line) .elementor-divider-separator:after,.elementor-widget-divider--separator-type-pattern:not(.elementor-widget-divider--view-line) .elementor-divider-separator:before,.elementor-widget-divider--separator-type-pattern:not([class*=elementor-widget-divider--view]) .elementor-divider-separator{width:100%;min-height:var(--divider-pattern-height);-webkit-mask-size:var(--divider-pattern-size) 100%;mask-size:var(--divider-pattern-size) 100%;-webkit-mask-repeat:var(--divider-pattern-repeat);mask-repeat:var(--divider-pattern-repeat);background-color:var(--divider-color);-webkit-mask-image:var(--divider-pattern-url);mask-image:var(--divider-pattern-url)}.elementor-widget-divider--no-spacing{--divider-pattern-size:auto}.elementor-widget-divider--bg-round{--divider-pattern-repeat:round}.rtl .elementor-widget-divider .elementor-divider__text{direction:rtl}.e-con-inner>.elementor-widget-divider,.e-con>.elementor-widget-divider{width:var(--container-widget-width,100%);--flex-grow:var(--container-widget-flex-grow)}<\/style>\t\t<div class=\"elementor-divider\">\n\t\t\t<span class=\"elementor-divider-separator\">\n\t\t\t\t\t\t<\/span>\n\t\t<\/div>\n\t\t\t\t<\/div>\n\t\t\t\t<\/div>\n\t\t\t\t\t<\/div>\n\t\t<\/div>\n\t\t\t\t\t\t\t<\/div>\n\t\t<\/section>\n\t\t\t\t<section class=\"elementor-section elementor-top-section elementor-element elementor-element-36b351cb elementor-section-boxed elementor-section-height-default elementor-section-height-default\" data-id=\"36b351cb\" data-element_type=\"section\">\n\t\t\t\t\t\t<div class=\"elementor-container elementor-column-gap-default\">\n\t\t\t\t\t<div class=\"elementor-column elementor-col-100 elementor-top-column elementor-element elementor-element-13a50776\" data-id=\"13a50776\" data-element_type=\"column\">\n\t\t\t<div class=\"elementor-widget-wrap elementor-element-populated\">\n\t\t\t\t\t\t\t\t<div class=\"elementor-element elementor-element-319aaa7e elementor-align-center elementor-widget elementor-widget-post-info\" data-id=\"319aaa7e\" data-element_type=\"widget\" data-widget_type=\"post-info.default\">\n\t\t\t\t<div class=\"elementor-widget-container\">\n\t\t\t<link rel=\"stylesheet\" href=\"https:\/\/amnistia.org.mx\/contenido\/wp-content\/plugins\/elementor\/assets\/css\/widget-icon-list.min.css\">\t\t<ul class=\"elementor-inline-items elementor-icon-list-items elementor-post-info\">\n\t\t\t\t\t\t\t\t<li class=\"elementor-icon-list-item elementor-repeater-item-faf80c6 elementor-inline-item\" itemprop=\"datePublished\">\n\t\t\t\t\t\t<a href=\"https:\/\/amnistia.org.mx\/contenido\/index.php\/2023\/07\/24\/\">\n\t\t\t\t\t\t\t\t\t\t\t<span class=\"elementor-icon-list-icon\">\n\t\t\t\t\t\t\t\t<svg aria-hidden=\"true\" class=\"e-font-icon-svg e-fas-calendar\" viewBox=\"0 0 448 512\" xmlns=\"http:\/\/www.w3.org\/2000\/svg\"><path d=\"M12 192h424c6.6 0 12 5.4 12 12v260c0 26.5-21.5 48-48 48H48c-26.5 0-48-21.5-48-48V204c0-6.6 5.4-12 12-12zm436-44v-36c0-26.5-21.5-48-48-48h-48V12c0-6.6-5.4-12-12-12h-40c-6.6 0-12 5.4-12 12v52H160V12c0-6.6-5.4-12-12-12h-40c-6.6 0-12 5.4-12 12v52H48C21.5 64 0 85.5 0 112v36c0 6.6 5.4 12 12 12h424c6.6 0 12-5.4 12-12z\"><\/path><\/svg>\t\t\t\t\t\t\t<\/span>\n\t\t\t\t\t\t\t\t\t<span class=\"elementor-icon-list-text elementor-post-info__item elementor-post-info__item--type-date\">\n\t\t\t\t\t\t\t\t\t\tjulio 24, 2023\t\t\t\t\t<\/span>\n\t\t\t\t\t\t\t\t\t<\/a>\n\t\t\t\t<\/li>\n\t\t\t\t<li class=\"elementor-icon-list-item elementor-repeater-item-d07449f elementor-inline-item\" itemprop=\"about\">\n\t\t\t\t\t\t\t\t\t\t<span class=\"elementor-icon-list-icon\">\n\t\t\t\t\t\t\t\t<svg aria-hidden=\"true\" class=\"e-font-icon-svg e-fas-tags\" viewBox=\"0 0 640 512\" xmlns=\"http:\/\/www.w3.org\/2000\/svg\"><path d=\"M497.941 225.941L286.059 14.059A48 48 0 0 0 252.118 0H48C21.49 0 0 21.49 0 48v204.118a48 48 0 0 0 14.059 33.941l211.882 211.882c18.744 18.745 49.136 18.746 67.882 0l204.118-204.118c18.745-18.745 18.745-49.137 0-67.882zM112 160c-26.51 0-48-21.49-48-48s21.49-48 48-48 48 21.49 48 48-21.49 48-48 48zm513.941 133.823L421.823 497.941c-18.745 18.745-49.137 18.745-67.882 0l-.36-.36L527.64 323.522c16.999-16.999 26.36-39.6 26.36-63.64s-9.362-46.641-26.36-63.64L331.397 0h48.721a48 48 0 0 1 33.941 14.059l211.882 211.882c18.745 18.745 18.745 49.137 0 67.882z\"><\/path><\/svg>\t\t\t\t\t\t\t<\/span>\n\t\t\t\t\t\t\t\t\t<span class=\"elementor-icon-list-text elementor-post-info__item elementor-post-info__item--type-terms\">\n\t\t\t\t\t\t\t\t\t\t<span class=\"elementor-post-info__terms-list\">\n\t\t\t\t<span class=\"elementor-post-info__terms-list-item\">Por Amnist\u00eda Internacional<\/span>\t\t\t\t<\/span>\n\t\t\t\t\t<\/span>\n\t\t\t\t\t\t\t\t<\/li>\n\t\t\t\t<\/ul>\n\t\t\t\t<\/div>\n\t\t\t\t<\/div>\n\t\t\t\t\t<\/div>\n\t\t<\/div>\n\t\t\t\t\t\t\t<\/div>\n\t\t<\/section>\n\t\t\t\t<section class=\"elementor-section elementor-top-section elementor-element elementor-element-3c1df983 elementor-section-boxed elementor-section-height-default elementor-section-height-default\" data-id=\"3c1df983\" data-element_type=\"section\">\n\t\t\t\t\t\t<div class=\"elementor-container elementor-column-gap-wide\">\n\t\t\t\t\t<div class=\"elementor-column elementor-col-66 elementor-top-column elementor-element elementor-element-3139c29\" data-id=\"3139c29\" data-element_type=\"column\">\n\t\t\t<div class=\"elementor-widget-wrap elementor-element-populated\">\n\t\t\t\t\t\t\t\t<div class=\"elementor-element elementor-element-3b2eb5e elementor-widget elementor-widget-text-editor\" data-id=\"3b2eb5e\" data-element_type=\"widget\" data-widget_type=\"text-editor.default\">\n\t\t\t\t<div class=\"elementor-widget-container\">\n\t\t\t<style>\/*! elementor - v3.11.5 - 14-03-2023 *\/\n.elementor-widget-text-editor.elementor-drop-cap-view-stacked .elementor-drop-cap{background-color:#69727d;color:#fff}.elementor-widget-text-editor.elementor-drop-cap-view-framed .elementor-drop-cap{color:#69727d;border:3px solid;background-color:transparent}.elementor-widget-text-editor:not(.elementor-drop-cap-view-default) .elementor-drop-cap{margin-top:8px}.elementor-widget-text-editor:not(.elementor-drop-cap-view-default) .elementor-drop-cap-letter{width:1em;height:1em}.elementor-widget-text-editor .elementor-drop-cap{float:left;text-align:center;line-height:1;font-size:50px}.elementor-widget-text-editor .elementor-drop-cap-letter{display:inline-block}<\/style>\t\t\t\t<h3><strong>\u00bfQu\u00e9 es la educaci\u00f3n en derechos humanos para Amnist\u00eda Internacional?\u00a0<\/strong><\/h3><p><span style=\"font-weight: 400;\">Para <strong>Amnist\u00eda Internacional<\/strong>, la <strong>educaci\u00f3n en derechos humanos (EDH)<\/strong> es un proceso intencionado, participativo y activo que tiene por objetivo fortalecer a las personas y comunidades en sus conocimientos, habilidades y actitudes sobre derechos humanos. En este sentido, la <strong>EDH<\/strong> tiene como prop\u00f3sito abordar las causas estructurales y sist\u00e9micas de las violaciones a derechos humanos, previniendo y combatiendo la discriminaci\u00f3n,\u00a0 promoviendo los derechos humanos y mejorando los procesos de di\u00e1logo y participaci\u00f3n de toma de decisiones.<\/span><\/p><p><span style=\"font-weight: 400;\">El proceso de la EDH busca educar sobre los derechos humanos, facilitando los conocimientos sobre las normas y principios de <strong>derechos humanos<\/strong>. Lo hace a trav\u00e9s de los derechos humanos, es decir, los espacios de EDH promueven activamente que los derechos humanos se vivan para que las personas participantes no s\u00f3lo los conozcan, sino que se apropien de ellos para que los defiendan exigiendo su respeto y garant\u00eda.\u00a0<\/span><\/p><p><span style=\"font-weight: 400;\">La <strong>EDH<\/strong> rompe con el modelo tradicional de la educaci\u00f3n en la que las personas participantes son un agente pasivo que s\u00f3lo recibe la informaci\u00f3n. Por medio de metodolog\u00edas participativas es que las personas que son parte en el proceso de EDH, se involucran, comparten, dialogan, debaten y viven la experiencia de forma integral y activamente, poniendo en el centro a las personas, valorando sus conocimientos y experiencias como fundamentales para el desarrollo del aprendizaje dial\u00f3gico y el\u00a0 pensamiento cr\u00edtico desde una perspectiva controversial.\u00a0<\/span><\/p><h4><strong>\u00bfQu\u00e9 actividades de EDH hacemos Amnist\u00eda Internacional M\u00e9xico?<\/strong><\/h4><ul><li style=\"font-weight: 400;\" aria-level=\"1\"><span style=\"font-weight: 400;\">Talleres: espacio vivencial que proporciona conocimientos, habilidades y herramientas para la defensa de los derechos humanos de una forma l\u00fadica, reflexiva y activa.\u00a0\u00a0<\/span><\/li><li style=\"font-weight: 400;\" aria-level=\"1\"><span style=\"font-weight: 400;\">Conferencias: espacio de presentaci\u00f3n de un tema por una persona experta o conocedora de un tema de derechos humanos.\u00a0<\/span><\/li><li style=\"font-weight: 400;\" aria-level=\"1\"><span style=\"font-weight: 400;\">Foros: espacio de reuni\u00f3n presencial o virtual, donde se dialogan y debaten ideas en torno a un tema de derechos humanos.\u00a0<\/span><\/li><li style=\"font-weight: 400;\" aria-level=\"1\"><span style=\"font-weight: 400;\">Cine Debates: a partir de una pel\u00edcula se reflexiona en torno a una tem\u00e1tica. Las activistas pueden organizar sus propios cine debates y generar una reflexi\u00f3n en colectivo en torno a la tem\u00e1tica propuesta por parte de las personas asistentes. En ocasiones est\u00e1n acompa\u00f1adas de expertos, personas titulares de derecho o las personas creadoras de la pel\u00edcula.\u00a0<\/span><\/li><\/ul><p><span style=\"font-weight: 400;\">Una forma en la que puedes\u00a0 participar en las actividades educativas con Amnist\u00eda Internacional M\u00e9xico, es convirti\u00e9ndote en activista a trav\u00e9s de este <a href=\"https:\/\/amnistia.org.mx\/contenido\/index.php\/se-activista\/\">curso.<\/a><\/span><\/p><p><span style=\"font-weight: 400;\">Siendo activista puedes vincularte con escuelas para facilitar actividades de EDH, realizar activaciones en plazas p\u00fablicas y centros culturales, generar c\u00edrculos de estudio y de esta forma dar a conocer el trabajo de Amnist\u00eda Internacional, abordando tem\u00e1ticas de derechos humanos que sean de tu inter\u00e9s y donde podr\u00e1s compartir y conocer a otras personas con intereses similares a los tuyos,\u00a0 generando sentido de comunidad y de pertenencia al movimiento.<\/span><\/p><p><span style=\"font-weight: 400;\">El objetivo de participar y realizar estas actividades, es fomentar un papel m\u00e1s activo de las personas activistas como educadoras en derechos humanos que buscan transformar su entorno y sumar a m\u00e1s personas a una causa com\u00fan. Esta labor educativa en colectivo, ayudar\u00e1 a las personas a aclarar sus propias posiciones y a ganar una mayor confianza en las acciones que desean realizar.<\/span><\/p><blockquote><p><span style=\"color: #333333;\"><i><span style=\"font-weight: 400;\">&#8220;La educaci\u00f3n no cambia al mundo, cambia a las personas que van a cambiar al mundo.&#8221;<\/span><\/i><\/span><\/p><p><span style=\"font-weight: 400; color: #333333;\">Paulo Freire.<\/span><\/p><\/blockquote>\t\t\t\t\t\t<\/div>\n\t\t\t\t<\/div>\n\t\t\t\t<div class=\"elementor-element elementor-element-54370ab1 elementor-post-navigation-borders-yes elementor-widget elementor-widget-post-navigation\" data-id=\"54370ab1\" data-element_type=\"widget\" data-widget_type=\"post-navigation.default\">\n\t\t\t\t<div class=\"elementor-widget-container\">\n\t\t\t\t\t<div class=\"elementor-post-navigation\">\n\t\t\t<div class=\"elementor-post-navigation__prev elementor-post-navigation__link\">\n\t\t\t\t<a href=\"https:\/\/amnistia.org.mx\/contenido\/index.php\/seis-meses-de-triunfos-para-los-derechos-humanos\/\" rel=\"prev\"><span class=\"post-navigation__arrow-wrapper post-navigation__arrow-prev\"><i class=\"fa fa-angle-left\" aria-hidden=\"true\"><\/i><span class=\"elementor-screen-only\">Previo<\/span><\/span><span class=\"elementor-post-navigation__link__prev\"><span class=\"post-navigation__prev--label\">Anterior<\/span><span class=\"post-navigation__prev--title\">Seis meses de triunfos para los derechos humanos<\/span><\/span><\/a>\t\t\t<\/div>\n\t\t\t\t\t\t\t<div class=\"elementor-post-navigation__separator-wrapper\">\n\t\t\t\t\t<div class=\"elementor-post-navigation__separator\"><\/div>\n\t\t\t\t<\/div>\n\t\t\t\t\t\t<div class=\"elementor-post-navigation__next elementor-post-navigation__link\">\n\t\t\t\t<a href=\"https:\/\/amnistia.org.mx\/contenido\/index.php\/tienen-los-ninos-ninas-y-adolescentes-derecho-a-protestar\/\" rel=\"next\"><span class=\"elementor-post-navigation__link__next\"><span class=\"post-navigation__next--label\">Siguiente<\/span><span class=\"post-navigation__next--title\">\u00bfTienen los ni\u00f1os, ni\u00f1as y adolescentes derecho a protestar?<\/span><\/span><span class=\"post-navigation__arrow-wrapper post-navigation__arrow-next\"><i class=\"fa fa-angle-right\" aria-hidden=\"true\"><\/i><span class=\"elementor-screen-only\">Next<\/span><\/span><\/a>\t\t\t<\/div>\n\t\t<\/div>\n\t\t\t\t<\/div>\n\t\t\t\t<\/div>\n\t\t\t\t<div class=\"elementor-element elementor-element-7538bdcd elementor-widget elementor-widget-facebook-comments\" data-id=\"7538bdcd\" data-element_type=\"widget\" data-widget_type=\"facebook-comments.default\">\n\t\t\t\t<div class=\"elementor-widget-container\">\n\t\t\t<style>\/*! elementor-pro - v3.11.7 - 22-03-2023 *\/\n.elementor-facebook-widget.fb_iframe_widget,.elementor-facebook-widget.fb_iframe_widget span{width:100%!important}.elementor-facebook-widget.fb_iframe_widget iframe{position:relative;width:100%!important}.elementor-facebook-widget.fb-like{height:1px}.elementor-widget-facebook-comments iframe{width:100%!important}<\/style>\t\t<div class=\"elementor-facebook-widget fb-comments\" data-href=\"https:\/\/amnistia.org.mx\/contenido?p=23396\" data-width=\"100%\" data-numposts=\"10\" data-order-by=\"social\" style=\"min-height: 1px\"><\/div>\n\t\t\t\t<\/div>\n\t\t\t\t<\/div>\n\t\t\t\t\t<\/div>\n\t\t<\/div>\n\t\t\t\t<div class=\"elementor-column elementor-col-33 elementor-top-column elementor-element elementor-element-59587a9a\" data-id=\"59587a9a\" data-element_type=\"column\">\n\t\t\t<div class=\"elementor-widget-wrap elementor-element-populated\">\n\t\t\t\t\t\t\t\t<section class=\"elementor-section elementor-inner-section elementor-element elementor-element-46942667 elementor-section-boxed elementor-section-height-default elementor-section-height-default\" data-id=\"46942667\" data-element_type=\"section\">\n\t\t\t\t\t\t<div class=\"elementor-container elementor-column-gap-default\">\n\t\t\t\t\t<div class=\"elementor-column elementor-col-100 elementor-inner-column elementor-element elementor-element-72e6678e\" data-id=\"72e6678e\" data-element_type=\"column\">\n\t\t\t<div class=\"elementor-widget-wrap elementor-element-populated\">\n\t\t\t\t\t\t\t\t<div class=\"elementor-element elementor-element-d45d19b elementor-widget elementor-widget-heading\" data-id=\"d45d19b\" data-element_type=\"widget\" data-widget_type=\"heading.default\">\n\t\t\t\t<div class=\"elementor-widget-container\">\n\t\t\t<style>\/*! elementor - v3.11.5 - 14-03-2023 *\/\n.elementor-heading-title{padding:0;margin:0;line-height:1}.elementor-widget-heading .elementor-heading-title[class*=elementor-size-]>a{color:inherit;font-size:inherit;line-height:inherit}.elementor-widget-heading .elementor-heading-title.elementor-size-small{font-size:15px}.elementor-widget-heading .elementor-heading-title.elementor-size-medium{font-size:19px}.elementor-widget-heading .elementor-heading-title.elementor-size-large{font-size:29px}.elementor-widget-heading .elementor-heading-title.elementor-size-xl{font-size:39px}.elementor-widget-heading .elementor-heading-title.elementor-size-xxl{font-size:59px}<\/style><h4 class=\"elementor-heading-title elementor-size-default\">Comp\u00e1rtelo en redes<\/h4>\t\t<\/div>\n\t\t\t\t<\/div>\n\t\t\t\t<div class=\"elementor-element elementor-element-72408848 elementor-share-buttons--view-icon elementor-share-buttons--shape-circle elementor-share-buttons--skin-framed elementor-share-buttons--color-custom elementor-grid-0 elementor-widget elementor-widget-share-buttons\" data-id=\"72408848\" data-element_type=\"widget\" data-widget_type=\"share-buttons.default\">\n\t\t\t\t<div class=\"elementor-widget-container\">\n\t\t\t<link rel=\"stylesheet\" href=\"https:\/\/amnistia.org.mx\/contenido\/wp-content\/plugins\/elementor-pro\/assets\/css\/widget-share-buttons.min.css\">\t\t<div class=\"elementor-grid\">\n\t\t\t\t\t\t\t\t<div class=\"elementor-grid-item\">\n\t\t\t\t\t\t<div\n\t\t\t\t\t\t\tclass=\"elementor-share-btn elementor-share-btn_facebook\"\n\t\t\t\t\t\t\trole=\"button\"\n\t\t\t\t\t\t\ttabindex=\"0\"\n\t\t\t\t\t\t\taria-label=\"Compartir en facebook\"\n\t\t\t\t\t\t>\n\t\t\t\t\t\t\t\t\t\t\t\t\t\t\t<span class=\"elementor-share-btn__icon\">\n\t\t\t\t\t\t\t\t<svg class=\"e-font-icon-svg e-fab-facebook\" viewBox=\"0 0 512 512\" xmlns=\"http:\/\/www.w3.org\/2000\/svg\"><path d=\"M504 256C504 119 393 8 256 8S8 119 8 256c0 123.78 90.69 226.38 209.25 245V327.69h-63V256h63v-54.64c0-62.15 37-96.48 93.67-96.48 27.14 0 55.52 4.84 55.52 4.84v61h-31.28c-30.8 0-40.41 19.12-40.41 38.73V256h68.78l-11 71.69h-57.78V501C413.31 482.38 504 379.78 504 256z\"><\/path><\/svg>\t\t\t\t\t\t\t<\/span>\n\t\t\t\t\t\t\t\t\t\t\t\t\t\t\t\t\t\t\t\t<\/div>\n\t\t\t\t\t<\/div>\n\t\t\t\t\t\t\t\t\t<div class=\"elementor-grid-item\">\n\t\t\t\t\t\t<div\n\t\t\t\t\t\t\tclass=\"elementor-share-btn elementor-share-btn_twitter\"\n\t\t\t\t\t\t\trole=\"button\"\n\t\t\t\t\t\t\ttabindex=\"0\"\n\t\t\t\t\t\t\taria-label=\"Compartir en twitter\"\n\t\t\t\t\t\t>\n\t\t\t\t\t\t\t\t\t\t\t\t\t\t\t<span class=\"elementor-share-btn__icon\">\n\t\t\t\t\t\t\t\t<svg class=\"e-font-icon-svg e-fab-twitter\" viewBox=\"0 0 512 512\" xmlns=\"http:\/\/www.w3.org\/2000\/svg\"><path d=\"M459.37 151.716c.325 4.548.325 9.097.325 13.645 0 138.72-105.583 298.558-298.558 298.558-59.452 0-114.68-17.219-161.137-47.106 8.447.974 16.568 1.299 25.34 1.299 49.055 0 94.213-16.568 130.274-44.832-46.132-.975-84.792-31.188-98.112-72.772 6.498.974 12.995 1.624 19.818 1.624 9.421 0 18.843-1.3 27.614-3.573-48.081-9.747-84.143-51.98-84.143-102.985v-1.299c13.969 7.797 30.214 12.67 47.431 13.319-28.264-18.843-46.781-51.005-46.781-87.391 0-19.492 5.197-37.36 14.294-52.954 51.655 63.675 129.3 105.258 216.365 109.807-1.624-7.797-2.599-15.918-2.599-24.04 0-57.828 46.782-104.934 104.934-104.934 30.213 0 57.502 12.67 76.67 33.137 23.715-4.548 46.456-13.32 66.599-25.34-7.798 24.366-24.366 44.833-46.132 57.827 21.117-2.273 41.584-8.122 60.426-16.243-14.292 20.791-32.161 39.308-52.628 54.253z\"><\/path><\/svg>\t\t\t\t\t\t\t<\/span>\n\t\t\t\t\t\t\t\t\t\t\t\t\t\t\t\t\t\t\t\t<\/div>\n\t\t\t\t\t<\/div>\n\t\t\t\t\t\t\t\t\t<div class=\"elementor-grid-item\">\n\t\t\t\t\t\t<div\n\t\t\t\t\t\t\tclass=\"elementor-share-btn elementor-share-btn_email\"\n\t\t\t\t\t\t\trole=\"button\"\n\t\t\t\t\t\t\ttabindex=\"0\"\n\t\t\t\t\t\t\taria-label=\"Compartir en email\"\n\t\t\t\t\t\t>\n\t\t\t\t\t\t\t\t\t\t\t\t\t\t\t<span class=\"elementor-share-btn__icon\">\n\t\t\t\t\t\t\t\t<svg class=\"e-font-icon-svg e-fas-envelope\" viewBox=\"0 0 512 512\" xmlns=\"http:\/\/www.w3.org\/2000\/svg\"><path d=\"M502.3 190.8c3.9-3.1 9.7-.2 9.7 4.7V400c0 26.5-21.5 48-48 48H48c-26.5 0-48-21.5-48-48V195.6c0-5 5.7-7.8 9.7-4.7 22.4 17.4 52.1 39.5 154.1 113.6 21.1 15.4 56.7 47.8 92.2 47.6 35.7.3 72-32.8 92.3-47.6 102-74.1 131.6-96.3 154-113.7zM256 320c23.2.4 56.6-29.2 73.4-41.4 132.7-96.3 142.8-104.7 173.4-128.7 5.8-4.5 9.2-11.5 9.2-18.9v-19c0-26.5-21.5-48-48-48H48C21.5 64 0 85.5 0 112v19c0 7.4 3.4 14.3 9.2 18.9 30.6 23.9 40.7 32.4 173.4 128.7 16.8 12.2 50.2 41.8 73.4 41.4z\"><\/path><\/svg>\t\t\t\t\t\t\t<\/span>\n\t\t\t\t\t\t\t\t\t\t\t\t\t\t\t\t\t\t\t\t<\/div>\n\t\t\t\t\t<\/div>\n\t\t\t\t\t\t\t\t\t<div class=\"elementor-grid-item\">\n\t\t\t\t\t\t<div\n\t\t\t\t\t\t\tclass=\"elementor-share-btn elementor-share-btn_whatsapp\"\n\t\t\t\t\t\t\trole=\"button\"\n\t\t\t\t\t\t\ttabindex=\"0\"\n\t\t\t\t\t\t\taria-label=\"Compartir en whatsapp\"\n\t\t\t\t\t\t>\n\t\t\t\t\t\t\t\t\t\t\t\t\t\t\t<span class=\"elementor-share-btn__icon\">\n\t\t\t\t\t\t\t\t<svg class=\"e-font-icon-svg e-fab-whatsapp\" viewBox=\"0 0 448 512\" xmlns=\"http:\/\/www.w3.org\/2000\/svg\"><path d=\"M380.9 97.1C339 55.1 283.2 32 223.9 32c-122.4 0-222 99.6-222 222 0 39.1 10.2 77.3 29.6 111L0 480l117.7-30.9c32.4 17.7 68.9 27 106.1 27h.1c122.3 0 224.1-99.6 224.1-222 0-59.3-25.2-115-67.1-157zm-157 341.6c-33.2 0-65.7-8.9-94-25.7l-6.7-4-69.8 18.3L72 359.2l-4.4-7c-18.5-29.4-28.2-63.3-28.2-98.2 0-101.7 82.8-184.5 184.6-184.5 49.3 0 95.6 19.2 130.4 54.1 34.8 34.9 56.2 81.2 56.1 130.5 0 101.8-84.9 184.6-186.6 184.6zm101.2-138.2c-5.5-2.8-32.8-16.2-37.9-18-5.1-1.9-8.8-2.8-12.5 2.8-3.7 5.6-14.3 18-17.6 21.8-3.2 3.7-6.5 4.2-12 1.4-32.6-16.3-54-29.1-75.5-66-5.7-9.8 5.7-9.1 16.3-30.3 1.8-3.7.9-6.9-.5-9.7-1.4-2.8-12.5-30.1-17.1-41.2-4.5-10.8-9.1-9.3-12.5-9.5-3.2-.2-6.9-.2-10.6-.2-3.7 0-9.7 1.4-14.8 6.9-5.1 5.6-19.4 19-19.4 46.3 0 27.3 19.9 53.7 22.6 57.4 2.8 3.7 39.1 59.7 94.8 83.8 35.2 15.2 49 16.5 66.6 13.9 10.7-1.6 32.8-13.4 37.4-26.4 4.6-13 4.6-24.1 3.2-26.4-1.3-2.5-5-3.9-10.5-6.6z\"><\/path><\/svg>\t\t\t\t\t\t\t<\/span>\n\t\t\t\t\t\t\t\t\t\t\t\t\t\t\t\t\t\t\t\t<\/div>\n\t\t\t\t\t<\/div>\n\t\t\t\t\t\t<\/div>\n\t\t\t\t<\/div>\n\t\t\t\t<\/div>\n\t\t\t\t\t<\/div>\n\t\t<\/div>\n\t\t\t\t\t\t\t<\/div>\n\t\t<\/section>\n\t\t\t\t\t<\/div>\n\t\t<\/div>\n\t\t\t\t\t\t\t<\/div>\n\t\t<\/section>\n\t\t\t\t<section class=\"elementor-section elementor-top-section elementor-element elementor-element-ff2e0ab elementor-section-boxed elementor-section-height-default elementor-section-height-default\" data-id=\"ff2e0ab\" data-element_type=\"section\" data-settings=\"{&quot;background_background&quot;:&quot;classic&quot;}\">\n\t\t\t\t\t\t<div class=\"elementor-container elementor-column-gap-default\">\n\t\t\t\t\t<div class=\"elementor-column elementor-col-100 elementor-top-column elementor-element elementor-element-30a93d9c\" data-id=\"30a93d9c\" data-element_type=\"column\">\n\t\t\t<div class=\"elementor-widget-wrap elementor-element-populated\">\n\t\t\t\t\t\t\t\t<section class=\"elementor-section elementor-inner-section elementor-element elementor-element-7adc51ea elementor-section-boxed elementor-section-height-default elementor-section-height-default\" data-id=\"7adc51ea\" data-element_type=\"section\">\n\t\t\t\t\t\t<div class=\"elementor-container elementor-column-gap-default\">\n\t\t\t\t\t<div class=\"elementor-column elementor-col-33 elementor-inner-column elementor-element elementor-element-765dd79\" data-id=\"765dd79\" data-element_type=\"column\">\n\t\t\t<div class=\"elementor-widget-wrap elementor-element-populated\">\n\t\t\t\t\t\t\t\t<div class=\"elementor-element elementor-element-6547e846 elementor-position-left elementor-vertical-align-middle elementor-view-default elementor-mobile-position-top elementor-widget elementor-widget-icon-box\" data-id=\"6547e846\" data-element_type=\"widget\" data-widget_type=\"icon-box.default\">\n\t\t\t\t<div class=\"elementor-widget-container\">\n\t\t\t<link rel=\"stylesheet\" href=\"https:\/\/amnistia.org.mx\/contenido\/wp-content\/plugins\/elementor\/assets\/css\/widget-icon-box.min.css\">\t\t<div class=\"elementor-icon-box-wrapper\">\n\t\t\t\t\t\t<div class=\"elementor-icon-box-icon\">\n\t\t\t\t<span class=\"elementor-icon elementor-animation-\" >\n\t\t\t\t<svg xmlns=\"http:\/\/www.w3.org\/2000\/svg\" width=\"82.818\" height=\"136.515\" viewBox=\"0 0 82.818 136.515\">\n  <g id=\"hand\" transform=\"translate(-100.695)\">\n    <g id=\"Grupo_115\" data-name=\"Grupo 115\" transform=\"translate(100.695)\">\n      <path id=\"Trazado_2550\" data-name=\"Trazado 2550\" d=\"M183.513,12.138H169.144V3.376H154.776V0H118.039V11.5l-12.581,1.44L100.695,48.2l24.481,31.943-1.455,56.37h8l1.354-52.429,9.461,2.58,2.105-7.719-13.028-3.553L109.07,45.975l3.484-25.8,13.225-1.515a4.07,4.07,0,0,1,2.265,7.692l-10,4.941V44.565l3.512.432c.226.028,22.659,3,23.3,21.184l8-.28c-.355-10.163-5.561-18.33-15.065-23.668q.238-.283.458-.581a11.163,11.163,0,0,0,10.622.048,11.16,11.16,0,0,0,15.071,2.964,11.16,11.16,0,0,0,11.582,3.347V67.423L168.9,80.686l.736,55.828h8l-.712-53.995,6.588-13.214V12.138Zm-57.473-1.5V8h6.367v4.317A12.016,12.016,0,0,0,126.04,10.636Zm6.368,24.4h0a3.184,3.184,0,0,1-6.161,1.129l5.34-2.638c.282-.139.555-.289.821-.447v1.955Zm11.183-.017a3.186,3.186,0,0,1-3.183-3.163V8h6.366V31.837h0A3.187,3.187,0,0,1,143.592,35.02Zm17.552.193h0a3.183,3.183,0,0,1-6.367,0V11.377h6.367V35.213Zm14.368,2.078a3.183,3.183,0,1,1-6.367,0V20.139h6.367V37.29Z\" transform=\"translate(-100.695)\"\/>\n    <\/g>\n  <\/g>\n<\/svg>\n\t\t\t\t<\/span>\n\t\t\t<\/div>\n\t\t\t\t\t\t<div class=\"elementor-icon-box-content\">\n\t\t\t\t<h3 class=\"elementor-icon-box-title\">\n\t\t\t\t\t<span  >\n\t\t\t\t\t\tDona\t\t\t\t\t<\/span>\n\t\t\t\t<\/h3>\n\t\t\t\t\t\t\t\t\t<p class=\"elementor-icon-box-description\">\n\t\t\t\t\t\tTrabajamos para exponer las violaciones de los derechos humanos, dando una luz de esperanza a quienes a\u00fan esperan justicia.\t\t\t\t\t<\/p>\n\t\t\t\t\t\t\t<\/div>\n\t\t<\/div>\n\t\t\t\t<\/div>\n\t\t\t\t<\/div>\n\t\t\t\t\t<\/div>\n\t\t<\/div>\n\t\t\t\t<div class=\"elementor-column elementor-col-33 elementor-inner-column elementor-element elementor-element-3792f3a1\" data-id=\"3792f3a1\" data-element_type=\"column\">\n\t\t\t<div class=\"elementor-widget-wrap elementor-element-populated\">\n\t\t\t\t\t\t\t\t<div class=\"elementor-element elementor-element-70ab95c3 elementor-position-left elementor-vertical-align-middle elementor-view-default elementor-mobile-position-top elementor-widget elementor-widget-icon-box\" data-id=\"70ab95c3\" data-element_type=\"widget\" data-widget_type=\"icon-box.default\">\n\t\t\t\t<div class=\"elementor-widget-container\">\n\t\t\t\t\t<div class=\"elementor-icon-box-wrapper\">\n\t\t\t\t\t\t<div class=\"elementor-icon-box-icon\">\n\t\t\t\t<span class=\"elementor-icon elementor-animation-\" >\n\t\t\t\t<svg xmlns=\"http:\/\/www.w3.org\/2000\/svg\" width=\"134.598\" height=\"104.976\" viewBox=\"0 0 134.598 104.976\">\n  <g id=\"Amnesty_Icons_041\" data-name=\"Amnesty Icons 041\" transform=\"translate(-12.5 -23.49)\">\n    <rect id=\"Rect\u00e1ngulo_38\" data-name=\"Rect\u00e1ngulo 38\" width=\"22.879\" height=\"2.692\" transform=\"translate(23.267 77.351)\"\/>\n    <rect id=\"Rect\u00e1ngulo_39\" data-name=\"Rect\u00e1ngulo 39\" width=\"22.879\" height=\"2.692\" transform=\"translate(50.184 77.351)\"\/>\n    <rect id=\"Rect\u00e1ngulo_40\" data-name=\"Rect\u00e1ngulo 40\" width=\"22.879\" height=\"2.692\" transform=\"translate(23.267 82.734)\"\/>\n    <rect id=\"Rect\u00e1ngulo_41\" data-name=\"Rect\u00e1ngulo 41\" width=\"22.879\" height=\"2.692\" transform=\"translate(50.184 82.734)\"\/>\n    <rect id=\"Rect\u00e1ngulo_42\" data-name=\"Rect\u00e1ngulo 42\" width=\"22.879\" height=\"2.692\" transform=\"translate(23.267 88.118)\"\/>\n    <rect id=\"Rect\u00e1ngulo_43\" data-name=\"Rect\u00e1ngulo 43\" width=\"22.879\" height=\"2.692\" transform=\"translate(50.184 88.118)\"\/>\n    <rect id=\"Rect\u00e1ngulo_44\" data-name=\"Rect\u00e1ngulo 44\" width=\"22.879\" height=\"2.692\" transform=\"translate(23.267 93.501)\"\/>\n    <rect id=\"Rect\u00e1ngulo_45\" data-name=\"Rect\u00e1ngulo 45\" width=\"22.879\" height=\"2.692\" transform=\"translate(50.184 93.501)\"\/>\n    <rect id=\"Rect\u00e1ngulo_46\" data-name=\"Rect\u00e1ngulo 46\" width=\"22.879\" height=\"2.692\" transform=\"translate(23.267 98.884)\"\/>\n    <rect id=\"Rect\u00e1ngulo_47\" data-name=\"Rect\u00e1ngulo 47\" width=\"22.879\" height=\"2.692\" transform=\"translate(50.184 98.884)\"\/>\n    <rect id=\"Rect\u00e1ngulo_48\" data-name=\"Rect\u00e1ngulo 48\" width=\"22.879\" height=\"2.692\" transform=\"translate(23.267 104.268)\"\/>\n    <rect id=\"Rect\u00e1ngulo_49\" data-name=\"Rect\u00e1ngulo 49\" width=\"22.879\" height=\"2.692\" transform=\"translate(50.184 104.268)\"\/>\n    <rect id=\"Rect\u00e1ngulo_50\" data-name=\"Rect\u00e1ngulo 50\" width=\"22.879\" height=\"2.692\" transform=\"translate(86.522 77.351)\"\/>\n    <rect id=\"Rect\u00e1ngulo_51\" data-name=\"Rect\u00e1ngulo 51\" width=\"22.879\" height=\"2.692\" transform=\"translate(113.439 77.351)\"\/>\n    <rect id=\"Rect\u00e1ngulo_52\" data-name=\"Rect\u00e1ngulo 52\" width=\"22.879\" height=\"2.692\" transform=\"translate(86.522 82.734)\"\/>\n    <rect id=\"Rect\u00e1ngulo_53\" data-name=\"Rect\u00e1ngulo 53\" width=\"22.879\" height=\"2.692\" transform=\"translate(113.439 82.734)\"\/>\n    <rect id=\"Rect\u00e1ngulo_54\" data-name=\"Rect\u00e1ngulo 54\" width=\"22.879\" height=\"2.692\" transform=\"translate(86.522 88.118)\"\/>\n    <rect id=\"Rect\u00e1ngulo_55\" data-name=\"Rect\u00e1ngulo 55\" width=\"22.879\" height=\"2.692\" transform=\"translate(113.439 88.118)\"\/>\n    <rect id=\"Rect\u00e1ngulo_56\" data-name=\"Rect\u00e1ngulo 56\" width=\"22.879\" height=\"2.692\" transform=\"translate(86.522 93.501)\"\/>\n    <rect id=\"Rect\u00e1ngulo_57\" data-name=\"Rect\u00e1ngulo 57\" width=\"22.879\" height=\"2.692\" transform=\"translate(113.439 93.501)\"\/>\n    <rect id=\"Rect\u00e1ngulo_58\" data-name=\"Rect\u00e1ngulo 58\" width=\"22.879\" height=\"2.692\" transform=\"translate(86.522 98.884)\"\/>\n    <rect id=\"Rect\u00e1ngulo_59\" data-name=\"Rect\u00e1ngulo 59\" width=\"22.879\" height=\"2.692\" transform=\"translate(113.439 98.884)\"\/>\n    <rect id=\"Rect\u00e1ngulo_60\" data-name=\"Rect\u00e1ngulo 60\" width=\"22.879\" height=\"2.692\" transform=\"translate(86.522 104.268)\"\/>\n    <rect id=\"Rect\u00e1ngulo_61\" data-name=\"Rect\u00e1ngulo 61\" width=\"22.879\" height=\"2.692\" transform=\"translate(113.439 104.268)\"\/>\n    <rect id=\"Rect\u00e1ngulo_62\" data-name=\"Rect\u00e1ngulo 62\" width=\"43.067\" height=\"8.075\" rx=\"1\" transform=\"translate(23.267 41.013)\"\/>\n    <rect id=\"Rect\u00e1ngulo_63\" data-name=\"Rect\u00e1ngulo 63\" width=\"32.3\" height=\"8.075\" rx=\"1\" transform=\"translate(23.267 51.78)\"\/>\n    <path id=\"Trazado_47\" data-name=\"Trazado 47\" d=\"M147.085,24.836a1.346,1.346,0,0,0-1.346-1.346H83.83a5.383,5.383,0,0,0-4.038,1.871,5.383,5.383,0,0,0-4.038-1.871H13.846A1.356,1.356,0,0,0,12.5,24.836v96.9a1.346,1.346,0,0,0,1.346,1.346H71.96a4.011,4.011,0,0,0,3.8,5.383H83.83a4.01,4.01,0,0,0,3.8-5.383h58.127a1.356,1.356,0,0,0,1.346-1.346ZM15.192,26.182H75.755a2.692,2.692,0,0,1,2.692,2.692v91.518H15.192ZM83.83,120.391H81.138V28.873a2.692,2.692,0,0,1,2.692-2.692h60.563v94.209Z\" transform=\"translate(0)\"\/>\n    <rect id=\"Rect\u00e1ngulo_64\" data-name=\"Rect\u00e1ngulo 64\" width=\"49.796\" height=\"33.646\" rx=\"1\" transform=\"translate(86.522 35.63)\"\/>\n  <\/g>\n<\/svg>\n\t\t\t\t<\/span>\n\t\t\t<\/div>\n\t\t\t\t\t\t<div class=\"elementor-icon-box-content\">\n\t\t\t\t<h3 class=\"elementor-icon-box-title\">\n\t\t\t\t\t<span  >\n\t\t\t\t\t\tFirma nuestras peticiones\t\t\t\t\t<\/span>\n\t\t\t\t<\/h3>\n\t\t\t\t\t\t\t\t\t<p class=\"elementor-icon-box-description\">\n\t\t\t\t\t\tCon tu \ufb01rma podemos presentarnos frente a las autoridades no solo como Amnist\u00eda Internacional \u00a1sino como miles de personas exigen un mundo mejor!\n\n\t\t\t\t\t<\/p>\n\t\t\t\t\t\t\t<\/div>\n\t\t<\/div>\n\t\t\t\t<\/div>\n\t\t\t\t<\/div>\n\t\t\t\t\t<\/div>\n\t\t<\/div>\n\t\t\t\t<div class=\"elementor-column elementor-col-33 elementor-inner-column elementor-element elementor-element-6dc81f95\" data-id=\"6dc81f95\" data-element_type=\"column\">\n\t\t\t<div class=\"elementor-widget-wrap elementor-element-populated\">\n\t\t\t\t\t\t\t\t<div class=\"elementor-element elementor-element-2d042520 elementor-position-left elementor-vertical-align-middle elementor-view-default elementor-mobile-position-top elementor-widget elementor-widget-icon-box\" data-id=\"2d042520\" data-element_type=\"widget\" data-widget_type=\"icon-box.default\">\n\t\t\t\t<div class=\"elementor-widget-container\">\n\t\t\t\t\t<div class=\"elementor-icon-box-wrapper\">\n\t\t\t\t\t\t<div class=\"elementor-icon-box-icon\">\n\t\t\t\t<span class=\"elementor-icon elementor-animation-\" >\n\t\t\t\t<svg xmlns=\"http:\/\/www.w3.org\/2000\/svg\" id=\"tres-personas-icono\" width=\"92.484\" height=\"64.15\" viewBox=\"0 0 92.484 64.15\"><path id=\"Trazado_20\" data-name=\"Trazado 20\" d=\"M16.41,64.633c.406-2.073,1.2-2.229,3.238-2.229H32.875A14.279,14.279,0,0,1,33.5,60.57H19.666c-2.564,0-4.4.449-5.036,3.669L12.564,74.951c-.4,1.834-.461,4.21,2.527,5.723,1.411.706,5.313,2.449,7.518,3.421a2.343,2.343,0,0,0,3.118-1.247l1.061-2.522a2.331,2.331,0,0,0-.775-2.752l-4.538-3.146a.53.53,0,0,1-.184-.541L22.3,69.723a.913.913,0,0,0-.142-.984.924.924,0,0,0-1.61.48l-1.015,4.164a2.36,2.36,0,0,0,.922,2.449l4.492,3.183a.512.512,0,0,1,.148.615l-1.024,2.522a.515.515,0,0,1-.3.294.547.547,0,0,1-.415,0c-2.186-.963-6.06-2.66-7.379-3.357-1.78-.917-1.919-1.99-1.568-3.669Z\" transform=\"translate(-12.368 -30.273)\"><\/path><path id=\"Trazado_21\" data-name=\"Trazado 21\" d=\"M110.66,74.952l-2.048-10.7c-.636-3.265-2.472-3.669-5.036-3.669H89.74a11.876,11.876,0,0,1,.609,1.834h13.246c2.039,0,2.832.156,3.238,2.229l2.048,10.823c.351,1.688.212,2.752-1.568,3.669-1.365.7-5.239,2.394-7.379,3.357a.547.547,0,0,1-.415,0,.515.515,0,0,1-.3-.293l-1.052-2.522a.512.512,0,0,1,.148-.615l4.548-3.146a2.36,2.36,0,0,0,.922-2.449l-1.107-4.247a.922.922,0,1,0-1.78.422l1.005,4.164a.53.53,0,0,1-.184.541l-4.538,3.146a2.331,2.331,0,0,0-.775,2.752l1.052,2.522a2.343,2.343,0,0,0,3.118,1.247c2.2-.972,6.106-2.752,7.518-3.421C111.122,79.162,111.057,76.814,110.66,74.952Z\" transform=\"translate(-18.371 -30.274)\"><\/path><path id=\"Trazado_22\" data-name=\"Trazado 22\" d=\"M57.437,50.68a.923.923,0,0,0,1.218-.624l.535-2.091a2.744,2.744,0,0,0-1.125-3.045,6.448,6.448,0,1,1,6.807,0,2.743,2.743,0,0,0-1.07,3l.581,2.137a.923.923,0,0,0,1.218.624,11.981,11.981,0,1,0-8.117,0Z\" transform=\"translate(-15.253 -27.537)\"><\/path><path id=\"Trazado_23\" data-name=\"Trazado 23\" d=\"M86.629,54.456a.924.924,0,0,0,1.218-.6.916.916,0,0,0-.507-1.055,6.45,6.45,0,1,1,4.889,0,.916.916,0,0,0-.507,1.064h0a.924.924,0,0,0,1.218.6A8.249,8.249,0,0,0,89.562,38.58,8.36,8.36,0,0,0,81.5,46.761a8.254,8.254,0,0,0,5.129,7.7Z\" transform=\"translate(-17.732 -28.452)\"><\/path><path id=\"Trazado_24\" data-name=\"Trazado 24\" d=\"M30.666,54.477a.924.924,0,0,0,1.218-.6h0a.916.916,0,0,0-.507-1.055,6.45,6.45,0,1,1,4.9,0,.883.883,0,0,0-.042,1.615.927.927,0,0,0,.743.036A8.249,8.249,0,0,0,33.562,38.61,8.369,8.369,0,0,0,25.5,46.791a8.254,8.254,0,0,0,5.166,7.686Z\" transform=\"translate(-13.387 -28.454)\"><\/path><path id=\"Trazado_25\" data-name=\"Trazado 25\" d=\"M84.328,63.283a11.551,11.551,0,0,0-.609-2.22h0c-1.642-3.981-5.055-4.5-8-4.5h-31c-2.933,0-6.337.523-7.988,4.5h0a8.569,8.569,0,0,0-.341.972h0c-.111.394-.221.807-.314,1.266L33.143,78.893c-.36,1.7-1.439,6.842,4.391,9.8,2.048,1.036,7.7,3.54,10.894,4.953a4.862,4.862,0,0,0,6.457-2.559L57.1,87.01c.858-2.045-.48-3.962-2.278-5.283h-.111l-6.042-4.247,1.753-7.209a.917.917,0,0,0-.618-1.064l-3.69-.862H45.9a.922.922,0,0,0-.922.7l-1.421,5.842-.424,1.752a4.819,4.819,0,0,0,1.845,5h.065L51.057,85.8l-1.052,2.513c-5.027-2.174-8.625-3.834-9.99-4.512-1.67-.853-1.965-1.6-1.494-3.907L41.473,64.3c.415-2.11.775-2.284,3.247-2.284H75.667c2.472,0,2.841.174,3.247,2.265l2.961,15.748c.461,2.22.175,2.944-1.5,3.788-1.365.7-4.99,2.33-10,4.586l-1.052-2.55,6.014-4.127a.167.167,0,0,0,.065,0,4.783,4.783,0,0,0,1.845-5L75.4,69.1a.922.922,0,0,0-.922-.7h-.138l-3.69.853a.917.917,0,0,0-.627,1.073l1.706,7.154-6.042,4.247-.065.046a4.8,4.8,0,0,0-1.6,5.732l1.522,3.623a4.843,4.843,0,0,0,4.474,2.962,4.9,4.9,0,0,0,1.965-.44c3.182-1.4,8.828-3.916,10.885-4.962,5.839-2.953,4.75-8.126,4.409-9.759Z\" transform=\"translate(-13.955 -29.941)\"><\/path><\/svg>\t\t\t\t<\/span>\n\t\t\t<\/div>\n\t\t\t\t\t\t<div class=\"elementor-icon-box-content\">\n\t\t\t\t<h3 class=\"elementor-icon-box-title\">\n\t\t\t\t\t<span  >\n\t\t\t\t\t\tHazte miembro\t\t\t\t\t<\/span>\n\t\t\t\t<\/h3>\n\t\t\t\t\t\t\t\t\t<p class=\"elementor-icon-box-description\">\n\t\t\t\t\t\tAdem\u00e1s de donar, las personas que forman parte de la membres\u00eda cuentan con voz y voto para participar en las actividades de gobernanza de Amnist\u00eda Internacional Secci\u00f3n Mexicana.\t\t\t\t\t<\/p>\n\t\t\t\t\t\t\t<\/div>\n\t\t<\/div>\n\t\t\t\t<\/div>\n\t\t\t\t<\/div>\n\t\t\t\t\t<\/div>\n\t\t<\/div>\n\t\t\t\t\t\t\t<\/div>\n\t\t<\/section>\n\t\t\t\t\t<\/div>\n\t\t<\/div>\n\t\t\t\t\t\t\t<\/div>\n\t\t<\/section>\n\t\t\t\t\t\t\t<\/div>\n\t\t","protected":false},"excerpt":{"rendered":"<p>\u00bfQu\u00e9 es la educaci\u00f3n en derechos humanos para Amnist\u00eda Internacional?&nbsp; Para Amnist\u00eda Internacional, la educaci\u00f3n en derechos humanos (EDH) es un proceso intencionado, participativo y activo que tiene por objetivo &hellip;<\/p>\n<p class=\"read-more\"> <a class=\"\" href=\"https:\/\/amnistia.org.mx\/contenido\/index.php\/educacion-en-derechos-humanos-formacion-para-la-accion\/\"> <span class=\"screen-reader-text\"><strong>Educaci\u00f3n en Derechos Humanos: formaci\u00f3n para la acci\u00f3n<\/strong><\/span> Leer m\u00e1s &raquo;<\/a><\/p>\n","protected":false},"author":8,"featured_media":25128,"comment_status":"closed","ping_status":"closed","sticky":false,"template":"","format":"standard","meta":{"_uf_show_specific_survey":0,"_uf_disable_surveys":false,"site-sidebar-layout":"default","site-content-layout":"default","ast-global-header-display":"","ast-main-header-display":"","ast-hfb-above-header-display":"","ast-hfb-below-header-display":"","ast-hfb-mobile-header-display":"","site-post-title":"","ast-breadcrumbs-content":"","ast-featured-img":"","footer-sml-layout":"","theme-transparent-header-meta":"","adv-header-id-meta":"","stick-header-meta":"","header-above-stick-meta":"","header-main-stick-meta":"","header-below-stick-meta":""},"categories":[18],"tags":[25],"acf":[],"aioseo_notices":[],"yoast_head":"<!-- This site is optimized with the Yoast SEO plugin v14.5 - https:\/\/yoast.com\/wordpress\/plugins\/seo\/ -->\n<title>Educaci\u00f3n en Derechos Humanos: formaci\u00f3n para la acci\u00f3n<\/title>\n<meta name=\"description\" content=\"La Educaci\u00f3n en Derechos Humanos tiene como prop\u00f3sito abordar las causas estructurales y sist\u00e9micas de las violaciones a derechos humanos.\" \/>\n<meta name=\"robots\" content=\"index, follow\" \/>\n<meta name=\"googlebot\" content=\"index, follow, max-snippet:-1, max-image-preview:large, max-video-preview:-1\" \/>\n<meta name=\"bingbot\" content=\"index, follow, max-snippet:-1, max-image-preview:large, max-video-preview:-1\" \/>\n<link rel=\"canonical\" href=\"https:\/\/amnistia.org.mx\/contenido\/index.php\/educacion-en-derechos-humanos-formacion-para-la-accion\/\" \/>\n<meta property=\"og:locale\" content=\"es_MX\" \/>\n<meta property=\"og:type\" content=\"article\" \/>\n<meta property=\"og:title\" content=\"Educaci\u00f3n en Derechos Humanos: formaci\u00f3n para la acci\u00f3n\" \/>\n<meta property=\"og:description\" content=\"La Educaci\u00f3n en Derechos Humanos tiene como prop\u00f3sito abordar las causas estructurales y sist\u00e9micas de las violaciones a derechos humanos.\" \/>\n<meta property=\"og:url\" content=\"https:\/\/amnistia.org.mx\/contenido\/index.php\/educacion-en-derechos-humanos-formacion-para-la-accion\/\" \/>\n<meta property=\"og:site_name\" content=\"amnistia.org.mx\" \/>\n<meta property=\"article:published_time\" content=\"2023-07-24T21:52:05+00:00\" \/>\n<meta property=\"article:modified_time\" content=\"2023-07-24T22:06:38+00:00\" \/>\n<meta property=\"og:image\" content=\"https:\/\/amnistia.org.mx\/contenido\/wp-content\/uploads\/2023\/07\/BLOG-AMNISTIA-INTERNACIONAL-2.png\" \/>\n\t<meta property=\"og:image:width\" content=\"1600\" \/>\n\t<meta property=\"og:image:height\" content=\"900\" \/>\n<meta name=\"twitter:card\" content=\"summary_large_image\" \/>\n<script type=\"application\/ld+json\" class=\"yoast-schema-graph\">{\"@context\":\"https:\/\/schema.org\",\"@graph\":[{\"@type\":\"WebSite\",\"@id\":\"https:\/\/amnistia.org.mx\/contenido\/#website\",\"url\":\"https:\/\/amnistia.org.mx\/contenido\/\",\"name\":\"amnistia.org.mx\",\"description\":\"Nueva p\\u00e1gina de Amnist\\u00eda\",\"potentialAction\":[{\"@type\":\"SearchAction\",\"target\":\"https:\/\/amnistia.org.mx\/contenido\/?s={search_term_string}\",\"query-input\":\"required name=search_term_string\"}],\"inLanguage\":\"es-MX\"},{\"@type\":\"ImageObject\",\"@id\":\"https:\/\/amnistia.org.mx\/contenido\/index.php\/educacion-en-derechos-humanos-formacion-para-la-accion\/#primaryimage\",\"inLanguage\":\"es-MX\",\"url\":\"https:\/\/amnistia.org.mx\/contenido\/wp-content\/uploads\/2023\/07\/BLOG-AMNISTIA-INTERNACIONAL-2.png\",\"width\":1600,\"height\":900},{\"@type\":\"WebPage\",\"@id\":\"https:\/\/amnistia.org.mx\/contenido\/index.php\/educacion-en-derechos-humanos-formacion-para-la-accion\/#webpage\",\"url\":\"https:\/\/amnistia.org.mx\/contenido\/index.php\/educacion-en-derechos-humanos-formacion-para-la-accion\/\",\"name\":\"Educaci\\u00f3n en Derechos Humanos: formaci\\u00f3n para la acci\\u00f3n\",\"isPartOf\":{\"@id\":\"https:\/\/amnistia.org.mx\/contenido\/#website\"},\"primaryImageOfPage\":{\"@id\":\"https:\/\/amnistia.org.mx\/contenido\/index.php\/educacion-en-derechos-humanos-formacion-para-la-accion\/#primaryimage\"},\"datePublished\":\"2023-07-24T21:52:05+00:00\",\"dateModified\":\"2023-07-24T22:06:38+00:00\",\"author\":{\"@id\":\"https:\/\/amnistia.org.mx\/contenido\/#\/schema\/person\/2d2b29996a9513767aea81f8ae57bdeb\"},\"description\":\"La Educaci\\u00f3n en Derechos Humanos tiene como prop\\u00f3sito abordar las causas estructurales y sist\\u00e9micas de las violaciones a derechos humanos.\",\"breadcrumb\":{\"@id\":\"https:\/\/amnistia.org.mx\/contenido\/index.php\/educacion-en-derechos-humanos-formacion-para-la-accion\/#breadcrumb\"},\"inLanguage\":\"es-MX\",\"potentialAction\":[{\"@type\":\"ReadAction\",\"target\":[\"https:\/\/amnistia.org.mx\/contenido\/index.php\/educacion-en-derechos-humanos-formacion-para-la-accion\/\"]}]},{\"@type\":\"BreadcrumbList\",\"@id\":\"https:\/\/amnistia.org.mx\/contenido\/index.php\/educacion-en-derechos-humanos-formacion-para-la-accion\/#breadcrumb\",\"itemListElement\":[{\"@type\":\"ListItem\",\"position\":1,\"item\":{\"@type\":\"WebPage\",\"@id\":\"https:\/\/amnistia.org.mx\/contenido\/\",\"url\":\"https:\/\/amnistia.org.mx\/contenido\/\",\"name\":\"Home\"}},{\"@type\":\"ListItem\",\"position\":2,\"item\":{\"@type\":\"WebPage\",\"@id\":\"https:\/\/amnistia.org.mx\/contenido\/index.php\/educacion-en-derechos-humanos-formacion-para-la-accion\/\",\"url\":\"https:\/\/amnistia.org.mx\/contenido\/index.php\/educacion-en-derechos-humanos-formacion-para-la-accion\/\",\"name\":\"Educaci\\u00f3n en Derechos Humanos: formaci\\u00f3n para la acci\\u00f3n\"}}]},{\"@type\":[\"Person\"],\"@id\":\"https:\/\/amnistia.org.mx\/contenido\/#\/schema\/person\/2d2b29996a9513767aea81f8ae57bdeb\",\"name\":\"Carolina Flores\",\"image\":{\"@type\":\"ImageObject\",\"@id\":\"https:\/\/amnistia.org.mx\/contenido\/#personlogo\",\"inLanguage\":\"es-MX\",\"url\":\"https:\/\/secure.gravatar.com\/avatar\/e2d29811923c60594035966b365ce272?s=96&d=mm&r=g\",\"caption\":\"Carolina Flores\"}}]}<\/script>\n<!-- \/ Yoast SEO plugin. -->","_links":{"self":[{"href":"https:\/\/amnistia.org.mx\/contenido\/index.php\/wp-json\/wp\/v2\/posts\/23396"}],"collection":[{"href":"https:\/\/amnistia.org.mx\/contenido\/index.php\/wp-json\/wp\/v2\/posts"}],"about":[{"href":"https:\/\/amnistia.org.mx\/contenido\/index.php\/wp-json\/wp\/v2\/types\/post"}],"author":[{"embeddable":true,"href":"https:\/\/amnistia.org.mx\/contenido\/index.php\/wp-json\/wp\/v2\/users\/8"}],"replies":[{"embeddable":true,"href":"https:\/\/amnistia.org.mx\/contenido\/index.php\/wp-json\/wp\/v2\/comments?post=23396"}],"version-history":[{"count":13,"href":"https:\/\/amnistia.org.mx\/contenido\/index.php\/wp-json\/wp\/v2\/posts\/23396\/revisions"}],"predecessor-version":[{"id":23410,"href":"https:\/\/amnistia.org.mx\/contenido\/index.php\/wp-json\/wp\/v2\/posts\/23396\/revisions\/23410"}],"wp:featuredmedia":[{"embeddable":true,"href":"https:\/\/amnistia.org.mx\/contenido\/index.php\/wp-json\/wp\/v2\/media\/25128"}],"wp:attachment":[{"href":"https:\/\/amnistia.org.mx\/contenido\/index.php\/wp-json\/wp\/v2\/media?parent=23396"}],"wp:term":[{"taxonomy":"category","embeddable":true,"href":"https:\/\/amnistia.org.mx\/contenido\/index.php\/wp-json\/wp\/v2\/categories?post=23396"},{"taxonomy":"post_tag","embeddable":true,"href":"https:\/\/amnistia.org.mx\/contenido\/index.php\/wp-json\/wp\/v2\/tags?post=23396"}],"curies":[{"name":"wp","href":"https:\/\/api.w.org\/{rel}","templated":true}]}}