
{"id":24098,"date":"2023-05-29T14:24:56","date_gmt":"2023-05-29T19:24:56","guid":{"rendered":"https:\/\/amnistia.org.mx\/contenido\/?p=24098"},"modified":"2023-07-12T11:24:13","modified_gmt":"2023-07-12T16:24:13","slug":"racismo-letal","status":"publish","type":"post","link":"https:\/\/amnistia.org.mx\/contenido\/index.php\/racismo-letal\/","title":{"rendered":"Racismo letal: Ejecuciones extrajudiciales y uso ileg\u00edtimo de la fuerza por los cuerpos de seguridad de Per\u00fa"},"content":{"rendered":"\t\t<div data-elementor-type=\"wp-post\" data-elementor-id=\"24098\" class=\"elementor elementor-24098\">\n\t\t\t\t\t\t\t\t\t<section class=\"elementor-section elementor-top-section elementor-element elementor-element-5569e328 elementor-section-boxed elementor-section-height-default elementor-section-height-default\" data-id=\"5569e328\" data-element_type=\"section\">\n\t\t\t\t\t\t<div class=\"elementor-container elementor-column-gap-default\">\n\t\t\t\t\t<div class=\"elementor-column elementor-col-100 elementor-top-column elementor-element elementor-element-75ec940b\" data-id=\"75ec940b\" data-element_type=\"column\">\n\t\t\t<div class=\"elementor-widget-wrap elementor-element-populated\">\n\t\t\t\t\t\t\t\t<div class=\"elementor-element elementor-element-1f4b4f16 elementor-widget elementor-widget-text-editor\" data-id=\"1f4b4f16\" data-element_type=\"widget\" data-widget_type=\"text-editor.default\">\n\t\t\t\t<div class=\"elementor-widget-container\">\n\t\t\t<style>\/*! elementor - v3.11.5 - 14-03-2023 *\/\n.elementor-widget-text-editor.elementor-drop-cap-view-stacked .elementor-drop-cap{background-color:#69727d;color:#fff}.elementor-widget-text-editor.elementor-drop-cap-view-framed .elementor-drop-cap{color:#69727d;border:3px solid;background-color:transparent}.elementor-widget-text-editor:not(.elementor-drop-cap-view-default) .elementor-drop-cap{margin-top:8px}.elementor-widget-text-editor:not(.elementor-drop-cap-view-default) .elementor-drop-cap-letter{width:1em;height:1em}.elementor-widget-text-editor .elementor-drop-cap{float:left;text-align:center;line-height:1;font-size:50px}.elementor-widget-text-editor .elementor-drop-cap-letter{display:inline-block}<\/style>\t\t\t\t<!-- wp:paragraph -->\n<p>Desde la destituci\u00f3n y el arresto del expresidente Pedro Castillo el 7 de diciembre de 2022 y los consiguientes estados de excepci\u00f3n declarados por las autoridades, <strong>Per\u00fa<\/strong> entr\u00f3 en una de sus <strong>crisis pol\u00edticas y sociales m\u00e1s profundas de las \u00faltimas d\u00e9cadas<\/strong>. Miles de personas salieron a protestar a las calles. Sin embargo, las autoridades respondieron con <strong>uso de la fuerza letal<\/strong> y uso excesivo de fuerza menos letal con el objetivo de silenciar y castigar a quienes se manifestaban.<\/p>\n<!-- \/wp:paragraph -->\n\n<!-- wp:paragraph -->\n<p>Entre los meses de diciembre de 2022 y febrero del 2023, 49 personas manifestantes perdieron la vida, once personas fallecieron en contextos de bloqueos carreteros y centenares de personas resultaron heridas; incluyendo a un polic\u00eda, quien perdi\u00f3 la vida. Este documento analiza el uso de la fuerza por parte de los cuerpos policiales y militares peruanos en respuesta a las protestas, lo que result\u00f3 en<strong> graves violaciones de derechos humanos<\/strong> y cr\u00edmenes bajo el derecho internacional y pide al <strong>Estado peruano<\/strong> que garantice la rendici\u00f3n de cuentas a los posibles responsables.<\/p>\n<!-- \/wp:paragraph -->\n\n<!-- wp:paragraph {\"align\":\"center\"} -->\n<p class=\"has-text-align-center\"><strong>\u00a1Lee el informe completo!<\/strong><\/p>\n<!-- \/wp:paragraph -->\n\n<!-- wp:buttons {\"align\":\"center\"} -->\n<div class=\"wp-block-buttons aligncenter\">\n<p align=\"center\"><iframe loading=\"lazy\" class=\"embed-responsive-item\" src=\"https:\/\/amnistia.org.mx\/informes\/boton53.php\" width=\"200\" height=\"80\" frameborder=\"0\" scrolling=\"NO\" align=\"center\" allowfullscreen=\"allowfullscreen\"><\/iframe><\/p>\n<!-- \/wp:button --><\/div>\n<!-- \/wp:buttons -->\t\t\t\t\t\t<\/div>\n\t\t\t\t<\/div>\n\t\t\t\t\t<\/div>\n\t\t<\/div>\n\t\t\t\t\t\t\t<\/div>\n\t\t<\/section>\n\t\t<div class=\"elementor-element elementor-element-7be2723 e-con-boxed e-flex e-con\" data-id=\"7be2723\" data-element_type=\"container\" data-settings=\"{&quot;content_width&quot;:&quot;boxed&quot;}\">\n\t\t\t\t\t<div class=\"e-con-inner\">\n\t\t\t\t\t<\/div>\n\t\t\t\t<\/div>\n\t\t\t\t\t\t\t<\/div>\n\t\t","protected":false},"excerpt":{"rendered":"<p>Desde la destituci\u00f3n y el arresto del expresidente Pedro Castillo el 7 de diciembre de 2022 y los consiguientes estados de excepci\u00f3n declarados por las autoridades, Per\u00fa entr\u00f3 en una &hellip;<\/p>\n<p class=\"read-more\"> <a class=\"\" href=\"https:\/\/amnistia.org.mx\/contenido\/index.php\/racismo-letal\/\"> <span class=\"screen-reader-text\">Racismo letal: Ejecuciones extrajudiciales y uso ileg\u00edtimo de la fuerza por los cuerpos de seguridad de Per\u00fa<\/span> Leer m\u00e1s &raquo;<\/a><\/p>\n","protected":false},"author":8,"featured_media":24102,"comment_status":"closed","ping_status":"closed","sticky":false,"template":"","format":"standard","meta":{"_uf_show_specific_survey":0,"_uf_disable_surveys":false,"site-sidebar-layout":"default","site-content-layout":"default","ast-global-header-display":"","ast-main-header-display":"","ast-hfb-above-header-display":"","ast-hfb-below-header-display":"","ast-hfb-mobile-header-display":"","site-post-title":"","ast-breadcrumbs-content":"","ast-featured-img":"","footer-sml-layout":"","theme-transparent-header-meta":"","adv-header-id-meta":"","stick-header-meta":"","header-above-stick-meta":"","header-main-stick-meta":"","header-below-stick-meta":""},"categories":[17,1],"tags":[25],"acf":[],"aioseo_notices":[],"yoast_head":"<!-- This site is optimized with the Yoast SEO plugin v14.5 - https:\/\/yoast.com\/wordpress\/plugins\/seo\/ -->\n<title>Racismo letal: Ejecuciones extrajudiciales y uso ileg\u00edtimo de la fuerza por los cuerpos de seguridad de Per\u00fa - amnistia.org.mx<\/title>\n<meta name=\"robots\" content=\"index, follow\" \/>\n<meta name=\"googlebot\" content=\"index, follow, max-snippet:-1, max-image-preview:large, max-video-preview:-1\" \/>\n<meta name=\"bingbot\" content=\"index, follow, max-snippet:-1, max-image-preview:large, max-video-preview:-1\" \/>\n<link rel=\"canonical\" href=\"https:\/\/amnistia.org.mx\/contenido\/index.php\/racismo-letal\/\" \/>\n<meta property=\"og:locale\" content=\"es_MX\" \/>\n<meta property=\"og:type\" content=\"article\" \/>\n<meta property=\"og:title\" content=\"Racismo letal: Ejecuciones extrajudiciales y uso ileg\u00edtimo de la fuerza por los cuerpos de seguridad de Per\u00fa - amnistia.org.mx\" \/>\n<meta property=\"og:description\" content=\"Desde la destituci\u00f3n y el arresto del expresidente Pedro Castillo el 7 de diciembre de 2022 y los consiguientes estados de excepci\u00f3n declarados por las autoridades, Per\u00fa entr\u00f3 en una &hellip; Racismo letal: Ejecuciones extrajudiciales y uso ileg\u00edtimo de la fuerza por los cuerpos de seguridad de Per\u00fa Leer m\u00e1s &raquo;\" \/>\n<meta property=\"og:url\" content=\"https:\/\/amnistia.org.mx\/contenido\/index.php\/racismo-letal\/\" \/>\n<meta property=\"og:site_name\" content=\"amnistia.org.mx\" \/>\n<meta property=\"article:published_time\" content=\"2023-05-29T19:24:56+00:00\" \/>\n<meta property=\"article:modified_time\" content=\"2023-07-12T16:24:13+00:00\" \/>\n<meta property=\"og:image\" content=\"https:\/\/amnistia.org.mx\/contenido\/wp-content\/uploads\/2023\/05\/RACISMO-LETAL.png\" \/>\n\t<meta property=\"og:image:width\" content=\"1600\" \/>\n\t<meta property=\"og:image:height\" content=\"900\" \/>\n<meta name=\"twitter:card\" content=\"summary_large_image\" \/>\n<script type=\"application\/ld+json\" class=\"yoast-schema-graph\">{\"@context\":\"https:\/\/schema.org\",\"@graph\":[{\"@type\":\"WebSite\",\"@id\":\"https:\/\/amnistia.org.mx\/contenido\/#website\",\"url\":\"https:\/\/amnistia.org.mx\/contenido\/\",\"name\":\"amnistia.org.mx\",\"description\":\"Nueva p\\u00e1gina de Amnist\\u00eda\",\"potentialAction\":[{\"@type\":\"SearchAction\",\"target\":\"https:\/\/amnistia.org.mx\/contenido\/?s={search_term_string}\",\"query-input\":\"required name=search_term_string\"}],\"inLanguage\":\"es-MX\"},{\"@type\":\"ImageObject\",\"@id\":\"https:\/\/amnistia.org.mx\/contenido\/index.php\/racismo-letal\/#primaryimage\",\"inLanguage\":\"es-MX\",\"url\":\"https:\/\/amnistia.org.mx\/contenido\/wp-content\/uploads\/2023\/05\/RACISMO-LETAL.png\",\"width\":1600,\"height\":900},{\"@type\":\"WebPage\",\"@id\":\"https:\/\/amnistia.org.mx\/contenido\/index.php\/racismo-letal\/#webpage\",\"url\":\"https:\/\/amnistia.org.mx\/contenido\/index.php\/racismo-letal\/\",\"name\":\"Racismo letal: Ejecuciones extrajudiciales y uso ileg\\u00edtimo de la fuerza por los cuerpos de seguridad de Per\\u00fa - amnistia.org.mx\",\"isPartOf\":{\"@id\":\"https:\/\/amnistia.org.mx\/contenido\/#website\"},\"primaryImageOfPage\":{\"@id\":\"https:\/\/amnistia.org.mx\/contenido\/index.php\/racismo-letal\/#primaryimage\"},\"datePublished\":\"2023-05-29T19:24:56+00:00\",\"dateModified\":\"2023-07-12T16:24:13+00:00\",\"author\":{\"@id\":\"https:\/\/amnistia.org.mx\/contenido\/#\/schema\/person\/2d2b29996a9513767aea81f8ae57bdeb\"},\"breadcrumb\":{\"@id\":\"https:\/\/amnistia.org.mx\/contenido\/index.php\/racismo-letal\/#breadcrumb\"},\"inLanguage\":\"es-MX\",\"potentialAction\":[{\"@type\":\"ReadAction\",\"target\":[\"https:\/\/amnistia.org.mx\/contenido\/index.php\/racismo-letal\/\"]}]},{\"@type\":\"BreadcrumbList\",\"@id\":\"https:\/\/amnistia.org.mx\/contenido\/index.php\/racismo-letal\/#breadcrumb\",\"itemListElement\":[{\"@type\":\"ListItem\",\"position\":1,\"item\":{\"@type\":\"WebPage\",\"@id\":\"https:\/\/amnistia.org.mx\/contenido\/\",\"url\":\"https:\/\/amnistia.org.mx\/contenido\/\",\"name\":\"Home\"}},{\"@type\":\"ListItem\",\"position\":2,\"item\":{\"@type\":\"WebPage\",\"@id\":\"https:\/\/amnistia.org.mx\/contenido\/index.php\/racismo-letal\/\",\"url\":\"https:\/\/amnistia.org.mx\/contenido\/index.php\/racismo-letal\/\",\"name\":\"Racismo letal: Ejecuciones extrajudiciales y uso ileg\\u00edtimo de la fuerza por los cuerpos de seguridad de Per\\u00fa\"}}]},{\"@type\":[\"Person\"],\"@id\":\"https:\/\/amnistia.org.mx\/contenido\/#\/schema\/person\/2d2b29996a9513767aea81f8ae57bdeb\",\"name\":\"Carolina Flores\",\"image\":{\"@type\":\"ImageObject\",\"@id\":\"https:\/\/amnistia.org.mx\/contenido\/#personlogo\",\"inLanguage\":\"es-MX\",\"url\":\"https:\/\/secure.gravatar.com\/avatar\/e2d29811923c60594035966b365ce272?s=96&d=mm&r=g\",\"caption\":\"Carolina Flores\"}}]}<\/script>\n<!-- \/ Yoast SEO plugin. -->","_links":{"self":[{"href":"https:\/\/amnistia.org.mx\/contenido\/index.php\/wp-json\/wp\/v2\/posts\/24098"}],"collection":[{"href":"https:\/\/amnistia.org.mx\/contenido\/index.php\/wp-json\/wp\/v2\/posts"}],"about":[{"href":"https:\/\/amnistia.org.mx\/contenido\/index.php\/wp-json\/wp\/v2\/types\/post"}],"author":[{"embeddable":true,"href":"https:\/\/amnistia.org.mx\/contenido\/index.php\/wp-json\/wp\/v2\/users\/8"}],"replies":[{"embeddable":true,"href":"https:\/\/amnistia.org.mx\/contenido\/index.php\/wp-json\/wp\/v2\/comments?post=24098"}],"version-history":[{"count":9,"href":"https:\/\/amnistia.org.mx\/contenido\/index.php\/wp-json\/wp\/v2\/posts\/24098\/revisions"}],"predecessor-version":[{"id":25063,"href":"https:\/\/amnistia.org.mx\/contenido\/index.php\/wp-json\/wp\/v2\/posts\/24098\/revisions\/25063"}],"wp:featuredmedia":[{"embeddable":true,"href":"https:\/\/amnistia.org.mx\/contenido\/index.php\/wp-json\/wp\/v2\/media\/24102"}],"wp:attachment":[{"href":"https:\/\/amnistia.org.mx\/contenido\/index.php\/wp-json\/wp\/v2\/media?parent=24098"}],"wp:term":[{"taxonomy":"category","embeddable":true,"href":"https:\/\/amnistia.org.mx\/contenido\/index.php\/wp-json\/wp\/v2\/categories?post=24098"},{"taxonomy":"post_tag","embeddable":true,"href":"https:\/\/amnistia.org.mx\/contenido\/index.php\/wp-json\/wp\/v2\/tags?post=24098"}],"curies":[{"name":"wp","href":"https:\/\/api.w.org\/{rel}","templated":true}]}}