
{"id":24327,"date":"2023-06-07T10:00:23","date_gmt":"2023-06-07T15:00:23","guid":{"rendered":"https:\/\/amnistia.org.mx\/contenido\/?p=24327"},"modified":"2023-06-07T10:16:38","modified_gmt":"2023-06-07T15:16:38","slug":"accion-urgente-cuba-lider-politico-incomunicado-por-meses-jose-daniel-ferrer-garcia","status":"publish","type":"post","link":"https:\/\/amnistia.org.mx\/contenido\/index.php\/accion-urgente-cuba-lider-politico-incomunicado-por-meses-jose-daniel-ferrer-garcia\/","title":{"rendered":"Acci\u00f3n Urgente Cuba: L\u00edder Pol\u00edtico incomunicado por meses: Jos\u00e9 Daniel Ferrer Garc\u00eda"},"content":{"rendered":"\n<p>Jos\u00e9 Daniel Ferrer Garc\u00eda, l\u00edder del grupo de oposici\u00f3n pol\u00edtica no oficial Uni\u00f3n Patri\u00f3tica de Cuba, fue detenido el 11 de julio de 2021 en el contexto de los actos de protesta que se celebraron por toda la isla, y desde el 14 de agosto de 2021, permanece recluido en una celda de castigo seg\u00fan sus familiares. Desde el 17 de marzo de 2023, permanece en r\u00e9gimen de incomunicaci\u00f3n y antes de esta fecha se encontraba en mal estado de salud. Es preso de conciencia, por lo que debe ser puesto en libertad de inmediato y sin condiciones.<\/p>\n\n\n\n<p><strong>ACT\u00daEN: REDACTEN SU PROPIO LLAMAMIENTO O UTILICEN LA SIGUIENTE CARTA MODELO<\/strong><br><strong>Miguel D\u00edaz-Canel, presidente de Cuba<br>Hidalgo Esq. 6, Plaza de La Revoluci\u00f3n, CP 10400, La Habana, Cuba<br>Correo-e: despacho@presidencia.gob.cu<br>Se\u00f1or Presidente:<\/strong><\/p>\n\n\n\n<p>Me dirijo a usted para exigir informaci\u00f3n sobre <strong>Jos\u00e9 Daniel Ferrer Garc\u00eda<\/strong>, l\u00edder del grupo de oposici\u00f3n pol\u00edtica no oficial Uni\u00f3n Patri\u00f3tica de Cuba, quien, seg\u00fan su familia, lleva m\u00e1s de ochenta y dos d\u00edas recluido en r\u00e9gimen de incomunicaci\u00f3n, sin acceso al exterior. Las \u00faltimas informaciones que recibi\u00f3 su familia, en marzo de 2023, indicaban que \u00e9l padec\u00eda graves problemas de salud y que no estaba recibiendo la atenci\u00f3n m\u00e9dica adecuada.<\/p>\n\n\n\n<p>La \u00faltima vez que pudo comunicarse con su familia por tel\u00e9fono fue el pasado 6 de marzo y el 14 de marzo la \u00faltima visita conyugal \u2014seg\u00fan su familia\u2014. A la vez, el 17 de marzo fue la \u00faltima vez que Jos\u00e9 Daniel recibi\u00f3 una visita por parte del arzobispo de Santiago de Cuba. Desde entonces se le ha negado la visita familiar y conyugal, as\u00ed como las llamadas. Adicionalmente, su familia le indic\u00f3 a Amnist\u00eda Internacional que \u00e9l ha estado retenido en una celda separado de otros prisioneros desde el 14 de agosto de 2021.<\/p>\n\n\n\n<p>La detenci\u00f3n sin acceso al mundo exterior \u2014detenci\u00f3n en r\u00e9gimen de incomunicaci\u00f3n\u2014 facilita la tortura y otros malos tratos y las desapariciones forzadas, y, en algunas circunstancias, puede constituir en s\u00ed misma una forma de tortura o de trato cruel, inhumano o degradante. A su vez, el confinamiento solitario solo debe utilizarse en circunstancias excepcionales, y si sostenido de manera prolongada tambi\u00e9n puede violar la prohibici\u00f3n de la tortura y otros tratos crueles.<\/p>\n\n\n\n<p>El pasado 18 de mayo, <strong>Amnistia Internacional<\/strong> le remiti\u00f3 una carta abierta inform\u00e1ndole de esta situaci\u00f3n, del estado de salud deteriorado de Jos\u00e9 Daniel y exigiendo su liberaci\u00f3n inmediata. Hasta la fecha, no se ha recibido respuesta a esta carta.<\/p>\n\n\n\n<p>Jos\u00e9 Daniel Ferrer Garc\u00eda, detenido el 11 de julio de 2021 \u2014antes de que llegara a unirse a las masivas protestas que tuvieron lugar en toda la isla\u2014, es preso de conciencia, encarcelado exclusivamente por ejercer sus derechos humanos.<\/p>\n\n\n\n<p><strong>Le insto a que lo ponga en libertad de inmediato y sin condiciones y, en espera de su liberaci\u00f3n, ponga fin a su aislamiento y permita a su familia comunicarse con \u00e9l sin demora.<\/strong><\/p>\n\n\n\n<p>Atentamente,<\/p>\n\n\n\n<p><\/p>\n\n\n\n<p class=\"has-white-color has-ast-global-color-8-background-color has-text-color has-background has-medium-font-size\"><strong>INFORMACI\u00d3N COMPLEMENTARIA<\/strong><\/p>\n\n\n\n<p>Jos\u00e9 Daniel Ferrer Garc\u00eda es activista y dirige la Uni\u00f3n Patri\u00f3tica de Cuba, grupo de oposici\u00f3n pol\u00edtica no oficial. Detenido el 11 de julio de 2021 en el contexto de las protestas que tuvieron lugar en toda la isla, permanece en prisi\u00f3n desde entonces.<\/p>\n\n\n\n<p>El 11 de julio de 2021, Jos\u00e9 Daniel se dispon\u00eda a asistir con su hijo a las manifestaciones que \u2014como en el resto del pa\u00eds\u2014 se celebraban en Santiago de Cuba. Tras salir de su casa, Jos\u00e9 Daniel Ferrer Garc\u00eda y su hijo fueron recluidos juntos y desde el principio de su detenci\u00f3n, repetidas veces, las autoridades no permitieron a su familia verlo ni comunicarse con \u00e9l por largos periodos de tiempo.<\/p>\n\n\n\n<p>Jos\u00e9 Daniel Ferrer Garc\u00eda fue acusado de \u201calteraci\u00f3n del orden p\u00fablico\u201d, pese a lo cual, sigue sin ser enjuiciado y en prisi\u00f3n. En 2020, tras otro juicio empa\u00f1ado por irregularidades, Jos\u00e9 Daniel fue condenado a cuatro a\u00f1os y medio de arresto domiciliario. Seg\u00fan los documentos a los que ha tenido acceso Amnist\u00eda Internacional, en vista del nuevo cargo de \u201calteraci\u00f3n del orden p\u00fablico\u201d, el Tribunal Provincial de Santiago revoc\u00f3 su condena de arresto domiciliario en agosto de 2021 y orden\u00f3 que cumpliera esa pena en la c\u00e1rcel.<\/p>\n\n\n\n<p>El 4 de junio de 2022, el Tribunal Provincial de Santiago desestim\u00f3 el recurso de h\u00e1beas corpus presentado por su familia. El 7 de julio de 2022, el Comit\u00e9 de la ONU contra las Desapariciones Forzadas comunic\u00f3 a la ONG Prisoners Defenders que hab\u00eda escrito a Cuba para instar al Estado a facilitar informaci\u00f3n detallada al Comit\u00e9 sobre su comunicaci\u00f3n con el mundo exterior.<\/p>\n\n\n\n<p>En julio de 2022, Amnist\u00eda Internacional expres\u00f3 su preocupaci\u00f3n por las denuncias que indicaban que Jos\u00e9 Daniel Ferrer Garc\u00eda estaba detenido en r\u00e9gimen de incomunicaci\u00f3n y, en octubre de 2022, lanz\u00f3 una Acci\u00f3n Urgente alertando sobre los riesgos de su estado de confinamiento solitario prolongado y del r\u00e9gimen de incomunicaci\u00f3n en el que se encontraba en este momento. Las autoridades permitieron finalmente una visita el 8 de noviembre del 2022.<br>Hace tiempo que Jos\u00e9 Daniel Ferrer Garc\u00eda comunic\u00f3 que padece problemas de salud relacionados con sus prolongados encarcelamientos previos, entre ellos, problemas g\u00e1stricos graves y dolores de cabeza cr\u00f3nicos. Las \u00faltimas informaciones del estado de salud que recibi\u00f3 la familia de Jos\u00e9 Daniel, en marzo de 2023, constatan, adem\u00e1s, que presentaba zumbidos en los o\u00eddos, problemas de piel, dolor en una muela, y p\u00e9rdida progresiva de la visi\u00f3n. Jos\u00e9 Daniel tambi\u00e9n experimenta calambres y par\u00e1lisis moment\u00e1nea en las manos. Su familia se\u00f1ala que no ha recibido asistencia estomatol\u00f3gica ni medicamentos adecuados en la prisi\u00f3n de Mar Verde en Santiago de Cuba, donde se encuentra recluido.<\/p>\n\n\n\n<p><strong>PUEDEN ESCRIBIR LLAMAMIENTOS EN:<\/strong> espa\u00f1ol o ingl\u00e9s<br><strong>ENV\u00cdEN LLAMAMIENTOS LO ANTES POSIBLE Y NO M\u00c1S TARDE DEL:<\/strong> 1 de agosto de 2023<br><strong>NOMBRE Y G\u00c9NERO GRAMATICAL PREFERIDO:<\/strong> Jos\u00e9 Daniel Ferrer Garc\u00eda (masculino)<\/p>\n\n\n\n<p><\/p>\n","protected":false},"excerpt":{"rendered":"<p>Jos\u00e9 Daniel Ferrer Garc\u00eda, l\u00edder del grupo de oposici\u00f3n pol\u00edtica no oficial Uni\u00f3n Patri\u00f3tica de Cuba, fue detenido el 11 de julio de 2021 en el contexto de los actos &hellip;<\/p>\n<p class=\"read-more\"> <a class=\"\" href=\"https:\/\/amnistia.org.mx\/contenido\/index.php\/accion-urgente-cuba-lider-politico-incomunicado-por-meses-jose-daniel-ferrer-garcia\/\"> <span class=\"screen-reader-text\">Acci\u00f3n Urgente Cuba: L\u00edder Pol\u00edtico incomunicado por meses: Jos\u00e9 Daniel Ferrer Garc\u00eda<\/span> Leer m\u00e1s &raquo;<\/a><\/p>\n","protected":false},"author":8,"featured_media":24330,"comment_status":"closed","ping_status":"closed","sticky":false,"template":"","format":"standard","meta":{"_uf_show_specific_survey":0,"_uf_disable_surveys":false,"site-sidebar-layout":"default","site-content-layout":"default","ast-global-header-display":"","ast-main-header-display":"","ast-hfb-above-header-display":"","ast-hfb-below-header-display":"","ast-hfb-mobile-header-display":"","site-post-title":"","ast-breadcrumbs-content":"","ast-featured-img":"","footer-sml-layout":"","theme-transparent-header-meta":"","adv-header-id-meta":"","stick-header-meta":"","header-above-stick-meta":"","header-main-stick-meta":"","header-below-stick-meta":""},"categories":[1],"tags":[45],"acf":[],"aioseo_notices":[],"yoast_head":"<!-- This site is optimized with the Yoast SEO plugin v14.5 - https:\/\/yoast.com\/wordpress\/plugins\/seo\/ -->\n<title>Acci\u00f3n Urgente Cuba: L\u00edder Pol\u00edtico incomunicado por meses: Jos\u00e9 Daniel Ferrer Garc\u00eda<\/title>\n<meta name=\"description\" content=\"Jos\u00e9 Daniel Ferrer Garc\u00eda, l\u00edder del grupo de oposici\u00f3n pol\u00edtica no oficial Uni\u00f3n Patri\u00f3tica de Cuba, fue detenido el 11 de julio de 2021, y desde el 14 de agosto de 2021, permanece recluido en una celda de castigo.\" \/>\n<meta name=\"robots\" content=\"index, follow\" \/>\n<meta name=\"googlebot\" content=\"index, follow, max-snippet:-1, max-image-preview:large, max-video-preview:-1\" \/>\n<meta name=\"bingbot\" content=\"index, follow, max-snippet:-1, max-image-preview:large, max-video-preview:-1\" \/>\n<link rel=\"canonical\" href=\"https:\/\/amnistia.org.mx\/contenido\/index.php\/accion-urgente-cuba-lider-politico-incomunicado-por-meses-jose-daniel-ferrer-garcia\/\" \/>\n<meta property=\"og:locale\" content=\"es_MX\" \/>\n<meta property=\"og:type\" content=\"article\" \/>\n<meta property=\"og:title\" content=\"Acci\u00f3n Urgente Cuba: L\u00edder Pol\u00edtico incomunicado por meses: Jos\u00e9 Daniel Ferrer Garc\u00eda\" \/>\n<meta property=\"og:description\" content=\"Jos\u00e9 Daniel Ferrer Garc\u00eda, l\u00edder del grupo de oposici\u00f3n pol\u00edtica no oficial Uni\u00f3n Patri\u00f3tica de Cuba, fue detenido el 11 de julio de 2021, y desde el 14 de agosto de 2021, permanece recluido en una celda de castigo.\" \/>\n<meta property=\"og:url\" content=\"https:\/\/amnistia.org.mx\/contenido\/index.php\/accion-urgente-cuba-lider-politico-incomunicado-por-meses-jose-daniel-ferrer-garcia\/\" \/>\n<meta property=\"og:site_name\" content=\"amnistia.org.mx\" \/>\n<meta property=\"article:published_time\" content=\"2023-06-07T15:00:23+00:00\" \/>\n<meta property=\"article:modified_time\" content=\"2023-06-07T15:16:38+00:00\" \/>\n<meta property=\"og:image\" content=\"https:\/\/amnistia.org.mx\/contenido\/wp-content\/uploads\/2023\/06\/BLOG-AMNISTIA-INTERNACIONAL-2.png\" \/>\n\t<meta property=\"og:image:width\" content=\"1600\" \/>\n\t<meta property=\"og:image:height\" content=\"900\" \/>\n<meta name=\"twitter:card\" content=\"summary_large_image\" \/>\n<script type=\"application\/ld+json\" class=\"yoast-schema-graph\">{\"@context\":\"https:\/\/schema.org\",\"@graph\":[{\"@type\":\"WebSite\",\"@id\":\"https:\/\/amnistia.org.mx\/contenido\/#website\",\"url\":\"https:\/\/amnistia.org.mx\/contenido\/\",\"name\":\"amnistia.org.mx\",\"description\":\"Nueva p\\u00e1gina de Amnist\\u00eda\",\"potentialAction\":[{\"@type\":\"SearchAction\",\"target\":\"https:\/\/amnistia.org.mx\/contenido\/?s={search_term_string}\",\"query-input\":\"required name=search_term_string\"}],\"inLanguage\":\"es-MX\"},{\"@type\":\"ImageObject\",\"@id\":\"https:\/\/amnistia.org.mx\/contenido\/index.php\/accion-urgente-cuba-lider-politico-incomunicado-por-meses-jose-daniel-ferrer-garcia\/#primaryimage\",\"inLanguage\":\"es-MX\",\"url\":\"https:\/\/amnistia.org.mx\/contenido\/wp-content\/uploads\/2023\/06\/BLOG-AMNISTIA-INTERNACIONAL-2.png\",\"width\":1600,\"height\":900},{\"@type\":\"WebPage\",\"@id\":\"https:\/\/amnistia.org.mx\/contenido\/index.php\/accion-urgente-cuba-lider-politico-incomunicado-por-meses-jose-daniel-ferrer-garcia\/#webpage\",\"url\":\"https:\/\/amnistia.org.mx\/contenido\/index.php\/accion-urgente-cuba-lider-politico-incomunicado-por-meses-jose-daniel-ferrer-garcia\/\",\"name\":\"Acci\\u00f3n Urgente Cuba: L\\u00edder Pol\\u00edtico incomunicado por meses: Jos\\u00e9 Daniel Ferrer Garc\\u00eda\",\"isPartOf\":{\"@id\":\"https:\/\/amnistia.org.mx\/contenido\/#website\"},\"primaryImageOfPage\":{\"@id\":\"https:\/\/amnistia.org.mx\/contenido\/index.php\/accion-urgente-cuba-lider-politico-incomunicado-por-meses-jose-daniel-ferrer-garcia\/#primaryimage\"},\"datePublished\":\"2023-06-07T15:00:23+00:00\",\"dateModified\":\"2023-06-07T15:16:38+00:00\",\"author\":{\"@id\":\"https:\/\/amnistia.org.mx\/contenido\/#\/schema\/person\/2d2b29996a9513767aea81f8ae57bdeb\"},\"description\":\"Jos\\u00e9 Daniel Ferrer Garc\\u00eda, l\\u00edder del grupo de oposici\\u00f3n pol\\u00edtica no oficial Uni\\u00f3n Patri\\u00f3tica de Cuba, fue detenido el 11 de julio de 2021, y desde el 14 de agosto de 2021, permanece recluido en una celda de castigo.\",\"breadcrumb\":{\"@id\":\"https:\/\/amnistia.org.mx\/contenido\/index.php\/accion-urgente-cuba-lider-politico-incomunicado-por-meses-jose-daniel-ferrer-garcia\/#breadcrumb\"},\"inLanguage\":\"es-MX\",\"potentialAction\":[{\"@type\":\"ReadAction\",\"target\":[\"https:\/\/amnistia.org.mx\/contenido\/index.php\/accion-urgente-cuba-lider-politico-incomunicado-por-meses-jose-daniel-ferrer-garcia\/\"]}]},{\"@type\":\"BreadcrumbList\",\"@id\":\"https:\/\/amnistia.org.mx\/contenido\/index.php\/accion-urgente-cuba-lider-politico-incomunicado-por-meses-jose-daniel-ferrer-garcia\/#breadcrumb\",\"itemListElement\":[{\"@type\":\"ListItem\",\"position\":1,\"item\":{\"@type\":\"WebPage\",\"@id\":\"https:\/\/amnistia.org.mx\/contenido\/\",\"url\":\"https:\/\/amnistia.org.mx\/contenido\/\",\"name\":\"Home\"}},{\"@type\":\"ListItem\",\"position\":2,\"item\":{\"@type\":\"WebPage\",\"@id\":\"https:\/\/amnistia.org.mx\/contenido\/index.php\/accion-urgente-cuba-lider-politico-incomunicado-por-meses-jose-daniel-ferrer-garcia\/\",\"url\":\"https:\/\/amnistia.org.mx\/contenido\/index.php\/accion-urgente-cuba-lider-politico-incomunicado-por-meses-jose-daniel-ferrer-garcia\/\",\"name\":\"Acci\\u00f3n Urgente Cuba: L\\u00edder Pol\\u00edtico incomunicado por meses: Jos\\u00e9 Daniel Ferrer Garc\\u00eda\"}}]},{\"@type\":[\"Person\"],\"@id\":\"https:\/\/amnistia.org.mx\/contenido\/#\/schema\/person\/2d2b29996a9513767aea81f8ae57bdeb\",\"name\":\"Carolina Flores\",\"image\":{\"@type\":\"ImageObject\",\"@id\":\"https:\/\/amnistia.org.mx\/contenido\/#personlogo\",\"inLanguage\":\"es-MX\",\"url\":\"https:\/\/secure.gravatar.com\/avatar\/e2d29811923c60594035966b365ce272?s=96&d=mm&r=g\",\"caption\":\"Carolina Flores\"}}]}<\/script>\n<!-- \/ Yoast SEO plugin. -->","_links":{"self":[{"href":"https:\/\/amnistia.org.mx\/contenido\/index.php\/wp-json\/wp\/v2\/posts\/24327"}],"collection":[{"href":"https:\/\/amnistia.org.mx\/contenido\/index.php\/wp-json\/wp\/v2\/posts"}],"about":[{"href":"https:\/\/amnistia.org.mx\/contenido\/index.php\/wp-json\/wp\/v2\/types\/post"}],"author":[{"embeddable":true,"href":"https:\/\/amnistia.org.mx\/contenido\/index.php\/wp-json\/wp\/v2\/users\/8"}],"replies":[{"embeddable":true,"href":"https:\/\/amnistia.org.mx\/contenido\/index.php\/wp-json\/wp\/v2\/comments?post=24327"}],"version-history":[{"count":6,"href":"https:\/\/amnistia.org.mx\/contenido\/index.php\/wp-json\/wp\/v2\/posts\/24327\/revisions"}],"predecessor-version":[{"id":24337,"href":"https:\/\/amnistia.org.mx\/contenido\/index.php\/wp-json\/wp\/v2\/posts\/24327\/revisions\/24337"}],"wp:featuredmedia":[{"embeddable":true,"href":"https:\/\/amnistia.org.mx\/contenido\/index.php\/wp-json\/wp\/v2\/media\/24330"}],"wp:attachment":[{"href":"https:\/\/amnistia.org.mx\/contenido\/index.php\/wp-json\/wp\/v2\/media?parent=24327"}],"wp:term":[{"taxonomy":"category","embeddable":true,"href":"https:\/\/amnistia.org.mx\/contenido\/index.php\/wp-json\/wp\/v2\/categories?post=24327"},{"taxonomy":"post_tag","embeddable":true,"href":"https:\/\/amnistia.org.mx\/contenido\/index.php\/wp-json\/wp\/v2\/tags?post=24327"}],"curies":[{"name":"wp","href":"https:\/\/api.w.org\/{rel}","templated":true}]}}