
{"id":24796,"date":"2023-06-26T11:02:56","date_gmt":"2023-06-26T16:02:56","guid":{"rendered":"https:\/\/amnistia.org.mx\/contenido\/?p=24796"},"modified":"2023-06-26T11:02:58","modified_gmt":"2023-06-26T16:02:58","slug":"estados-unidos-un-ano-despues-la-anulacion-de-la-sentencia-de-roe-contra-wade-ha-agravado-la-crisis-de-derechos-humanos","status":"publish","type":"post","link":"https:\/\/amnistia.org.mx\/contenido\/index.php\/estados-unidos-un-ano-despues-la-anulacion-de-la-sentencia-de-roe-contra-wade-ha-agravado-la-crisis-de-derechos-humanos\/","title":{"rendered":"<strong>Estados Unidos: Un a\u00f1o despu\u00e9s, la anulaci\u00f3n de la sentencia de Roe contra Wade ha agravado la crisis de derechos humanos<\/strong>"},"content":{"rendered":"\n<p>Con motivo del primer aniversario de la decisi\u00f3n de la Corte Suprema de Estados Unidos de anular la sentencia de la causa Roe contra Wade, Tarah Demant, Directora Nacional de Programas, Defensa y Asuntos Gubernamentales de Amnist\u00eda Internacional Estados Unidos ha manifestado:<\/p>\n\n\n\n<p>Un a\u00f1o despu\u00e9s de que la Corte Suprema tomara la vergonzosa decisi\u00f3n de despojar de sus derechos a millones de personas, mujeres, ni\u00f1as y dem\u00e1s personas susceptibles de quedar embarazadas en Estados Unidos se enfrentan a una crisis de derechos humanos sin precedentes.<\/p>\n\n\n\n<p>\u201cUn mosaico de leyes demoledoras se extiende por todo el pa\u00eds. Una de cada tres mujeres y ni\u00f1as en edad reproductiva viven en estados donde ahora el aborto es totalmente o casi totalmente inaccesible. Existen grandes desiertos de atenci\u00f3n m\u00e9dica, que obligan a viajar miles de kil\u00f3metros para obtener servicios de aborto, y se est\u00e1 sembrando deliberadamente el miedo para impedir el acceso de mujeres, ni\u00f1as y dem\u00e1s personas susceptibles de quedar embarazadas a un aborto legal.<\/p>\n\n\n\n<p>Mujeres, ni\u00f1as y dem\u00e1s personas susceptibles de quedar embarazadas se enfrentan a una cruda realidad en los estados donde no tienen acceso al aborto: los estados que tienen la legislaci\u00f3n sobre el aborto m\u00e1s estricta presentan los peores \u00edndices de apoyo a la maternidad y tasas m\u00e1s altas de mortalidad materna y pobreza infantil. Y los grupos antiabortistas siguen intentando criminalizar el aborto con m\u00e1s prohibiciones, sistemas de recompensas para denunciar a quienes buscan servicios de aborto, trabas para acceder a medicaci\u00f3n abortiva y restricciones de informaci\u00f3n sobre el aborto.<\/p>\n\n\n\n<p>Pero, a pesar de los ataques coordinados y virulentos contra nuestros derechos, la inmensa mayor\u00eda de la ciudadan\u00eda estadounidense contin\u00faa apoyando el acceso al aborto seguro y legal, m\u00faltiples estados han a\u00f1adido nuevas protecciones y hay activistas en todos los estados que siguen defendiendo sus derechos. El aborto es un derecho humano y es atenci\u00f3n m\u00e9dica b\u00e1sica, y personas activistas en todo el pa\u00eds y en todo el mundo est\u00e1n m\u00e1s decididas que nunca a garantizar este derecho en todo el territorio de Estados Unidos\u201d, concluy\u00f3 Tarah Demant.<\/p>\n","protected":false},"excerpt":{"rendered":"<p>Con motivo del primer aniversario de la decisi\u00f3n de la Corte Suprema de Estados Unidos de anular la sentencia de la causa Roe contra Wade, Tarah Demant, Directora Nacional de &hellip;<\/p>\n<p class=\"read-more\"> <a class=\"\" href=\"https:\/\/amnistia.org.mx\/contenido\/index.php\/estados-unidos-un-ano-despues-la-anulacion-de-la-sentencia-de-roe-contra-wade-ha-agravado-la-crisis-de-derechos-humanos\/\"> <span class=\"screen-reader-text\"><strong>Estados Unidos: Un a\u00f1o despu\u00e9s, la anulaci\u00f3n de la sentencia de Roe contra Wade ha agravado la crisis de derechos humanos<\/strong><\/span> Leer m\u00e1s &raquo;<\/a><\/p>\n","protected":false},"author":4,"featured_media":24797,"comment_status":"closed","ping_status":"closed","sticky":false,"template":"","format":"standard","meta":{"_uf_show_specific_survey":0,"_uf_disable_surveys":false,"site-sidebar-layout":"default","site-content-layout":"default","ast-global-header-display":"","ast-main-header-display":"","ast-hfb-above-header-display":"","ast-hfb-below-header-display":"","ast-hfb-mobile-header-display":"","site-post-title":"","ast-breadcrumbs-content":"","ast-featured-img":"","footer-sml-layout":"","theme-transparent-header-meta":"","adv-header-id-meta":"","stick-header-meta":"","header-above-stick-meta":"","header-main-stick-meta":"","header-below-stick-meta":""},"categories":[9],"tags":[],"acf":[],"aioseo_notices":[],"yoast_head":"<!-- This site is optimized with the Yoast SEO plugin v14.5 - https:\/\/yoast.com\/wordpress\/plugins\/seo\/ -->\n<title>Estados Unidos: Un a\u00f1o despu\u00e9s, la anulaci\u00f3n de la sentencia de Roe contra Wade ha agravado la crisis de derechos humanos - amnistia.org.mx<\/title>\n<meta name=\"description\" content=\"A un a\u00f1o de que la Corte de USA anulara la sentencia Roe contra Wade millones de mujeres, ni\u00f1as y personas con capacidad de gestar no pueden acceder a un aborto seguro.\" \/>\n<meta name=\"robots\" content=\"index, follow\" \/>\n<meta name=\"googlebot\" content=\"index, follow, max-snippet:-1, max-image-preview:large, max-video-preview:-1\" \/>\n<meta name=\"bingbot\" content=\"index, follow, max-snippet:-1, max-image-preview:large, max-video-preview:-1\" \/>\n<link rel=\"canonical\" href=\"https:\/\/amnistia.org.mx\/contenido\/index.php\/estados-unidos-un-ano-despues-la-anulacion-de-la-sentencia-de-roe-contra-wade-ha-agravado-la-crisis-de-derechos-humanos\/\" \/>\n<meta property=\"og:locale\" content=\"es_MX\" \/>\n<meta property=\"og:type\" content=\"article\" \/>\n<meta property=\"og:title\" content=\"Estados Unidos: Un a\u00f1o despu\u00e9s, la anulaci\u00f3n de la sentencia de Roe contra Wade ha agravado la crisis de derechos humanos - amnistia.org.mx\" \/>\n<meta property=\"og:description\" content=\"A un a\u00f1o de que la Corte de USA anulara la sentencia Roe contra Wade millones de mujeres, ni\u00f1as y personas con capacidad de gestar no pueden acceder a un aborto seguro.\" \/>\n<meta property=\"og:url\" content=\"https:\/\/amnistia.org.mx\/contenido\/index.php\/estados-unidos-un-ano-despues-la-anulacion-de-la-sentencia-de-roe-contra-wade-ha-agravado-la-crisis-de-derechos-humanos\/\" \/>\n<meta property=\"og:site_name\" content=\"amnistia.org.mx\" \/>\n<meta property=\"article:published_time\" content=\"2023-06-26T16:02:56+00:00\" \/>\n<meta property=\"article:modified_time\" content=\"2023-06-26T16:02:58+00:00\" \/>\n<meta property=\"og:image\" content=\"https:\/\/amnistia.org.mx\/contenido\/wp-content\/uploads\/2023\/06\/Foto-ajustada.jpg\" \/>\n\t<meta property=\"og:image:width\" content=\"800\" \/>\n\t<meta property=\"og:image:height\" content=\"392\" \/>\n<meta name=\"twitter:card\" content=\"summary_large_image\" \/>\n<script type=\"application\/ld+json\" class=\"yoast-schema-graph\">{\"@context\":\"https:\/\/schema.org\",\"@graph\":[{\"@type\":\"WebSite\",\"@id\":\"https:\/\/amnistia.org.mx\/contenido\/#website\",\"url\":\"https:\/\/amnistia.org.mx\/contenido\/\",\"name\":\"amnistia.org.mx\",\"description\":\"Nueva p\\u00e1gina de Amnist\\u00eda\",\"potentialAction\":[{\"@type\":\"SearchAction\",\"target\":\"https:\/\/amnistia.org.mx\/contenido\/?s={search_term_string}\",\"query-input\":\"required name=search_term_string\"}],\"inLanguage\":\"es-MX\"},{\"@type\":\"ImageObject\",\"@id\":\"https:\/\/amnistia.org.mx\/contenido\/index.php\/estados-unidos-un-ano-despues-la-anulacion-de-la-sentencia-de-roe-contra-wade-ha-agravado-la-crisis-de-derechos-humanos\/#primaryimage\",\"inLanguage\":\"es-MX\",\"url\":\"https:\/\/amnistia.org.mx\/contenido\/wp-content\/uploads\/2023\/06\/Foto-ajustada.jpg\",\"width\":800,\"height\":392},{\"@type\":\"WebPage\",\"@id\":\"https:\/\/amnistia.org.mx\/contenido\/index.php\/estados-unidos-un-ano-despues-la-anulacion-de-la-sentencia-de-roe-contra-wade-ha-agravado-la-crisis-de-derechos-humanos\/#webpage\",\"url\":\"https:\/\/amnistia.org.mx\/contenido\/index.php\/estados-unidos-un-ano-despues-la-anulacion-de-la-sentencia-de-roe-contra-wade-ha-agravado-la-crisis-de-derechos-humanos\/\",\"name\":\"Estados Unidos: Un a\\u00f1o despu\\u00e9s, la anulaci\\u00f3n de la sentencia de Roe contra Wade ha agravado la crisis de derechos humanos - amnistia.org.mx\",\"isPartOf\":{\"@id\":\"https:\/\/amnistia.org.mx\/contenido\/#website\"},\"primaryImageOfPage\":{\"@id\":\"https:\/\/amnistia.org.mx\/contenido\/index.php\/estados-unidos-un-ano-despues-la-anulacion-de-la-sentencia-de-roe-contra-wade-ha-agravado-la-crisis-de-derechos-humanos\/#primaryimage\"},\"datePublished\":\"2023-06-26T16:02:56+00:00\",\"dateModified\":\"2023-06-26T16:02:58+00:00\",\"author\":{\"@id\":\"https:\/\/amnistia.org.mx\/contenido\/#\/schema\/person\/7db421c495688267ce8ede4625c17fa5\"},\"description\":\"A un a\\u00f1o de que la Corte de USA anulara la sentencia Roe contra Wade millones de mujeres, ni\\u00f1as y personas con capacidad de gestar no pueden acceder a un aborto seguro.\",\"breadcrumb\":{\"@id\":\"https:\/\/amnistia.org.mx\/contenido\/index.php\/estados-unidos-un-ano-despues-la-anulacion-de-la-sentencia-de-roe-contra-wade-ha-agravado-la-crisis-de-derechos-humanos\/#breadcrumb\"},\"inLanguage\":\"es-MX\",\"potentialAction\":[{\"@type\":\"ReadAction\",\"target\":[\"https:\/\/amnistia.org.mx\/contenido\/index.php\/estados-unidos-un-ano-despues-la-anulacion-de-la-sentencia-de-roe-contra-wade-ha-agravado-la-crisis-de-derechos-humanos\/\"]}]},{\"@type\":\"BreadcrumbList\",\"@id\":\"https:\/\/amnistia.org.mx\/contenido\/index.php\/estados-unidos-un-ano-despues-la-anulacion-de-la-sentencia-de-roe-contra-wade-ha-agravado-la-crisis-de-derechos-humanos\/#breadcrumb\",\"itemListElement\":[{\"@type\":\"ListItem\",\"position\":1,\"item\":{\"@type\":\"WebPage\",\"@id\":\"https:\/\/amnistia.org.mx\/contenido\/\",\"url\":\"https:\/\/amnistia.org.mx\/contenido\/\",\"name\":\"Home\"}},{\"@type\":\"ListItem\",\"position\":2,\"item\":{\"@type\":\"WebPage\",\"@id\":\"https:\/\/amnistia.org.mx\/contenido\/index.php\/estados-unidos-un-ano-despues-la-anulacion-de-la-sentencia-de-roe-contra-wade-ha-agravado-la-crisis-de-derechos-humanos\/\",\"url\":\"https:\/\/amnistia.org.mx\/contenido\/index.php\/estados-unidos-un-ano-despues-la-anulacion-de-la-sentencia-de-roe-contra-wade-ha-agravado-la-crisis-de-derechos-humanos\/\",\"name\":\"Estados Unidos: Un a\\u00f1o despu\\u00e9s, la anulaci\\u00f3n de la sentencia de Roe contra Wade ha agravado la crisis de derechos humanos\"}}]},{\"@type\":[\"Person\"],\"@id\":\"https:\/\/amnistia.org.mx\/contenido\/#\/schema\/person\/7db421c495688267ce8ede4625c17fa5\",\"name\":\"Alejandro Ju\\u00e1rez Gamero\",\"image\":{\"@type\":\"ImageObject\",\"@id\":\"https:\/\/amnistia.org.mx\/contenido\/#personlogo\",\"inLanguage\":\"es-MX\",\"url\":\"https:\/\/secure.gravatar.com\/avatar\/e312d5566d1c3ffb56f86415d6f0e606?s=96&d=mm&r=g\",\"caption\":\"Alejandro Ju\\u00e1rez Gamero\"}}]}<\/script>\n<!-- \/ Yoast SEO plugin. -->","_links":{"self":[{"href":"https:\/\/amnistia.org.mx\/contenido\/index.php\/wp-json\/wp\/v2\/posts\/24796"}],"collection":[{"href":"https:\/\/amnistia.org.mx\/contenido\/index.php\/wp-json\/wp\/v2\/posts"}],"about":[{"href":"https:\/\/amnistia.org.mx\/contenido\/index.php\/wp-json\/wp\/v2\/types\/post"}],"author":[{"embeddable":true,"href":"https:\/\/amnistia.org.mx\/contenido\/index.php\/wp-json\/wp\/v2\/users\/4"}],"replies":[{"embeddable":true,"href":"https:\/\/amnistia.org.mx\/contenido\/index.php\/wp-json\/wp\/v2\/comments?post=24796"}],"version-history":[{"count":4,"href":"https:\/\/amnistia.org.mx\/contenido\/index.php\/wp-json\/wp\/v2\/posts\/24796\/revisions"}],"predecessor-version":[{"id":24801,"href":"https:\/\/amnistia.org.mx\/contenido\/index.php\/wp-json\/wp\/v2\/posts\/24796\/revisions\/24801"}],"wp:featuredmedia":[{"embeddable":true,"href":"https:\/\/amnistia.org.mx\/contenido\/index.php\/wp-json\/wp\/v2\/media\/24797"}],"wp:attachment":[{"href":"https:\/\/amnistia.org.mx\/contenido\/index.php\/wp-json\/wp\/v2\/media?parent=24796"}],"wp:term":[{"taxonomy":"category","embeddable":true,"href":"https:\/\/amnistia.org.mx\/contenido\/index.php\/wp-json\/wp\/v2\/categories?post=24796"},{"taxonomy":"post_tag","embeddable":true,"href":"https:\/\/amnistia.org.mx\/contenido\/index.php\/wp-json\/wp\/v2\/tags?post=24796"}],"curies":[{"name":"wp","href":"https:\/\/api.w.org\/{rel}","templated":true}]}}