
{"id":25010,"date":"2023-07-07T15:01:59","date_gmt":"2023-07-07T20:01:59","guid":{"rendered":"https:\/\/amnistia.org.mx\/contenido\/?p=25010"},"modified":"2023-07-07T16:54:11","modified_gmt":"2023-07-07T21:54:11","slug":"accion-urgente-argentina-mujer-desaparecida-en-medio-de-un-posible-feminicidio","status":"publish","type":"post","link":"https:\/\/amnistia.org.mx\/contenido\/index.php\/accion-urgente-argentina-mujer-desaparecida-en-medio-de-un-posible-feminicidio\/","title":{"rendered":"Acci\u00f3n Urgente Argentina: Mujer desaparecida en medio de un posible feminicidio"},"content":{"rendered":"\n<p><strong>Cecilia Strzyzowksi<\/strong> (de 28 a\u00f1os de edad) lleva en paradero desconocido desde el 1 de junio. Fue vista por \u00faltima vez con su esposo, C\u00e9sar Sena, en Resistencia, provincia del <strong>Chaco, Argentina<\/strong>. Su desaparici\u00f3n se est\u00e1 investigando como un <strong>feminicidio<\/strong> despu\u00e9s de que se hayan encontrado posibles huesos humanos, rastros de sangre y trozos de ropa en dos propiedades pertenecientes a la familia Sena, poderosos dirigentes locales que fueron precandidatos en las recientes elecciones provinciales. <\/p>\n\n\n\n<p>Como parte de la investigaci\u00f3n, C\u00e9sar Sena y sus progenitores han sido detenidos. Pedimos que se lleve a cabo una investigaci\u00f3n efectiva, imparcial, independiente, oportuna y sensible al g\u00e9nero para determinar la verdad sobre la desaparici\u00f3n y el posible feminicidio de <strong>Cecilia Strzyzowksi<\/strong>.<\/p>\n\n\n\n<p><strong>ACT\u00daEN: REDACTEN SU PROPIO LLAMAMIENTO O UTILICEN LA SIGUIENTE CARTA MODELO<\/strong><\/p>\n\n\n\n<p><strong>Jorge C\u00e1ceres Olivera<br>Fiscal, Fiscal\u00eda n\u00ba 4<br>Fiscal\u00eda de la Provincia del Chaco<br>Correo-e: equipofiscal4.rcia@justiciachaco.gov.ar<br>Se\u00f1or Jorge C\u00e1ceres Olivera:<\/strong><\/p>\n\n\n\n<p>Me dirijo a usted para expresarle mi honda preocupaci\u00f3n por Cecilia Strzyzowksi, desaparecida desde el 1 de junio en la provincia del Chaco y cuyo caso ha conducido hasta ahora a la detenci\u00f3n de su esposo C\u00e9sar Sena y los progenitores de \u00e9ste, miembros de una poderosa familia pol\u00edtica local.<\/p>\n\n\n\n<p>La desaparici\u00f3n de Cecilia se est\u00e1 investigando como un feminicidio despu\u00e9s de que se hayan encontrado posibles huesos humanos, rastros de sangre y trozos de ropa en dos propiedades pertenecientes a la familia de C\u00e9sar Sena, y se presume que el crimen se cometi\u00f3 como parte de un episodio de violencia de g\u00e9nero.<\/p>\n\n\n\n<p>Tras un mes de desconocer el paradero de Cecilia, es de la m\u00e1xima importancia que el equipo de la fiscal\u00eda garantice que se emprenden todas las acciones legales disponibles, de manera efectiva y oportuna, para determinar qu\u00e9 le sucedi\u00f3 a Cecilia.<\/p>\n\n\n\n<p>En Argentina, como en el resto de las Am\u00e9ricas, hay un patr\u00f3n de impunidad sistem\u00e1tica en los procedimientos y procesamientos judiciales de casos de violencia contra las mujeres, ya que la mayor\u00eda de estos casos carecen de investigaci\u00f3n efectiva, castigo y reparaci\u00f3n. Habida cuenta de esta realidad, es fundamental que el poder judicial adopte todos los recursos a su disposici\u00f3n para avanzar en la investigaci\u00f3n con car\u00e1cter de urgencia, romper el c\u00edrculo de impunidad, garantizar que se protegen las vidas de las mujeres y las ni\u00f1as y asegurar que los casos de violencia de g\u00e9nero se abordan de acuerdo con las normas nacionales, regionales e internacionales de derechos humanos. En la misma l\u00ednea, debe haber mecanismos de protecci\u00f3n accesibles y adecuados para prevenir nuevos actos de posible violencia de g\u00e9nero, y debe otorgarse reparaci\u00f3n efectiva a las v\u00edctimas.<\/p>\n\n\n\n<p>Lo insto a que la investigaci\u00f3n sobre la desaparici\u00f3n y posible feminicidio de Cecilia se lleve a cabo de acuerdo con las normas jur\u00eddicas que buscan abordar todas las formas de violencia contra las mujeres, a que se garantice la diligencia debida durante toda la investigaci\u00f3n, a que se lleve a cabo una investigaci\u00f3n urgente, exhaustiva, efectiva, realmente independiente e imparcial, oportuna y sensible al g\u00e9nero para arrojar luz sobre los hechos y que se condene a los responsables, y a que la familia de la v\u00edctima participe de forma significativa en la b\u00fasqueda y en todas las fases del proceso judicial. Lo insto a transmitir un mensaje que indique de forma inequ\u00edvoca que la violencia de g\u00e9nero no se tolerar\u00e1 y no quedar\u00e1 impune.<\/p>\n\n\n\n<p>Un cordial saludo,<\/p>\n\n\n\n<p>[NOMBRE]<\/p>\n\n\n\n<h3 class=\"has-background\" style=\"background-color:#ffff00\"><strong>INFORMACI\u00d3N COMPLEMENTARIA<\/strong><\/h3>\n\n\n\n<p><\/p>\n\n\n\n<p>La desaparici\u00f3n de Cecilia Strzyzowksi se est\u00e1 investigando como un feminicidio despu\u00e9s de que se hayan encontrado posibles huesos humanos, rastros de sangre y trozos de ropa en dos propiedades pertenecientes a la familia de C\u00e9sar Sena, esposo de Cecilia. El 27 de junio de 2023, tras una b\u00fasqueda en el r\u00edo Tragadero, cerca de la hacienda de la pareja Emerenciano Sena y Marcela Acu\u00f1a, padres de C\u00e9sar, se encontraron restos esquel\u00e9ticos humanos, seg\u00fan el informe de expertos del Instituto de Medicina y Ciencias Forenses dependiente del Poder Judicial del Chaco. Adem\u00e1s, los buzos t\u00e1cticos encontraron un colgante dentro de un bolso que podr\u00eda ser de Cecilia.<\/p>\n\n\n\n<p>C\u00e9sar Sena y sus progenitores, que son poderosos dirigentes locales y fueron precandidatos en las recientes elecciones provinciales, han sido detenidos y acusados del asesinato de Cecilia. C\u00e9sar Sena ha sido acusado de homicidio triplemente agravado por su estrecha relaci\u00f3n con Cecilia y por el hecho de que el crimen se cometi\u00f3 presuntamente durante un episodio de violencia de g\u00e9nero, lo que lo convertir\u00eda en feminicidio. Mientras tanto, sus progenitores se enfrentan a acusaciones de homicidio agravado con premeditaci\u00f3n como coautores. Otras cuatro personas han sido acusadas como sospechosas de estar implicadas en el presunto asesinato o de ocultar el cad\u00e1ver.<\/p>\n\n\n\n<p>En Argentina, en 2022, se registr\u00f3 un caso de feminicidio cada 35 horas. De las 252 muertes, 167 se produjeron en contextos de violencia en el \u00e1mbito dom\u00e9stico. La provincia del Chaco es la provincia con el segundo \u00edndice m\u00e1s alto de feminicidios, seg\u00fan la informaci\u00f3n proporcionada por el Registro Nacional de Feminicidios de la Justicia Argentina.<\/p>\n\n\n\n<p>Reconociendo esta situaci\u00f3n como una cuesti\u00f3n preocupante de derechos humanos, en el \u00faltimo Examen Peri\u00f3dico Universal del Consejo de Derechos Humanos de las Naciones Unidas sobre Argentina, varios Estados han formulado recomendaciones a Argentina para que refuerce la lucha contra la violencia de g\u00e9nero y asigne los recursos necesarios para llevar a los autores de feminicidios ante la justicia.<\/p>\n\n\n\n<p><strong>PUEDEN ESCRIBIR LLAMAMIENTOS EN:<\/strong> Espa\u00f1ol<br>Tambi\u00e9n pueden escribir en su propio idioma.<br><strong>ENV\u00cdEN LLAMAMIENTOS LO ANTES POSIBLE Y NO M\u00c1S TARDE DEL:<\/strong> 28 de agosto de 2023<br>Consulten con la oficina de Amnist\u00eda Internacional de su pa\u00eds si desean enviar llamamientos despu\u00e9s de la fecha indicada.<br><strong>NOMBRE Y G\u00c9NERO GRAMATICAL PREFERIDO:<\/strong> Cecilia Strzyzowksi (femenino)<br><strong>ENLACE A LA AU ANTERIOR:<\/strong> no aplicable<\/p>\n\n\n\n<p><\/p>\n","protected":false},"excerpt":{"rendered":"<p>Cecilia Strzyzowksi (de 28 a\u00f1os de edad) lleva en paradero desconocido desde el 1 de junio. Fue vista por \u00faltima vez con su esposo, C\u00e9sar Sena, en Resistencia, provincia del &hellip;<\/p>\n<p class=\"read-more\"> <a class=\"\" href=\"https:\/\/amnistia.org.mx\/contenido\/index.php\/accion-urgente-argentina-mujer-desaparecida-en-medio-de-un-posible-feminicidio\/\"> <span class=\"screen-reader-text\">Acci\u00f3n Urgente Argentina: Mujer desaparecida en medio de un posible feminicidio<\/span> Leer m\u00e1s &raquo;<\/a><\/p>\n","protected":false},"author":8,"featured_media":25012,"comment_status":"closed","ping_status":"closed","sticky":false,"template":"","format":"standard","meta":{"_uf_show_specific_survey":0,"_uf_disable_surveys":false,"site-sidebar-layout":"default","site-content-layout":"default","ast-global-header-display":"","ast-main-header-display":"","ast-hfb-above-header-display":"","ast-hfb-below-header-display":"","ast-hfb-mobile-header-display":"","site-post-title":"","ast-breadcrumbs-content":"","ast-featured-img":"","footer-sml-layout":"","theme-transparent-header-meta":"","adv-header-id-meta":"","stick-header-meta":"","header-above-stick-meta":"","header-main-stick-meta":"","header-below-stick-meta":""},"categories":[9],"tags":[45],"acf":[],"aioseo_notices":[],"yoast_head":"<!-- This site is optimized with the Yoast SEO plugin v14.5 - https:\/\/yoast.com\/wordpress\/plugins\/seo\/ -->\n<title>Acci\u00f3n Urgente Argentina: Mujer desaparecida en medio de un posible feminicidio<\/title>\n<meta name=\"description\" content=\"Amnist\u00eda Internacional lanz\u00f3 una acci\u00f3n urgente global con el objetivo de impulsar a sus seguidores y activistas en m\u00e1s de 160 pa\u00edses a enviar cartas al equipo especial de fiscales que investigan la desaparici\u00f3n y presunto femicidio de Cecilia Strzyzowksi, de 28 a\u00f1os, de quien nada se sabe desde el 1 de junio pasado.\" \/>\n<meta name=\"robots\" content=\"index, follow\" \/>\n<meta name=\"googlebot\" content=\"index, follow, max-snippet:-1, max-image-preview:large, max-video-preview:-1\" \/>\n<meta name=\"bingbot\" content=\"index, follow, max-snippet:-1, max-image-preview:large, max-video-preview:-1\" \/>\n<link rel=\"canonical\" href=\"https:\/\/amnistia.org.mx\/contenido\/index.php\/accion-urgente-argentina-mujer-desaparecida-en-medio-de-un-posible-feminicidio\/\" \/>\n<meta property=\"og:locale\" content=\"es_MX\" \/>\n<meta property=\"og:type\" content=\"article\" \/>\n<meta property=\"og:title\" content=\"Acci\u00f3n Urgente Argentina: Mujer desaparecida en medio de un posible feminicidio\" \/>\n<meta property=\"og:description\" content=\"Amnist\u00eda Internacional lanz\u00f3 una acci\u00f3n urgente global con el objetivo de impulsar a sus seguidores y activistas en m\u00e1s de 160 pa\u00edses a enviar cartas al equipo especial de fiscales que investigan la desaparici\u00f3n y presunto femicidio de Cecilia Strzyzowksi, de 28 a\u00f1os, de quien nada se sabe desde el 1 de junio pasado.\" \/>\n<meta property=\"og:url\" content=\"https:\/\/amnistia.org.mx\/contenido\/index.php\/accion-urgente-argentina-mujer-desaparecida-en-medio-de-un-posible-feminicidio\/\" \/>\n<meta property=\"og:site_name\" content=\"amnistia.org.mx\" \/>\n<meta property=\"article:published_time\" content=\"2023-07-07T20:01:59+00:00\" \/>\n<meta property=\"article:modified_time\" content=\"2023-07-07T21:54:11+00:00\" \/>\n<meta property=\"og:image\" content=\"https:\/\/amnistia.org.mx\/contenido\/wp-content\/uploads\/2023\/07\/ACCION-URGENTE-1600-\u00d7-900-px.png\" \/>\n\t<meta property=\"og:image:width\" content=\"1600\" \/>\n\t<meta property=\"og:image:height\" content=\"900\" \/>\n<meta name=\"twitter:card\" content=\"summary_large_image\" \/>\n<script type=\"application\/ld+json\" class=\"yoast-schema-graph\">{\"@context\":\"https:\/\/schema.org\",\"@graph\":[{\"@type\":\"WebSite\",\"@id\":\"https:\/\/amnistia.org.mx\/contenido\/#website\",\"url\":\"https:\/\/amnistia.org.mx\/contenido\/\",\"name\":\"amnistia.org.mx\",\"description\":\"Nueva p\\u00e1gina de Amnist\\u00eda\",\"potentialAction\":[{\"@type\":\"SearchAction\",\"target\":\"https:\/\/amnistia.org.mx\/contenido\/?s={search_term_string}\",\"query-input\":\"required name=search_term_string\"}],\"inLanguage\":\"es-MX\"},{\"@type\":\"ImageObject\",\"@id\":\"https:\/\/amnistia.org.mx\/contenido\/index.php\/accion-urgente-argentina-mujer-desaparecida-en-medio-de-un-posible-feminicidio\/#primaryimage\",\"inLanguage\":\"es-MX\",\"url\":\"https:\/\/amnistia.org.mx\/contenido\/wp-content\/uploads\/2023\/07\/ACCION-URGENTE-1600-\\u00d7-900-px.png\",\"width\":1600,\"height\":900},{\"@type\":\"WebPage\",\"@id\":\"https:\/\/amnistia.org.mx\/contenido\/index.php\/accion-urgente-argentina-mujer-desaparecida-en-medio-de-un-posible-feminicidio\/#webpage\",\"url\":\"https:\/\/amnistia.org.mx\/contenido\/index.php\/accion-urgente-argentina-mujer-desaparecida-en-medio-de-un-posible-feminicidio\/\",\"name\":\"Acci\\u00f3n Urgente Argentina: Mujer desaparecida en medio de un posible feminicidio\",\"isPartOf\":{\"@id\":\"https:\/\/amnistia.org.mx\/contenido\/#website\"},\"primaryImageOfPage\":{\"@id\":\"https:\/\/amnistia.org.mx\/contenido\/index.php\/accion-urgente-argentina-mujer-desaparecida-en-medio-de-un-posible-feminicidio\/#primaryimage\"},\"datePublished\":\"2023-07-07T20:01:59+00:00\",\"dateModified\":\"2023-07-07T21:54:11+00:00\",\"author\":{\"@id\":\"https:\/\/amnistia.org.mx\/contenido\/#\/schema\/person\/2d2b29996a9513767aea81f8ae57bdeb\"},\"description\":\"Amnist\\u00eda Internacional lanz\\u00f3 una acci\\u00f3n urgente global con el objetivo de impulsar a sus seguidores y activistas en m\\u00e1s de 160 pa\\u00edses a enviar cartas al equipo especial de fiscales que investigan la desaparici\\u00f3n y presunto femicidio de Cecilia Strzyzowksi, de 28 a\\u00f1os, de quien nada se sabe desde el 1 de junio pasado.\",\"breadcrumb\":{\"@id\":\"https:\/\/amnistia.org.mx\/contenido\/index.php\/accion-urgente-argentina-mujer-desaparecida-en-medio-de-un-posible-feminicidio\/#breadcrumb\"},\"inLanguage\":\"es-MX\",\"potentialAction\":[{\"@type\":\"ReadAction\",\"target\":[\"https:\/\/amnistia.org.mx\/contenido\/index.php\/accion-urgente-argentina-mujer-desaparecida-en-medio-de-un-posible-feminicidio\/\"]}]},{\"@type\":\"BreadcrumbList\",\"@id\":\"https:\/\/amnistia.org.mx\/contenido\/index.php\/accion-urgente-argentina-mujer-desaparecida-en-medio-de-un-posible-feminicidio\/#breadcrumb\",\"itemListElement\":[{\"@type\":\"ListItem\",\"position\":1,\"item\":{\"@type\":\"WebPage\",\"@id\":\"https:\/\/amnistia.org.mx\/contenido\/\",\"url\":\"https:\/\/amnistia.org.mx\/contenido\/\",\"name\":\"Home\"}},{\"@type\":\"ListItem\",\"position\":2,\"item\":{\"@type\":\"WebPage\",\"@id\":\"https:\/\/amnistia.org.mx\/contenido\/index.php\/accion-urgente-argentina-mujer-desaparecida-en-medio-de-un-posible-feminicidio\/\",\"url\":\"https:\/\/amnistia.org.mx\/contenido\/index.php\/accion-urgente-argentina-mujer-desaparecida-en-medio-de-un-posible-feminicidio\/\",\"name\":\"Acci\\u00f3n Urgente Argentina: Mujer desaparecida en medio de un posible feminicidio\"}}]},{\"@type\":[\"Person\"],\"@id\":\"https:\/\/amnistia.org.mx\/contenido\/#\/schema\/person\/2d2b29996a9513767aea81f8ae57bdeb\",\"name\":\"Carolina Flores\",\"image\":{\"@type\":\"ImageObject\",\"@id\":\"https:\/\/amnistia.org.mx\/contenido\/#personlogo\",\"inLanguage\":\"es-MX\",\"url\":\"https:\/\/secure.gravatar.com\/avatar\/e2d29811923c60594035966b365ce272?s=96&d=mm&r=g\",\"caption\":\"Carolina Flores\"}}]}<\/script>\n<!-- \/ Yoast SEO plugin. -->","_links":{"self":[{"href":"https:\/\/amnistia.org.mx\/contenido\/index.php\/wp-json\/wp\/v2\/posts\/25010"}],"collection":[{"href":"https:\/\/amnistia.org.mx\/contenido\/index.php\/wp-json\/wp\/v2\/posts"}],"about":[{"href":"https:\/\/amnistia.org.mx\/contenido\/index.php\/wp-json\/wp\/v2\/types\/post"}],"author":[{"embeddable":true,"href":"https:\/\/amnistia.org.mx\/contenido\/index.php\/wp-json\/wp\/v2\/users\/8"}],"replies":[{"embeddable":true,"href":"https:\/\/amnistia.org.mx\/contenido\/index.php\/wp-json\/wp\/v2\/comments?post=25010"}],"version-history":[{"count":3,"href":"https:\/\/amnistia.org.mx\/contenido\/index.php\/wp-json\/wp\/v2\/posts\/25010\/revisions"}],"predecessor-version":[{"id":25015,"href":"https:\/\/amnistia.org.mx\/contenido\/index.php\/wp-json\/wp\/v2\/posts\/25010\/revisions\/25015"}],"wp:featuredmedia":[{"embeddable":true,"href":"https:\/\/amnistia.org.mx\/contenido\/index.php\/wp-json\/wp\/v2\/media\/25012"}],"wp:attachment":[{"href":"https:\/\/amnistia.org.mx\/contenido\/index.php\/wp-json\/wp\/v2\/media?parent=25010"}],"wp:term":[{"taxonomy":"category","embeddable":true,"href":"https:\/\/amnistia.org.mx\/contenido\/index.php\/wp-json\/wp\/v2\/categories?post=25010"},{"taxonomy":"post_tag","embeddable":true,"href":"https:\/\/amnistia.org.mx\/contenido\/index.php\/wp-json\/wp\/v2\/tags?post=25010"}],"curies":[{"name":"wp","href":"https:\/\/api.w.org\/{rel}","templated":true}]}}