
{"id":25168,"date":"2023-07-25T14:34:50","date_gmt":"2023-07-25T19:34:50","guid":{"rendered":"https:\/\/amnistia.org.mx\/contenido\/?p=25168"},"modified":"2023-07-25T14:34:50","modified_gmt":"2023-07-25T19:34:50","slug":"nueve-mujeres-y-colectivas-afrolatinas-y-afrocaribenas-que-dedican-sus-vidas-a-la-lucha-por-la-justicia","status":"publish","type":"post","link":"https:\/\/amnistia.org.mx\/contenido\/index.php\/nueve-mujeres-y-colectivas-afrolatinas-y-afrocaribenas-que-dedican-sus-vidas-a-la-lucha-por-la-justicia\/","title":{"rendered":"Nueve mujeres y colectivas Afrolatinas y Afrocaribe\u00f1as que dedican sus vidas a la lucha por la justicia"},"content":{"rendered":"\n<p>Cristhian Manuel Jim\u00e9nez*<\/p>\n\n\n\n<p>Hoy, 25 de julio, D\u00eda Internacional de la Mujer Afrolatina, Afrocaribe\u00f1a y de la Di\u00e1spora, Amnist\u00eda Internacional destaca a nueve defensoras y colectivos que dedican sus vidas a poner fin a las desigualdades y la violencia, proponiendo modos de vivir que sean dignos para todas las personas.<\/p>\n\n\n\n<p>Estas defensoras son un ejemplo de miles de mujeres afrolatinas y caribe\u00f1as que lideran y participan en diversas luchas en busca de la justicia, la libertad de expresi\u00f3n, el cuidado de la tierra, el antirracismo, la protecci\u00f3n de personas refugiadas, la no discriminaci\u00f3n por orientaci\u00f3n sexual e identidad de g\u00e9nero, y otras causas justas y necesarias. Su trabajo merece el reconocimiento, la visibilidad, la protecci\u00f3n y los recursos necesarios para que se siga extendiendo y haciendo posible.<\/p>\n\n\n\n<p>Con\u00f3celas a continuaci\u00f3n:<\/p>\n\n\n\n<p><strong>Rede Vozes Negras pelo Clima, Brasil<\/strong><\/p>\n\n\n\n<p>La Rede Vozes Negras pelo Clima es una iniciativa conformada por 11 mujeres negras brasile\u00f1as, quienes trabajan en sus respectivos territorios para proteger los derechos humanos, enfrentar el racismo clim\u00e1tico y promover una justicia socioambiental antirracista. Pertenecen a comunidades <em>quilombolas<\/em>, tradicionales y ribere\u00f1as. Tambi\u00e9n son activistas y l\u00edderes de comunidades perif\u00e9ricas de grandes centros urbanos que se ven directamente afectadas por las consecuencias de la crisis clim\u00e1tica y los proyectos de desarrollo que no tienen en cuenta los derechos de las poblaciones locales.<\/p>\n\n\n\n<p>Entienden que no es posible elaborar pol\u00edticas de adaptaci\u00f3n, mitigaci\u00f3n, compensaci\u00f3n y reparaci\u00f3n de los territorios vulnerables a la crisis clim\u00e1tica, sin la presencia de las personas m\u00e1s afectadas por esta crisis. Es necesario escuchar esas voces y atender sus demandas para una respuesta global justa e inclusiva al cambio clim\u00e1tico.<\/p>\n\n\n\n<p>Por eso, luchan por pol\u00edticas de adaptaci\u00f3n antirracistas y una transici\u00f3n energ\u00e9tica que garantice la promoci\u00f3n de los derechos humanos y la naturaleza. Las iniciativas de mitigaci\u00f3n deben integrar los conocimientos y saberes ancestrales de los pueblos y comunidades tradicionales, as\u00ed como asegurar la participaci\u00f3n de las personas afectadas por eventos clim\u00e1ticos extremos en la toma de decisiones sobre inversiones en reparaci\u00f3n de p\u00e9rdidas y da\u00f1os.<\/p>\n\n\n\n<p><strong>Dayana Blanco Acendra, Colombia<\/strong><\/p>\n\n\n\n<figure class=\"wp-block-image aligncenter size-full\"><img decoding=\"async\" loading=\"lazy\" width=\"400\" height=\"530\" src=\"https:\/\/amnistia.org.mx\/contenido\/wp-content\/uploads\/2023\/07\/2-foto-ajustada.jpg\" alt=\"\" class=\"wp-image-25174\"\/><\/figure>\n\n\n\n<p>Dayana Blanco, reconocida abogada colombiana, lidera <a href=\"https:\/\/ilexaccionjuridica.org\/\" target=\"_blank\" rel=\"noreferrer noopener\">ILEX Acci\u00f3n Jur\u00eddica<\/a>, una organizaci\u00f3n afrocolombiana y afro LGBTQI+ comprometida con la justicia racial en Colombia, Latinoam\u00e9rica y el Caribe. Seg\u00fan Blanco, &#8220;la justicia racial en Colombia exige el compromiso de toda la sociedad para combatir la desigualdad hist\u00f3rica que ha afectado a la poblaci\u00f3n afrodescendiente. Esto implica acciones para abordar la desigualdad social y econ\u00f3mica&#8221;.<\/p>\n\n\n\n<p>Con una destacada formaci\u00f3n acad\u00e9mica y experiencia en diferentes sectores, Dayana ha impulsado investigaciones innovadoras sobre violencia policial racista, invisibilidad estad\u00edstica en la sistematizaci\u00f3n de violencias contra liderazgos afrodescendientes y derechos econ\u00f3micos y sociales. Adem\u00e1s, junto con su equipo y articulando esfuerzos con otras organizaciones de la sociedad civil, ha obtenido sentencias notables en defensa de la parter\u00eda afrocolombiana, la superaci\u00f3n de la invisibilidad estad\u00edstica de la poblaci\u00f3n afrodescendiente, entre otras, demostrando su dedicaci\u00f3n en la lucha por la igualdad y la justicia.<\/p>\n\n\n\n<p>Bajo su liderazgo, ILEX se ha convertido en un referente en la promoci\u00f3n de los derechos de la poblaci\u00f3n afrodescendiente, mediante la movilizaci\u00f3n legal, la investigaci\u00f3n y las comunicaciones estrat\u00e9gicas. Dayana y su equipo destacan la importancia de abordar la desigualdad social y econ\u00f3mica como parte fundamental de la justicia racial en Colombia, haciendo un llamado a toda la sociedad para unirse en esta lucha y construir un futuro m\u00e1s equitativo para todos.<\/p>\n\n\n\n<p><strong>Donaida P\u00e9rez Paseiro, Cuba<\/strong><\/p>\n\n\n\n<figure class=\"wp-block-image aligncenter size-full\"><img decoding=\"async\" loading=\"lazy\" width=\"700\" height=\"392\" src=\"https:\/\/amnistia.org.mx\/contenido\/wp-content\/uploads\/2023\/07\/3-foto-ajustada.jpg\" alt=\"\" class=\"wp-image-25177\"\/><\/figure>\n\n\n\n<p>Donaida P\u00e9rez Paseiro es una activista negra, lideresa religiosa y presidenta de la Asociaci\u00f3n Yorubas Libres de Cuba. Yoruba es una religi\u00f3n de la di\u00e1spora africana que se practica en muchos pa\u00edses, incluida Cuba. Donaida fue detenida el 16 de julio de 2021 y condenada a ocho a\u00f1os de prisi\u00f3n por el Tribunal Municipal Popular de Santa Clara, en febrero de 2022, por &#8220;desorden p\u00fablico&#8221;, &#8220;desacato&#8221; y &#8220;atentado&#8221; contra un funcionario. De acuerdo con la informaci\u00f3n de que dispone Amnist\u00eda Internacional, Donaida nunca deber\u00eda haber sido acusada de estos delitos.<\/p>\n\n\n\n<p>Los cargos de &#8220;desacato&#8221; y &#8220;desorden p\u00fablico&#8221; se utilizan con frecuencia en Cuba para limitar el derecho a la libertad de expresi\u00f3n y de reuni\u00f3n pac\u00edfica. Tanto ella como su esposo, Loreto Hern\u00e1ndez Garc\u00eda, fueron juzgados junto con otros catorce manifestantes en lo que parece haber sido un juicio injusto.<\/p>\n\n\n\n<p>Donaida es la esposa del l\u00edder yoruba y activista Loreto Hern\u00e1ndez Garc\u00eda condenado injustamente a siete a\u00f1os de prisi\u00f3n por exigir respeto a los derechos humanos en Cuba en las manifestaciones del 11 de julio de 2021.<\/p>\n\n\n\n<p>Donaida es un ejemplo de valent\u00eda y perseverancia en la resistencia contra la represi\u00f3n en Cuba. Su compromiso se ha manifestado en numerosas marchas pac\u00edficas y protestas. Seg\u00fan su familia, fue periodista independiente y fund\u00f3 la agencia de prensa Laurel Express, donde dio visibilidad a las injusticias y desaf\u00edos que enfrenta su comunidad en la ciudad Placetas. Su activismo abarca m\u00faltiples esferas, habiendo sido miembra del frente de resistencia de Orlando Zapata Tamayo y de la coalici\u00f3n central opositora. El legado de Donaida trasciende fronteras y deja una profunda inspiraci\u00f3n en aquellos que buscan una Cuba sin represi\u00f3n.<\/p>\n\n\n\n<p><strong>Guerline M. Jozef, Hait\u00ed<\/strong><\/p>\n\n\n\n<figure class=\"wp-block-image aligncenter size-full\"><img decoding=\"async\" loading=\"lazy\" width=\"400\" height=\"504\" src=\"https:\/\/amnistia.org.mx\/contenido\/wp-content\/uploads\/2023\/07\/4-foto.jpg\" alt=\"\" class=\"wp-image-25180\"\/><\/figure>\n\n\n\n<p>Guerline M. Jozef es fundadora y directora ejecutiva de Haitian Bride Alliance, la \u00fanica organizaci\u00f3n dirigida por mujeres Negras y Haitianas que presta servicios a personas migrantes a ambos lados de la frontera entre Estados Unidos y M\u00e9xico. Nombrada una de las personas m\u00e1s influyentes en 2021 en cuestiones raciales por Politico, tambi\u00e9n es cofundadora del Black Immigrants Bail Fund y de la Cameroon Advocacy Network.<\/p>\n\n\n\n<p>Haitian Bridge Alliance (HBA), tambi\u00e9n conocida como &#8220;el Puente&#8221;, es una organizaci\u00f3n comunitaria de base que aboga por pol\u00edticas de inmigraci\u00f3n justas y humanas y proporciona a migrantes e inmigrantes servicios humanitarios, jur\u00eddicos y sociales, con especial atenci\u00f3n a las personas migrantes Negras, la comunidad haitiana, las mujeres y las ni\u00f1as, las personas LGBTQIA+ y las supervivientes de tortura y otros abusos contra los derechos humanos. HBA tambi\u00e9n trata de poner de relieve los problemas espec\u00edficos de las personas migrantes Negras y fomenta la solidaridad y el movimiento colectivo para cambiar las pol\u00edticas. \u00a1Anpil men, chay pa lou! \u00a1Muchas manos aligeran la carga!<\/p>\n\n\n\n<p><strong>Miriam Miranda, Honduras<\/strong><\/p>\n\n\n\n<figure class=\"wp-block-image aligncenter size-full\"><img decoding=\"async\" loading=\"lazy\" width=\"650\" height=\"433\" src=\"https:\/\/amnistia.org.mx\/contenido\/wp-content\/uploads\/2023\/07\/5-foto-ajustada-1.jpg\" alt=\"\" class=\"wp-image-25182\"\/><\/figure>\n\n\n\n<p>Lideresa afro ind\u00edgena gar\u00edfuna hondure\u00f1a, Miriam Miranda se destaca como una valiente defensora de los derechos humanos y ambientales. Como coordinadora de la Organizaci\u00f3n Fraternal Negra Hondure\u00f1a (OFRANEH), ha llevado a cabo un trabajo invaluable en la protecci\u00f3n y defensa de los derechos del pueblo gar\u00edfuna en Honduras. Su labor incansable, su lucidez y compromiso le han valido el reconocimiento de prestigiosos premios, como el de la Fundaci\u00f3n Friedrich Ebert, as\u00ed como los premios Carlos Escaleras y Oscar Romero.<\/p>\n\n\n\n<p>La lucha de Miriam tiene sus ra\u00edces profundamente arraigadas en el territorio gar\u00edfuna de Honduras y se manifiesta a trav\u00e9s de la historia de OFRANEH, una organizaci\u00f3n con la que este pueblo construye su dignidad y su futuro. La tierra y el mar como parte esencial de su identidad determinan una lucha esencia por preservar los bienes naturales de su territorio.<\/p>\n\n\n\n<p>Miriam es una pensadora y lideresa muy respetada dentro del movimiento social. Tiene una enorme capacidad para devorar libros y movilizar energ\u00edas de todos los lados para defender a su pueblo. Es una de esas personas que hacen posible la vida, cuyas palabras siempre apuntan hacia adelante y encuentran fuerza en las ra\u00edces profundas de su origen, donde naci\u00f3 su futuro de libertad. Como hija de Barauda (la representante de la fuerza femenina garifuna, <a href=\"https:\/\/jenchibi.artstation.com\/projects\/L3brNK\" target=\"_blank\" rel=\"noreferrer noopener\">Barauda<\/a> es un personaje hist\u00f3rico que empuj\u00f3 al h\u00e9roe garifuna Sathuye a continuar en la lucha por la liberaci\u00f3n de su pueblo). Miriam ha dirigido su mirada cr\u00edtica hacia el origen de todo: la depredadora civilizaci\u00f3n del consumismo.<\/p>\n\n\n\n<p>Su trabajo incansable y su valent\u00eda inspiran a otros a seguir luchando. Su contribuci\u00f3n y liderazgo ya han dejado una huella imborrable en la historia de Honduras y en las luchas globales por el territorio.<\/p>\n\n\n\n<p><strong>Shackelia Jackson, Jamaica<\/strong><\/p>\n\n\n\n<figure class=\"wp-block-image aligncenter size-full\"><img decoding=\"async\" loading=\"lazy\" width=\"400\" height=\"510\" src=\"https:\/\/amnistia.org.mx\/contenido\/wp-content\/uploads\/2023\/07\/6-foto-ajustada.jpg\" alt=\"\" class=\"wp-image-25183\"\/><\/figure>\n\n\n\n<p>El asesinato extrajudicial de su hermano Nakiea Jackson en 2014 empuj\u00f3 a Shackelia Jackson a una vida de activismo. Desde entonces ha ido sanando, evolucionando, aprendiendo y reuniendo las herramientas para conciliar sus realidades conflictivas. Estudiosa de las ciencias pol\u00edticas y comunicadora, Shackelia es madre de un ni\u00f1o emp\u00e1tico, cuya inocencia anhela para experimentar el mundo. A pesar de los retos y contratiempos, Shackelia sigue dedicada a la lucha en general, apoyando causas que frenan la institucionalizaci\u00f3n y normalizaci\u00f3n de pr\u00e1cticas que violan los derechos humanos y erosionan el car\u00e1cter sagrado de la vida.<\/p>\n\n\n\n<p>A trav\u00e9s de sus esfuerzos organizativos de base en Jamaica, recaud\u00f3 fondos para apoyar iniciativas de vuelta a la escuela y programas educativos, reconociendo la importancia de capacitar a la generaci\u00f3n m\u00e1s joven. El trabajo de Shackelia fue mucho m\u00e1s all\u00e1 de su comunidad local. Se convirti\u00f3 en una fuerza global, prestando su voz y su experiencia a plataformas internacionales. Como oradora principal en un evento de Amnist\u00eda Internacional en Londres, cautiv\u00f3 al p\u00fablico con sus poderosas palabras, inst\u00e1ndoles a levantarse y pasar a la acci\u00f3n. Shackelia tambi\u00e9n particip\u00f3 en 2017 en mesas redondas en actos de Amnist\u00eda Internacional en <a href=\"https:\/\/www.youtube.com\/watch?v=4u1u1_x5heM\" target=\"_blank\" rel=\"noreferrer noopener\">Brasil<\/a> y <a href=\"https:\/\/amnestyusa.medium.com\/us-collaboration-with-sisters-seeking-justice-for-police-killings-in-jamaica-1749da9509d5\" target=\"_blank\" rel=\"noreferrer noopener\">Estados Unidos<\/a>, amplificando las voces de los oprimidos y exigiendo responsabilidades.<\/p>\n\n\n\n<p>En medio de su viaje, Shackelia se dio cuenta de que el cambio empieza por cada persona. Anim\u00f3 a los dem\u00e1s a que se unieran a ella escribiendo por los derechos, y que utilizaran sus palabras como armas contra la injusticia. &#8220;Escribamos hasta que se nos escuche, escribamos hasta que se haga justicia&#8221;, declar\u00f3.<\/p>\n\n\n\n<p><strong>Ivana C. Fred Mill\u00e1n, Puerto Rico<\/strong><\/p>\n\n\n\n<figure class=\"wp-block-image aligncenter size-full\"><img decoding=\"async\" loading=\"lazy\" width=\"400\" height=\"450\" src=\"https:\/\/amnistia.org.mx\/contenido\/wp-content\/uploads\/2023\/07\/7-foto-ajustada-2.jpg\" alt=\"\" class=\"wp-image-25186\"\/><\/figure>\n\n\n\n<p>Ivana Fred es una destacada activista negra y transg\u00e9nero, escritora y l\u00edder de Puerto Rico. Ha dedicado su vida a luchar por los derechos humanos y la igualdad de las personas transg\u00e9nero en su pa\u00eds. Su pasi\u00f3n por la justicia ha hecho de ella una figura influyente y una voz poderosa en la sociedad puertorrique\u00f1a.<\/p>\n\n\n\n<p>Desde sus primeros pasos en el activismo en 1999, Ivana ha sido parte de proyectos pioneros dirigidos a las personas trans y ha utilizado su voz y su pluma para amplificar las historias y las necesidades de la poblaci\u00f3n trans.<\/p>\n\n\n\n<p>Como ella misma dice: &#8220;La vida me puso en un espacio donde pude desarrollarme como l\u00edder, el proyecto &#8216;Ponte el Sombrero&#8217; me brind\u00f3 las herramientas para poder empoderar y educar a las poblaciones discriminadas en desventaja social. Desde ah\u00ed entend\u00ed que existir es resistir&#8221;.<\/p>\n\n\n\n<p>Ivana tambi\u00e9n ha dejado una huella en los medios de comunicaci\u00f3n, escribiendo para el peri\u00f3dico Metro y participando en documentales y pel\u00edculas aclamadas como &#8220;Mala Mala&#8221; y &#8220;Las Muchachas&#8221;. Su presencia y perspectiva han ayudado a generar mayor visibilidad y comprensi\u00f3n de las experiencias transg\u00e9nero en Puerto Rico.<\/p>\n\n\n\n<p>Actualmente, Ivana Fred es una de las directoras de la organizaci\u00f3n Trans Goofy Games, donde contin\u00faa liderando y apoyando iniciativas que promueven la inclusi\u00f3n y el empoderamiento de las personas transg\u00e9nero. Con un compromiso inquebrantable, Ivana se ha mantenido como una l\u00edder visible y una fiel militante. Desde sus inicios en el activismo hasta el d\u00eda de hoy, su voz no ha dejado de alzarse en la b\u00fasqueda dignidad y respeto para todas las personas transg\u00e9nero.<\/p>\n\n\n\n<p>Con su valent\u00eda y determinaci\u00f3n, Ivana ha demostrado que existir es resistir y ha allanado el camino para un futuro m\u00e1s inclusivo y respetuoso en Puerto Rico y m\u00e1s all\u00e1. Su legado como l\u00edder visible y su incansable activismo inspiran a todos a seguir luchando por un mundo donde todos puedan vivir con igualdad y dignidad.<\/p>\n\n\n\n<p><strong>Elena Lorac, Rep\u00fablica Dominicana<\/strong><\/p>\n\n\n\n<figure class=\"wp-block-image aligncenter size-full\"><img decoding=\"async\" loading=\"lazy\" width=\"400\" height=\"560\" src=\"https:\/\/amnistia.org.mx\/contenido\/wp-content\/uploads\/2023\/07\/8-foto-ajustada.jpg\" alt=\"\" class=\"wp-image-25187\"\/><\/figure>\n\n\n\n<p>Elena Lorac es una destacada activista y defensora de los derechos humanos en la Rep\u00fablica Dominicana, especialmente para las personas dominicanas de ascendencia haitiana. Como coordinadora nacional del Movimiento Reconoci.do, ha liderado la lucha por el derecho a la nacionalidad y la integraci\u00f3n plena de esta comunidad en la sociedad dominicana.<\/p>\n\n\n\n<p>Con m\u00e1s de 12 a\u00f1os de experiencia, Elena ha trabajado en el fortalecimiento de liderazgos comunitarios y el empoderamiento de mujeres negras en los bateyes del pa\u00eds. Adem\u00e1s, brinda apoyo a migrantes haitianos, venezolanos y personas refugiadas, destac\u00e1ndose por su enfoque comunitario.<\/p>\n\n\n\n<p>Elena tambi\u00e9n es reconocida a nivel nacional e internacional como conferencista, abordando temas como la nacionalidad, la discriminaci\u00f3n y el racismo, generando conciencia sobre las pol\u00edticas que afectan a las personas dominicanas de ascendencia haitiana en la Rep\u00fablica Dominicana. Su incansable labor ha sido fundamental para promover los derechos humanos y lograr la inclusi\u00f3n real de esta comunidad en la sociedad dominicana.<\/p>\n\n\n\n<p><strong>Aracelis S\u00e1nchez, Venezuela<\/strong><\/p>\n\n\n\n<figure class=\"wp-block-image aligncenter size-full\"><img decoding=\"async\" loading=\"lazy\" width=\"600\" height=\"399\" src=\"https:\/\/amnistia.org.mx\/contenido\/wp-content\/uploads\/2023\/07\/9-foto-ajustada-1.jpg\" alt=\"\" class=\"wp-image-25189\"\/><\/figure>\n\n\n\n<p>Aracelis S\u00e1nchez, defensora de derechos humanos y fundadora de la Organizaci\u00f3n de Familiares de V\u00edctimas de Violaci\u00f3n de Derechos Humanos (Orfavideh), impulsa la solidaridad y exige justicia junto a m\u00e1s de 200 madres de v\u00edctimas de ejecuciones extrajudiciales en Venezuela.<\/p>\n\n\n\n<p>Aracelis, quien perdi\u00f3 a su hijo Darwilson Sequera, lleva m\u00e1s de 10 a\u00f1os luchando por investigar los casos de violaciones de derechos humanos cometidos por las fuerzas de seguridad del Estado venezolano. Orfavideh brinda talleres de formaci\u00f3n en derechos humanos a las madres, proporcionando herramientas para exigir garant\u00edas y utilizar los mecanismos de justicia en Venezuela.<\/p>\n\n\n\n<p>Aracelis destaca que cuando las v\u00edctimas se empoderan y presionan a los fiscales, sus casos son investigados. Cree que es esencial brindar apoyo y empoderamiento para transformar el dolor en acciones positivas y lograr justicia para las v\u00edctimas y sus familias.<\/p>\n\n\n\n<p><strong>*<\/strong>Cristhian Manuel Jim\u00e9nez es el encargado de campa\u00f1as para el Caribe de Amnist\u00eda Internacional<\/p>\n","protected":false},"excerpt":{"rendered":"<p>Cristhian Manuel Jim\u00e9nez* Hoy, 25 de julio, D\u00eda Internacional de la Mujer Afrolatina, Afrocaribe\u00f1a y de la Di\u00e1spora, Amnist\u00eda Internacional destaca a nueve defensoras y colectivos que dedican sus vidas &hellip;<\/p>\n<p class=\"read-more\"> <a class=\"\" href=\"https:\/\/amnistia.org.mx\/contenido\/index.php\/nueve-mujeres-y-colectivas-afrolatinas-y-afrocaribenas-que-dedican-sus-vidas-a-la-lucha-por-la-justicia\/\"> <span class=\"screen-reader-text\">Nueve mujeres y colectivas Afrolatinas y Afrocaribe\u00f1as que dedican sus vidas a la lucha por la justicia<\/span> Leer m\u00e1s &raquo;<\/a><\/p>\n","protected":false},"author":4,"featured_media":25172,"comment_status":"closed","ping_status":"closed","sticky":false,"template":"","format":"standard","meta":{"_uf_show_specific_survey":0,"_uf_disable_surveys":false,"site-sidebar-layout":"default","site-content-layout":"default","ast-global-header-display":"","ast-main-header-display":"","ast-hfb-above-header-display":"","ast-hfb-below-header-display":"","ast-hfb-mobile-header-display":"","site-post-title":"","ast-breadcrumbs-content":"","ast-featured-img":"","footer-sml-layout":"","theme-transparent-header-meta":"","adv-header-id-meta":"","stick-header-meta":"","header-above-stick-meta":"","header-main-stick-meta":"","header-below-stick-meta":""},"categories":[9],"tags":[],"acf":[],"aioseo_notices":[],"yoast_head":"<!-- This site is optimized with the Yoast SEO plugin v14.5 - https:\/\/yoast.com\/wordpress\/plugins\/seo\/ -->\n<title>Nueve mujeres y colectivas Afrolatinas y Afrocaribe\u00f1as que dedican sus vidas a la lucha por la justicia - amnistia.org.mx<\/title>\n<meta name=\"description\" content=\"Amnist\u00eda Internacional destaca nueve defensoras y colectivas afrolatinas y afrocaribe\u00f1as dedicadas a poner fin a las desigualdades y la violencia.\" \/>\n<meta name=\"robots\" content=\"index, follow\" \/>\n<meta name=\"googlebot\" content=\"index, follow, max-snippet:-1, max-image-preview:large, max-video-preview:-1\" \/>\n<meta name=\"bingbot\" content=\"index, follow, max-snippet:-1, max-image-preview:large, max-video-preview:-1\" \/>\n<link rel=\"canonical\" href=\"https:\/\/amnistia.org.mx\/contenido\/index.php\/nueve-mujeres-y-colectivas-afrolatinas-y-afrocaribenas-que-dedican-sus-vidas-a-la-lucha-por-la-justicia\/\" \/>\n<meta property=\"og:locale\" content=\"es_MX\" \/>\n<meta property=\"og:type\" content=\"article\" \/>\n<meta property=\"og:title\" content=\"Nueve mujeres y colectivas Afrolatinas y Afrocaribe\u00f1as que dedican sus vidas a la lucha por la justicia - amnistia.org.mx\" \/>\n<meta property=\"og:description\" content=\"Amnist\u00eda Internacional destaca nueve defensoras y colectivas afrolatinas y afrocaribe\u00f1as dedicadas a poner fin a las desigualdades y la violencia.\" \/>\n<meta property=\"og:url\" content=\"https:\/\/amnistia.org.mx\/contenido\/index.php\/nueve-mujeres-y-colectivas-afrolatinas-y-afrocaribenas-que-dedican-sus-vidas-a-la-lucha-por-la-justicia\/\" \/>\n<meta property=\"og:site_name\" content=\"amnistia.org.mx\" \/>\n<meta property=\"article:published_time\" content=\"2023-07-25T19:34:50+00:00\" \/>\n<meta property=\"og:image\" content=\"https:\/\/amnistia.org.mx\/contenido\/wp-content\/uploads\/2023\/07\/1-foto-ajustada-1.jpg\" \/>\n\t<meta property=\"og:image:width\" content=\"800\" \/>\n\t<meta property=\"og:image:height\" content=\"408\" \/>\n<meta name=\"twitter:card\" content=\"summary_large_image\" \/>\n<script type=\"application\/ld+json\" class=\"yoast-schema-graph\">{\"@context\":\"https:\/\/schema.org\",\"@graph\":[{\"@type\":\"WebSite\",\"@id\":\"https:\/\/amnistia.org.mx\/contenido\/#website\",\"url\":\"https:\/\/amnistia.org.mx\/contenido\/\",\"name\":\"amnistia.org.mx\",\"description\":\"Nueva p\\u00e1gina de Amnist\\u00eda\",\"potentialAction\":[{\"@type\":\"SearchAction\",\"target\":\"https:\/\/amnistia.org.mx\/contenido\/?s={search_term_string}\",\"query-input\":\"required name=search_term_string\"}],\"inLanguage\":\"es-MX\"},{\"@type\":\"ImageObject\",\"@id\":\"https:\/\/amnistia.org.mx\/contenido\/index.php\/nueve-mujeres-y-colectivas-afrolatinas-y-afrocaribenas-que-dedican-sus-vidas-a-la-lucha-por-la-justicia\/#primaryimage\",\"inLanguage\":\"es-MX\",\"url\":\"https:\/\/amnistia.org.mx\/contenido\/wp-content\/uploads\/2023\/07\/1-foto-ajustada-1.jpg\",\"width\":800,\"height\":408},{\"@type\":\"WebPage\",\"@id\":\"https:\/\/amnistia.org.mx\/contenido\/index.php\/nueve-mujeres-y-colectivas-afrolatinas-y-afrocaribenas-que-dedican-sus-vidas-a-la-lucha-por-la-justicia\/#webpage\",\"url\":\"https:\/\/amnistia.org.mx\/contenido\/index.php\/nueve-mujeres-y-colectivas-afrolatinas-y-afrocaribenas-que-dedican-sus-vidas-a-la-lucha-por-la-justicia\/\",\"name\":\"Nueve mujeres y colectivas Afrolatinas y Afrocaribe\\u00f1as que dedican sus vidas a la lucha por la justicia - amnistia.org.mx\",\"isPartOf\":{\"@id\":\"https:\/\/amnistia.org.mx\/contenido\/#website\"},\"primaryImageOfPage\":{\"@id\":\"https:\/\/amnistia.org.mx\/contenido\/index.php\/nueve-mujeres-y-colectivas-afrolatinas-y-afrocaribenas-que-dedican-sus-vidas-a-la-lucha-por-la-justicia\/#primaryimage\"},\"datePublished\":\"2023-07-25T19:34:50+00:00\",\"dateModified\":\"2023-07-25T19:34:50+00:00\",\"author\":{\"@id\":\"https:\/\/amnistia.org.mx\/contenido\/#\/schema\/person\/7db421c495688267ce8ede4625c17fa5\"},\"description\":\"Amnist\\u00eda Internacional destaca nueve defensoras y colectivas afrolatinas y afrocaribe\\u00f1as dedicadas a poner fin a las desigualdades y la violencia.\",\"breadcrumb\":{\"@id\":\"https:\/\/amnistia.org.mx\/contenido\/index.php\/nueve-mujeres-y-colectivas-afrolatinas-y-afrocaribenas-que-dedican-sus-vidas-a-la-lucha-por-la-justicia\/#breadcrumb\"},\"inLanguage\":\"es-MX\",\"potentialAction\":[{\"@type\":\"ReadAction\",\"target\":[\"https:\/\/amnistia.org.mx\/contenido\/index.php\/nueve-mujeres-y-colectivas-afrolatinas-y-afrocaribenas-que-dedican-sus-vidas-a-la-lucha-por-la-justicia\/\"]}]},{\"@type\":\"BreadcrumbList\",\"@id\":\"https:\/\/amnistia.org.mx\/contenido\/index.php\/nueve-mujeres-y-colectivas-afrolatinas-y-afrocaribenas-que-dedican-sus-vidas-a-la-lucha-por-la-justicia\/#breadcrumb\",\"itemListElement\":[{\"@type\":\"ListItem\",\"position\":1,\"item\":{\"@type\":\"WebPage\",\"@id\":\"https:\/\/amnistia.org.mx\/contenido\/\",\"url\":\"https:\/\/amnistia.org.mx\/contenido\/\",\"name\":\"Home\"}},{\"@type\":\"ListItem\",\"position\":2,\"item\":{\"@type\":\"WebPage\",\"@id\":\"https:\/\/amnistia.org.mx\/contenido\/index.php\/nueve-mujeres-y-colectivas-afrolatinas-y-afrocaribenas-que-dedican-sus-vidas-a-la-lucha-por-la-justicia\/\",\"url\":\"https:\/\/amnistia.org.mx\/contenido\/index.php\/nueve-mujeres-y-colectivas-afrolatinas-y-afrocaribenas-que-dedican-sus-vidas-a-la-lucha-por-la-justicia\/\",\"name\":\"Nueve mujeres y colectivas Afrolatinas y Afrocaribe\\u00f1as que dedican sus vidas a la lucha por la justicia\"}}]},{\"@type\":[\"Person\"],\"@id\":\"https:\/\/amnistia.org.mx\/contenido\/#\/schema\/person\/7db421c495688267ce8ede4625c17fa5\",\"name\":\"Alejandro Ju\\u00e1rez Gamero\",\"image\":{\"@type\":\"ImageObject\",\"@id\":\"https:\/\/amnistia.org.mx\/contenido\/#personlogo\",\"inLanguage\":\"es-MX\",\"url\":\"https:\/\/secure.gravatar.com\/avatar\/e312d5566d1c3ffb56f86415d6f0e606?s=96&d=mm&r=g\",\"caption\":\"Alejandro Ju\\u00e1rez Gamero\"}}]}<\/script>\n<!-- \/ Yoast SEO plugin. -->","_links":{"self":[{"href":"https:\/\/amnistia.org.mx\/contenido\/index.php\/wp-json\/wp\/v2\/posts\/25168"}],"collection":[{"href":"https:\/\/amnistia.org.mx\/contenido\/index.php\/wp-json\/wp\/v2\/posts"}],"about":[{"href":"https:\/\/amnistia.org.mx\/contenido\/index.php\/wp-json\/wp\/v2\/types\/post"}],"author":[{"embeddable":true,"href":"https:\/\/amnistia.org.mx\/contenido\/index.php\/wp-json\/wp\/v2\/users\/4"}],"replies":[{"embeddable":true,"href":"https:\/\/amnistia.org.mx\/contenido\/index.php\/wp-json\/wp\/v2\/comments?post=25168"}],"version-history":[{"count":10,"href":"https:\/\/amnistia.org.mx\/contenido\/index.php\/wp-json\/wp\/v2\/posts\/25168\/revisions"}],"predecessor-version":[{"id":25192,"href":"https:\/\/amnistia.org.mx\/contenido\/index.php\/wp-json\/wp\/v2\/posts\/25168\/revisions\/25192"}],"wp:featuredmedia":[{"embeddable":true,"href":"https:\/\/amnistia.org.mx\/contenido\/index.php\/wp-json\/wp\/v2\/media\/25172"}],"wp:attachment":[{"href":"https:\/\/amnistia.org.mx\/contenido\/index.php\/wp-json\/wp\/v2\/media?parent=25168"}],"wp:term":[{"taxonomy":"category","embeddable":true,"href":"https:\/\/amnistia.org.mx\/contenido\/index.php\/wp-json\/wp\/v2\/categories?post=25168"},{"taxonomy":"post_tag","embeddable":true,"href":"https:\/\/amnistia.org.mx\/contenido\/index.php\/wp-json\/wp\/v2\/tags?post=25168"}],"curies":[{"name":"wp","href":"https:\/\/api.w.org\/{rel}","templated":true}]}}