
{"id":25446,"date":"2023-08-08T11:49:08","date_gmt":"2023-08-08T16:49:08","guid":{"rendered":"https:\/\/amnistia.org.mx\/contenido\/?p=25446"},"modified":"2023-08-08T14:12:47","modified_gmt":"2023-08-08T19:12:47","slug":"mexico-a-30-anos-de-que-se-empezaron-a-documentar-los-feminicidios-no-hay-justicia-para-las-familias-y-la-violencia-feminicida-abarca-ya-todo-el-pais","status":"publish","type":"post","link":"https:\/\/amnistia.org.mx\/contenido\/index.php\/mexico-a-30-anos-de-que-se-empezaron-a-documentar-los-feminicidios-no-hay-justicia-para-las-familias-y-la-violencia-feminicida-abarca-ya-todo-el-pais\/","title":{"rendered":"<strong>M\u00e9xico: A 30 a\u00f1os de que se empezaron a documentar los feminicidios, no hay justicia para las familias y la violencia feminicida abarca ya todo el pa\u00eds<\/strong>"},"content":{"rendered":"\t\t<div data-elementor-type=\"wp-post\" data-elementor-id=\"25446\" class=\"elementor elementor-25446\">\n\t\t\t\t\t\t\t\t\t<section class=\"elementor-section elementor-top-section elementor-element elementor-element-5c5f86cc elementor-section-boxed elementor-section-height-default elementor-section-height-default\" data-id=\"5c5f86cc\" data-element_type=\"section\">\n\t\t\t\t\t\t<div class=\"elementor-container elementor-column-gap-default\">\n\t\t\t\t\t<div class=\"elementor-column elementor-col-100 elementor-top-column elementor-element elementor-element-1ecec670\" data-id=\"1ecec670\" data-element_type=\"column\">\n\t\t\t<div class=\"elementor-widget-wrap elementor-element-populated\">\n\t\t\t\t\t\t\t\t<div class=\"elementor-element elementor-element-683b3271 elementor-widget elementor-widget-text-editor\" data-id=\"683b3271\" data-element_type=\"widget\" data-widget_type=\"text-editor.default\">\n\t\t\t\t<div class=\"elementor-widget-container\">\n\t\t\t<style>\/*! elementor - v3.11.5 - 14-03-2023 *\/\n.elementor-widget-text-editor.elementor-drop-cap-view-stacked .elementor-drop-cap{background-color:#69727d;color:#fff}.elementor-widget-text-editor.elementor-drop-cap-view-framed .elementor-drop-cap{color:#69727d;border:3px solid;background-color:transparent}.elementor-widget-text-editor:not(.elementor-drop-cap-view-default) .elementor-drop-cap{margin-top:8px}.elementor-widget-text-editor:not(.elementor-drop-cap-view-default) .elementor-drop-cap-letter{width:1em;height:1em}.elementor-widget-text-editor .elementor-drop-cap{float:left;text-align:center;line-height:1;font-size:50px}.elementor-widget-text-editor .elementor-drop-cap-letter{display:inline-block}<\/style>\t\t\t\t<p><!-- wp:list --><\/p>\n<ul>\n<li style=\"list-style-type: none;\">\n<ul><!-- wp:list-item --><\/ul>\n<\/li>\n<\/ul>\n<p>\u00a0<\/p>\n<ul>\n<li style=\"list-style-type: none;\">\n<ul>\n<li>Madres de v\u00edctimas de feminicidio, OSCs y Amnist\u00eda Internacional efectuaron un acto emotivo para honrar a las v\u00edctimas de feminicidio en Cd. Ju\u00e1rez y Chihuahua<\/li>\n<\/ul>\n<\/li>\n<\/ul>\n<p><!-- \/wp:list-item --><\/p>\n<p><!-- \/wp:list --><\/p>\n<p><!-- wp:list --><\/p>\n<ul>\n<li style=\"list-style-type: none;\">\n<ul><!-- wp:list-item --><\/ul>\n<\/li>\n<\/ul>\n<p>\u00a0<\/p>\n<ul>\n<li style=\"list-style-type: none;\">\n<ul>\n<li>M\u00e9xico cuenta con leyes e instituciones para atender la violencia contra las mujeres pero no se aplican o no funcionan por ineficiencia, negligencia y falta de presupuestos<\/li>\n<\/ul>\n<\/li>\n<\/ul>\n<p><!-- \/wp:list-item --><\/p>\n<p><!-- \/wp:list --><\/p>\n<p><!-- wp:paragraph --><\/p>\n<p>A 30 a\u00f1os de que se empezaron a documentar los asesinatos de mujeres en Chihuahua y Ciudad Ju\u00e1rez, es lamentable que las familias de las v\u00edctimas a\u00fan no tengan acceso a la justicia. Adem\u00e1s, en estas tres d\u00e9cadas, la violencia se ha extendido de manera incontenible a todo el pa\u00eds. Tan solo en 2022 fueron asesinadas 3 mil 765 mujeres, es decir, diez mujeres pierden la vida cada d\u00eda en M\u00e9xico.<\/p>\n<p><!-- \/wp:paragraph --><\/p>\n<p><!-- wp:paragraph --><\/p>\n<p>Aunque en M\u00e9xico se cuenta con un importante entramado jur\u00eddico e institucional para prevenir y erradicar la violencia contra las mujeres, al que se suman incluso sentencias de la Suprema Corte de Justicia de la Naci\u00f3n (SCJN), que dictan claramente la forma en que se deben investigar los feminicidios, la falta de presupuesto, la ineficacia y negligencia de las autoridades impide su cabal aplicaci\u00f3n, con los resultados ya descritos.<\/p>\n<p><!-- \/wp:paragraph --><\/p>\n<p><!-- wp:paragraph --><\/p>\n<p>Lo anterior se destac\u00f3 en un acto conmemorativo y lleno de emotividad, efectuado hoy ante la emblem\u00e1tica Cruz de clavos ubicada en la Plaza Hidalgo, frente al Palacio de Gobierno de la ciudad de Chihuahua. En \u00e9l participaron madres de las v\u00edctimas de feminicidio de Ciudad Ju\u00e1rez y Chihuahua y organizaciones sociales, incluida Amnist\u00eda Internacional.<\/p>\n<p><!-- \/wp:paragraph --><\/p>\n<p><!-- wp:paragraph --><\/p>\n<p>El acto, organizado para honrar la memoria de las mujeres v\u00edctimas de feminicidio, se efectu\u00f3 a 30 a\u00f1os de que se empezaron a documentar los asesinatos de mujeres en Chihuahua y Ciudad Ju\u00e1rez, y a 20 a\u00f1os de que se public\u00f3 el informe global <a href=\"https:\/\/amnistia.org.mx\/documentos\/informes\/MuertesIntolerables_2_edicion.pdf\">M\u00e9xico: Muertes intolerables: diez a\u00f1os de desapariciones y asesinatos de mujeres en Ciudad Ju\u00e1rez y Chihuahua,<\/a> de Amnist\u00eda Internacional.<\/p>\n<p><!-- \/wp:paragraph --><\/p>\n<p><!-- wp:paragraph --><\/p>\n<p>En el mismo se reiter\u00f3 a una sola voz, como se ha hecho por d\u00e9cadas, la exigencia a las autoridades para que garanticen el acceso a la verdad, la justicia y la reparaci\u00f3n integral del da\u00f1o a las familias de las v\u00edctimas de feminicidio.<\/p>\n<p><!-- \/wp:paragraph --><\/p>\n<p><!-- wp:paragraph --><\/p>\n<p>Como parte de la ceremonia, la Directora Ejecutiva de Amnist\u00eda Internacional encendi\u00f3 una vela \u2013que es el s\u00edmbolo de Amnist\u00eda Internacional\u2013 para recordar a las v\u00edctimas de feminicidio en el estado y de todo el pa\u00eds y dio antecedentes del informe Muertes Intolerables, que contribuy\u00f3 a dar a conocer a nivel mundial los asesinatos de mujeres en Ciudad Ju\u00e1rez y en Chihuahua.<\/p>\n<p><!-- \/wp:paragraph --><\/p>\n<p><!-- wp:paragraph --><\/p>\n<p>\u201cCon emociones encontradas estamos aqu\u00ed nuevamente para acompa\u00f1ar los 30 a\u00f1os de intensa lucha protagonizada por las madres de las v\u00edctimas de feminicidio en Cd. Ju\u00e1rez y en Chihuahua. El gran amor por sus hijas les ha permitido sobrellevar el dolor de ese largo peregrinar, soportar un duelo que no pueden cerrar y sobreponerse a las dolencias f\u00edsicas para mantenerse firmes en su b\u00fasqueda de acceso a la justicia, la verdad y la reparaci\u00f3n integral del da\u00f1o\u201d, declar\u00f3 Edith Olivares Ferreto, Directora Ejecutiva de Amnist\u00eda Internacional M\u00e9xico.<\/p>\n<p><!-- \/wp:paragraph --><\/p>\n<p><!-- wp:paragraph --><\/p>\n<p>\u201cEste acto de conmemoraci\u00f3n lo hacemos ante la cruz de clavos, memorial que recuerda a diario a las autoridades su incapacidad para prevenir y erradicar la violencia contra las mujeres. Pese a que contamos con leyes e instituciones para prevenir y erradicar la violencia contra las mujeres los tres niveles de gobierno siguen siendo incapaces de cumplir con su obligaci\u00f3n de garantizarnos a las mujeres nuestra seguridad y nuestra vida. Es triste decirlo pero hoy M\u00e9xico se ha convertido en una Cd. Ju\u00e1rez\u201d, agreg\u00f3 Edith Olivares Ferreto.<\/p>\n<p><!-- \/wp:paragraph --><\/p>\n<p><!-- wp:paragraph --><\/p>\n<p>\u201cD\u00e9cadas atr\u00e1s, hacer visible el feminicidio signific\u00f3 enfrentar a todo un sistema que minimizaba las de mujeres, hoy uno de los principales obst\u00e1culos es la simulaci\u00f3n de las autoridades federales y estatales que se refleja, por ejemplo, en seguir contabilizando al feminicidio como homicidio doloso, en la falta de una pol\u00edtica real de prevenci\u00f3n y en la reducida asignaci\u00f3n presupuestal para erradicar la violencia de g\u00e9nero contra las ni\u00f1as, adolescentes y mujeres\u201d, declararon representantes del Movimiento Estatal de Mujeres Feministas.<\/p>\n<p><!-- \/wp:paragraph --><\/p>\n<p><!-- wp:paragraph --><\/p>\n<p>Precisaron que este movimiento \u2013que en sus or\u00edgenes fueron &#8220;las mujeres de negro&#8221;\u2013 \u201ccontinuar\u00e1 esta lucha emprendida hace 30 a\u00f1os, para seguir demandando a las autoridades de todos los niveles de gobierno, que nos garanticen a todas las mujeres una vida libre de violencia\u201d.<\/p>\n<p><!-- \/wp:paragraph --><\/p>\n<p><!-- wp:paragraph --><\/p>\n<p>Al acto conmemorativo asistieron, entre otras personas, Alma G\u00f3mez Caballero, moderadora del acto; Martha Graciela Ramos, quien rememor\u00f3 la lucha de las madres por obtener justicia; Martha Gonz\u00e1lez Renter\u00eda, encendi\u00f3 un tablero con el n\u00famero de asesinatos de mujeres en Chihuahua; Patricia Cervantes, de la Colectiva de Chihuahua; Carmen Castillo Salazar, de la Colectiva de Cd. Ju\u00e1rez y Lydia Cordero, quien habl\u00f3 de la situaci\u00f3n actual de la violencia contra las mujeres en Chihuahua.<\/p>\n<p><!-- \/wp:paragraph --><\/p>\n<p><!-- wp:paragraph --><\/p>\n<p>Al cierre del acto se interpret\u00f3 la canci\u00f3n \u201cNi una m\u00e1s\u201d y se coloc\u00f3 una ofrenda en la placa que recuerda a Marisela Escobedo.<\/p>\n<p><!-- \/wp:paragraph --><\/p>\n<p><!-- wp:paragraph --><\/p>\n<p><strong>Informaci\u00f3n de contexto<\/strong><\/p>\n<p><!-- \/wp:paragraph --><\/p>\n<p><!-- wp:paragraph --><\/p>\n<p>En el informe Muertes intolerables, publicado el 10 de agosto de 2003, Amnist\u00eda Internacional document\u00f3 la violencia extrema ejercida contra las mujeres en el estado; las irregularidades cometidas por las autoridades de Ciudad Ju\u00e1rez y Chihuahua al investigar los asesinatos de mujeres, as\u00ed como la violencia institucional contra las familias de las v\u00edctimas en su b\u00fasqueda de justicia.<\/p>\n<p><!-- \/wp:paragraph --><\/p>\n<p><!-- wp:paragraph --><\/p>\n<p>El documento da cuenta de la mala gesti\u00f3n que hicieron las autoridades de los lugares donde se cometieron los cr\u00edmenes, as\u00ed como de las pruebas; demoras injustificables en las investigaciones; falta de seguimiento de l\u00edneas de investigaci\u00f3n; ex\u00e1menes forenses mal practicados, falsificaci\u00f3n de pruebas y del inveros\u00edmil cuestionamiento de la conducta de las v\u00edctimas.<\/p>\n<p><!-- \/wp:paragraph --><\/p>\n<p><!-- wp:paragraph --><\/p>\n<p>Ante la ineficacia de las autoridades, las familias de las v\u00edctimas se involucraron en las investigaciones en un af\u00e1n desesperado porque se les hiciera justicia. Para ello invirtieron sus propios recursos, tiempo personal y de sus trabajos, adem\u00e1s de que su seguridad se violent\u00f3 por las amenazas de los agresores e incluso de las autoridades que investigaban sus casos.<\/p>\n<p><!-- \/wp:paragraph --><\/p>\n<p><!-- wp:paragraph --><\/p>\n<p>Un ejemplo de lo anterior es el caso de Marisela Escobedo, quien a ra\u00edz del feminicidio de su hija Rub\u00ed Marisol, en 2008, inici\u00f3 un intenso activismo en b\u00fasqueda de justicia. Marisela fue asesinada con toda impunidad el 16 de diciembre de 2010 a las puertas del Palacio de Gobierno de Chihuahua.<\/p>\n<p><!-- \/wp:paragraph --><\/p>\n<p><!-- wp:paragraph --><\/p>\n<p>Las irregularidades referidas persisten hoy como hace 30 a\u00f1os, pese a que en ese lapso se aprob\u00f3: la Ley General de Acceso de las Mujeres a una Vida Libre de Violencia \u2013que incluye el mecanismo de las Alertas de Violencia de G\u00e9nero\u2013 (2007); el Reglamento de la misma (2008); el Reglamento para el funcionamiento del Sistema Nacional para Prevenir, Atender, Sancionar y Erradicar la Violencia contra las Mujeres (2007); la Ley General de V\u00edctimas (2013); la Ley General para la Igualdad entre Mujeres y Hombres (2018) y la tipificaci\u00f3n del delito de feminicidio (a partir 2012).<\/p>\n<p><!-- \/wp:paragraph --><\/p>\n<p><!-- wp:paragraph --><\/p>\n<p>A ello se debe agregar tambi\u00e9n el establecimiento del concepto de feminicidio (2005) y la tipificaci\u00f3n del mismo (2007).<\/p>\n<p><!-- \/wp:paragraph --><\/p>\n<p><!-- wp:paragraph --><\/p>\n<p>Ese entramado jur\u00eddico dio lugar a la creaci\u00f3n de Fiscal\u00edas Especializadas para la Investigaci\u00f3n del Delito de Feminicidio; Polic\u00edas de G\u00e9nero y Centros de Justicia para las Mujeres y Mecanismos para el Adelanto de las Mujeres, que incluye institutos y secretar\u00edas de Estado.<\/p>\n<p><!-- \/wp:paragraph --><\/p>\n<p><!-- wp:paragraph --><\/p>\n<p><strong>Imparable violencia contra las mujeres<\/strong><\/p>\n<p><!-- \/wp:paragraph --><\/p>\n<p><!-- wp:paragraph --><\/p>\n<p>Pese a esos avances hoy no hay una sola entidad libre de violencia contra las mujeres. A nivel federal en <strong>2018<\/strong> hubo en el pa\u00eds 3 mil 678 asesinatos de mujeres (la cifra se compone de la suma de presuntas v\u00edctimas de feminicidio m\u00e1s presuntas v\u00edctimas de homicidio doloso); en <strong>2019<\/strong>, 3 mil 844; en <strong>2020<\/strong>, 3 mil 776; en <strong>2021<\/strong>, 3 mil 729; en <strong>2022<\/strong>, 3 mil 757 y en el periodo enero-junio de <strong>2023<\/strong>, la cifra asciende a 1 mil 728. Esto implica que diez mujeres mueren cada d\u00eda a consecuencia de la violencia. La informaci\u00f3n proviene del Secretariado Ejecutivo del Sistema Nacional de Seguridad P\u00fablica (SESNSP).<\/p>\n<p><!-- \/wp:paragraph --><\/p>\n<p><!-- wp:paragraph --><\/p>\n<p>Respecto de las llamadas de emergencia por incidentes de violencia contra las mujeres, en <strong>2018<\/strong> se recibieron 172 mil 210; en <strong>2019<\/strong>, 197 mil 693; en <strong>2020<\/strong>, 260 mil 067; en <strong>2021<\/strong> las cifra se incrementa a 291 mil 331 llamadas de emergencia; en <strong>2022<\/strong> a 339 mil 451 y en el periodo enero-mayo de <strong>2023<\/strong> es de 171, 340. De acuerdo con el SESNSP.<\/p>\n<p><!-- \/wp:paragraph --><\/p>\n<p><!-- wp:paragraph --><\/p>\n<p>Para el estado de <strong>Chihuahua<\/strong> el SESNSP reporta en el periodo <strong>enero-junio de 2023<\/strong> que del 1 de enero al 30 de junio del corriente a\u00f1o, 26 <strong>v\u00edctimas de feminicidios<\/strong>. Esta cifra ubica al estado en el puesto n\u00famero 6 de las 32 entidades federativas del pa\u00eds, lo cual es bastante alarmante.<\/p>\n<p><!-- \/wp:paragraph --><\/p>\n<p><!-- wp:paragraph --><\/p>\n<p>Respecto a los <strong>homicidios dolosos de mujeres<\/strong>, Chihuahua est\u00e1 en el 4to lugar a nivel federal con 100 v\u00edctimas en el primer semestre del a\u00f1o. En investigaciones por presuntos delitos de feminicidio se ubica en el 6to lugar con 24 carpetas abiertas en seis meses.<\/p>\n<p><!-- \/wp:paragraph --><\/p>\n<p><!-- wp:paragraph --><\/p>\n<p>Asimismo, en <strong>llamadas de emergencia<\/strong> relacionadas con incidentes de violencia contra la mujer, se ubica en el 3er lugar de 32 entidades federativas con 27 mil 979 llamadas.<\/p>\n<p><!-- \/wp:paragraph --><\/p>\n<p><!-- wp:paragraph --><\/p>\n<p>Cabe destacar tambi\u00e9n que la impunidad en el delito de feminicidio es de alrededor del 98 por ciento. Hoy, es triste y doloroso decirlo pero todo M\u00e9xico se ha convertido en una Ciudad Ju\u00e1rez.<\/p>\n<p><!-- \/wp:paragraph --><\/p>\n<p><!-- wp:paragraph --><\/p>\n<p><strong>M\u00e1s informaci\u00f3n<\/strong><\/p>\n<p><!-- \/wp:paragraph --><\/p>\n<p><!-- wp:paragraph --><\/p>\n<p>Informe <a href=\"https:\/\/www.amnesty.org\/es\/documents\/amr41\/027\/2003\/es\/\">M\u00e9xico: Muertes intolerables: diez a\u00f1os de desapariciones y asesinatos de mujeres en Ciudad Ju\u00e1rez y Chihuahua<\/a><\/p>\n<p><!-- \/wp:paragraph --><\/p>\n<p><!-- wp:paragraph --><\/p>\n<p>Informe <a href=\"https:\/\/amnistia.org.mx\/contenido\/index.php\/juicio-a-la-justicia\/\">Juicio a la Justicia. Deficiencias en las investigaciones penales de feminicidios precedidos de desaparici\u00f3n en el Estado de M\u00e9xico<\/a><\/p>\n<p><!-- \/wp:paragraph --><\/p>\n<p><!-- wp:paragraph --><\/p>\n<p><a href=\"https:\/\/www.sitios.scjn.gob.mx\/casascultura\/sites\/default\/files\/page\/documentos\/2020-06\/Sentencia%20AR%201284-2015_Karla%20Pontiogo%20Lucciotto.pdf\">Sentencia de la Suprema Corte de Justicia de la Naci\u00f3n en el caso Karla Pontigo<\/a><\/p>\n<p><!-- \/wp:paragraph --><\/p>\n<p><!-- wp:paragraph --><\/p>\n<p><a href=\"https:\/\/www.scjn.gob.mx\/derechos-humanos\/sites\/default\/files\/sentencias-emblematicas\/sentencia\/2020-12\/AR%20554-2013.pdf\">Sentencia de la Suprema Corte de Justicia de la Naci\u00f3n en el caso Mariana Lima<\/a><\/p>\n<p><!-- \/wp:paragraph --><\/p>\n<p><!-- wp:paragraph --><\/p>\n<p><strong>Si requiere informaci\u00f3n adicional o una entrevista contacte a:<\/strong><\/p>\n<p><!-- \/wp:paragraph --><\/p>\n<p><!-- wp:paragraph --><\/p>\n<p>Alejandro Ju\u00e1rez Gamero, Amnist\u00eda Internacional M\u00e9xico<\/p>\n<p><!-- \/wp:paragraph --><\/p>\n<p><!-- wp:paragraph --><\/p>\n<p><a href=\"mailto:prensa@amnist\u00eda.org.mx\">prensa@amnist\u00eda.org.mx<\/a><\/p>\n<p><!-- \/wp:paragraph --><\/p>\n<p><!-- wp:paragraph --><\/p>\n<p>+52 55 2265 4331<\/p>\n<p><!-- \/wp:paragraph --><\/p>\t\t\t\t\t\t<\/div>\n\t\t\t\t<\/div>\n\t\t\t\t\t<\/div>\n\t\t<\/div>\n\t\t\t\t\t\t\t<\/div>\n\t\t<\/section>\n\t\t\t\t\t\t\t<\/div>\n\t\t","protected":false},"excerpt":{"rendered":"<p>A 30 a\u00f1os de que se empezaron a documentar los asesinatos de mujeres en Chihuahua y Ciudad Ju\u00e1rez, es lamentable que las familias de las v\u00edctimas a\u00fan no tengan acceso &hellip;<\/p>\n<p class=\"read-more\"> <a class=\"\" href=\"https:\/\/amnistia.org.mx\/contenido\/index.php\/mexico-a-30-anos-de-que-se-empezaron-a-documentar-los-feminicidios-no-hay-justicia-para-las-familias-y-la-violencia-feminicida-abarca-ya-todo-el-pais\/\"> <span class=\"screen-reader-text\"><strong>M\u00e9xico: A 30 a\u00f1os de que se empezaron a documentar los feminicidios, no hay justicia para las familias y la violencia feminicida abarca ya todo el pa\u00eds<\/strong><\/span> Leer m\u00e1s &raquo;<\/a><\/p>\n","protected":false},"author":4,"featured_media":25468,"comment_status":"closed","ping_status":"closed","sticky":false,"template":"","format":"standard","meta":{"_uf_show_specific_survey":0,"_uf_disable_surveys":false,"site-sidebar-layout":"default","site-content-layout":"default","ast-global-header-display":"","ast-main-header-display":"","ast-hfb-above-header-display":"","ast-hfb-below-header-display":"","ast-hfb-mobile-header-display":"","site-post-title":"","ast-breadcrumbs-content":"","ast-featured-img":"disabled","footer-sml-layout":"","theme-transparent-header-meta":"","adv-header-id-meta":"","stick-header-meta":"","header-above-stick-meta":"","header-main-stick-meta":"","header-below-stick-meta":""},"categories":[20],"tags":[28],"acf":[],"aioseo_notices":[],"yoast_head":"<!-- This site is optimized with the Yoast SEO plugin v14.5 - https:\/\/yoast.com\/wordpress\/plugins\/seo\/ -->\n<title>M\u00e9xico: A 30 a\u00f1os de que se empezaron a documentar los feminicidios, no hay justicia para las familias y la violencia feminicida abarca ya todo el pa\u00eds - amnistia.org.mx<\/title>\n<meta name=\"description\" content=\"A 30 a\u00f1os del inici\u00f3 del registro de feminicidios en Chihuahua y Ciudad Ju\u00e1rez, la violencia de g\u00e9nero se extendi\u00f3 en todo el pa\u00eds: Amnist\u00eda Internacional.\" \/>\n<meta name=\"robots\" content=\"index, follow\" \/>\n<meta name=\"googlebot\" content=\"index, follow, max-snippet:-1, max-image-preview:large, max-video-preview:-1\" \/>\n<meta name=\"bingbot\" content=\"index, follow, max-snippet:-1, max-image-preview:large, max-video-preview:-1\" \/>\n<link rel=\"canonical\" href=\"https:\/\/amnistia.org.mx\/contenido\/index.php\/mexico-a-30-anos-de-que-se-empezaron-a-documentar-los-feminicidios-no-hay-justicia-para-las-familias-y-la-violencia-feminicida-abarca-ya-todo-el-pais\/\" \/>\n<meta property=\"og:locale\" content=\"es_MX\" \/>\n<meta property=\"og:type\" content=\"article\" \/>\n<meta property=\"og:title\" content=\"M\u00e9xico: A 30 a\u00f1os de que se empezaron a documentar los feminicidios, no hay justicia para las familias y la violencia feminicida abarca ya todo el pa\u00eds - amnistia.org.mx\" \/>\n<meta property=\"og:description\" content=\"A 30 a\u00f1os del inici\u00f3 del registro de feminicidios en Chihuahua y Ciudad Ju\u00e1rez, la violencia de g\u00e9nero se extendi\u00f3 en todo el pa\u00eds: Amnist\u00eda Internacional.\" \/>\n<meta property=\"og:url\" content=\"https:\/\/amnistia.org.mx\/contenido\/index.php\/mexico-a-30-anos-de-que-se-empezaron-a-documentar-los-feminicidios-no-hay-justicia-para-las-familias-y-la-violencia-feminicida-abarca-ya-todo-el-pais\/\" \/>\n<meta property=\"og:site_name\" content=\"amnistia.org.mx\" \/>\n<meta property=\"article:published_time\" content=\"2023-08-08T16:49:08+00:00\" \/>\n<meta property=\"article:modified_time\" content=\"2023-08-08T19:12:47+00:00\" \/>\n<meta property=\"og:image\" content=\"https:\/\/amnistia.org.mx\/contenido\/wp-content\/uploads\/2023\/08\/WhatsApp-Image-2023-08-08-at-1.03.08-PM.jpeg\" \/>\n\t<meta property=\"og:image:width\" content=\"1600\" \/>\n\t<meta property=\"og:image:height\" content=\"1067\" \/>\n<meta name=\"twitter:card\" content=\"summary_large_image\" \/>\n<script type=\"application\/ld+json\" class=\"yoast-schema-graph\">{\"@context\":\"https:\/\/schema.org\",\"@graph\":[{\"@type\":\"WebSite\",\"@id\":\"https:\/\/amnistia.org.mx\/contenido\/#website\",\"url\":\"https:\/\/amnistia.org.mx\/contenido\/\",\"name\":\"amnistia.org.mx\",\"description\":\"Nueva p\\u00e1gina de Amnist\\u00eda\",\"potentialAction\":[{\"@type\":\"SearchAction\",\"target\":\"https:\/\/amnistia.org.mx\/contenido\/?s={search_term_string}\",\"query-input\":\"required name=search_term_string\"}],\"inLanguage\":\"es-MX\"},{\"@type\":\"ImageObject\",\"@id\":\"https:\/\/amnistia.org.mx\/contenido\/index.php\/mexico-a-30-anos-de-que-se-empezaron-a-documentar-los-feminicidios-no-hay-justicia-para-las-familias-y-la-violencia-feminicida-abarca-ya-todo-el-pais\/#primaryimage\",\"inLanguage\":\"es-MX\",\"url\":\"https:\/\/amnistia.org.mx\/contenido\/wp-content\/uploads\/2023\/08\/WhatsApp-Image-2023-08-08-at-1.03.08-PM.jpeg\",\"width\":1600,\"height\":1067},{\"@type\":\"WebPage\",\"@id\":\"https:\/\/amnistia.org.mx\/contenido\/index.php\/mexico-a-30-anos-de-que-se-empezaron-a-documentar-los-feminicidios-no-hay-justicia-para-las-familias-y-la-violencia-feminicida-abarca-ya-todo-el-pais\/#webpage\",\"url\":\"https:\/\/amnistia.org.mx\/contenido\/index.php\/mexico-a-30-anos-de-que-se-empezaron-a-documentar-los-feminicidios-no-hay-justicia-para-las-familias-y-la-violencia-feminicida-abarca-ya-todo-el-pais\/\",\"name\":\"M\\u00e9xico: A 30 a\\u00f1os de que se empezaron a documentar los feminicidios, no hay justicia para las familias y la violencia feminicida abarca ya todo el pa\\u00eds - amnistia.org.mx\",\"isPartOf\":{\"@id\":\"https:\/\/amnistia.org.mx\/contenido\/#website\"},\"primaryImageOfPage\":{\"@id\":\"https:\/\/amnistia.org.mx\/contenido\/index.php\/mexico-a-30-anos-de-que-se-empezaron-a-documentar-los-feminicidios-no-hay-justicia-para-las-familias-y-la-violencia-feminicida-abarca-ya-todo-el-pais\/#primaryimage\"},\"datePublished\":\"2023-08-08T16:49:08+00:00\",\"dateModified\":\"2023-08-08T19:12:47+00:00\",\"author\":{\"@id\":\"https:\/\/amnistia.org.mx\/contenido\/#\/schema\/person\/7db421c495688267ce8ede4625c17fa5\"},\"description\":\"A 30 a\\u00f1os del inici\\u00f3 del registro de feminicidios en Chihuahua y Ciudad Ju\\u00e1rez, la violencia de g\\u00e9nero se extendi\\u00f3 en todo el pa\\u00eds: Amnist\\u00eda Internacional.\",\"breadcrumb\":{\"@id\":\"https:\/\/amnistia.org.mx\/contenido\/index.php\/mexico-a-30-anos-de-que-se-empezaron-a-documentar-los-feminicidios-no-hay-justicia-para-las-familias-y-la-violencia-feminicida-abarca-ya-todo-el-pais\/#breadcrumb\"},\"inLanguage\":\"es-MX\",\"potentialAction\":[{\"@type\":\"ReadAction\",\"target\":[\"https:\/\/amnistia.org.mx\/contenido\/index.php\/mexico-a-30-anos-de-que-se-empezaron-a-documentar-los-feminicidios-no-hay-justicia-para-las-familias-y-la-violencia-feminicida-abarca-ya-todo-el-pais\/\"]}]},{\"@type\":\"BreadcrumbList\",\"@id\":\"https:\/\/amnistia.org.mx\/contenido\/index.php\/mexico-a-30-anos-de-que-se-empezaron-a-documentar-los-feminicidios-no-hay-justicia-para-las-familias-y-la-violencia-feminicida-abarca-ya-todo-el-pais\/#breadcrumb\",\"itemListElement\":[{\"@type\":\"ListItem\",\"position\":1,\"item\":{\"@type\":\"WebPage\",\"@id\":\"https:\/\/amnistia.org.mx\/contenido\/\",\"url\":\"https:\/\/amnistia.org.mx\/contenido\/\",\"name\":\"Home\"}},{\"@type\":\"ListItem\",\"position\":2,\"item\":{\"@type\":\"WebPage\",\"@id\":\"https:\/\/amnistia.org.mx\/contenido\/index.php\/mexico-a-30-anos-de-que-se-empezaron-a-documentar-los-feminicidios-no-hay-justicia-para-las-familias-y-la-violencia-feminicida-abarca-ya-todo-el-pais\/\",\"url\":\"https:\/\/amnistia.org.mx\/contenido\/index.php\/mexico-a-30-anos-de-que-se-empezaron-a-documentar-los-feminicidios-no-hay-justicia-para-las-familias-y-la-violencia-feminicida-abarca-ya-todo-el-pais\/\",\"name\":\"M\\u00e9xico: A 30 a\\u00f1os de que se empezaron a documentar los feminicidios, no hay justicia para las familias y la violencia feminicida abarca ya todo el pa\\u00eds\"}}]},{\"@type\":[\"Person\"],\"@id\":\"https:\/\/amnistia.org.mx\/contenido\/#\/schema\/person\/7db421c495688267ce8ede4625c17fa5\",\"name\":\"Alejandro Ju\\u00e1rez Gamero\",\"image\":{\"@type\":\"ImageObject\",\"@id\":\"https:\/\/amnistia.org.mx\/contenido\/#personlogo\",\"inLanguage\":\"es-MX\",\"url\":\"https:\/\/secure.gravatar.com\/avatar\/e312d5566d1c3ffb56f86415d6f0e606?s=96&d=mm&r=g\",\"caption\":\"Alejandro Ju\\u00e1rez Gamero\"}}]}<\/script>\n<!-- \/ Yoast SEO plugin. -->","_links":{"self":[{"href":"https:\/\/amnistia.org.mx\/contenido\/index.php\/wp-json\/wp\/v2\/posts\/25446"}],"collection":[{"href":"https:\/\/amnistia.org.mx\/contenido\/index.php\/wp-json\/wp\/v2\/posts"}],"about":[{"href":"https:\/\/amnistia.org.mx\/contenido\/index.php\/wp-json\/wp\/v2\/types\/post"}],"author":[{"embeddable":true,"href":"https:\/\/amnistia.org.mx\/contenido\/index.php\/wp-json\/wp\/v2\/users\/4"}],"replies":[{"embeddable":true,"href":"https:\/\/amnistia.org.mx\/contenido\/index.php\/wp-json\/wp\/v2\/comments?post=25446"}],"version-history":[{"count":7,"href":"https:\/\/amnistia.org.mx\/contenido\/index.php\/wp-json\/wp\/v2\/posts\/25446\/revisions"}],"predecessor-version":[{"id":25471,"href":"https:\/\/amnistia.org.mx\/contenido\/index.php\/wp-json\/wp\/v2\/posts\/25446\/revisions\/25471"}],"wp:featuredmedia":[{"embeddable":true,"href":"https:\/\/amnistia.org.mx\/contenido\/index.php\/wp-json\/wp\/v2\/media\/25468"}],"wp:attachment":[{"href":"https:\/\/amnistia.org.mx\/contenido\/index.php\/wp-json\/wp\/v2\/media?parent=25446"}],"wp:term":[{"taxonomy":"category","embeddable":true,"href":"https:\/\/amnistia.org.mx\/contenido\/index.php\/wp-json\/wp\/v2\/categories?post=25446"},{"taxonomy":"post_tag","embeddable":true,"href":"https:\/\/amnistia.org.mx\/contenido\/index.php\/wp-json\/wp\/v2\/tags?post=25446"}],"curies":[{"name":"wp","href":"https:\/\/api.w.org\/{rel}","templated":true}]}}