
{"id":25589,"date":"2023-08-21T13:17:55","date_gmt":"2023-08-21T18:17:55","guid":{"rendered":"https:\/\/amnistia.org.mx\/contenido\/?p=25589"},"modified":"2023-08-21T13:23:08","modified_gmt":"2023-08-21T18:23:08","slug":"en-un-acto-de-agravio-mas-el-gobierno-de-leon-guanajuato-pospone-disculpa-publica-a-mujeres-victimas-de-represion-policial","status":"publish","type":"post","link":"https:\/\/amnistia.org.mx\/contenido\/index.php\/en-un-acto-de-agravio-mas-el-gobierno-de-leon-guanajuato-pospone-disculpa-publica-a-mujeres-victimas-de-represion-policial\/","title":{"rendered":"<strong>En un acto de agravio m\u00e1s, el gobierno de Le\u00f3n, Guanajuato, pospone disculpa p\u00fablica a mujeres v\u00edctimas de represi\u00f3n policial<\/strong>"},"content":{"rendered":"\n<figure class=\"wp-block-image aligncenter size-full\"><img decoding=\"async\" loading=\"lazy\" width=\"559\" height=\"435\" src=\"https:\/\/amnistia.org.mx\/contenido\/wp-content\/uploads\/2023\/08\/Foto-ajustada-2.jpg\" alt=\"\" class=\"wp-image-25594\"\/><figcaption class=\"wp-element-caption\">La Directora Ejecutiva de Amnist\u00eda Internacional habla con las personas periodistas, luego de que la Presidencia Municipal de Le\u00f3n, Guanajuato, pospusiera la disculpa p\u00fablica a mujeres v\u00edctimas de represi\u00f3n policial, en hechos ocurridos en Le\u00f3n el 22 de agosto de 2020. (Foto: Amnist\u00eda Internacional.)  <\/figcaption><\/figure>\n\n\n\n<ul>\n<li>Sin el menor tacto, la decisi\u00f3n no fue informada de manera oficial a las v\u00edctimas, principales interesadas en la disculpa p\u00fablica<\/li>\n<\/ul>\n\n\n\n<ul>\n<li>Amnist\u00eda Internacional expresa que esta posposici\u00f3n es un acto de indolencia y violencia institucional que agravia y revictimiza a las mujeres reprimidas el 22 de agosto de 2020<\/li>\n<\/ul>\n\n\n\n<p>En un acto m\u00e1s de agravio e indolencia, el gobierno municipal de Le\u00f3n, Guanajuato, pospuso en la madrugada de hoy lunes 21 de agosto de 2023,\u00a0 la disculpa p\u00fablica que ten\u00eda previsto dar a las mujeres que fueron violentadas por elementos policiacos durante una manifestaci\u00f3n pac\u00edfica contra la violencia de g\u00e9nero que realizaron hace tres a\u00f1os, el 22 de agosto de 2020.<\/p>\n\n\n\n<p>Amnist\u00eda Internacional manifiesta su profunda indignaci\u00f3n por la decisi\u00f3n del gobierno municipal, tomada luego de tres largos a\u00f1os de conversaciones en los que se gestion\u00f3 y acord\u00f3 la realizaci\u00f3n y t\u00e9rminos de la disculpa p\u00fablica.<\/p>\n\n\n\n<p>La cancelaci\u00f3n se suma a la cadena de agravios padecidos por las mujeres de Le\u00f3n que vieron violentados sus derechos de reuni\u00f3n pac\u00edfica, a la libertad, a la integridad personal, a estar libres de tortura y otros tratos crueles, inhumanos y degradantes, y a vivir una vida libre de violencia.<\/p>\n\n\n\n<p>\u201cLas autoridades informaron a Amnist\u00eda Internacional de la cancelaci\u00f3n del acto a la media noche del domingo, pero no lo hicieron con las v\u00edctimas que son las principales interesadas en este proceso. Esta falta de tacto <strong>es un acto m\u00e1s de violencia institucional que se suma a la cadena de violaciones de derechos humanos que han padecido las mujeres y que las revictimiza<\/strong>\u201d, declar\u00f3 Edith Olivares Ferreto, Directora Ejecutiva de Amnist\u00eda Internacional.<\/p>\n\n\n\n<p>\u201cEn el encuentro con la presidenta municipal de esta ma\u00f1ana, la funcionaria reconoci\u00f3 la falta de pericia del gobierno para trabajar con las v\u00edctimas. Desde Amnist\u00eda Internacional <strong>recordamos a las autoridades que es su deber y obligaci\u00f3n buscar y hablar con todas las mujeres que fueron v\u00edctimas de la represi\u00f3n del 22 de agosto de 2020 y que son \u00e9stas las que deben decidir si desean la disculpa p\u00fablica y los t\u00e9rminos de la misma<\/strong>\u201d, precis\u00f3 Edith Olivares Ferreto<\/p>\n\n\n\n<p>\u201cRecordamos a las autoridades que estamos ante un tema muy grave. Las mujeres sufrieron violencia f\u00edsica que constituye uso excesivo de la fuerza y fueron violentadas sexualmente por agentes policiales. <strong>Le recordamos a la autoridad que la violencia sexual efectuada por agentes del Estado es tortura sexual<\/strong>. Adem\u00e1s, las mujeres estuvieron incomunicadas y temieron ser desaparecidas\u201d, advirti\u00f3 Edith Olivares.<\/p>\n\n\n\n<p>\u201c<strong>Amnist\u00eda Internacional seguir\u00e1 acompa\u00f1ando a las mujeres<\/strong> v\u00edctimas de la represi\u00f3n policial <strong>y reconoce<\/strong> el tiempo, recursos y <strong>su gran resistencia para sobreponerse a las consecuencias de la represi\u00f3n y mantenerse en la lucha para que los hechos que ellas sufrieron no se repitan para ninguna mujer m\u00e1s<\/strong>\u201d, concluy\u00f3 Edith Olivares Ferreto.<\/p>\n\n\n\n<p><a><\/a><strong>La disculpa p\u00fablica, forma parte de la reparaci\u00f3n integral del da\u00f1o a que tienen derecho las v\u00edctimas<\/strong>, luego de que se violent\u00f3 su derecho de reuni\u00f3n pac\u00edfica, a la libertad, a la integridad personal, a estar libres de tortura y otros tratos crueles, inhumanos y degradantes, y a vivir una vida libre de violencia.<\/p>\n\n\n\n<p>Es importante se\u00f1alar que <strong>en este caso a\u00fan queda pendiente efectuar una correcta investigaci\u00f3n de los hechos para que puedan acceder a la verdad, a la justicia y a garant\u00edas de no repetici\u00f3n<\/strong>.<\/p>\n\n\n\n<p><strong>Informaci\u00f3n de contexto<\/strong><\/p>\n\n\n\n<p>Cabe referir que el 8 de marzo de 2021, el gobierno municipal de Le\u00f3n, presidido por H\u00e9ctor L\u00f3pez Santillana, ofreci\u00f3 una disculpa p\u00fablica por los hechos ocurridos el 22 de agosto de 2020. Sin embargo, \u00e9sta no fue concertada con las mujeres v\u00edctimas de las violaciones de derechos humanos y por lo tanto no fue satisfactoria para ellas.<\/p>\n\n\n\n<p>En este sentido, <strong>un proceso de construcci\u00f3n de disculpa p\u00fablica debe poner en el centro a las v\u00edctimas<\/strong>. Son \u00e9stas las que establecen los t\u00e9rminos en los que la disculpa se debe dar, conforme a los est\u00e1ndares de la Convenci\u00f3n Americana sobre Derechos Humanos y la jurisprudencia que ha emitido al respecto la Corte Interamericana de Derechos Humanos (CoIDH). En el proceso que nos ocupa Amnist\u00eda Internacional fungi\u00f3 como facilitadora.<\/p>\n\n\n\n<p>El caso lo document\u00f3 Amnist\u00eda Internacional en su informe <strong><u><a href=\"https:\/\/amnistia.org.mx\/contenido\/index.php\/mexico-la-era-de-las-mujeres\/\">M\u00e9xico: La era de las mujeres. Estigma y violencia contra mujeres que protestan<\/a><\/u><\/strong>. Adem\u00e1s de lo ocurrido en <strong>Guanajuato<\/strong>, el informe analiza la forma en que autoridades mexicanas reprimieron las manifestaciones pac\u00edficas de mujeres y grupos feministas en contra de la violencia de g\u00e9nero en 2020 en otros cuatro estados: <strong>Sinaloa<\/strong>, <strong>Quintana Roo<\/strong>, el <strong>Estado de M\u00e9xico<\/strong> y la <strong>Ciudad de M\u00e9xico<\/strong>.<\/p>\n\n\n\n<p>Amnist\u00eda Internacional pudo establecer que al menos nueve de las 23 detenciones realizadas ese d\u00eda fueron arbitrarias, ocho de ellas contra mujeres. Estas personas no estaban cometiendo delito o infracci\u00f3n administrativa alguna. Las autoridades de la polic\u00eda no se identificaron frente a las personas detenidas, no les indicaron los motivos de la detenci\u00f3n, e hicieron uso innecesario y excesivo de la fuerza para su detenci\u00f3n.<\/p>\n\n\n\n<p>Varias detenidas recibieron golpes, insultos y amenazas durante el traslado final hasta el lugar donde opera la delegaci\u00f3n norte del Juzgado c\u00edvico, lugar conocido como Cepol Norte.<\/p>\n\n\n\n<p>Varias de las manifestantes expresaron que tuvieron temor de ser desaparecidas forzadamente despu\u00e9s de haber sido detenidas por la polic\u00eda. Esto porque la ruta que sigui\u00f3 la patrulla donde iban no fue directa a Cepol Norte, en donde opera la delegaci\u00f3n norte del Juzgado c\u00edvico, sino que dio varias vueltas innecesarias por la ciudad.<\/p>\n\n\n\n<p>Adem\u00e1s del trayecto que les pareci\u00f3 extra\u00f1o e intimidante, otro factor que gener\u00f3 miedo entre las manifestantes y sus familiares, fue que estuvieron incomunicadas durante varias horas. Un juez c\u00edvico o juez de barandilla orden\u00f3 que se les permitiera llamar a sus familiares cerca de la media noche, m\u00e1s de tres horas despu\u00e9s de su arresto.<\/p>\n\n\n\n<p>Amnist\u00eda Internacional document\u00f3 tambi\u00e9n que la polic\u00eda efectu\u00f3 las detenciones de manera arbitraria, con uso excesivo de la fuerza y ejercieron violencia sexual a mujeres menores de edad.<\/p>\n\n\n\n<p>La violencia sexual <em>per se<\/em> es una violaci\u00f3n del derecho humano a la integridad personal, pero puede llegar a constituir tortura cuando se le usa con la intenci\u00f3n de infligir sufrimiento o de castigar. Las autoridades mexicanas deben actuar con la debida diligencia en la investigaci\u00f3n de estos casos, desde el primer momento en que tienen conocimiento de los mismos.<\/p>\n\n\n\n<p>Amnist\u00eda Internacional advierte en su informe que la violencia de g\u00e9nero contra las mujeres, incluida la violencia sexual, sigue siendo usada por las autoridades como una forma de inhibir el ejercicio del derecho de las mujeres a la reuni\u00f3n pac\u00edfica, como una t\u00e1ctica ileg\u00edtima y contraria al derecho internacional en relaci\u00f3n con el manejo del orden p\u00fablico, y como un mecanismo aleccionador contra las mujeres por desafiar los estereotipos de g\u00e9nero al salir del espacio privado para tomarse las calles.<\/p>\n\n\n\n<p><strong>M\u00e1s informaci\u00f3n<\/strong><\/p>\n\n\n\n<p>Informe <strong><u><a href=\"https:\/\/amnistia.org.mx\/contenido\/index.php\/mexico-la-era-de-las-mujeres\/\">M\u00e9xico: La era de las mujeres. Estigma y violencia contra mujeres que protestan<\/a><\/u><\/strong><\/p>\n\n\n\n<p><strong>Si requiere informaci\u00f3n adicional o una entrevista contacte a:<\/strong><\/p>\n\n\n\n<p>Alejandro Ju\u00e1rez Gamero, Amnist\u00eda Internacional M\u00e9xico<\/p>\n\n\n\n<p><a href=\"about:blank\">prensa@amnist\u00eda.org.mx<\/a><\/p>\n\n\n\n<p>+52 55 2265 4331<\/p>\n","protected":false},"excerpt":{"rendered":"<p>En un acto m\u00e1s de agravio e indolencia, el gobierno municipal de Le\u00f3n, Guanajuato, pospuso en la madrugada de hoy lunes 21 de agosto de 2023,\u00a0 la disculpa p\u00fablica que &hellip;<\/p>\n<p class=\"read-more\"> <a class=\"\" href=\"https:\/\/amnistia.org.mx\/contenido\/index.php\/en-un-acto-de-agravio-mas-el-gobierno-de-leon-guanajuato-pospone-disculpa-publica-a-mujeres-victimas-de-represion-policial\/\"> <span class=\"screen-reader-text\"><strong>En un acto de agravio m\u00e1s, el gobierno de Le\u00f3n, Guanajuato, pospone disculpa p\u00fablica a mujeres v\u00edctimas de represi\u00f3n policial<\/strong><\/span> Leer m\u00e1s &raquo;<\/a><\/p>\n","protected":false},"author":4,"featured_media":25590,"comment_status":"closed","ping_status":"closed","sticky":false,"template":"","format":"standard","meta":{"_uf_show_specific_survey":0,"_uf_disable_surveys":false,"site-sidebar-layout":"default","site-content-layout":"default","ast-global-header-display":"","ast-main-header-display":"","ast-hfb-above-header-display":"","ast-hfb-below-header-display":"","ast-hfb-mobile-header-display":"","site-post-title":"","ast-breadcrumbs-content":"","ast-featured-img":"","footer-sml-layout":"","theme-transparent-header-meta":"","adv-header-id-meta":"","stick-header-meta":"","header-above-stick-meta":"","header-main-stick-meta":"","header-below-stick-meta":""},"categories":[20],"tags":[],"acf":[],"aioseo_notices":[],"yoast_head":"<!-- This site is optimized with the Yoast SEO plugin v14.5 - https:\/\/yoast.com\/wordpress\/plugins\/seo\/ -->\n<title>En un acto de agravio m\u00e1s, el gobierno de Le\u00f3n, Guanajuato, pospone disculpa p\u00fablica a mujeres v\u00edctimas de represi\u00f3n policial - amnistia.org.mx<\/title>\n<meta name=\"description\" content=\"Posponer la disculpa p\u00fablica es un acto m\u00e1s de agravio e indolencia del gobierno de Le\u00f3n, Guanajuato a mujeres v\u00edctimas de represi\u00f3n policial en esa ciudad.\" \/>\n<meta name=\"robots\" content=\"index, follow\" \/>\n<meta name=\"googlebot\" content=\"index, follow, max-snippet:-1, max-image-preview:large, max-video-preview:-1\" \/>\n<meta name=\"bingbot\" content=\"index, follow, max-snippet:-1, max-image-preview:large, max-video-preview:-1\" \/>\n<link rel=\"canonical\" href=\"https:\/\/amnistia.org.mx\/contenido\/index.php\/en-un-acto-de-agravio-mas-el-gobierno-de-leon-guanajuato-pospone-disculpa-publica-a-mujeres-victimas-de-represion-policial\/\" \/>\n<meta property=\"og:locale\" content=\"es_MX\" \/>\n<meta property=\"og:type\" content=\"article\" \/>\n<meta property=\"og:title\" content=\"En un acto de agravio m\u00e1s, el gobierno de Le\u00f3n, Guanajuato, pospone disculpa p\u00fablica a mujeres v\u00edctimas de represi\u00f3n policial - amnistia.org.mx\" \/>\n<meta property=\"og:description\" content=\"Posponer la disculpa p\u00fablica es un acto m\u00e1s de agravio e indolencia del gobierno de Le\u00f3n, Guanajuato a mujeres v\u00edctimas de represi\u00f3n policial en esa ciudad.\" \/>\n<meta property=\"og:url\" content=\"https:\/\/amnistia.org.mx\/contenido\/index.php\/en-un-acto-de-agravio-mas-el-gobierno-de-leon-guanajuato-pospone-disculpa-publica-a-mujeres-victimas-de-represion-policial\/\" \/>\n<meta property=\"og:site_name\" content=\"amnistia.org.mx\" \/>\n<meta property=\"article:published_time\" content=\"2023-08-21T18:17:55+00:00\" \/>\n<meta property=\"article:modified_time\" content=\"2023-08-21T18:23:08+00:00\" \/>\n<meta property=\"og:image\" content=\"https:\/\/amnistia.org.mx\/contenido\/wp-content\/uploads\/2023\/08\/Foto-conferencia-medios-disculpa-publica-ajustada.jpg\" \/>\n\t<meta property=\"og:image:width\" content=\"700\" \/>\n\t<meta property=\"og:image:height\" content=\"933\" \/>\n<meta name=\"twitter:card\" content=\"summary_large_image\" \/>\n<script type=\"application\/ld+json\" class=\"yoast-schema-graph\">{\"@context\":\"https:\/\/schema.org\",\"@graph\":[{\"@type\":\"WebSite\",\"@id\":\"https:\/\/amnistia.org.mx\/contenido\/#website\",\"url\":\"https:\/\/amnistia.org.mx\/contenido\/\",\"name\":\"amnistia.org.mx\",\"description\":\"Nueva p\\u00e1gina de Amnist\\u00eda\",\"potentialAction\":[{\"@type\":\"SearchAction\",\"target\":\"https:\/\/amnistia.org.mx\/contenido\/?s={search_term_string}\",\"query-input\":\"required name=search_term_string\"}],\"inLanguage\":\"es-MX\"},{\"@type\":\"ImageObject\",\"@id\":\"https:\/\/amnistia.org.mx\/contenido\/index.php\/en-un-acto-de-agravio-mas-el-gobierno-de-leon-guanajuato-pospone-disculpa-publica-a-mujeres-victimas-de-represion-policial\/#primaryimage\",\"inLanguage\":\"es-MX\",\"url\":\"https:\/\/amnistia.org.mx\/contenido\/wp-content\/uploads\/2023\/08\/Foto-conferencia-medios-disculpa-publica-ajustada.jpg\",\"width\":700,\"height\":933},{\"@type\":\"WebPage\",\"@id\":\"https:\/\/amnistia.org.mx\/contenido\/index.php\/en-un-acto-de-agravio-mas-el-gobierno-de-leon-guanajuato-pospone-disculpa-publica-a-mujeres-victimas-de-represion-policial\/#webpage\",\"url\":\"https:\/\/amnistia.org.mx\/contenido\/index.php\/en-un-acto-de-agravio-mas-el-gobierno-de-leon-guanajuato-pospone-disculpa-publica-a-mujeres-victimas-de-represion-policial\/\",\"name\":\"En un acto de agravio m\\u00e1s, el gobierno de Le\\u00f3n, Guanajuato, pospone disculpa p\\u00fablica a mujeres v\\u00edctimas de represi\\u00f3n policial - amnistia.org.mx\",\"isPartOf\":{\"@id\":\"https:\/\/amnistia.org.mx\/contenido\/#website\"},\"primaryImageOfPage\":{\"@id\":\"https:\/\/amnistia.org.mx\/contenido\/index.php\/en-un-acto-de-agravio-mas-el-gobierno-de-leon-guanajuato-pospone-disculpa-publica-a-mujeres-victimas-de-represion-policial\/#primaryimage\"},\"datePublished\":\"2023-08-21T18:17:55+00:00\",\"dateModified\":\"2023-08-21T18:23:08+00:00\",\"author\":{\"@id\":\"https:\/\/amnistia.org.mx\/contenido\/#\/schema\/person\/7db421c495688267ce8ede4625c17fa5\"},\"description\":\"Posponer la disculpa p\\u00fablica es un acto m\\u00e1s de agravio e indolencia del gobierno de Le\\u00f3n, Guanajuato a mujeres v\\u00edctimas de represi\\u00f3n policial en esa ciudad.\",\"breadcrumb\":{\"@id\":\"https:\/\/amnistia.org.mx\/contenido\/index.php\/en-un-acto-de-agravio-mas-el-gobierno-de-leon-guanajuato-pospone-disculpa-publica-a-mujeres-victimas-de-represion-policial\/#breadcrumb\"},\"inLanguage\":\"es-MX\",\"potentialAction\":[{\"@type\":\"ReadAction\",\"target\":[\"https:\/\/amnistia.org.mx\/contenido\/index.php\/en-un-acto-de-agravio-mas-el-gobierno-de-leon-guanajuato-pospone-disculpa-publica-a-mujeres-victimas-de-represion-policial\/\"]}]},{\"@type\":\"BreadcrumbList\",\"@id\":\"https:\/\/amnistia.org.mx\/contenido\/index.php\/en-un-acto-de-agravio-mas-el-gobierno-de-leon-guanajuato-pospone-disculpa-publica-a-mujeres-victimas-de-represion-policial\/#breadcrumb\",\"itemListElement\":[{\"@type\":\"ListItem\",\"position\":1,\"item\":{\"@type\":\"WebPage\",\"@id\":\"https:\/\/amnistia.org.mx\/contenido\/\",\"url\":\"https:\/\/amnistia.org.mx\/contenido\/\",\"name\":\"Home\"}},{\"@type\":\"ListItem\",\"position\":2,\"item\":{\"@type\":\"WebPage\",\"@id\":\"https:\/\/amnistia.org.mx\/contenido\/index.php\/en-un-acto-de-agravio-mas-el-gobierno-de-leon-guanajuato-pospone-disculpa-publica-a-mujeres-victimas-de-represion-policial\/\",\"url\":\"https:\/\/amnistia.org.mx\/contenido\/index.php\/en-un-acto-de-agravio-mas-el-gobierno-de-leon-guanajuato-pospone-disculpa-publica-a-mujeres-victimas-de-represion-policial\/\",\"name\":\"En un acto de agravio m\\u00e1s, el gobierno de Le\\u00f3n, Guanajuato, pospone disculpa p\\u00fablica a mujeres v\\u00edctimas de represi\\u00f3n policial\"}}]},{\"@type\":[\"Person\"],\"@id\":\"https:\/\/amnistia.org.mx\/contenido\/#\/schema\/person\/7db421c495688267ce8ede4625c17fa5\",\"name\":\"Alejandro Ju\\u00e1rez Gamero\",\"image\":{\"@type\":\"ImageObject\",\"@id\":\"https:\/\/amnistia.org.mx\/contenido\/#personlogo\",\"inLanguage\":\"es-MX\",\"url\":\"https:\/\/secure.gravatar.com\/avatar\/e312d5566d1c3ffb56f86415d6f0e606?s=96&d=mm&r=g\",\"caption\":\"Alejandro Ju\\u00e1rez Gamero\"}}]}<\/script>\n<!-- \/ Yoast SEO plugin. -->","_links":{"self":[{"href":"https:\/\/amnistia.org.mx\/contenido\/index.php\/wp-json\/wp\/v2\/posts\/25589"}],"collection":[{"href":"https:\/\/amnistia.org.mx\/contenido\/index.php\/wp-json\/wp\/v2\/posts"}],"about":[{"href":"https:\/\/amnistia.org.mx\/contenido\/index.php\/wp-json\/wp\/v2\/types\/post"}],"author":[{"embeddable":true,"href":"https:\/\/amnistia.org.mx\/contenido\/index.php\/wp-json\/wp\/v2\/users\/4"}],"replies":[{"embeddable":true,"href":"https:\/\/amnistia.org.mx\/contenido\/index.php\/wp-json\/wp\/v2\/comments?post=25589"}],"version-history":[{"count":7,"href":"https:\/\/amnistia.org.mx\/contenido\/index.php\/wp-json\/wp\/v2\/posts\/25589\/revisions"}],"predecessor-version":[{"id":25600,"href":"https:\/\/amnistia.org.mx\/contenido\/index.php\/wp-json\/wp\/v2\/posts\/25589\/revisions\/25600"}],"wp:featuredmedia":[{"embeddable":true,"href":"https:\/\/amnistia.org.mx\/contenido\/index.php\/wp-json\/wp\/v2\/media\/25590"}],"wp:attachment":[{"href":"https:\/\/amnistia.org.mx\/contenido\/index.php\/wp-json\/wp\/v2\/media?parent=25589"}],"wp:term":[{"taxonomy":"category","embeddable":true,"href":"https:\/\/amnistia.org.mx\/contenido\/index.php\/wp-json\/wp\/v2\/categories?post=25589"},{"taxonomy":"post_tag","embeddable":true,"href":"https:\/\/amnistia.org.mx\/contenido\/index.php\/wp-json\/wp\/v2\/tags?post=25589"}],"curies":[{"name":"wp","href":"https:\/\/api.w.org\/{rel}","templated":true}]}}