
{"id":25969,"date":"2023-09-08T12:53:28","date_gmt":"2023-09-08T17:53:28","guid":{"rendered":"https:\/\/amnistia.org.mx\/contenido\/?p=25969"},"modified":"2023-10-16T14:39:14","modified_gmt":"2023-10-16T19:39:14","slug":"carta-abierta-3","status":"publish","type":"post","link":"https:\/\/amnistia.org.mx\/contenido\/index.php\/carta-abierta-3\/","title":{"rendered":"<strong>CARTA ABIERTA<\/strong>"},"content":{"rendered":"\n<p><strong>ALICIA B\u00c1RCENA<\/strong><\/p>\n\n\n\n<p><strong>SECRETAR\u00cdA DE RELACIONES EXTERIORES<\/strong><\/p>\n\n\n\n<p><strong>PRESENTE<\/strong><\/p>\n\n\n\n<p>En el marco de la celebraci\u00f3n del <em>Di\u00e1logo con Organizaciones de la Sociedad Civil hacia la presentaci\u00f3n del IV Informe Nacional ante el Mecanismo de Examen Peri\u00f3dico Universal (MEPU) del Consejo de Derechos Humanos de las Naciones Unidas,<\/em> que se llev\u00f3 a cabo durante los d\u00edas 6 y 7 de septiembre, a trav\u00e9s de mesas tem\u00e1ticas; las organizaciones de la sociedad civil y colectivos firmantes celebramos la generaci\u00f3n de un espacio de di\u00e1logo entre organizaciones y autoridades gubernamentales, a fin de conversar sobre los avances que reporta el Estado mexicano sobre el cumplimiento de las recomendaciones emitidas por dicho Mecanismo en 2018 y la presencia de un gran n\u00famero de instituciones gubernamentales. Sin embargo, externamos nuestra preocupaci\u00f3n por diversas situaciones en el proceso de preparaci\u00f3n y durante la realizaci\u00f3n del Di\u00e1logo, que restringieron el derecho a la participaci\u00f3n, entre las que destacan:<\/p>\n\n\n\n<ol type=\"1\" start=\"1\">\n<li>La convocatoria para el registro del Di\u00e1logo s\u00f3lo consider\u00f3 a organizaciones de la sociedad civil constituidas legalmente en M\u00e9xico, dejando fuera a colectivos de v\u00edctimas y familias, organizaciones nacionales e internacionales, comunidades y personas defensoras de derechos humanos que han sido claves en la defensa de derechos humanos y a las redes de organizaciones y comunidades ind\u00edgenas; que participaron en la elaboraci\u00f3n del informe que se presentar\u00e1 desde sociedad civil.<\/li>\n\n\n\n<li>La convocatoria estableci\u00f3 que s\u00f3lo pod\u00edan registrarse diez organizaciones en cada mesa. Adem\u00e1s, se realizaron mesas simult\u00e1neas de 4 tem\u00e1ticas, ambos d\u00edas, lo cual nuevamente limit\u00f3 la participaci\u00f3n de las organizaciones que deseaban incluirse en varios espacios.<\/li>\n\n\n\n<li>Las mesas de di\u00e1logo dejaron fuera tem\u00e1ticas fundamentales en derechos humanos como Empresas y Derechos Humanos, y Personas Privadas de la Libertad.<\/li>\n<\/ol>\n\n\n\n<p>Aunado a lo anterior, resaltamos nuestro extra\u00f1amiento por la ausencia de&nbsp; autoridades claves en las mesas tem\u00e1ticas de derechos humanos como la Fiscal\u00eda General de la Rep\u00fablica, Secretar\u00eda de la Defensa Nacional, Secretar\u00eda de Marina, Secretar\u00eda de Seguridad Ciudadana, \u00d3rgano Administrativo Desconcentrado de Prevenci\u00f3n y Readaptaci\u00f3n Social, la Consejer\u00eda Jur\u00eddica del Ejecutivo Federal, Representantes del poder legislativo y judicial, Sistema para el Desarrollo Integral de la Familia, Secretar\u00eda de Medio Ambiente y Recursos Naturales, Secretar\u00eda de Desarrollo Agrario, Territorial y Urbano,&nbsp; Secretar\u00eda de Gobierno, as\u00ed como la Comisi\u00f3n Nacional de los Derechos Humanos, lo cual limita el acceso a la informaci\u00f3n que el Estado mexicano presentar\u00e1 ante el Consejo de Derechos Humanos de la ONU; y que las personas representantes de las autoridades que s\u00ed asistieron no contaban con la informaci\u00f3n suficiente para responder las preguntas hechas por las personas asistentes de la sociedad civil.<\/p>\n\n\n\n<p><a><\/a>Las organizaciones firmantes llamamos al Estado mexicano a refrendar su compromiso con la creaci\u00f3n de un proceso participativo de consulta real, incluyente y plural, con actores de la sociedad civil a nivel nacional, que cumpla con los est\u00e1ndares de Naciones Unidas en la preparaci\u00f3n de su informe para el Examen Peri\u00f3dico Universal, que presentar\u00e1 ante el Consejo de la ONU, y hacer p\u00fablica toda la informaci\u00f3n sobre el seguimiento y la implementaci\u00f3n de las recomendaciones del ciclo anterior del EPU por cada una de las instituciones responsables.<\/p>\n\n\n\n<p><a><\/a>Organizaciones firmantes:<\/p>\n\n\n\n<p><a><\/a>Amnist\u00eda Internacional<\/p>\n\n\n\n<p><a><\/a>Asistencia Legal por los Derechos Humanos A.C. (ASILEGAL)<\/p>\n\n\n\n<p><a><\/a>Asylum Access M\u00e9xico (AAMX) A.C.<\/p>\n\n\n\n<p><a><\/a>Balance Promoci\u00f3n para el Desarrollo y Juventud A.C.<\/p>\n\n\n\n<p><a><\/a>Centro de Derechos Humanos &#8220;Fray Francisco de Vitoria OP&#8221;, A.C.<\/p>\n\n\n\n<p><a><\/a>Centro de Derechos Humanos Fray Mat\u00edas de C\u00f3rdova A.C.<\/p>\n\n\n\n<p><a><\/a>Centro de Derechos Humanos Zeferino Ladrillero A. C. (CDHZL) Centro de Derechos Humanos de las Mujeres (CEDEHM)<\/p>\n\n\n\n<p><a><\/a>Centro de Estudios Sociales y Culturales Antonio de Montesinos A.C.<\/p>\n\n\n\n<p><a><\/a>Centro de Justicia para la Paz y el Desarrollo A.C. (CEPAD)<\/p>\n\n\n\n<p><a><\/a>Colectivo Contra la Tortura y la Impunidad, A.C.<\/p>\n\n\n\n<p><a><\/a>Comisi\u00f3n Mexicana de Defensa y Promoci\u00f3n de los Derechos Humanos, A.C.<\/p>\n\n\n\n<p><a><\/a>Comit\u00e9 de Defensa Integral de Derechos Humanos Gobixha A.C. (CODIGO DH).<\/p>\n\n\n\n<p><a><\/a>Comunicaci\u00f3n e Informaci\u00f3n de la Mujer, A.C. (CIMAC)<\/p>\n\n\n\n<p><a><\/a>Consultor\u00eda T\u00e9cnica Comunitaria, A.C. (CONTEC)<\/p>\n\n\n\n<p>Fundaci\u00f3n Arcoiris por el respeto a la diversidad sexual A.C.<\/p>\n\n\n\n<p><a><\/a>Fundaci\u00f3n para la Justicia y el Estado Democr\u00e1tico de Derecho<\/p>\n\n\n\n<p><a><\/a>Humanismo y Legalidad, A.C.<\/p>\n\n\n\n<p><a><\/a>Idheas Litigio Estrat\u00e9gico en Derechos Humanos AC (IDHEAS)<\/p>\n\n\n\n<p><a><\/a>Incide<\/p>\n\n\n\n<p><a><\/a>Kalli Luz Marina AC<\/p>\n\n\n\n<p><a><\/a>M\u00e9xico Unido Contra la Delincuencia, A.C.<\/p>\n\n\n\n<p><a><\/a>Observatorio Ciudadano Nacional del Feminicidio<\/p>\n\n\n\n<p><a><\/a>Oxfam M\u00e9xico<\/p>\n\n\n\n<p><a><\/a>Propuesta C\u00edvica<\/p>\n\n\n\n<p><a><\/a>Red de Defensa del Territorio Ind\u00edgena en la Sierra Tarahumara (REDETI)<\/p>\n\n\n\n<p><a><\/a>Red Jesuita con Migrantes M\u00e9xico<\/p>\n\n\n\n<p><a><\/a>Red Nacional de Organismos Civiles de Derechos Humanos &#8220;Todos los Derechos para Todas y Todos&#8221; (Red TDT)<\/p>\n\n\n\n<p><a><\/a>Red Nacional de Peritos y Expertos Independientes contra la Tortura<\/p>\n\n\n\n<p><a><\/a>Red por los Derechos de la Infancia en M\u00e9xico (REDIM)<\/p>\n\n\n\n<p><a><\/a>Scalabrinianas Misi\u00f3n con Migrantes y Refugiados (SMR)<\/p>\n\n\n\n<p><a><\/a>Organizaci\u00f3n Mundial Contra la Tortura (OMCT)<\/p>\n\n\n\n<p><a><\/a>Centro Profesional Ind\u00edgena de Asesor\u00eda, Defensa y Traducci\u00f3n, AC (CEPIADET)<\/p>\n\n\n\n<p><strong>Grupo de Trabajo Sobre Pol\u00edtica Migratoria-GTPM: <\/strong>Aldeas Infantiles SOS M\u00e9xico, I.A.P.; Alianza Am\u00e9ricas; American Friends Services Committee; Asylum Access M\u00e9xico (AAMX) A.C.; Casa del Migrante Saltillo (Frontera con Justicia A.C.); Centro de Derechos Humanos&nbsp; Fray Mat\u00edas de C\u00f3rdova, A.C.; Coalici\u00f3n Pro Defensa del Migrante de Baja California; Comisi\u00f3n Mexicana de Defensa y Promoci\u00f3n de los Derechos Humanos; Fundaci\u00f3n&nbsp; Appleseed M\u00e9xico, A.C.; DHIA. Derechos Humanos Integrales en Acci\u00f3n, A.C.; IMUMI Instituto para las Mujeres en la Migraci\u00f3n; Iniciativa Ciudadana para la Promoci\u00f3n de la Cultura del Di\u00e1logo, A.C.; INSYDE Instituto para la Seguridad y la Democracia; M3 Movimiento Migrante Mesoamericano; Paso de Esperanza A.C.; REDIM Red por los Derechos de la Infancia en M\u00e9xico; Sin Fronteras, IAP; Servicio Jesuita a Refugiados; SMR Scalabrinianas: Misi\u00f3n con Migrantes y Refugiados; Leticia Calder\u00f3n, Analista en temas migratorios; Brenda Vald\u00e9s; Elba Coria; Manuel \u00c1ngel Castillo, Investigador; Gloria Ciria Vald\u00e9z Gardea, fundadora y coordinadora del Seminario Ni\u00f1ez Migrante; IDC International Detention Coalition (Observadoras). Jocel\u00edn Mariscal Agreda Ana Hurtado Pliego y Melissa A. V\u00e9rtiz Hern\u00e1ndez, Secretar\u00eda T\u00e9cnica.<\/p>\n","protected":false},"excerpt":{"rendered":"<p>ALICIA B\u00c1RCENA SECRETAR\u00cdA DE RELACIONES EXTERIORES PRESENTE En el marco de la celebraci\u00f3n del Di\u00e1logo con Organizaciones de la Sociedad Civil hacia la presentaci\u00f3n del IV Informe Nacional ante el &hellip;<\/p>\n<p class=\"read-more\"> <a class=\"\" href=\"https:\/\/amnistia.org.mx\/contenido\/index.php\/carta-abierta-3\/\"> <span class=\"screen-reader-text\"><strong>CARTA ABIERTA<\/strong><\/span> Leer m\u00e1s &raquo;<\/a><\/p>\n","protected":false},"author":4,"featured_media":25975,"comment_status":"closed","ping_status":"closed","sticky":false,"template":"","format":"standard","meta":{"_uf_show_specific_survey":0,"_uf_disable_surveys":false,"site-sidebar-layout":"default","site-content-layout":"default","ast-global-header-display":"","ast-main-header-display":"","ast-hfb-above-header-display":"","ast-hfb-below-header-display":"","ast-hfb-mobile-header-display":"","site-post-title":"","ast-breadcrumbs-content":"","ast-featured-img":"","footer-sml-layout":"","theme-transparent-header-meta":"","adv-header-id-meta":"","stick-header-meta":"","header-above-stick-meta":"","header-main-stick-meta":"","header-below-stick-meta":""},"categories":[9],"tags":[161],"acf":[],"aioseo_notices":[],"yoast_head":"<!-- This site is optimized with the Yoast SEO plugin v14.5 - https:\/\/yoast.com\/wordpress\/plugins\/seo\/ -->\n<title>CARTA ABIERTA - amnistia.org.mx<\/title>\n<meta name=\"description\" content=\"Carta Abierta de Amnist\u00eda Internacional y OSCs a la canciller\u00eda mexicana para tener un di\u00e1logo participativo entre \u00e9stas y el Estado con vistas al informe EPU.\" \/>\n<meta name=\"robots\" content=\"index, follow\" \/>\n<meta name=\"googlebot\" content=\"index, follow, max-snippet:-1, max-image-preview:large, max-video-preview:-1\" \/>\n<meta name=\"bingbot\" content=\"index, follow, max-snippet:-1, max-image-preview:large, max-video-preview:-1\" \/>\n<link rel=\"canonical\" href=\"https:\/\/amnistia.org.mx\/contenido\/index.php\/carta-abierta-3\/\" \/>\n<meta property=\"og:locale\" content=\"es_MX\" \/>\n<meta property=\"og:type\" content=\"article\" \/>\n<meta property=\"og:title\" content=\"CARTA ABIERTA - amnistia.org.mx\" \/>\n<meta property=\"og:description\" content=\"Carta Abierta de Amnist\u00eda Internacional y OSCs a la canciller\u00eda mexicana para tener un di\u00e1logo participativo entre \u00e9stas y el Estado con vistas al informe EPU.\" \/>\n<meta property=\"og:url\" content=\"https:\/\/amnistia.org.mx\/contenido\/index.php\/carta-abierta-3\/\" \/>\n<meta property=\"og:site_name\" content=\"amnistia.org.mx\" \/>\n<meta property=\"article:published_time\" content=\"2023-09-08T17:53:28+00:00\" \/>\n<meta property=\"article:modified_time\" content=\"2023-10-16T19:39:14+00:00\" \/>\n<meta property=\"og:image\" content=\"https:\/\/amnistia.org.mx\/contenido\/wp-content\/uploads\/2023\/09\/carta-abierta-ajustado-1.jpg\" \/>\n\t<meta property=\"og:image:width\" content=\"700\" \/>\n\t<meta property=\"og:image:height\" content=\"393\" \/>\n<meta name=\"twitter:card\" content=\"summary_large_image\" \/>\n<script type=\"application\/ld+json\" class=\"yoast-schema-graph\">{\"@context\":\"https:\/\/schema.org\",\"@graph\":[{\"@type\":\"WebSite\",\"@id\":\"https:\/\/amnistia.org.mx\/contenido\/#website\",\"url\":\"https:\/\/amnistia.org.mx\/contenido\/\",\"name\":\"amnistia.org.mx\",\"description\":\"Nueva p\\u00e1gina de Amnist\\u00eda\",\"potentialAction\":[{\"@type\":\"SearchAction\",\"target\":\"https:\/\/amnistia.org.mx\/contenido\/?s={search_term_string}\",\"query-input\":\"required name=search_term_string\"}],\"inLanguage\":\"es-MX\"},{\"@type\":\"ImageObject\",\"@id\":\"https:\/\/amnistia.org.mx\/contenido\/index.php\/carta-abierta-3\/#primaryimage\",\"inLanguage\":\"es-MX\",\"url\":\"https:\/\/amnistia.org.mx\/contenido\/wp-content\/uploads\/2023\/09\/carta-abierta-ajustado-1.jpg\",\"width\":700,\"height\":393},{\"@type\":\"WebPage\",\"@id\":\"https:\/\/amnistia.org.mx\/contenido\/index.php\/carta-abierta-3\/#webpage\",\"url\":\"https:\/\/amnistia.org.mx\/contenido\/index.php\/carta-abierta-3\/\",\"name\":\"CARTA ABIERTA - amnistia.org.mx\",\"isPartOf\":{\"@id\":\"https:\/\/amnistia.org.mx\/contenido\/#website\"},\"primaryImageOfPage\":{\"@id\":\"https:\/\/amnistia.org.mx\/contenido\/index.php\/carta-abierta-3\/#primaryimage\"},\"datePublished\":\"2023-09-08T17:53:28+00:00\",\"dateModified\":\"2023-10-16T19:39:14+00:00\",\"author\":{\"@id\":\"https:\/\/amnistia.org.mx\/contenido\/#\/schema\/person\/7db421c495688267ce8ede4625c17fa5\"},\"description\":\"Carta Abierta de Amnist\\u00eda Internacional y OSCs a la canciller\\u00eda mexicana para tener un di\\u00e1logo participativo entre \\u00e9stas y el Estado con vistas al informe EPU.\",\"breadcrumb\":{\"@id\":\"https:\/\/amnistia.org.mx\/contenido\/index.php\/carta-abierta-3\/#breadcrumb\"},\"inLanguage\":\"es-MX\",\"potentialAction\":[{\"@type\":\"ReadAction\",\"target\":[\"https:\/\/amnistia.org.mx\/contenido\/index.php\/carta-abierta-3\/\"]}]},{\"@type\":\"BreadcrumbList\",\"@id\":\"https:\/\/amnistia.org.mx\/contenido\/index.php\/carta-abierta-3\/#breadcrumb\",\"itemListElement\":[{\"@type\":\"ListItem\",\"position\":1,\"item\":{\"@type\":\"WebPage\",\"@id\":\"https:\/\/amnistia.org.mx\/contenido\/\",\"url\":\"https:\/\/amnistia.org.mx\/contenido\/\",\"name\":\"Home\"}},{\"@type\":\"ListItem\",\"position\":2,\"item\":{\"@type\":\"WebPage\",\"@id\":\"https:\/\/amnistia.org.mx\/contenido\/index.php\/carta-abierta-3\/\",\"url\":\"https:\/\/amnistia.org.mx\/contenido\/index.php\/carta-abierta-3\/\",\"name\":\"CARTA ABIERTA\"}}]},{\"@type\":[\"Person\"],\"@id\":\"https:\/\/amnistia.org.mx\/contenido\/#\/schema\/person\/7db421c495688267ce8ede4625c17fa5\",\"name\":\"Alejandro Ju\\u00e1rez Gamero\",\"image\":{\"@type\":\"ImageObject\",\"@id\":\"https:\/\/amnistia.org.mx\/contenido\/#personlogo\",\"inLanguage\":\"es-MX\",\"url\":\"https:\/\/secure.gravatar.com\/avatar\/e312d5566d1c3ffb56f86415d6f0e606?s=96&d=mm&r=g\",\"caption\":\"Alejandro Ju\\u00e1rez Gamero\"}}]}<\/script>\n<!-- \/ Yoast SEO plugin. -->","_links":{"self":[{"href":"https:\/\/amnistia.org.mx\/contenido\/index.php\/wp-json\/wp\/v2\/posts\/25969"}],"collection":[{"href":"https:\/\/amnistia.org.mx\/contenido\/index.php\/wp-json\/wp\/v2\/posts"}],"about":[{"href":"https:\/\/amnistia.org.mx\/contenido\/index.php\/wp-json\/wp\/v2\/types\/post"}],"author":[{"embeddable":true,"href":"https:\/\/amnistia.org.mx\/contenido\/index.php\/wp-json\/wp\/v2\/users\/4"}],"replies":[{"embeddable":true,"href":"https:\/\/amnistia.org.mx\/contenido\/index.php\/wp-json\/wp\/v2\/comments?post=25969"}],"version-history":[{"count":8,"href":"https:\/\/amnistia.org.mx\/contenido\/index.php\/wp-json\/wp\/v2\/posts\/25969\/revisions"}],"predecessor-version":[{"id":25982,"href":"https:\/\/amnistia.org.mx\/contenido\/index.php\/wp-json\/wp\/v2\/posts\/25969\/revisions\/25982"}],"wp:featuredmedia":[{"embeddable":true,"href":"https:\/\/amnistia.org.mx\/contenido\/index.php\/wp-json\/wp\/v2\/media\/25975"}],"wp:attachment":[{"href":"https:\/\/amnistia.org.mx\/contenido\/index.php\/wp-json\/wp\/v2\/media?parent=25969"}],"wp:term":[{"taxonomy":"category","embeddable":true,"href":"https:\/\/amnistia.org.mx\/contenido\/index.php\/wp-json\/wp\/v2\/categories?post=25969"},{"taxonomy":"post_tag","embeddable":true,"href":"https:\/\/amnistia.org.mx\/contenido\/index.php\/wp-json\/wp\/v2\/tags?post=25969"}],"curies":[{"name":"wp","href":"https:\/\/api.w.org\/{rel}","templated":true}]}}