
{"id":26821,"date":"2023-09-27T11:52:57","date_gmt":"2023-09-27T16:52:57","guid":{"rendered":"https:\/\/amnistia.org.mx\/contenido\/?p=26821"},"modified":"2023-10-16T14:39:13","modified_gmt":"2023-10-16T19:39:13","slug":"americas-brasil-puede-ser-el-proximo-pais-en-dar-un-paso-adelante-para-garantizar-el-derecho-al-aborto","status":"publish","type":"post","link":"https:\/\/amnistia.org.mx\/contenido\/index.php\/americas-brasil-puede-ser-el-proximo-pais-en-dar-un-paso-adelante-para-garantizar-el-derecho-al-aborto\/","title":{"rendered":"<strong>Am\u00e9ricas: Brasil puede ser el pr\u00f3ximo pa\u00eds en dar un paso adelante para garantizar el derecho al aborto<\/strong>"},"content":{"rendered":"\n<p class=\"has-text-align-right\">\u00a0\u00a9 Mario Tama\/Getty Images<\/p>\n\n\n\n<p>Ante el D\u00eda de Acci\u00f3n Global por el Aborto Legal, Seguro y Accesible, que se conmemora el 28 de septiembre, Ana Piquer, directora para las Am\u00e9ricas de Amnist\u00eda Internacional, dijo:<\/p>\n\n\n\n<p>\u201cPese a las numerosas victorias de la marea verde en las Am\u00e9ricas durante los \u00faltimos a\u00f1os, los derechos ganados y las oportunidades para ampliar las protecciones al aborto est\u00e1n bajo el acecho de actores anti derechos. El rev\u00e9s a Roe vs. Wade en Estados Unidos el a\u00f1o pasado fue un llamado de atenci\u00f3n para el movimiento, record\u00e1ndonos una vez m\u00e1s que la defensa de nuestros derechos y la lucha por ampliarlos debe ser permanente.\u201d<\/p>\n\n\n\n<p>\u201cBrasil tiene la oportunidad de sumarse a la marea verde y de reconocer el derecho del acceso al aborto seguro y legal de las mujeres, las ni\u00f1as y todas las personas que pueden embarazarse. Durante d\u00e9cadas, la criminalizaci\u00f3n del aborto ha violado nuestros derechos sexuales y reproductivos y discriminado desproporcionadamente a las mujeres negras, ind\u00edgenas y aquellas en situaci\u00f3n de pobreza. Es hora de que el Supremo Tribunal Federal ponga fin a esta injusticia.\u201d<\/p>\n\n\n\n<p><strong>Informaci\u00f3n adicional:<\/strong><\/p>\n\n\n\n<p>Se ha llamado \u201cla marea verde\u201d al movimiento feminista y de derechos humanos que ha luchado durante a\u00f1os por la legalizaci\u00f3n del aborto en toda Latinoam\u00e9rica. Este movimiento ha impulsado importantes avances, pero el riesgo de retrocesos permanece en la regi\u00f3n.<\/p>\n\n\n\n<p>El rev\u00e9s a Roe vs. Wade ha exacerbado una crisis de salud sexual y reproductiva en <strong>Estados Unidos<\/strong>, en tanto <a href=\"https:\/\/www.nytimes.com\/interactive\/2022\/us\/abortion-laws-roe-v-wade.html\">21 Estados han restringido parcial o totalmente el acceso a la interrupci\u00f3n del embarazo<\/a>. Diversos estados como Ohio, Kentucky y Montana han logrado <a href=\"https:\/\/www.dw.com\/es\/controversia-en-puerto-rico-por-un-proyecto-de-ley-sobre-el-aborto\/a-64940886\">detener las iniciativas contra el aborto<\/a> desde el espacio legislativo o electoralmente. Sin embargo, los grupos anti derechos siguen impulsando nuevas prohibiciones en los estados y ahora apuestan a restringir el aborto con medicamentos y a obstaculizar -cuando no criminalizar- las redes de solidaridad interestatales que han surgido para ayudar a las personas que buscan abortar.<\/p>\n\n\n\n<p>En <strong>Argentina<\/strong>, territorio clave para la avanzada de la marea verde, a casi tres a\u00f1os del hito hist\u00f3rico de la legalizaci\u00f3n del aborto en diciembre de 2020, han mejorado notablemente las cifras vinculadas a la mortalidad materna, demostrando una vez m\u00e1s que la liberalizaci\u00f3n de la interrupci\u00f3n legal del embarazo protege la salud y la vida. Pese a que persisten algunas resistencias en la implementaci\u00f3n en todo el pa\u00eds, es clave que, en el contexto electoral, se refuerce la importancia de defender los derechos ya conquistados y se garantice el acceso efectivo al aborto.<\/p>\n\n\n\n<p>En <strong>Brasil<\/strong>, los pr\u00f3ximos d\u00edas podr\u00edan ser decisivos para avanzar en la despenalizaci\u00f3n del aborto hasta la semana 12 de gestaci\u00f3n por medio de la votaci\u00f3n reabierta en el Supremo Tribunal Federal por la ministra y presidenta, Rosa Weber, quien, antes de jubilarse, <a href=\"https:\/\/www.dw.com\/es\/brasil-stf-inicia-votaci%C3%B3n-sobre-despenalizaci%C3%B3n-de-aborto\/a-66902881\">vot\u00f3 a favor de los derechos reproductivos<\/a> de las mujeres, las ni\u00f1as y todas las personas que busquen acceder al aborto. En Brasil, seg\u00fan cifras oficiales, una de cada 28 personas que intentan abortar mueren por hacerlo en condiciones inseguras. En este contexto, las desigualdades de raza son evidentes: las mujeres negras tienen el doble de probabilidades de morir en un aborto inseguro, ya que tienen una probabilidad 46% mayor de practic\u00e1rselo en primer lugar. As\u00ed que est\u00e1n diferenciadamente expuestas a los riesgos a su salud, vida y dignidad asociados a la penalizaci\u00f3n del aborto. El aborto en Brasil sigue siendo un crimen, seg\u00fan el C\u00f3digo Penal de 1940, con excepci\u00f3n de los casos de estupro y anencefalia. Aunque existen prerrogativas legales para garantizar el acceso en estos casos, las mujeres enfrentan desinformaci\u00f3n y barreras de acceso y atenci\u00f3n en los centros de salud.<\/p>\n\n\n\n<p>A poco m\u00e1s de un a\u00f1o de lograr el derecho al aborto en <strong>Colombia<\/strong>, se han presentado distintos recursos judiciales para revertir la despenalizaci\u00f3n. El tribunal mantuvo firme la sentencia al desestimar las nulidades sobre la sentencia que despenaliz\u00f3 el aborto; pero un par de tutelas han derivado en la imposici\u00f3n de <a href=\"https:\/\/elpais.com\/america-colombia\/2023-06-14\/una-sentencia-de-la-corte-constitucional-deja-en-suspenso-el-derecho-al-aborto.html\">barreras adicionales<\/a> para mujeres ind\u00edgenas. En paralelo, se han <a href=\"https:\/\/www.infobae.com\/america\/agencias\/2023\/08\/28\/un-referendo-contra-el-aborto-se-abre-camino-en-colombia-aunque-advierten-irregularidades\/#:~:text=Una%20investigaci%C3%B3n%20del%20Movimiento%20Causa%20Justa%2C%20que%20busca,e%20inconsistencias%20en%20la%20actuaci%C3%B3n%20de%20instituciones%20p%C3%BAblicas%22.\">denunciado irregularidades en un referendo<\/a> que propone restringir el aborto a nivel constitucional. Finalmente, el acceso efectivo al aborto en Colombia sigue siendo restringido por falta de informaci\u00f3n o desinformaci\u00f3n por parte de grupos anti-derechos; negligencia m\u00e9dica, incluyendo el uso indebido de la objeci\u00f3n de conciencia, y falta de cobertura f\u00edsica de centros que realicen el procedimiento.&nbsp;<\/p>\n\n\n\n<p><strong>M\u00e9xico <\/strong>es otro de los pa\u00edses con avances determinantes: resoluciones del m\u00e1ximo tribunal resolvieron que la criminalizaci\u00f3n absoluta del aborto es inconstitucional; y <a href=\"https:\/\/www.bing.com\/search?q=despenalizan+aborto+en+mexico&amp;cvid=ab5f34cd73ea40299ca41a79620eb0cd&amp;gs_lcrp=EgZjaHJvbWUyBggAEEUYOTIGCAEQRRg7MgYIAhBFGEAyBwgDEEUY_FXSAQgyNjI3ajBqNKgCALACAA&amp;FORM=ANAB01&amp;PC=U531\">despenalizaron el aborto en el c\u00f3digo penal federal<\/a>. As\u00ed, se reconoci\u00f3 ya el derecho al aborto en M\u00e9xico y se determin\u00f3 la obligaci\u00f3n de las instituciones federales de salud de garantizarlo. A nivel local, 12 entidades federativas ya despenalizaron el aborto totalmente o por plazos. Sin embargo, dos terceras partes del pa\u00eds siguen con restricciones vigentes a nivel local y en los lugares donde se permite, falta camino para garantizar el acceso. A cuatro a\u00f1os de la despenalizaci\u00f3n, Oaxaca solo tiene siete cl\u00ednicas que practiquen los procedimientos y a menudo falta equipamiento e insumos para realizarlos.<\/p>\n\n\n\n<p><strong>Per\u00fa<\/strong>, que apenas permite el aborto terap\u00e9utico, tambi\u00e9n ha enfrentado amenazas. Varios proyectos de ley han buscado eliminar u obstaculizar el aborto terap\u00e9utico en el pa\u00eds andino ignorando que, seg\u00fan cifras oficiales de 2021, <a href=\"https:\/\/peru.unfpa.org\/es\/news\/se-debe-visibilizar-el-embarazo-y-la-maternidad-adolescentes-para-construir-un-mejor-futuro\">cada d\u00eda 4 ni\u00f1as menores de 15 a\u00f1os fueron forzadas a ser madres<\/a>. Al respecto, en junio de 2023, el Comit\u00e9 de la ONU sobre los derechos del ni\u00f1o <a href=\"https:\/\/larepublica.pe\/sociedad\/2023\/06\/14\/historico-onu-declara-que-peru-violo-derechos-en-caso-camila-violacion-sexual-abuso-derechos-humanos-derechos-del-nino-aborto-1044120\">determin\u00f3 que el Estado peruano<\/a> viol\u00f3 los derechos a la vida, salud e integridad de Camila, una ni\u00f1a ind\u00edgena v\u00edctima de violaci\u00f3n a la que le neg\u00f3 el acceso al aborto terap\u00e9utico.<\/p>\n\n\n\n<p>En los casos de <strong>Chile<\/strong> y <strong>Puerto Rico<\/strong>, ha habido intenciones e incluso proyectos de ley para restringir el aborto por causales o edad. Por su parte, la primera fuerza del Consejo Constitucional en <strong>Chile<\/strong>, el Partido Republicano, se ha manifestado en <a href=\"https:\/\/lamalafe.lat\/chile-partido-republicano-busca-anular-ley-de-aborto-por-causales\/\">contra de la ley que regula el aborto<\/a> en casos de violaci\u00f3n, inviabilidad fetal y peligro para la vida de las personas. A la fecha han presentado iniciativas para eliminar las protecciones al aborto; y buscar\u00edan imponer restricciones tambi\u00e9n desde la v\u00eda constitucional.<\/p>\n\n\n\n<p><strong>El Salvador<\/strong>, <strong>Nicaragua<\/strong>, <strong>Honduras<\/strong>, <strong>Rep\u00fablica Dominicana,<\/strong> <strong>Jamaica, Hait\u00ed, Surinam, Aruba y Curazao <\/strong><a href=\"https:\/\/reproductiverights.org\/maps\/worlds-abortion-laws\/\">siguen penalizando absolutamente el aborto<\/a>. Lo cual no reduce la pr\u00e1ctica, sino que solo pone a las personas que buscan hacerlo en una situaci\u00f3n de riesgo, afectando desproporcionalmente a personas empobrecidas, racializadas, campesinas, ind\u00edgenas y afrodescendientes. Antes de la despenalizaci\u00f3n parcial por causales en <strong>Ecuador<\/strong>, se hab\u00edan <a href=\"https:\/\/www.hrw.org\/es\/news\/2021\/07\/14\/ecuador-criminalizar-el-aborto-vulnera-derechos-y-afecta-la-salud\">criminalizado a por lo menos<\/a> 148 personas por tener, acompa\u00f1ar o asistir abortos. Entre ellas, 33 ni\u00f1as.<\/p>\n\n\n\n<p>En el caso espec\u00edfico de <strong>El Salvador<\/strong>, <a href=\"https:\/\/animalpolitico.com\/internacional\/salvador-criminalizado-mujeres-abortos-procesos-penales\">cifras de organizaciones locales<\/a> apuntan que al menos 181 mujeres fueron criminalizadas por emergencias obst\u00e9tricas que derivaron en abortos entre 1998 y 2019; siete seguir\u00edan enfrentando procesos penales.<\/p>\n\n\n\n<p>Finalmente, en toda la regi\u00f3n, el asedio y hostigamiento de actores anti derechos, e incluso la criminalizaci\u00f3n contra acompa\u00f1antes de abortos o personas que buscan abortar, genera un entorno de zozobra, desinformaci\u00f3n y desaliento que en s\u00ed misma es una barrera para ejercer el derecho al aborto.<\/p>\n\n\n\n<p><strong>Para m\u00e1s informaci\u00f3n o concertar una entrevista, p\u00f3nganse en contacto con Duncan Tucker: +52 55 4848 8266, <\/strong><a href=\"mailto:duncan.tucker@amnesty.org\">duncan.tucker@amnesty.org<\/a><\/p>\n","protected":false},"excerpt":{"rendered":"<p>\u00a0\u00a9 Mario Tama\/Getty Images Ante el D\u00eda de Acci\u00f3n Global por el Aborto Legal, Seguro y Accesible, que se conmemora el 28 de septiembre, Ana Piquer, directora para las Am\u00e9ricas &hellip;<\/p>\n<p class=\"read-more\"> <a class=\"\" href=\"https:\/\/amnistia.org.mx\/contenido\/index.php\/americas-brasil-puede-ser-el-proximo-pais-en-dar-un-paso-adelante-para-garantizar-el-derecho-al-aborto\/\"> <span class=\"screen-reader-text\"><strong>Am\u00e9ricas: Brasil puede ser el pr\u00f3ximo pa\u00eds en dar un paso adelante para garantizar el derecho al aborto<\/strong><\/span> Leer m\u00e1s &raquo;<\/a><\/p>\n","protected":false},"author":4,"featured_media":26822,"comment_status":"closed","ping_status":"closed","sticky":false,"template":"","format":"standard","meta":{"_uf_show_specific_survey":0,"_uf_disable_surveys":false,"site-sidebar-layout":"default","site-content-layout":"default","ast-global-header-display":"","ast-main-header-display":"","ast-hfb-above-header-display":"","ast-hfb-below-header-display":"","ast-hfb-mobile-header-display":"","site-post-title":"","ast-breadcrumbs-content":"","ast-featured-img":"","footer-sml-layout":"","theme-transparent-header-meta":"","adv-header-id-meta":"","stick-header-meta":"","header-above-stick-meta":"","header-main-stick-meta":"","header-below-stick-meta":""},"categories":[9],"tags":[],"acf":[],"aioseo_notices":[],"yoast_head":"<!-- This site is optimized with the Yoast SEO plugin v14.5 - https:\/\/yoast.com\/wordpress\/plugins\/seo\/ -->\n<title>Am\u00e9ricas: Brasil puede ser el pr\u00f3ximo pa\u00eds en dar un paso adelante para garantizar el derecho al aborto - amnistia.org.mx<\/title>\n<meta name=\"description\" content=\"Pronunciamiento de Amnist\u00eda Internacional por el D\u00eda de Acci\u00f3n Global por el Aborto Legal, Seguro y Accesible.\" \/>\n<meta name=\"robots\" content=\"index, follow\" \/>\n<meta name=\"googlebot\" content=\"index, follow, max-snippet:-1, max-image-preview:large, max-video-preview:-1\" \/>\n<meta name=\"bingbot\" content=\"index, follow, max-snippet:-1, max-image-preview:large, max-video-preview:-1\" \/>\n<link rel=\"canonical\" href=\"https:\/\/amnistia.org.mx\/contenido\/index.php\/americas-brasil-puede-ser-el-proximo-pais-en-dar-un-paso-adelante-para-garantizar-el-derecho-al-aborto\/\" \/>\n<meta property=\"og:locale\" content=\"es_MX\" \/>\n<meta property=\"og:type\" content=\"article\" \/>\n<meta property=\"og:title\" content=\"Am\u00e9ricas: Brasil puede ser el pr\u00f3ximo pa\u00eds en dar un paso adelante para garantizar el derecho al aborto - amnistia.org.mx\" \/>\n<meta property=\"og:description\" content=\"Pronunciamiento de Amnist\u00eda Internacional por el D\u00eda de Acci\u00f3n Global por el Aborto Legal, Seguro y Accesible.\" \/>\n<meta property=\"og:url\" content=\"https:\/\/amnistia.org.mx\/contenido\/index.php\/americas-brasil-puede-ser-el-proximo-pais-en-dar-un-paso-adelante-para-garantizar-el-derecho-al-aborto\/\" \/>\n<meta property=\"og:site_name\" content=\"amnistia.org.mx\" \/>\n<meta property=\"article:published_time\" content=\"2023-09-27T16:52:57+00:00\" \/>\n<meta property=\"article:modified_time\" content=\"2023-10-16T19:39:13+00:00\" \/>\n<meta property=\"og:image\" content=\"https:\/\/amnistia.org.mx\/contenido\/wp-content\/uploads\/2023\/09\/Foto-ajustada-GettyImages-514394254.jpg\" \/>\n\t<meta property=\"og:image:width\" content=\"700\" \/>\n\t<meta property=\"og:image:height\" content=\"458\" \/>\n<meta name=\"twitter:card\" content=\"summary_large_image\" \/>\n<script type=\"application\/ld+json\" class=\"yoast-schema-graph\">{\"@context\":\"https:\/\/schema.org\",\"@graph\":[{\"@type\":\"WebSite\",\"@id\":\"https:\/\/amnistia.org.mx\/contenido\/#website\",\"url\":\"https:\/\/amnistia.org.mx\/contenido\/\",\"name\":\"amnistia.org.mx\",\"description\":\"Nueva p\\u00e1gina de Amnist\\u00eda\",\"potentialAction\":[{\"@type\":\"SearchAction\",\"target\":\"https:\/\/amnistia.org.mx\/contenido\/?s={search_term_string}\",\"query-input\":\"required name=search_term_string\"}],\"inLanguage\":\"es-MX\"},{\"@type\":\"ImageObject\",\"@id\":\"https:\/\/amnistia.org.mx\/contenido\/index.php\/americas-brasil-puede-ser-el-proximo-pais-en-dar-un-paso-adelante-para-garantizar-el-derecho-al-aborto\/#primaryimage\",\"inLanguage\":\"es-MX\",\"url\":\"https:\/\/amnistia.org.mx\/contenido\/wp-content\/uploads\/2023\/09\/Foto-ajustada-GettyImages-514394254.jpg\",\"width\":700,\"height\":458,\"caption\":\"RIO DE JANEIRO, BRAZIL - MARCH 08: A supporter of legalizing abortion poses during a march for women's rights on International Women's Day on March 8, 2016 in Rio de Janeiro, Brazil. Marchers called for myriad reforms including protection from male violence, health care and expanded female reproductive rights. Women's reproductive rights have taken on a new focus in Brazil following the onset of the Zika virus outbreak, which authorities strongly suspect is linked to birth defects. Brazilian law currently only allows abortion in cases of rape or certain dire health threats which currently do not include the Zika virus. (Photo by Mario Tama\/Getty Images)\"},{\"@type\":\"WebPage\",\"@id\":\"https:\/\/amnistia.org.mx\/contenido\/index.php\/americas-brasil-puede-ser-el-proximo-pais-en-dar-un-paso-adelante-para-garantizar-el-derecho-al-aborto\/#webpage\",\"url\":\"https:\/\/amnistia.org.mx\/contenido\/index.php\/americas-brasil-puede-ser-el-proximo-pais-en-dar-un-paso-adelante-para-garantizar-el-derecho-al-aborto\/\",\"name\":\"Am\\u00e9ricas: Brasil puede ser el pr\\u00f3ximo pa\\u00eds en dar un paso adelante para garantizar el derecho al aborto - amnistia.org.mx\",\"isPartOf\":{\"@id\":\"https:\/\/amnistia.org.mx\/contenido\/#website\"},\"primaryImageOfPage\":{\"@id\":\"https:\/\/amnistia.org.mx\/contenido\/index.php\/americas-brasil-puede-ser-el-proximo-pais-en-dar-un-paso-adelante-para-garantizar-el-derecho-al-aborto\/#primaryimage\"},\"datePublished\":\"2023-09-27T16:52:57+00:00\",\"dateModified\":\"2023-10-16T19:39:13+00:00\",\"author\":{\"@id\":\"https:\/\/amnistia.org.mx\/contenido\/#\/schema\/person\/7db421c495688267ce8ede4625c17fa5\"},\"description\":\"Pronunciamiento de Amnist\\u00eda Internacional por el D\\u00eda de Acci\\u00f3n Global por el Aborto Legal, Seguro y Accesible.\",\"breadcrumb\":{\"@id\":\"https:\/\/amnistia.org.mx\/contenido\/index.php\/americas-brasil-puede-ser-el-proximo-pais-en-dar-un-paso-adelante-para-garantizar-el-derecho-al-aborto\/#breadcrumb\"},\"inLanguage\":\"es-MX\",\"potentialAction\":[{\"@type\":\"ReadAction\",\"target\":[\"https:\/\/amnistia.org.mx\/contenido\/index.php\/americas-brasil-puede-ser-el-proximo-pais-en-dar-un-paso-adelante-para-garantizar-el-derecho-al-aborto\/\"]}]},{\"@type\":\"BreadcrumbList\",\"@id\":\"https:\/\/amnistia.org.mx\/contenido\/index.php\/americas-brasil-puede-ser-el-proximo-pais-en-dar-un-paso-adelante-para-garantizar-el-derecho-al-aborto\/#breadcrumb\",\"itemListElement\":[{\"@type\":\"ListItem\",\"position\":1,\"item\":{\"@type\":\"WebPage\",\"@id\":\"https:\/\/amnistia.org.mx\/contenido\/\",\"url\":\"https:\/\/amnistia.org.mx\/contenido\/\",\"name\":\"Home\"}},{\"@type\":\"ListItem\",\"position\":2,\"item\":{\"@type\":\"WebPage\",\"@id\":\"https:\/\/amnistia.org.mx\/contenido\/index.php\/americas-brasil-puede-ser-el-proximo-pais-en-dar-un-paso-adelante-para-garantizar-el-derecho-al-aborto\/\",\"url\":\"https:\/\/amnistia.org.mx\/contenido\/index.php\/americas-brasil-puede-ser-el-proximo-pais-en-dar-un-paso-adelante-para-garantizar-el-derecho-al-aborto\/\",\"name\":\"Am\\u00e9ricas: Brasil puede ser el pr\\u00f3ximo pa\\u00eds en dar un paso adelante para garantizar el derecho al aborto\"}}]},{\"@type\":[\"Person\"],\"@id\":\"https:\/\/amnistia.org.mx\/contenido\/#\/schema\/person\/7db421c495688267ce8ede4625c17fa5\",\"name\":\"Alejandro Ju\\u00e1rez Gamero\",\"image\":{\"@type\":\"ImageObject\",\"@id\":\"https:\/\/amnistia.org.mx\/contenido\/#personlogo\",\"inLanguage\":\"es-MX\",\"url\":\"https:\/\/secure.gravatar.com\/avatar\/e312d5566d1c3ffb56f86415d6f0e606?s=96&d=mm&r=g\",\"caption\":\"Alejandro Ju\\u00e1rez Gamero\"}}]}<\/script>\n<!-- \/ Yoast SEO plugin. -->","_links":{"self":[{"href":"https:\/\/amnistia.org.mx\/contenido\/index.php\/wp-json\/wp\/v2\/posts\/26821"}],"collection":[{"href":"https:\/\/amnistia.org.mx\/contenido\/index.php\/wp-json\/wp\/v2\/posts"}],"about":[{"href":"https:\/\/amnistia.org.mx\/contenido\/index.php\/wp-json\/wp\/v2\/types\/post"}],"author":[{"embeddable":true,"href":"https:\/\/amnistia.org.mx\/contenido\/index.php\/wp-json\/wp\/v2\/users\/4"}],"replies":[{"embeddable":true,"href":"https:\/\/amnistia.org.mx\/contenido\/index.php\/wp-json\/wp\/v2\/comments?post=26821"}],"version-history":[{"count":3,"href":"https:\/\/amnistia.org.mx\/contenido\/index.php\/wp-json\/wp\/v2\/posts\/26821\/revisions"}],"predecessor-version":[{"id":26825,"href":"https:\/\/amnistia.org.mx\/contenido\/index.php\/wp-json\/wp\/v2\/posts\/26821\/revisions\/26825"}],"wp:featuredmedia":[{"embeddable":true,"href":"https:\/\/amnistia.org.mx\/contenido\/index.php\/wp-json\/wp\/v2\/media\/26822"}],"wp:attachment":[{"href":"https:\/\/amnistia.org.mx\/contenido\/index.php\/wp-json\/wp\/v2\/media?parent=26821"}],"wp:term":[{"taxonomy":"category","embeddable":true,"href":"https:\/\/amnistia.org.mx\/contenido\/index.php\/wp-json\/wp\/v2\/categories?post=26821"},{"taxonomy":"post_tag","embeddable":true,"href":"https:\/\/amnistia.org.mx\/contenido\/index.php\/wp-json\/wp\/v2\/tags?post=26821"}],"curies":[{"name":"wp","href":"https:\/\/api.w.org\/{rel}","templated":true}]}}