
{"id":27262,"date":"2023-10-12T13:22:36","date_gmt":"2023-10-12T18:22:36","guid":{"rendered":"https:\/\/amnistia.org.mx\/contenido\/?p=27262"},"modified":"2023-10-16T14:39:12","modified_gmt":"2023-10-16T19:39:12","slug":"israel-los-grupos-armados-palestinos-deben-rendir-cuentas-por-los-asesinatos-secuestros-y-ataques-indiscriminados-cometidos-contra-civiles-de-forma-deliberada","status":"publish","type":"post","link":"https:\/\/amnistia.org.mx\/contenido\/index.php\/israel-los-grupos-armados-palestinos-deben-rendir-cuentas-por-los-asesinatos-secuestros-y-ataques-indiscriminados-cometidos-contra-civiles-de-forma-deliberada\/","title":{"rendered":"<strong>Israel: Los grupos armados palestinos deben rendir cuentas por los asesinatos, secuestros y ataques indiscriminados cometidos contra civiles de forma deliberada<\/strong>"},"content":{"rendered":"\n<p>Ham\u00e1s y otros grupos armados palestinos violaron de forma flagrante el derecho internacional y dieron muestra de un terrible desprecio por la vida humana al llevar a cabo brutales y crueles cr\u00edmenes entre los que figuran ejecuciones sumarias en masa, tomas de rehenes y el lanzamiento indiscriminado de ataques con cohetes contra Israel, ha dicho hoy Amnist\u00eda Internacional. Mientras siguen apareciendo datos del horror que se desat\u00f3 en el sur de Israel, Amnist\u00eda Internacional sigue investigando para determinar todos los cr\u00edmenes de derecho internacional cometidos.<\/p>\n\n\n\n<p>En Israel, m\u00e1s de 1.200 personas \u2014en su mayor\u00eda civiles, incluidos ni\u00f1os y ni\u00f1as\u2014 han sido asesinadas, y 2.400 han resultado heridas desde que comenzaran los ataques en la madrugada del 7 de octubre. En Gaza, al menos 1.200 personas, entre ellos ni\u00f1os y ni\u00f1as, han muerto por la represalia de las fuerzas armadas israel\u00edes. El bloqueo que acaba de intensificarse, y que corta por completo el suministro de agua, electricidad, alimentos y combustible, agrava la ya catastr\u00f3fica crisis humanitaria de Gaza. El bloqueo impuesto por Israel constituye un castigo colectivo, que es tambi\u00e9n un crimen de guerra.<\/p>\n\n\n\n<p>En las im\u00e1genes de v\u00eddeo analizadas por el Laboratorio de Pruebas del Programa de Respuesta a las Crisis de Amnist\u00eda Internacional y correspondientes al primer d\u00eda de los ataques aparecen combatientes palestinos disparando de forma deliberada contra civiles y tomando civiles como rehenes. En uno de los incidentes m\u00e1s atroces, que tuvo lugar en el festival Nova Music, murieron al menos 260 civiles, y otras personas contin\u00faan desaparecidas.<\/p>\n\n\n\n<p>\u201cLa masacre de civiles es un crimen de guerra, y estos reprobables ataques no pueden justificarse. Hemos verificado v\u00eddeos escalofriantes en los que aparecen hombres armados disparando a civiles y llev\u00e1ndose a la fuerza a personas como rehenes. En un estremecedor v\u00eddeo se ve a hombres armados haciendo desfilar a una mujer por el centro de Gaza, como si se tratara de una pesadilla. Todos los civiles que fueron secuestrados, entre los que hay ni\u00f1os y ni\u00f1as, deben ser puestos en libertad de inmediato. Estos cr\u00edmenes deben ser examinados como parte de la investigaci\u00f3n iniciada por la Corte Penal Internacional (CPI) sobre los cr\u00edmenes cometidos por todas las partes en el conflicto actual\u201d, ha afirmado Agn\u00e8s Callamard, secretaria general de Amnist\u00eda Internacional.<\/p>\n\n\n\n<p>\u201cEl ampliamente documentado historial de cr\u00edmenes de guerra de Israel no justifica las terribles acciones cometidas por los grupos armados palestinos, ni exonera a \u00e9stos de cumplir con la obligaci\u00f3n que les impone el derecho internacional humanitario de respetar los principios fundamentales de humanidad y protecci\u00f3n de la poblaci\u00f3n civil\u201d.<\/p>\n\n\n\n<p>Este an\u00e1lisis se centra en algunos de los cr\u00edmenes de guerra y violaciones de derechos humanos que Ham\u00e1s y otros grupos armados palestinos llevan cometiendo desde el 7 de octubre. Se trata del primer documento informativo de la investigaci\u00f3n que Amnist\u00eda Internacional realiza actualmente sobre la escalada de violencia y violaciones de derechos humanos que est\u00e1 teniendo lugar en Gaza e Israel. En Gaza han muerto al menos 1.200 personas palestinas y han resultado heridas m\u00e1s de 5.600.<\/p>\n\n\n\n<p>\u201cMientras las represalias de las fuerzas israel\u00edes aniquilan Gaza, Amnist\u00eda Internacional insiste en que no se va a obtener ni seguridad ni justicia mediante el ba\u00f1o de sangre de Gaza y el castigo colectivo\u201d, ha a\u00f1adido Agn\u00e8s Callamard.<\/p>\n\n\n\n<p>Los ataques contra Israel comenzaron con un incesante lanzamiento indiscriminado de cohetes desde Gaza, al que sigui\u00f3 una incursi\u00f3n en Israel por parte de Ham\u00e1s y otros grupos armados palestinos. Miles de cohetes aterrizaron en varias zonas del centro y el sur de Israel, y llegaron hasta Tel Aviv. Estos ataques ileg\u00edtimos mataron a personas israel\u00edes y palestinas. Adem\u00e1s, alcanzaron algunas localidades palestinas no identificadas de la regi\u00f3n del N\u00e9guev\/Naqab y mataron al menos a seis civiles, cinco de ellos menores de edad. Estas comunidades abandonadas ya viven en situaci\u00f3n precaria y sin acceso a refugios.&nbsp;<\/p>\n\n\n\n<p>Adem\u00e1s de las espantosas ejecuciones sumarias de civiles que tuvieron lugar en varios lugares de toda la parte meridional de Israel, al menos 150 rehenes \u2014incluidos ni\u00f1os, ni\u00f1as y personas extranjeras\u2014 han sido llevados a Gaza, seg\u00fan las autoridades&nbsp;israel\u00edes.<\/p>\n\n\n\n<p>El secuestro de rehenes civiles est\u00e1 prohibido por el derecho internacional, y la toma de rehenes es un crimen de guerra. Todas las personas civiles tomadas como rehenes deben ser liberadas de inmediato, sin condiciones, e ilesas. Todas las personas cautivas han de ser tratadas con humanidad, de acuerdo con el derecho internacional, y se les debe dispensar tratamiento m\u00e9dico.<\/p>\n\n\n\n<p>En los v\u00eddeos verificados por Amnist\u00eda Internacional aparecen combatientes de Ham\u00e1s secuestrando y matando de forma intencionada a civiles en las comunidades residenciales israel\u00edes pr\u00f3ximas a la Franja de Gaza, y en sus alrededores, el 7 de octubre.<\/p>\n\n\n\n<p>Por ejemplo, en los v\u00eddeos del kibutz Be\u2019eri analizados por Amnist\u00eda se ve a dos hombres vestidos con uniforme militar que disparan a corta distancia contra un veh\u00edculo y matan al conductor y a dos pasajeros, y luego ingresan en la comunidad. Posteriormente puede verse c\u00f3mo los tres cad\u00e1veres son sacados del veh\u00edculo por dos hombres armados.<\/p>\n\n\n\n<p>Otras im\u00e1genes del mismo d\u00eda muestran a seis hombres vestidos con uniforme militar que se llevan a cuatro civiles con las manos atadas a la espalda. En otro v\u00eddeo del mismo lugar se ven los cuerpos sin vida de esas personas. Amnist\u00eda verific\u00f3 v\u00eddeos con im\u00e1genes estremecedoras parecidas, grabadas en el kibutz Kfar Azak, el kibutz Re\u2019im y a lo largo de la carretera 232, en las que se ve a hombres armados disparando a corta distancia contra autom\u00f3viles y contra una persona civil que se esconde en un refugio contra bombardeos.&nbsp;<\/p>\n\n\n\n<p><strong>Ataque contra el festival Nova Music<\/strong><\/p>\n\n\n\n<p>Un incidente que se sald\u00f3 con un n\u00famero especialmente alto de v\u00edctimas civiles fue el ataque contra el festival Nova Music, que se celebraba cerca de la frontera con Gaza, y en el que murieron al menos 260 personas. El ataque contra el festival empez\u00f3 hacia las 7 o 7.30 de la ma\u00f1ana con un incesante lanzamiento de cohetes desde Gaza, seguido de disparos efectuados por combatientes de grupos armados. El Laboratorio de Pruebas del Programa de Respuesta a las Crisis de Amnist\u00eda Internacional pudo verificar el lugar y el momento de 18 v\u00eddeos, grabados principalmente por sobrevivientes. Al menos uno de los v\u00eddeos parece haber sido grabado por miembros de los grupos armados involucrados.&nbsp;&nbsp;&nbsp;<\/p>\n\n\n\n<p>En siete v\u00eddeos verificados aparecen hombres armados disparando a civiles, mientras en segundo plano se oyen sonidos ininterrumpidos de disparos. En cinco v\u00eddeos aparecen personas que tratan de escapar, especialmente a trav\u00e9s de un campo cercano o escondi\u00e9ndose tras unos arbustos. En un v\u00eddeo, un hombre armado dispara directamente a una persona civil tumbada en el suelo. En otro, unos hombres armados disparan directamente contra los veh\u00edculos que tratan de escapar de la zona del festival. En cinco v\u00eddeos aparecen personas que son tomadas como rehenes.<\/p>\n\n\n\n<p>Amnist\u00eda Internacional habl\u00f3 con un sobreviviente de 22 a\u00f1os. Tan pronto como se desat\u00f3 la conmoci\u00f3n corri\u00f3 hacia una zona boscosa, donde cav\u00f3 un agujero con las manos y se enterr\u00f3 entre los \u00e1rboles, utilizando todo lo que hall\u00f3 cerca para cubrir su cuerpo. Se qued\u00f3 all\u00ed seis horas, durante las que oy\u00f3 disparos constantes. En un momento dado, levant\u00f3 la cabeza lo suficiente como para ver a milicianos disparar por la espalda a personas que hu\u00edan.<\/p>\n\n\n\n<p>\u201cLuego dir\u00eda que estuvieron echando combustible por todos lados para quemar la zona, porque pod\u00eda o\u00edr y oler a quemado. Entonces me di cuenta de que no ten\u00eda elecci\u00f3n: o hu\u00eda y me disparaban o ard\u00eda en mi escondite. No puedo dormir por las noches y no puedo estar solo. Cada vez que intento cerrar los ojos me viene a la mente el horror de esa escena: cuerpos por todos lados, gente atrapada en coches que est\u00e1n ardiendo, el olor de la sangre&#8230;\u201d, explicaba.<\/p>\n\n\n\n<p>Yaacov Argamani, cuya hija Noa fue tomada como reh\u00e9n, dijo que empez\u00f3 a preocuparse el s\u00e1bado por la ma\u00f1ana tras o\u00edr las sirenas y no poder comunicarse con ella. Afirm\u00f3:<\/p>\n\n\n\n<p>\u202f\u201cSent\u00ed que algono iba bien. Tuve un mal presentimiento. No puedo explicarlo: soy padre, y sabes que cuando los padres y madres sienten que algo no va bien no podemos explicarlo. As\u00ed que intent\u00e9 ponerme en contacto con ella, pero no lo logr\u00e9\u201d.<\/p>\n\n\n\n<p>\u202fYaacov llam\u00f3 a hospitales preguntando por su hija, pero su nombre no estaba en los registros. Despu\u00e9s recibi\u00f3 una llamada de alguien que le dijo que hab\u00eda visto un v\u00eddeo en el que se llevaban a Noa en una motocicleta hacia la Franja de Gaza. Explic\u00f3 a Amnist\u00eda Internacional: \u201cNo pod\u00eda creerlo; s\u00f3lo lo pude creer despu\u00e9s, cuando vi m\u00e1s v\u00eddeos, y pude ver c\u00f3mo la llevaban hacia la Franja de Gaza en una motocicleta y a su novio en otro veh\u00edculo cerca de ella. No puedo dejar de pensar en ella\u201d.<\/p>\n\n\n\n<p>Uri David, cuyas hijas Tair y Hodaya David est\u00e1n desaparecidas, afirm\u00f3 en una <a href=\"https:\/\/www.youtube.com\/watch?v=PZtxPEtZbyM\" target=\"_blank\" rel=\"noreferrer noopener\">conferencia de prensa el 9 de octubre<\/a>:<\/p>\n\n\n\n<p>\u201cHan pasado 48 horas y muchas familias no saben nada. Nada. Estuve hablando con mis hijas por tel\u00e9fono ayer por la ma\u00f1ana. Estaban tumbadas en el suelo&#8230; mientras yo o\u00eda al fondo lo que parec\u00eda ser un campo de tiro y gritos en \u00e1rabe. Cuando lo escuch\u00e9 les dije que se tiraran al suelo y se tumbaran, boca abajo, y que se cogieran de las manos. Y que ni respiraran. Que contuvieran el aliento. No era f\u00e1cil. Estuve al tel\u00e9fono con ellas cerca de 30 minutos. Hasta que o\u00ed cuatro respiraciones, un fuerte jadeo&#8230; y ya no respondieron. Pido al mundo entero que vean esto. Tenemos que hacer que nuestros hijos e hijas vuelvan lo antes posible\u201d.<\/p>\n\n\n\n<p><strong>Llamamientos a la acci\u00f3n para poner fin a unas atrocidades recurrentes<\/strong><\/p>\n\n\n\n<p>Amnist\u00eda Internacional hace un llamamiento a la comunidad internacional para que tome todas las medidas necesarias a fin de garantizar que los derechos humanos de las poblaciones de Palestina e Israel se respetan totalmente, y para ofrecer justicia y reparaci\u00f3n a las v\u00edctimas.<\/p>\n\n\n\n<p>Amnist\u00eda Internacional tambi\u00e9n hace un llamamiento a las autoridades israel\u00edes y a los grupos armados palestinos para que se rijan estrictamente por el derecho internacional humanitario: ante todo, garantizando humanidad durante la conducci\u00f3n de las hostilidades, tomando las precauciones necesarias para minimizar el da\u00f1o a la poblaci\u00f3n civil y a los bienes de car\u00e1cter civil, y evitando cometer ataques ileg\u00edtimos e imponer castigos colectivos a&nbsp;la poblaci\u00f3n civil.<\/p>\n\n\n\n<p>Amnist\u00eda Internacional hace un llamamiento a los grupos armados palestinos en Gaza para que liberen a todos los rehenes civiles inmediata e incondicionalmente.<\/p>\n\n\n\n<p>La organizaci\u00f3n reitera su llamamiento a Israel para que ponga fin al bloqueo ilegal que viene imponiendo en Gaza desde hace 16 a\u00f1os, empezando por suspender de inmediato las a\u00fan mayores restricciones desde la semana pasada. Israel debe poner fin a los ataques ileg\u00edtimos que acaban con la vida de civiles o les causan heridas y que destruyen viviendas e infraestructuras civiles.<\/p>\n\n\n\n<p>Amnist\u00eda Internacional insta adem\u00e1s al gobierno israel\u00ed a abstenerse de incitar a la violencia y las tensiones en la Cisjordania ocupada, incluida Jerusal\u00e9n Oriental, y a garantizar la seguridad de todos los civiles que viven bajo su control.<\/p>\n\n\n\n<p>En 2021, la Corte Penal Internacional abri\u00f3 una investigaci\u00f3n sobre la situaci\u00f3n en el Estado de Palestina. Su mandato incluye los cr\u00edmenes previstos por el derecho internacional cometidos por todas las partes en el conflicto actual, como acaba de reiterar, as\u00ed como el crimen de lesa humanidad de apartheid cometido contra la poblaci\u00f3n palestina. Amnist\u00eda Internacional insta al fiscal de la CPI a acelerar su investigaci\u00f3n y a incluir los recientes cr\u00edmenes cometidos por todas las partes.<\/p>\n\n\n\n<p>Los \u00faltimos ataques sobre Israel deben considerarse en el contexto de la situaci\u00f3n en Israel y los Territorios Palestinos Ocupados, pero Amnist\u00eda Internacional reitera en los t\u00e9rminos m\u00e1s en\u00e9rgicos posibles que nada puede justificar un crimen de guerra.<\/p>\n\n\n\n<p>Las injusticias y violaciones que forman parte de las causas estructurales de esta violencia deben abordarse con urgencia. La poblaci\u00f3n civil seguir\u00e1 pagando un precio muy alto si Israel no desmantela el sistema de apartheid que ha impuesto a la poblaci\u00f3n palestina, lo que incluye acabar con su bloqueo ilegal de Gaza.<\/p>\n\n\n\n<p><strong>Marco jur\u00eddico<\/strong><\/p>\n\n\n\n<p>El derecho internacional humanitario es de aplicaci\u00f3n en situaciones de conflicto armado y establece obligaciones para todas las partes beligerantes con el fin de proteger a la poblaci\u00f3n civil y reducir el sufrimiento humano durante la guerra. El enfrentamiento entre las fuerzas israel\u00edes y Ham\u00e1s y otros grupos armados palestinos se rige por las normas sobre la conducci\u00f3n de las hostilidades que le son aplicables, entre ellas el derecho internacional humanitario consuetudinario. De particular relevancia para este contexto es la prohibici\u00f3n de ataques directos contra civiles, asesinatos, toma de rehenes y ataques indiscriminados.<\/p>\n\n\n\n<p>Un principio fundamental del derecho internacional humanitario es que las partes en el conflicto nunca deben dirigir ataques contra civiles y han de tomar todas las medidas posibles para evitar el da\u00f1o a civiles y la destrucci\u00f3n de infraestructuras civiles.<\/p>\n\n\n\n<p>Los ataques indiscriminados, incluidos los que utilizan medios de combate que no pueden ser dirigidos contra objetivos militares concretos, como son los cohetes lanzados por los grupos armados palestinos desde Gaza, tambi\u00e9n est\u00e1n prohibidos. Tambi\u00e9n se proh\u00edbe la toma de rehenes, que consiste en el secuestro o la detenci\u00f3n de una persona con la amenaza de matarla, herirla o mantenerla detenida, a fin de obligar a un tercero a hacer o abstenerse de llevar a cabo un acto determinado como condici\u00f3n para la liberaci\u00f3n o seguridad de la persona retenida como reh\u00e9n. La vulneraci\u00f3n de estas normas constituye crimen de guerra, que entra\u00f1a una responsabilidad penal individual para quienes hayan planificado, aprobado u ordenado la conducta ilegal de que se trate.<\/p>\n\n\n\n<p><strong>Informaci\u00f3n complementaria<\/strong><\/p>\n\n\n\n<p>Desde 2007, Israel impone un bloqueo por tierra, mar y aire sobre la Franja de Gaza, lo que supone el castigo colectivo de toda su poblaci\u00f3n. El enfrentamiento actual es, desde entonces, la sexta mayor operaci\u00f3n militar entre&nbsp;Israel&nbsp;y grupos armados en Gaza.<\/p>\n\n\n\n<p>Amnist\u00eda Internacional es una organizaci\u00f3n de derechos humanos imparcial y tiene entre sus prop\u00f3sitos garantizar que todas las partes en un conflicto armado respeten el derecho internacional humanitario y el derecho internacional de los derechos humanos. As\u00ed, en futuros informes, Amnist\u00eda Internacional investigar\u00e1 la acci\u00f3n militar de Israel en la Franja de Gaza con el fin de determinar si est\u00e1 cumpliendo con las normas del derecho internacional humanitario, como tomar todas las precauciones necesarias para minimizar el da\u00f1o a los civiles y los bienes de car\u00e1cter civil, abstenerse de cometer ataques ileg\u00edtimos y aplicar castigos colectivos a la poblaci\u00f3n civil, seg\u00fan establece el derecho internacional. Amnist\u00eda Internacional seguir\u00e1 haciendo seguimiento de las actividades de Ham\u00e1s y los grupos armados palestinos.<\/p>\n","protected":false},"excerpt":{"rendered":"<p>Ham\u00e1s y otros grupos armados palestinos violaron de forma flagrante el derecho internacional y dieron muestra de un terrible desprecio por la vida humana al llevar a cabo brutales y &hellip;<\/p>\n<p class=\"read-more\"> <a class=\"\" href=\"https:\/\/amnistia.org.mx\/contenido\/index.php\/israel-los-grupos-armados-palestinos-deben-rendir-cuentas-por-los-asesinatos-secuestros-y-ataques-indiscriminados-cometidos-contra-civiles-de-forma-deliberada\/\"> <span class=\"screen-reader-text\"><strong>Israel: Los grupos armados palestinos deben rendir cuentas por los asesinatos, secuestros y ataques indiscriminados cometidos contra civiles de forma deliberada<\/strong><\/span> Leer m\u00e1s &raquo;<\/a><\/p>\n","protected":false},"author":4,"featured_media":27263,"comment_status":"closed","ping_status":"closed","sticky":false,"template":"","format":"standard","meta":{"_uf_show_specific_survey":0,"_uf_disable_surveys":false,"site-sidebar-layout":"default","site-content-layout":"default","ast-global-header-display":"","ast-main-header-display":"","ast-hfb-above-header-display":"","ast-hfb-below-header-display":"","ast-hfb-mobile-header-display":"","site-post-title":"","ast-breadcrumbs-content":"","ast-featured-img":"","footer-sml-layout":"","theme-transparent-header-meta":"","adv-header-id-meta":"","stick-header-meta":"","header-above-stick-meta":"","header-main-stick-meta":"","header-below-stick-meta":""},"categories":[9],"tags":[],"acf":[],"aioseo_notices":[],"yoast_head":"<!-- This site is optimized with the Yoast SEO plugin v14.5 - https:\/\/yoast.com\/wordpress\/plugins\/seo\/ -->\n<title>Israel: Los grupos armados palestinos deben rendir cuentas por los asesinatos, secuestros y ataques indiscriminados cometidos contra civiles de forma deliberada - amnistia.org.mx<\/title>\n<meta name=\"description\" content=\"Grupos armados palestinos deben rendir cuentas por asesinatos, secuestros y ataques cometidos contra civiles de forma deliberada: Amnist\u00eda Internacional\" \/>\n<meta name=\"robots\" content=\"index, follow\" \/>\n<meta name=\"googlebot\" content=\"index, follow, max-snippet:-1, max-image-preview:large, max-video-preview:-1\" \/>\n<meta name=\"bingbot\" content=\"index, follow, max-snippet:-1, max-image-preview:large, max-video-preview:-1\" \/>\n<link rel=\"canonical\" href=\"https:\/\/amnistia.org.mx\/contenido\/index.php\/israel-los-grupos-armados-palestinos-deben-rendir-cuentas-por-los-asesinatos-secuestros-y-ataques-indiscriminados-cometidos-contra-civiles-de-forma-deliberada\/\" \/>\n<meta property=\"og:locale\" content=\"es_MX\" \/>\n<meta property=\"og:type\" content=\"article\" \/>\n<meta property=\"og:title\" content=\"Israel: Los grupos armados palestinos deben rendir cuentas por los asesinatos, secuestros y ataques indiscriminados cometidos contra civiles de forma deliberada - amnistia.org.mx\" \/>\n<meta property=\"og:description\" content=\"Grupos armados palestinos deben rendir cuentas por asesinatos, secuestros y ataques cometidos contra civiles de forma deliberada: Amnist\u00eda Internacional\" \/>\n<meta property=\"og:url\" content=\"https:\/\/amnistia.org.mx\/contenido\/index.php\/israel-los-grupos-armados-palestinos-deben-rendir-cuentas-por-los-asesinatos-secuestros-y-ataques-indiscriminados-cometidos-contra-civiles-de-forma-deliberada\/\" \/>\n<meta property=\"og:site_name\" content=\"amnistia.org.mx\" \/>\n<meta property=\"article:published_time\" content=\"2023-10-12T18:22:36+00:00\" \/>\n<meta property=\"article:modified_time\" content=\"2023-10-16T19:39:12+00:00\" \/>\n<meta property=\"og:image\" content=\"https:\/\/amnistia.org.mx\/contenido\/wp-content\/uploads\/2023\/10\/Foto-ajustada-4.jpg\" \/>\n\t<meta property=\"og:image:width\" content=\"700\" \/>\n\t<meta property=\"og:image:height\" content=\"339\" \/>\n<meta name=\"twitter:card\" content=\"summary_large_image\" \/>\n<script type=\"application\/ld+json\" class=\"yoast-schema-graph\">{\"@context\":\"https:\/\/schema.org\",\"@graph\":[{\"@type\":\"WebSite\",\"@id\":\"https:\/\/amnistia.org.mx\/contenido\/#website\",\"url\":\"https:\/\/amnistia.org.mx\/contenido\/\",\"name\":\"amnistia.org.mx\",\"description\":\"Nueva p\\u00e1gina de Amnist\\u00eda\",\"potentialAction\":[{\"@type\":\"SearchAction\",\"target\":\"https:\/\/amnistia.org.mx\/contenido\/?s={search_term_string}\",\"query-input\":\"required name=search_term_string\"}],\"inLanguage\":\"es-MX\"},{\"@type\":\"ImageObject\",\"@id\":\"https:\/\/amnistia.org.mx\/contenido\/index.php\/israel-los-grupos-armados-palestinos-deben-rendir-cuentas-por-los-asesinatos-secuestros-y-ataques-indiscriminados-cometidos-contra-civiles-de-forma-deliberada\/#primaryimage\",\"inLanguage\":\"es-MX\",\"url\":\"https:\/\/amnistia.org.mx\/contenido\/wp-content\/uploads\/2023\/10\/Foto-ajustada-4.jpg\",\"width\":700,\"height\":339},{\"@type\":\"WebPage\",\"@id\":\"https:\/\/amnistia.org.mx\/contenido\/index.php\/israel-los-grupos-armados-palestinos-deben-rendir-cuentas-por-los-asesinatos-secuestros-y-ataques-indiscriminados-cometidos-contra-civiles-de-forma-deliberada\/#webpage\",\"url\":\"https:\/\/amnistia.org.mx\/contenido\/index.php\/israel-los-grupos-armados-palestinos-deben-rendir-cuentas-por-los-asesinatos-secuestros-y-ataques-indiscriminados-cometidos-contra-civiles-de-forma-deliberada\/\",\"name\":\"Israel: Los grupos armados palestinos deben rendir cuentas por los asesinatos, secuestros y ataques indiscriminados cometidos contra civiles de forma deliberada - amnistia.org.mx\",\"isPartOf\":{\"@id\":\"https:\/\/amnistia.org.mx\/contenido\/#website\"},\"primaryImageOfPage\":{\"@id\":\"https:\/\/amnistia.org.mx\/contenido\/index.php\/israel-los-grupos-armados-palestinos-deben-rendir-cuentas-por-los-asesinatos-secuestros-y-ataques-indiscriminados-cometidos-contra-civiles-de-forma-deliberada\/#primaryimage\"},\"datePublished\":\"2023-10-12T18:22:36+00:00\",\"dateModified\":\"2023-10-16T19:39:12+00:00\",\"author\":{\"@id\":\"https:\/\/amnistia.org.mx\/contenido\/#\/schema\/person\/7db421c495688267ce8ede4625c17fa5\"},\"description\":\"Grupos armados palestinos deben rendir cuentas por asesinatos, secuestros y ataques cometidos contra civiles de forma deliberada: Amnist\\u00eda Internacional\",\"breadcrumb\":{\"@id\":\"https:\/\/amnistia.org.mx\/contenido\/index.php\/israel-los-grupos-armados-palestinos-deben-rendir-cuentas-por-los-asesinatos-secuestros-y-ataques-indiscriminados-cometidos-contra-civiles-de-forma-deliberada\/#breadcrumb\"},\"inLanguage\":\"es-MX\",\"potentialAction\":[{\"@type\":\"ReadAction\",\"target\":[\"https:\/\/amnistia.org.mx\/contenido\/index.php\/israel-los-grupos-armados-palestinos-deben-rendir-cuentas-por-los-asesinatos-secuestros-y-ataques-indiscriminados-cometidos-contra-civiles-de-forma-deliberada\/\"]}]},{\"@type\":\"BreadcrumbList\",\"@id\":\"https:\/\/amnistia.org.mx\/contenido\/index.php\/israel-los-grupos-armados-palestinos-deben-rendir-cuentas-por-los-asesinatos-secuestros-y-ataques-indiscriminados-cometidos-contra-civiles-de-forma-deliberada\/#breadcrumb\",\"itemListElement\":[{\"@type\":\"ListItem\",\"position\":1,\"item\":{\"@type\":\"WebPage\",\"@id\":\"https:\/\/amnistia.org.mx\/contenido\/\",\"url\":\"https:\/\/amnistia.org.mx\/contenido\/\",\"name\":\"Home\"}},{\"@type\":\"ListItem\",\"position\":2,\"item\":{\"@type\":\"WebPage\",\"@id\":\"https:\/\/amnistia.org.mx\/contenido\/index.php\/israel-los-grupos-armados-palestinos-deben-rendir-cuentas-por-los-asesinatos-secuestros-y-ataques-indiscriminados-cometidos-contra-civiles-de-forma-deliberada\/\",\"url\":\"https:\/\/amnistia.org.mx\/contenido\/index.php\/israel-los-grupos-armados-palestinos-deben-rendir-cuentas-por-los-asesinatos-secuestros-y-ataques-indiscriminados-cometidos-contra-civiles-de-forma-deliberada\/\",\"name\":\"Israel: Los grupos armados palestinos deben rendir cuentas por los asesinatos, secuestros y ataques indiscriminados cometidos contra civiles de forma deliberada\"}}]},{\"@type\":[\"Person\"],\"@id\":\"https:\/\/amnistia.org.mx\/contenido\/#\/schema\/person\/7db421c495688267ce8ede4625c17fa5\",\"name\":\"Alejandro Ju\\u00e1rez Gamero\",\"image\":{\"@type\":\"ImageObject\",\"@id\":\"https:\/\/amnistia.org.mx\/contenido\/#personlogo\",\"inLanguage\":\"es-MX\",\"url\":\"https:\/\/secure.gravatar.com\/avatar\/e312d5566d1c3ffb56f86415d6f0e606?s=96&d=mm&r=g\",\"caption\":\"Alejandro Ju\\u00e1rez Gamero\"}}]}<\/script>\n<!-- \/ Yoast SEO plugin. -->","_links":{"self":[{"href":"https:\/\/amnistia.org.mx\/contenido\/index.php\/wp-json\/wp\/v2\/posts\/27262"}],"collection":[{"href":"https:\/\/amnistia.org.mx\/contenido\/index.php\/wp-json\/wp\/v2\/posts"}],"about":[{"href":"https:\/\/amnistia.org.mx\/contenido\/index.php\/wp-json\/wp\/v2\/types\/post"}],"author":[{"embeddable":true,"href":"https:\/\/amnistia.org.mx\/contenido\/index.php\/wp-json\/wp\/v2\/users\/4"}],"replies":[{"embeddable":true,"href":"https:\/\/amnistia.org.mx\/contenido\/index.php\/wp-json\/wp\/v2\/comments?post=27262"}],"version-history":[{"count":5,"href":"https:\/\/amnistia.org.mx\/contenido\/index.php\/wp-json\/wp\/v2\/posts\/27262\/revisions"}],"predecessor-version":[{"id":27268,"href":"https:\/\/amnistia.org.mx\/contenido\/index.php\/wp-json\/wp\/v2\/posts\/27262\/revisions\/27268"}],"wp:featuredmedia":[{"embeddable":true,"href":"https:\/\/amnistia.org.mx\/contenido\/index.php\/wp-json\/wp\/v2\/media\/27263"}],"wp:attachment":[{"href":"https:\/\/amnistia.org.mx\/contenido\/index.php\/wp-json\/wp\/v2\/media?parent=27262"}],"wp:term":[{"taxonomy":"category","embeddable":true,"href":"https:\/\/amnistia.org.mx\/contenido\/index.php\/wp-json\/wp\/v2\/categories?post=27262"},{"taxonomy":"post_tag","embeddable":true,"href":"https:\/\/amnistia.org.mx\/contenido\/index.php\/wp-json\/wp\/v2\/tags?post=27262"}],"curies":[{"name":"wp","href":"https:\/\/api.w.org\/{rel}","templated":true}]}}