
{"id":28573,"date":"2023-10-28T14:14:15","date_gmt":"2023-10-28T19:14:15","guid":{"rendered":"https:\/\/amnistia.org.mx\/contenido\/?p=28573"},"modified":"2023-10-28T14:14:17","modified_gmt":"2023-10-28T19:14:17","slug":"global-las-empresas-de-redes-sociales-deben-intensificar-la-respuesta-a-la-crisis-de-israel-y-palestina-ante-la-proliferacion-del-odio-y-la-censura-en-internet","status":"publish","type":"post","link":"https:\/\/amnistia.org.mx\/contenido\/index.php\/global-las-empresas-de-redes-sociales-deben-intensificar-la-respuesta-a-la-crisis-de-israel-y-palestina-ante-la-proliferacion-del-odio-y-la-censura-en-internet\/","title":{"rendered":"<strong>Global: Las empresas de redes sociales deben intensificar la respuesta a la crisis de Israel y Palestina ante la proliferaci\u00f3n del odio y la censura en Internet<\/strong>"},"content":{"rendered":"\n<p>Las empresas de redes sociales deben abordar con urgencia el enardecimiento del odio y el racismo en Internet contra las comunidades palestinas y jud\u00edas, ha afirmado Amnist\u00eda Internacional hoy, mientras se intensifica a\u00fan m\u00e1s el conflicto en Israel y los Territorios Palestinos Ocupados.<\/p>\n\n\n\n<p>La organizaci\u00f3n ha observado en las plataformas de redes sociales un aumento alarmante de la apolog\u00eda del odio que constituye incitaci\u00f3n a la violencia, la hostilidad y la discriminaci\u00f3n, que est\u00e1 prohibida en virtud del derecho internacional de los derechos humanos, y de otros contenidos nocivos contra las personas palestinas y jud\u00edas. Amnist\u00eda Internacional tambi\u00e9n ha documentado informes preocupantes que indican que contenidos publicados por personas palestinas y por quienes defienden los derechos de la poblaci\u00f3n palestina est\u00e1n siendo objeto de una moderaci\u00f3n de contenidos potencialmente discriminatoria por las plataformas de redes sociales.<\/p>\n\n\n\n<p>\u201cLas redes sociales pueden desempe\u00f1ar un papel decisivo en situaciones de crisis para la comunicaci\u00f3n, y por tanto las grandes empresas de redes sociales deben intensificar con urgencia las medidas para proteger los derechos humanos. Las empresas deben garantizar que sus plataformas no difunden mensajes de odio y violencia, o corren el riesgo de contribuir a la comisi\u00f3n de flagrantes violaciones de derechos humanos y violaciones graves del derecho internacional humanitario. Esto incluye cr\u00edmenes de guerra, que han caracterizado este conflicto y han causado cifras sin precedentes de v\u00edctimas civiles y una crisis humanitaria catastr\u00f3fica\u201d, ha afirmado Rasha Abdul-Rahim, directora de Amnesty Tech.<\/p>\n\n\n\n<p>Amnist\u00eda Internacional concluy\u00f3 que un n\u00famero considerable de publicaciones en redes sociales <a href=\"https:\/\/web.archive.org\/web\/20231017184139\/http:\/web.archive.org\/screenshot\/https:\/twitter.com\/Tanmaycoolkarni\/status\/1711412079473885384\">enaltecen los ataques de Israel contra civiles en Gaza<\/a>, apoyan la destrucci\u00f3n de Gaza y hacen apolog\u00eda de la violencia contra las personas palestinas. Muchas publicaciones hacen uso de un <a href=\"https:\/\/web.archive.org\/web\/20231018112245\/http:\/web.archive.org\/screenshot\/https:\/twitter.com\/GalGadotUSA\/status\/1711778021013598428?s=20\">lenguaje deshumanizador y racista contra las personas palestinas<\/a>, y en algunos casos tambi\u00e9n recurren al lenguaje que emplean las autoridades israel\u00edes.<\/p>\n\n\n\n<p>La organizaci\u00f3n tambi\u00e9n ha documentado algunas publicaciones antisemitas, muchas de las cuales propugnan el <a href=\"https:\/\/twitter.com\/Dog19Squad8062\/status\/1712354888179433846?s=20\">odio<\/a> y la <a href=\"https:\/\/www.instagram.com\/p\/CyMmxKmPc-M\/?utm_source=ig_web_copy_link&amp;igshid=MzRlODBiNWFlZA%3D%3D\">violencia<\/a> contra las personas jud\u00edas. Investigaciones anteriores de la organizaci\u00f3n <a href=\"https:\/\/counterhate.com\/\">Center for Countering Digital Hate<\/a> han puesto de relieve <a href=\"https:\/\/counterhate.com\/wp-content\/uploads\/2023\/09\/230907-X-Content-Moderation-Report_final_CCDH.pdf\">la proliferaci\u00f3n de contenidos antisemitas en X<\/a> (antes Twitter) en los \u00faltimos meses.<\/p>\n\n\n\n<p>El Indicador de la Violencia de la ONG palestina <a href=\"https:\/\/7amleh.org\/\">7amleh<\/a> ha detectado m\u00e1s de <a href=\"https:\/\/7or.7amleh.org\/violence-indicator\">493.000<\/a> casos (y el n\u00famero contin\u00faa en aumento) de apolog\u00eda del odio contra las personas palestinas y quienes defienden los derechos de la poblaci\u00f3n palestina en contenidos en lengua hebrea en plataformas de redes sociales, desde el 7 de octubre de 2023.<\/p>\n\n\n\n<p>El gobierno y las autoridades militares israel\u00edes tambi\u00e9n han empleado lenguaje deshumanizador y racismo antipalestino. El 16 de octubre, la cuenta de X del primer ministro de Israel (@IsraeliPM) <a href=\"https:\/\/web.archive.org\/web\/20231017165958\/https:\/twitter.com\/IsraeliPM\/status\/1713949754948718657\">public\u00f3 un contenido discriminatorio<\/a> que empleaba un lenguaje deshumanizador: \u201c<em>Hay una lucha entre los hijos de la luz y los hijos de la oscuridad, entre la humanidad y la ley de la jungla\u201d.<\/em><\/p>\n\n\n\n<p>Asimismo, el ministro de Seguridad Nacional, Itamar Ben Gvir, <a href=\"https:\/\/twitter.com\/itamarbengvir\/status\/1714340519487176791\">afirm\u00f3<\/a> el 17 de octubre de 2023: <em>\u201cMientras Ham\u00e1s no libere a los rehenes que tiene en sus manos, lo \u00fanico que debe entrar en Gaza son cientos de toneladas de explosivos de la Fuerza A\u00e9rea, ni la m\u00e1s m\u00ednima ayuda humanitaria\u201d.<\/em><\/p>\n\n\n\n<p><strong>Apag\u00f3n total y censura oculta (\u201c<em>shadowbanning<\/em>\u201d) de contenidos palestinos<\/strong><\/p>\n\n\n\n<p>Amnist\u00eda Internacional tambi\u00e9n ha recibido informes preocupantes de una censura excesivamente amplia de los contenidos de cuentas palestinas y de quienes defienden los derechos de la poblaci\u00f3n palestina en varias plataformas de redes sociales.<\/p>\n\n\n\n<p>La poblaci\u00f3n palestina en la Franja de Gaza ocupada est\u00e1 arrapada en un <a href=\"https:\/\/ioda.inetintel.cc.gatech.edu\/region\/1226?from=1695209736&amp;until=1698147336\">apag\u00f3n en aumento de las comunicaciones<\/a> <a href=\"https:\/\/ioda.inetintel.cc.gatech.edu\/region\/1226?from=1695209736&amp;until=1698147336\">que limita su capacidad de buscar, recibir y difundir informaci\u00f3n<\/a>. La desigual moderaci\u00f3n de contenidos que llevan a cabo las plataformas de redes sociales corre el riesgo de menoscabar a\u00fan m\u00e1s la capacidad de las personas palestinas, dentro y fuera de Gaza, de ejercer su derecho a la libertad de expresi\u00f3n, de asociaci\u00f3n y de reuni\u00f3n pac\u00edfica.<\/p>\n\n\n\n<p>\u201cMientras Israel intensifica sus bombardeos sin precedentes de Gaza, que han causado la muerte de m\u00e1s de 7.000 personas, en su mayor\u00eda civiles, consideramos motivo de extrema preocupaci\u00f3n los informes de bloqueo y \u201c<em>shadowbanning<\/em>\u201d de contenidos de quienes defienden los derechos de la poblaci\u00f3n palestina\u201d, ha afirmado Rasha Abdul-Rahim.<\/p>\n\n\n\n<p>\u201cLa moderaci\u00f3n de contenidos debe realizarse de tal manera que garantice el respeto del derecho a la libertad de expresi\u00f3n, y aborde al mismo tiempo la apolog\u00eda del odio generalizada. Las empresas de redes sociales deben invertir recursos adecuados en la supervisi\u00f3n humana de los sistemas de moderaci\u00f3n de contenidos impulsados por inteligencia artificial (IA) para garantizar que todas las personas que usan las redes, incluidas las palestinas, pueden ejercer en condiciones de igualdad sus derechos en Internet, cualesquiera que sean sus opiniones pol\u00edticas. Varias plataformas han menoscabado su capacidad de actuar de este modo mediante el despido del personal responsable del cumplimiento de los derechos humanos\u201d.<\/p>\n\n\n\n<p>La <a href=\"https:\/\/www.newamerica.org\/oti\/reports\/everything-moderation-analysis-how-internet-platforms-are-using-artificial-intelligence-moderate-user-generated-content\/the-limitations-of-automated-tools-in-content-moderation\/\">investigaci\u00f3n<\/a> ha mostrado que los sistemas de inteligencia artificial reproducen sesgos sociales existentes con el pretexto de la neutralidad. En fecha tan reciente como el 19 de octubre de 2023, Meta <a href=\"https:\/\/www.404media.co\/instagram-palestinian-arabic-bio-translation\/\">pidi\u00f3 disculpas<\/a> por insertar la palabra \u201cterrorista\u201d en traducciones de perfiles de Instagram que conten\u00edan los t\u00e9rminos \u201cpalestino\u201d y \u201cAlhamdullilah\u201d (que significa Alabado sea Dios) y el emoji de la bandera palestina. La empresa tambi\u00e9n redujo el umbral de certidumbre <a href=\"https:\/\/www.wsj.com\/tech\/inside-meta-debate-over-whats-fair-in-suppressing-speech-in-the-palestinian-territories-6212aa58?st=au8oyn512lz4w1x&amp;reflink=mobilewebshare_permalink\">exigida para \u201cocultar\u201d contenidos hostiles del 80% al 25%, para los contenidos producidos en extensas zonas de Oriente Medio.<\/a> Se trat\u00f3 de un intento de detener el flujo de discurso hostil pero podr\u00eda dar lugar a restricciones excesivamente amplias de los contenidos.<\/p>\n\n\n\n<p>En mayo de 2021, un <a href=\"https:\/\/about.fb.com\/wp-content\/uploads\/2022\/09\/Human-Rights-Due-Diligence-of-Metas-Impacts-in-Israel-and-Palestine-in-May-2021.pdf\">informe<\/a> de Business for Social Responsibility revel\u00f3 que los contenidos en lengua \u00e1rabe se observaba un grado mayor de \u201ccumplimiento excesivo\u201d que en otras lenguas, incluida la hebrea, en las plataformas de Meta. \u201cPenalizaciones falsas\u201d contribuyeron a la reducci\u00f3n de la visibilidad y la implicaci\u00f3n de las publicaciones en \u00e1rabe.<\/p>\n\n\n\n<p>Ya antes de la crisis actual, la investigaci\u00f3n de Amnist\u00eda Internacional se\u00f1al\u00f3 que el sistema de opresi\u00f3n y dominaci\u00f3n de la poblaci\u00f3n palestina por Israel equivale al crimen de <em>lesa humanidad<\/em> de <em>apartheid<\/em>. La <a href=\"https:\/\/www.amnesty.org.uk\/files\/2022-09\/Amnesty%20Report_The%20Social%20Atrocity%20Embargoed%200101%20bst%202909202.pdf?VersionId=yy5WtMpy3XN5MzwY5uy1muu6CwLwcmbg\">investigaci\u00f3n de Amnist\u00eda Internacional<\/a> tambi\u00e9n ha mostrado que los algoritmos de las redes sociales est\u00e1n dise\u00f1ados para maximizar la implicaci\u00f3n, lo que da lugar a contenidos a menudo desproporcionadamente amplificados e incendiarios, entre ellos la apolog\u00eda del odio que incita a la violencia, la hostilidad y la discriminaci\u00f3n.<\/p>\n\n\n\n<p>En este contexto, es indispensable que las grandes empresas tecnol\u00f3gicas aborden los efectos reales y potenciales para los derechos humanos de sus operaciones para garantizar que no causan abusos contra los derechos humanos ni contribuyen e su comisi\u00f3n, ni permiten la proliferaci\u00f3n del odio, el racismo y la desinformaci\u00f3n.<\/p>\n\n\n\n<p><strong>Informaci\u00f3n complementaria:<\/strong><\/p>\n\n\n\n<p>El 7 de octubre, Ham\u00e1s y otros grupos armados palestinos violaron de forma flagrante el derecho internacional y dieron muestra de un terrible desprecio por la vida humana al llevar a cabo brutales y crueles cr\u00edmenes entre los que figuran ejecuciones sumarias en masa, tomas de rehenes y el lanzamiento indiscriminado de ataques con cohetes contra Israel. Las fuerzas israel\u00edes lanzan desde entonces bombardeos a\u00e9reos implacables sobre el conjunto de la Franja de Gaza con efectos catastr\u00f3ficos. La grave situaci\u00f3n humanitaria derivada del bloqueo que Israel mantiene desde hace 16 a\u00f1os tambi\u00e9n se ha agudizado a\u00fan m\u00e1s tras la orden del ministro de Defensa de Israel de imponer un asedio total el 8 de octubre, que impide el acceso de la poblaci\u00f3n palestina de Gaza a alimentos, agua, combustible, electricidad y comunicaciones y equivale al crimen de guerra de castigo colectivo.<\/p>\n\n\n\n<p>Varias autoridades de Cisjordania y Europa, entre otros lugares, tambi\u00e9n est\u00e1n imponiendo crecientes <a href=\"https:\/\/www.amnesty.org\/es\/latest\/news\/2023\/10\/europe-right-to-protest-must-be-protected-during-latest-escalations-in-israel-opt\/\">restricciones<\/a> restricciones a las protestas en favor de los derechos humanos de la poblaci\u00f3n palestina.<\/p>\n\n\n\n<p><strong><em>Amnist\u00eda Internacional contin\u00faa vigilando los casos de bloqueo o retirada il\u00edcitos de publicaciones en redes sociales, as\u00ed como el \u201cbloqueo oculto\u201d de cuentas en el contexto del conflicto actual. Si ustedes o alguna persona a la que conocen han sido objeto de estas acciones, rogamos compartan con <\/em><\/strong><strong><em><a href=\"mailto:hello@amnesty.tech\">hello@amnesty.tech<\/a><\/em><\/strong><strong><em> los enlaces y\/o las capturas de pantalla de los contenidos marcados o retirados, as\u00ed como las capturas de pantalla de los contenidos originales.&nbsp;<\/em><\/strong><\/p>\n","protected":false},"excerpt":{"rendered":"<p>Las empresas de redes sociales deben abordar con urgencia el enardecimiento del odio y el racismo en Internet contra las comunidades palestinas y jud\u00edas, ha afirmado Amnist\u00eda Internacional hoy, mientras &hellip;<\/p>\n<p class=\"read-more\"> <a class=\"\" href=\"https:\/\/amnistia.org.mx\/contenido\/index.php\/global-las-empresas-de-redes-sociales-deben-intensificar-la-respuesta-a-la-crisis-de-israel-y-palestina-ante-la-proliferacion-del-odio-y-la-censura-en-internet\/\"> <span class=\"screen-reader-text\"><strong>Global: Las empresas de redes sociales deben intensificar la respuesta a la crisis de Israel y Palestina ante la proliferaci\u00f3n del odio y la censura en Internet<\/strong><\/span> Leer m\u00e1s &raquo;<\/a><\/p>\n","protected":false},"author":4,"featured_media":28574,"comment_status":"closed","ping_status":"closed","sticky":false,"template":"","format":"standard","meta":{"_uf_show_specific_survey":0,"_uf_disable_surveys":false,"site-sidebar-layout":"default","site-content-layout":"default","ast-global-header-display":"","ast-main-header-display":"","ast-hfb-above-header-display":"","ast-hfb-below-header-display":"","ast-hfb-mobile-header-display":"","site-post-title":"","ast-breadcrumbs-content":"","ast-featured-img":"","footer-sml-layout":"","theme-transparent-header-meta":"","adv-header-id-meta":"","stick-header-meta":"","header-above-stick-meta":"","header-main-stick-meta":"","header-below-stick-meta":""},"categories":[9],"tags":[],"acf":[],"aioseo_notices":[],"yoast_head":"<!-- This site is optimized with the Yoast SEO plugin v14.5 - https:\/\/yoast.com\/wordpress\/plugins\/seo\/ -->\n<title>Global: Las empresas de redes sociales deben intensificar la respuesta a la crisis de Israel y Palestina ante la proliferaci\u00f3n del odio y la censura en Internet - amnistia.org.mx<\/title>\n<meta name=\"description\" content=\"Las empresas de redes sociales deben abordar la apolog\u00eda del odio en los mensajes sobre el conflicto israel\u00ed-palestino: Amnist\u00eda Internacional.\" \/>\n<meta name=\"robots\" content=\"index, follow\" \/>\n<meta name=\"googlebot\" content=\"index, follow, max-snippet:-1, max-image-preview:large, max-video-preview:-1\" \/>\n<meta name=\"bingbot\" content=\"index, follow, max-snippet:-1, max-image-preview:large, max-video-preview:-1\" \/>\n<link rel=\"canonical\" href=\"https:\/\/amnistia.org.mx\/contenido\/index.php\/global-las-empresas-de-redes-sociales-deben-intensificar-la-respuesta-a-la-crisis-de-israel-y-palestina-ante-la-proliferacion-del-odio-y-la-censura-en-internet\/\" \/>\n<meta property=\"og:locale\" content=\"es_MX\" \/>\n<meta property=\"og:type\" content=\"article\" \/>\n<meta property=\"og:title\" content=\"Global: Las empresas de redes sociales deben intensificar la respuesta a la crisis de Israel y Palestina ante la proliferaci\u00f3n del odio y la censura en Internet - amnistia.org.mx\" \/>\n<meta property=\"og:description\" content=\"Las empresas de redes sociales deben abordar la apolog\u00eda del odio en los mensajes sobre el conflicto israel\u00ed-palestino: Amnist\u00eda Internacional.\" \/>\n<meta property=\"og:url\" content=\"https:\/\/amnistia.org.mx\/contenido\/index.php\/global-las-empresas-de-redes-sociales-deben-intensificar-la-respuesta-a-la-crisis-de-israel-y-palestina-ante-la-proliferacion-del-odio-y-la-censura-en-internet\/\" \/>\n<meta property=\"og:site_name\" content=\"amnistia.org.mx\" \/>\n<meta property=\"article:published_time\" content=\"2023-10-28T19:14:15+00:00\" \/>\n<meta property=\"article:modified_time\" content=\"2023-10-28T19:14:17+00:00\" \/>\n<meta property=\"og:image\" content=\"https:\/\/amnistia.org.mx\/contenido\/wp-content\/uploads\/2023\/10\/Foto-ajustada-18.jpg\" \/>\n\t<meta property=\"og:image:width\" content=\"700\" \/>\n\t<meta property=\"og:image:height\" content=\"337\" \/>\n<meta name=\"twitter:card\" content=\"summary_large_image\" \/>\n<script type=\"application\/ld+json\" class=\"yoast-schema-graph\">{\"@context\":\"https:\/\/schema.org\",\"@graph\":[{\"@type\":\"WebSite\",\"@id\":\"https:\/\/amnistia.org.mx\/contenido\/#website\",\"url\":\"https:\/\/amnistia.org.mx\/contenido\/\",\"name\":\"amnistia.org.mx\",\"description\":\"Nueva p\\u00e1gina de Amnist\\u00eda\",\"potentialAction\":[{\"@type\":\"SearchAction\",\"target\":\"https:\/\/amnistia.org.mx\/contenido\/?s={search_term_string}\",\"query-input\":\"required name=search_term_string\"}],\"inLanguage\":\"es-MX\"},{\"@type\":\"ImageObject\",\"@id\":\"https:\/\/amnistia.org.mx\/contenido\/index.php\/global-las-empresas-de-redes-sociales-deben-intensificar-la-respuesta-a-la-crisis-de-israel-y-palestina-ante-la-proliferacion-del-odio-y-la-censura-en-internet\/#primaryimage\",\"inLanguage\":\"es-MX\",\"url\":\"https:\/\/amnistia.org.mx\/contenido\/wp-content\/uploads\/2023\/10\/Foto-ajustada-18.jpg\",\"width\":700,\"height\":337},{\"@type\":\"WebPage\",\"@id\":\"https:\/\/amnistia.org.mx\/contenido\/index.php\/global-las-empresas-de-redes-sociales-deben-intensificar-la-respuesta-a-la-crisis-de-israel-y-palestina-ante-la-proliferacion-del-odio-y-la-censura-en-internet\/#webpage\",\"url\":\"https:\/\/amnistia.org.mx\/contenido\/index.php\/global-las-empresas-de-redes-sociales-deben-intensificar-la-respuesta-a-la-crisis-de-israel-y-palestina-ante-la-proliferacion-del-odio-y-la-censura-en-internet\/\",\"name\":\"Global: Las empresas de redes sociales deben intensificar la respuesta a la crisis de Israel y Palestina ante la proliferaci\\u00f3n del odio y la censura en Internet - amnistia.org.mx\",\"isPartOf\":{\"@id\":\"https:\/\/amnistia.org.mx\/contenido\/#website\"},\"primaryImageOfPage\":{\"@id\":\"https:\/\/amnistia.org.mx\/contenido\/index.php\/global-las-empresas-de-redes-sociales-deben-intensificar-la-respuesta-a-la-crisis-de-israel-y-palestina-ante-la-proliferacion-del-odio-y-la-censura-en-internet\/#primaryimage\"},\"datePublished\":\"2023-10-28T19:14:15+00:00\",\"dateModified\":\"2023-10-28T19:14:17+00:00\",\"author\":{\"@id\":\"https:\/\/amnistia.org.mx\/contenido\/#\/schema\/person\/7db421c495688267ce8ede4625c17fa5\"},\"description\":\"Las empresas de redes sociales deben abordar la apolog\\u00eda del odio en los mensajes sobre el conflicto israel\\u00ed-palestino: Amnist\\u00eda Internacional.\",\"breadcrumb\":{\"@id\":\"https:\/\/amnistia.org.mx\/contenido\/index.php\/global-las-empresas-de-redes-sociales-deben-intensificar-la-respuesta-a-la-crisis-de-israel-y-palestina-ante-la-proliferacion-del-odio-y-la-censura-en-internet\/#breadcrumb\"},\"inLanguage\":\"es-MX\",\"potentialAction\":[{\"@type\":\"ReadAction\",\"target\":[\"https:\/\/amnistia.org.mx\/contenido\/index.php\/global-las-empresas-de-redes-sociales-deben-intensificar-la-respuesta-a-la-crisis-de-israel-y-palestina-ante-la-proliferacion-del-odio-y-la-censura-en-internet\/\"]}]},{\"@type\":\"BreadcrumbList\",\"@id\":\"https:\/\/amnistia.org.mx\/contenido\/index.php\/global-las-empresas-de-redes-sociales-deben-intensificar-la-respuesta-a-la-crisis-de-israel-y-palestina-ante-la-proliferacion-del-odio-y-la-censura-en-internet\/#breadcrumb\",\"itemListElement\":[{\"@type\":\"ListItem\",\"position\":1,\"item\":{\"@type\":\"WebPage\",\"@id\":\"https:\/\/amnistia.org.mx\/contenido\/\",\"url\":\"https:\/\/amnistia.org.mx\/contenido\/\",\"name\":\"Home\"}},{\"@type\":\"ListItem\",\"position\":2,\"item\":{\"@type\":\"WebPage\",\"@id\":\"https:\/\/amnistia.org.mx\/contenido\/index.php\/global-las-empresas-de-redes-sociales-deben-intensificar-la-respuesta-a-la-crisis-de-israel-y-palestina-ante-la-proliferacion-del-odio-y-la-censura-en-internet\/\",\"url\":\"https:\/\/amnistia.org.mx\/contenido\/index.php\/global-las-empresas-de-redes-sociales-deben-intensificar-la-respuesta-a-la-crisis-de-israel-y-palestina-ante-la-proliferacion-del-odio-y-la-censura-en-internet\/\",\"name\":\"Global: Las empresas de redes sociales deben intensificar la respuesta a la crisis de Israel y Palestina ante la proliferaci\\u00f3n del odio y la censura en Internet\"}}]},{\"@type\":[\"Person\"],\"@id\":\"https:\/\/amnistia.org.mx\/contenido\/#\/schema\/person\/7db421c495688267ce8ede4625c17fa5\",\"name\":\"Alejandro Ju\\u00e1rez Gamero\",\"image\":{\"@type\":\"ImageObject\",\"@id\":\"https:\/\/amnistia.org.mx\/contenido\/#personlogo\",\"inLanguage\":\"es-MX\",\"url\":\"https:\/\/secure.gravatar.com\/avatar\/e312d5566d1c3ffb56f86415d6f0e606?s=96&d=mm&r=g\",\"caption\":\"Alejandro Ju\\u00e1rez Gamero\"}}]}<\/script>\n<!-- \/ Yoast SEO plugin. -->","_links":{"self":[{"href":"https:\/\/amnistia.org.mx\/contenido\/index.php\/wp-json\/wp\/v2\/posts\/28573"}],"collection":[{"href":"https:\/\/amnistia.org.mx\/contenido\/index.php\/wp-json\/wp\/v2\/posts"}],"about":[{"href":"https:\/\/amnistia.org.mx\/contenido\/index.php\/wp-json\/wp\/v2\/types\/post"}],"author":[{"embeddable":true,"href":"https:\/\/amnistia.org.mx\/contenido\/index.php\/wp-json\/wp\/v2\/users\/4"}],"replies":[{"embeddable":true,"href":"https:\/\/amnistia.org.mx\/contenido\/index.php\/wp-json\/wp\/v2\/comments?post=28573"}],"version-history":[{"count":3,"href":"https:\/\/amnistia.org.mx\/contenido\/index.php\/wp-json\/wp\/v2\/posts\/28573\/revisions"}],"predecessor-version":[{"id":28577,"href":"https:\/\/amnistia.org.mx\/contenido\/index.php\/wp-json\/wp\/v2\/posts\/28573\/revisions\/28577"}],"wp:featuredmedia":[{"embeddable":true,"href":"https:\/\/amnistia.org.mx\/contenido\/index.php\/wp-json\/wp\/v2\/media\/28574"}],"wp:attachment":[{"href":"https:\/\/amnistia.org.mx\/contenido\/index.php\/wp-json\/wp\/v2\/media?parent=28573"}],"wp:term":[{"taxonomy":"category","embeddable":true,"href":"https:\/\/amnistia.org.mx\/contenido\/index.php\/wp-json\/wp\/v2\/categories?post=28573"},{"taxonomy":"post_tag","embeddable":true,"href":"https:\/\/amnistia.org.mx\/contenido\/index.php\/wp-json\/wp\/v2\/tags?post=28573"}],"curies":[{"name":"wp","href":"https:\/\/api.w.org\/{rel}","templated":true}]}}