
{"id":29299,"date":"2023-12-15T14:55:00","date_gmt":"2023-12-15T20:55:00","guid":{"rendered":"https:\/\/amnistia.org.mx\/contenido\/?p=29299"},"modified":"2023-12-15T14:55:02","modified_gmt":"2023-12-15T20:55:02","slug":"guatemala-amnistia-internacional-exige-la-libertad-de-virginia-laparra-a-un-ano-de-su-injusta-condena","status":"publish","type":"post","link":"https:\/\/amnistia.org.mx\/contenido\/index.php\/guatemala-amnistia-internacional-exige-la-libertad-de-virginia-laparra-a-un-ano-de-su-injusta-condena\/","title":{"rendered":"<strong>Guatemala: Amnist\u00eda Internacional exige la libertad de Virginia Laparra a un a\u00f1o de su injusta condena<\/strong>"},"content":{"rendered":"\n<p>A un a\u00f1o de la sentencia condenatoria contra la ex fiscal Virginia Laparra, Amnist\u00eda Internacional exhorta a las autoridades agilizar su liberaci\u00f3n, tal y como lo orden\u00f3 un grupo de expertos independientes de las Naciones Unidas que declar\u00f3 su detenci\u00f3n arbitraria.<\/p>\n\n\n\n<p>El 16 de diciembre de 2022, Virginia Laparra fue condenada a cuatro a\u00f1os de c\u00e1rcel por el delito de abuso de autoridad, al cabo de un proceso plagado de irregularidades y violaciones de sus derechos humanos, que llev\u00f3 Amnist\u00eda Internacional a declararla presa de conciencia.<\/p>\n\n\n\n<p>En mayo de 2023, el Grupo de Trabajo sobre la Detenci\u00f3n Arbitraria de las Naciones Unidas declar\u00f3 que la detenci\u00f3n de la ex fiscal anticorrupci\u00f3n era arbitraria y solicit\u00f3 su liberaci\u00f3n inmediata. Sin embargo, en unos d\u00edas Virginia Laparra cumplir\u00e1 22 meses privada de la libertad, lejos de sus dos hijas y de su familia. Recientemente, La Corte Suprema de Justicia que tiene en sus manos un recurso que podr\u00eda permitir su liberaci\u00f3n condicional, ha suspendido en dos ocasiones la audiencia para conocer de este recurso.<\/p>\n\n\n\n<p>\u201cVirginia Laparra es una v\u00edctima m\u00e1s de la persecuci\u00f3n penal injusta de quienes han defendido la justicia y los derechos humanos. No debe pasar ni un d\u00eda m\u00e1s en la c\u00e1rcel. Urge que las autoridades guatemaltecas atiendan el llamado del Grupo de Trabajo de las Naciones Unidas y de toda la comunidad internacional para liberarla inmediatamente\u201d, dijo Ana Piquer, directora regional de Amnist\u00eda Internacional para las Am\u00e9ricas.<\/p>\n\n\n\n<p>La criminalizaci\u00f3n generalizada impulsada por el sistema de justicia de Guatemala contra operadores de justicia, periodistas y personas defensoras de derechos humanos que ha contribuido a la lucha contra la corrupci\u00f3n y la impunidad, ha obligado a decenas de personas a exiliarse en los \u00faltimos a\u00f1os. Se estima que al menos 45 fiscales y jueces se vieron forzados a huir de Guatemala desde 2018 para evitar procesos injustos e infundados que, al igual que Virginia Laparra, les llevar\u00edan a la c\u00e1rcel.<\/p>\n\n\n\n<p>Para m\u00e1s informaci\u00f3n o concertar una entrevista, p\u00f3nganse en contacto con Carlos Mendoza: +52 55 4145 7003, <a href=\"mailto:carlos.mendoza@amnesty.org\" target=\"_blank\" rel=\"noreferrer noopener\">carlos.mendoza@amnesty.org<\/a><\/p>\n\n\n\n<p><strong>Informaci\u00f3n complementaria:<\/strong><strong><\/strong><\/p>\n\n\n\n<p><a href=\"https:\/\/www.amnesty.org\/es\/latest\/news\/2023\/11\/hunting-season-against-justice-officials-guatemala\/\">Temporada de caza contra operadores de justicia en Guatemala (noticias, 22 de noviembre de 2023)<\/a><\/p>\n\n\n\n<p><a href=\"https:\/\/www.amnesty.org\/es\/latest\/news\/2023\/04\/guatemala-amnistia-internacional-condena-violaciones-a-las-garantias-procesales-de-presa-de-conciencia-virginia-laparra\/\">Guatemala: Amnist\u00eda Internacional condena violaciones a las garant\u00edas procesales de presa de conciencia Virginia Laparra (Noticias, 21 de abril de 2023)<\/a><\/p>\n\n\n\n<p><a href=\"https:\/\/www.amnesty.org\/es\/latest\/news\/2023\/02\/guatemala-presa-de-conciencia-virginia-laparra-cumple-un-ano-detenida-arbitrariamente-en-la-carcel\/\">Guatemala: Presa de conciencia Virginia Laparra cumple un a\u00f1o detenida arbitrariamente en la c\u00e1rcel (Noticias, 23 de febrero de 2023)<\/a><\/p>\n\n\n\n<p><a href=\"https:\/\/www.amnesty.org\/es\/latest\/press-release\/2022\/12\/guatemala-presa-de-conciencia-virginia-laparra-es-condenada-a-cuatro-anos-de-carcel\/\">Guatemala: Presa de conciencia Virginia Laparra es condenada a cuatro a\u00f1os de c\u00e1rcel (Noticias, 16 de diciembre de 2022)<\/a><\/p>\n\n\n\n<p><a href=\"https:\/\/www.amnesty.org\/es\/latest\/news\/2022\/11\/guatemala-amnistia-internacional-exige-la-inmediata-e-incondicional-liberacion-de-la-presa-de-conciencia-virginia-laparra\/\">Guatemala: Amnist\u00eda Internacional exige la inmediata e incondicional liberaci\u00f3n de la presa de conciencia Virginia Laparra (Noticias, 28 de noviembre de 2022)<\/a><\/p>\n","protected":false},"excerpt":{"rendered":"<p>A un a\u00f1o de la sentencia condenatoria contra la ex fiscal Virginia Laparra, Amnist\u00eda Internacional exhorta a las autoridades agilizar su liberaci\u00f3n, tal y como lo orden\u00f3 un grupo de &hellip;<\/p>\n<p class=\"read-more\"> <a class=\"\" href=\"https:\/\/amnistia.org.mx\/contenido\/index.php\/guatemala-amnistia-internacional-exige-la-libertad-de-virginia-laparra-a-un-ano-de-su-injusta-condena\/\"> <span class=\"screen-reader-text\"><strong>Guatemala: Amnist\u00eda Internacional exige la libertad de Virginia Laparra a un a\u00f1o de su injusta condena<\/strong><\/span> Leer m\u00e1s &raquo;<\/a><\/p>\n","protected":false},"author":4,"featured_media":29300,"comment_status":"closed","ping_status":"closed","sticky":false,"template":"","format":"standard","meta":{"_uf_show_specific_survey":0,"_uf_disable_surveys":false,"site-sidebar-layout":"default","site-content-layout":"default","ast-global-header-display":"","ast-main-header-display":"","ast-hfb-above-header-display":"","ast-hfb-below-header-display":"","ast-hfb-mobile-header-display":"","site-post-title":"","ast-breadcrumbs-content":"","ast-featured-img":"","footer-sml-layout":"","theme-transparent-header-meta":"","adv-header-id-meta":"","stick-header-meta":"","header-above-stick-meta":"","header-main-stick-meta":"","header-below-stick-meta":""},"categories":[9],"tags":[98],"acf":[],"aioseo_notices":[],"yoast_head":"<!-- This site is optimized with the Yoast SEO plugin v14.5 - https:\/\/yoast.com\/wordpress\/plugins\/seo\/ -->\n<title>Guatemala: Amnist\u00eda Internacional exige la libertad de Virginia Laparra a un a\u00f1o de su injusta condena - amnistia.org.mx<\/title>\n<meta name=\"description\" content=\"Amnist\u00eda Internacional exige la liberaci\u00f3n de Virginia Laparra, ex fiscal anticorrupci\u00f3n, quien fue condenada a cuatro a\u00f1os de prisi\u00f3n de manera injusta.\" \/>\n<meta name=\"robots\" content=\"index, follow\" \/>\n<meta name=\"googlebot\" content=\"index, follow, max-snippet:-1, max-image-preview:large, max-video-preview:-1\" \/>\n<meta name=\"bingbot\" content=\"index, follow, max-snippet:-1, max-image-preview:large, max-video-preview:-1\" \/>\n<link rel=\"canonical\" href=\"https:\/\/amnistia.org.mx\/contenido\/index.php\/guatemala-amnistia-internacional-exige-la-libertad-de-virginia-laparra-a-un-ano-de-su-injusta-condena\/\" \/>\n<meta property=\"og:locale\" content=\"es_MX\" \/>\n<meta property=\"og:type\" content=\"article\" \/>\n<meta property=\"og:title\" content=\"Guatemala: Amnist\u00eda Internacional exige la libertad de Virginia Laparra a un a\u00f1o de su injusta condena - amnistia.org.mx\" \/>\n<meta property=\"og:description\" content=\"Amnist\u00eda Internacional exige la liberaci\u00f3n de Virginia Laparra, ex fiscal anticorrupci\u00f3n, quien fue condenada a cuatro a\u00f1os de prisi\u00f3n de manera injusta.\" \/>\n<meta property=\"og:url\" content=\"https:\/\/amnistia.org.mx\/contenido\/index.php\/guatemala-amnistia-internacional-exige-la-libertad-de-virginia-laparra-a-un-ano-de-su-injusta-condena\/\" \/>\n<meta property=\"og:site_name\" content=\"amnistia.org.mx\" \/>\n<meta property=\"article:published_time\" content=\"2023-12-15T20:55:00+00:00\" \/>\n<meta property=\"article:modified_time\" content=\"2023-12-15T20:55:02+00:00\" \/>\n<meta property=\"og:image\" content=\"https:\/\/amnistia.org.mx\/contenido\/wp-content\/uploads\/2023\/12\/foto-ajustada-4.jpg\" \/>\n\t<meta property=\"og:image:width\" content=\"800\" \/>\n\t<meta property=\"og:image:height\" content=\"387\" \/>\n<meta name=\"twitter:card\" content=\"summary_large_image\" \/>\n<script type=\"application\/ld+json\" class=\"yoast-schema-graph\">{\"@context\":\"https:\/\/schema.org\",\"@graph\":[{\"@type\":\"WebSite\",\"@id\":\"https:\/\/amnistia.org.mx\/contenido\/#website\",\"url\":\"https:\/\/amnistia.org.mx\/contenido\/\",\"name\":\"amnistia.org.mx\",\"description\":\"Nueva p\\u00e1gina de Amnist\\u00eda\",\"potentialAction\":[{\"@type\":\"SearchAction\",\"target\":\"https:\/\/amnistia.org.mx\/contenido\/?s={search_term_string}\",\"query-input\":\"required name=search_term_string\"}],\"inLanguage\":\"es-MX\"},{\"@type\":\"ImageObject\",\"@id\":\"https:\/\/amnistia.org.mx\/contenido\/index.php\/guatemala-amnistia-internacional-exige-la-libertad-de-virginia-laparra-a-un-ano-de-su-injusta-condena\/#primaryimage\",\"inLanguage\":\"es-MX\",\"url\":\"https:\/\/amnistia.org.mx\/contenido\/wp-content\/uploads\/2023\/12\/foto-ajustada-4.jpg\",\"width\":800,\"height\":387},{\"@type\":\"WebPage\",\"@id\":\"https:\/\/amnistia.org.mx\/contenido\/index.php\/guatemala-amnistia-internacional-exige-la-libertad-de-virginia-laparra-a-un-ano-de-su-injusta-condena\/#webpage\",\"url\":\"https:\/\/amnistia.org.mx\/contenido\/index.php\/guatemala-amnistia-internacional-exige-la-libertad-de-virginia-laparra-a-un-ano-de-su-injusta-condena\/\",\"name\":\"Guatemala: Amnist\\u00eda Internacional exige la libertad de Virginia Laparra a un a\\u00f1o de su injusta condena - amnistia.org.mx\",\"isPartOf\":{\"@id\":\"https:\/\/amnistia.org.mx\/contenido\/#website\"},\"primaryImageOfPage\":{\"@id\":\"https:\/\/amnistia.org.mx\/contenido\/index.php\/guatemala-amnistia-internacional-exige-la-libertad-de-virginia-laparra-a-un-ano-de-su-injusta-condena\/#primaryimage\"},\"datePublished\":\"2023-12-15T20:55:00+00:00\",\"dateModified\":\"2023-12-15T20:55:02+00:00\",\"author\":{\"@id\":\"https:\/\/amnistia.org.mx\/contenido\/#\/schema\/person\/7db421c495688267ce8ede4625c17fa5\"},\"description\":\"Amnist\\u00eda Internacional exige la liberaci\\u00f3n de Virginia Laparra, ex fiscal anticorrupci\\u00f3n, quien fue condenada a cuatro a\\u00f1os de prisi\\u00f3n de manera injusta.\",\"breadcrumb\":{\"@id\":\"https:\/\/amnistia.org.mx\/contenido\/index.php\/guatemala-amnistia-internacional-exige-la-libertad-de-virginia-laparra-a-un-ano-de-su-injusta-condena\/#breadcrumb\"},\"inLanguage\":\"es-MX\",\"potentialAction\":[{\"@type\":\"ReadAction\",\"target\":[\"https:\/\/amnistia.org.mx\/contenido\/index.php\/guatemala-amnistia-internacional-exige-la-libertad-de-virginia-laparra-a-un-ano-de-su-injusta-condena\/\"]}]},{\"@type\":\"BreadcrumbList\",\"@id\":\"https:\/\/amnistia.org.mx\/contenido\/index.php\/guatemala-amnistia-internacional-exige-la-libertad-de-virginia-laparra-a-un-ano-de-su-injusta-condena\/#breadcrumb\",\"itemListElement\":[{\"@type\":\"ListItem\",\"position\":1,\"item\":{\"@type\":\"WebPage\",\"@id\":\"https:\/\/amnistia.org.mx\/contenido\/\",\"url\":\"https:\/\/amnistia.org.mx\/contenido\/\",\"name\":\"Home\"}},{\"@type\":\"ListItem\",\"position\":2,\"item\":{\"@type\":\"WebPage\",\"@id\":\"https:\/\/amnistia.org.mx\/contenido\/index.php\/guatemala-amnistia-internacional-exige-la-libertad-de-virginia-laparra-a-un-ano-de-su-injusta-condena\/\",\"url\":\"https:\/\/amnistia.org.mx\/contenido\/index.php\/guatemala-amnistia-internacional-exige-la-libertad-de-virginia-laparra-a-un-ano-de-su-injusta-condena\/\",\"name\":\"Guatemala: Amnist\\u00eda Internacional exige la libertad de Virginia Laparra a un a\\u00f1o de su injusta condena\"}}]},{\"@type\":[\"Person\"],\"@id\":\"https:\/\/amnistia.org.mx\/contenido\/#\/schema\/person\/7db421c495688267ce8ede4625c17fa5\",\"name\":\"Alejandro Ju\\u00e1rez Gamero\",\"image\":{\"@type\":\"ImageObject\",\"@id\":\"https:\/\/amnistia.org.mx\/contenido\/#personlogo\",\"inLanguage\":\"es-MX\",\"url\":\"https:\/\/secure.gravatar.com\/avatar\/e312d5566d1c3ffb56f86415d6f0e606?s=96&d=mm&r=g\",\"caption\":\"Alejandro Ju\\u00e1rez Gamero\"}}]}<\/script>\n<!-- \/ Yoast SEO plugin. -->","_links":{"self":[{"href":"https:\/\/amnistia.org.mx\/contenido\/index.php\/wp-json\/wp\/v2\/posts\/29299"}],"collection":[{"href":"https:\/\/amnistia.org.mx\/contenido\/index.php\/wp-json\/wp\/v2\/posts"}],"about":[{"href":"https:\/\/amnistia.org.mx\/contenido\/index.php\/wp-json\/wp\/v2\/types\/post"}],"author":[{"embeddable":true,"href":"https:\/\/amnistia.org.mx\/contenido\/index.php\/wp-json\/wp\/v2\/users\/4"}],"replies":[{"embeddable":true,"href":"https:\/\/amnistia.org.mx\/contenido\/index.php\/wp-json\/wp\/v2\/comments?post=29299"}],"version-history":[{"count":3,"href":"https:\/\/amnistia.org.mx\/contenido\/index.php\/wp-json\/wp\/v2\/posts\/29299\/revisions"}],"predecessor-version":[{"id":29303,"href":"https:\/\/amnistia.org.mx\/contenido\/index.php\/wp-json\/wp\/v2\/posts\/29299\/revisions\/29303"}],"wp:featuredmedia":[{"embeddable":true,"href":"https:\/\/amnistia.org.mx\/contenido\/index.php\/wp-json\/wp\/v2\/media\/29300"}],"wp:attachment":[{"href":"https:\/\/amnistia.org.mx\/contenido\/index.php\/wp-json\/wp\/v2\/media?parent=29299"}],"wp:term":[{"taxonomy":"category","embeddable":true,"href":"https:\/\/amnistia.org.mx\/contenido\/index.php\/wp-json\/wp\/v2\/categories?post=29299"},{"taxonomy":"post_tag","embeddable":true,"href":"https:\/\/amnistia.org.mx\/contenido\/index.php\/wp-json\/wp\/v2\/tags?post=29299"}],"curies":[{"name":"wp","href":"https:\/\/api.w.org\/{rel}","templated":true}]}}