
{"id":29729,"date":"2024-02-16T11:25:34","date_gmt":"2024-02-16T17:25:34","guid":{"rendered":"https:\/\/amnistia.org.mx\/contenido\/?p=29729"},"modified":"2024-02-16T11:25:40","modified_gmt":"2024-02-16T17:25:40","slug":"rusia-el-preso-de-conciencia-aleksei-navalny-maximo-opositor-al-kremlin-muere-bajo-custodia","status":"publish","type":"post","link":"https:\/\/amnistia.org.mx\/contenido\/index.php\/rusia-el-preso-de-conciencia-aleksei-navalny-maximo-opositor-al-kremlin-muere-bajo-custodia\/","title":{"rendered":"<strong>Rusia: El preso de conciencia Aleksei Navalny, m\u00e1ximo opositor al Kremlin, muere bajo custodia<\/strong>"},"content":{"rendered":"\n<p>&#8220;Tras ser envenenado, encarcelado injustamente y torturado en prisi\u00f3n, Aleksei Navalny ha muerto tras languidecer 37 meses entre rejas y ser enviado a una de las c\u00e1rceles m\u00e1s remotas y duras de Rusia. Aleksei fue preso de conciencia s\u00f3lo por alzar su voz contra un gobierno represivo&#8221;, ha declarado Agn\u00e8s Callamard, secretaria general de Amnist\u00eda Internacional.<\/p>\n\n\n\n<p>&#8220;Exigi\u00f3 libertad pol\u00edtica para s\u00ed mismo y para sus seguidores. Denunci\u00f3 la corrupci\u00f3n y desafi\u00f3 a Putin. Su muerte es una acusaci\u00f3n devastadora y terrible de la vida bajo el gobierno opresivo y asfixiante del Kremlin. Pag\u00f3 el precio m\u00e1s alto por ser una voz cr\u00edtica y defender la libertad de expresi\u00f3n. Amnist\u00eda Internacional est\u00e1 con todas las personas que luchan por los derechos humanos dentro y fuera de las fronteras de Rusia.&#8221;<\/p>\n\n\n\n<p>&#8220;A Aleksei Navalny se le neg\u00f3 atenci\u00f3n m\u00e9dica, se le mantuvo durante periodos prolongados en r\u00e9gimen de aislamiento y se le hizo desaparecer por la fuerza cuando se le envi\u00f3 a una de las colonias penales m\u00e1s remotas, cerca del C\u00edrculo Polar \u00c1rtico. Las autoridades rusas se negaron a investigar adecuadamente y a dar transparencia a anteriores denuncias de violaciones de sus derechos humanos.&#8221;<\/p>\n\n\n\n<p>&#8220;Al comenzar la b\u00fasqueda de justicia, est\u00e1 claro que hay pocas v\u00edas a nuestra disposici\u00f3n. Por eso es crucial que la comunidad internacional tome medidas concretas para que todos los responsables rindan cuentas. Debemos pedir urgentemente a las Naciones Unidas que empleen sus procedimientos y mecanismos especiales para abordar la muerte de Aleksei Navalny.&#8221;<\/p>\n\n\n\n<p><strong>Antecedentes<\/strong><\/p>\n\n\n\n<p>El 16 de febrero, el Servicio Penitenciario Federal ruso (FSIN) inform\u00f3 de que Aleksei Navalny hab\u00eda enfermado tras un paseo por el patio de la prisi\u00f3n y hab\u00eda perdido el conocimiento poco despu\u00e9s. A pesar de que, seg\u00fan el FSIN, el personal m\u00e9dico de la colonia le atendi\u00f3 de inmediato y lleg\u00f3 una ambulancia, todos los esfuerzos de reanimaci\u00f3n fracasaron y Navalny fue declarado muerto. El comunicado de la FSIN concluye con el anuncio de que se est\u00e1n estableciendo las causas de la muerte.<\/p>\n\n\n\n<p>De acuerdo con el Protocolo de Minnesota de la ONU sobre la Investigaci\u00f3n de Muertes Potencialmente Ilegales, los Estados tienen la obligaci\u00f3n de llevar a cabo investigaciones r\u00e1pidas, imparciales y efectivas sobre las circunstancias y causas de todas las muertes bajo custodia. Entre otros aspectos clave, las autoridades deben garantizar una autopsia independiente realizada por expertos forenses imparciales y ser transparentes, permitiendo el escrutinio por parte de observadores internacionales y de la familia de Navalny.<\/p>\n","protected":false},"excerpt":{"rendered":"<p>&#8220;Tras ser envenenado, encarcelado injustamente y torturado en prisi\u00f3n, Aleksei Navalny ha muerto tras languidecer 37 meses entre rejas y ser enviado a una de las c\u00e1rceles m\u00e1s remotas y &hellip;<\/p>\n<p class=\"read-more\"> <a class=\"\" href=\"https:\/\/amnistia.org.mx\/contenido\/index.php\/rusia-el-preso-de-conciencia-aleksei-navalny-maximo-opositor-al-kremlin-muere-bajo-custodia\/\"> <span class=\"screen-reader-text\"><strong>Rusia: El preso de conciencia Aleksei Navalny, m\u00e1ximo opositor al Kremlin, muere bajo custodia<\/strong><\/span> Leer m\u00e1s &raquo;<\/a><\/p>\n","protected":false},"author":4,"featured_media":29734,"comment_status":"open","ping_status":"open","sticky":false,"template":"","format":"standard","meta":{"_uf_show_specific_survey":0,"_uf_disable_surveys":false,"site-sidebar-layout":"default","site-content-layout":"default","ast-global-header-display":"","ast-main-header-display":"","ast-hfb-above-header-display":"","ast-hfb-below-header-display":"","ast-hfb-mobile-header-display":"","site-post-title":"","ast-breadcrumbs-content":"","ast-featured-img":"","footer-sml-layout":"","theme-transparent-header-meta":"","adv-header-id-meta":"","stick-header-meta":"","header-above-stick-meta":"","header-main-stick-meta":"","header-below-stick-meta":""},"categories":[9],"tags":[40],"acf":[],"aioseo_notices":[],"yoast_head":"<!-- This site is optimized with the Yoast SEO plugin v14.5 - https:\/\/yoast.com\/wordpress\/plugins\/seo\/ -->\n<title>Rusia: El preso de conciencia Aleksei Navalny, m\u00e1ximo opositor al Kremlin, muere bajo custodia - amnistia.org.mx<\/title>\n<meta name=\"description\" content=\"Aleksei Navalny hab\u00eda enfermado este viernes 16 de febrero. A pesar de ser atendido por personal m\u00e9dico todos los esfuerzos de reanimaci\u00f3n fracasaron.\" \/>\n<meta name=\"robots\" content=\"index, follow\" \/>\n<meta name=\"googlebot\" content=\"index, follow, max-snippet:-1, max-image-preview:large, max-video-preview:-1\" \/>\n<meta name=\"bingbot\" content=\"index, follow, max-snippet:-1, max-image-preview:large, max-video-preview:-1\" \/>\n<link rel=\"canonical\" href=\"https:\/\/amnistia.org.mx\/contenido\/index.php\/rusia-el-preso-de-conciencia-aleksei-navalny-maximo-opositor-al-kremlin-muere-bajo-custodia\/\" \/>\n<meta property=\"og:locale\" content=\"es_MX\" \/>\n<meta property=\"og:type\" content=\"article\" \/>\n<meta property=\"og:title\" content=\"Rusia: El preso de conciencia Aleksei Navalny, m\u00e1ximo opositor al Kremlin, muere bajo custodia - amnistia.org.mx\" \/>\n<meta property=\"og:description\" content=\"Aleksei Navalny hab\u00eda enfermado este viernes 16 de febrero. A pesar de ser atendido por personal m\u00e9dico todos los esfuerzos de reanimaci\u00f3n fracasaron.\" \/>\n<meta property=\"og:url\" content=\"https:\/\/amnistia.org.mx\/contenido\/index.php\/rusia-el-preso-de-conciencia-aleksei-navalny-maximo-opositor-al-kremlin-muere-bajo-custodia\/\" \/>\n<meta property=\"og:site_name\" content=\"amnistia.org.mx\" \/>\n<meta property=\"article:published_time\" content=\"2024-02-16T17:25:34+00:00\" \/>\n<meta property=\"article:modified_time\" content=\"2024-02-16T17:25:40+00:00\" \/>\n<meta property=\"og:image\" content=\"https:\/\/amnistia.org.mx\/contenido\/wp-content\/uploads\/2024\/02\/NAVALNY-TW-16-FEB.png\" \/>\n\t<meta property=\"og:image:width\" content=\"1600\" \/>\n\t<meta property=\"og:image:height\" content=\"900\" \/>\n<meta name=\"twitter:card\" content=\"summary_large_image\" \/>\n<script type=\"application\/ld+json\" class=\"yoast-schema-graph\">{\"@context\":\"https:\/\/schema.org\",\"@graph\":[{\"@type\":\"WebSite\",\"@id\":\"https:\/\/amnistia.org.mx\/contenido\/#website\",\"url\":\"https:\/\/amnistia.org.mx\/contenido\/\",\"name\":\"amnistia.org.mx\",\"description\":\"Nueva p\\u00e1gina de Amnist\\u00eda\",\"potentialAction\":[{\"@type\":\"SearchAction\",\"target\":\"https:\/\/amnistia.org.mx\/contenido\/?s={search_term_string}\",\"query-input\":\"required name=search_term_string\"}],\"inLanguage\":\"es-MX\"},{\"@type\":\"ImageObject\",\"@id\":\"https:\/\/amnistia.org.mx\/contenido\/index.php\/rusia-el-preso-de-conciencia-aleksei-navalny-maximo-opositor-al-kremlin-muere-bajo-custodia\/#primaryimage\",\"inLanguage\":\"es-MX\",\"url\":\"https:\/\/amnistia.org.mx\/contenido\/wp-content\/uploads\/2024\/02\/NAVALNY-TW-16-FEB.png\",\"width\":1600,\"height\":900},{\"@type\":\"WebPage\",\"@id\":\"https:\/\/amnistia.org.mx\/contenido\/index.php\/rusia-el-preso-de-conciencia-aleksei-navalny-maximo-opositor-al-kremlin-muere-bajo-custodia\/#webpage\",\"url\":\"https:\/\/amnistia.org.mx\/contenido\/index.php\/rusia-el-preso-de-conciencia-aleksei-navalny-maximo-opositor-al-kremlin-muere-bajo-custodia\/\",\"name\":\"Rusia: El preso de conciencia Aleksei Navalny, m\\u00e1ximo opositor al Kremlin, muere bajo custodia - amnistia.org.mx\",\"isPartOf\":{\"@id\":\"https:\/\/amnistia.org.mx\/contenido\/#website\"},\"primaryImageOfPage\":{\"@id\":\"https:\/\/amnistia.org.mx\/contenido\/index.php\/rusia-el-preso-de-conciencia-aleksei-navalny-maximo-opositor-al-kremlin-muere-bajo-custodia\/#primaryimage\"},\"datePublished\":\"2024-02-16T17:25:34+00:00\",\"dateModified\":\"2024-02-16T17:25:40+00:00\",\"author\":{\"@id\":\"https:\/\/amnistia.org.mx\/contenido\/#\/schema\/person\/7db421c495688267ce8ede4625c17fa5\"},\"description\":\"Aleksei Navalny hab\\u00eda enfermado este viernes 16 de febrero. A pesar de ser atendido por personal m\\u00e9dico todos los esfuerzos de reanimaci\\u00f3n fracasaron.\",\"breadcrumb\":{\"@id\":\"https:\/\/amnistia.org.mx\/contenido\/index.php\/rusia-el-preso-de-conciencia-aleksei-navalny-maximo-opositor-al-kremlin-muere-bajo-custodia\/#breadcrumb\"},\"inLanguage\":\"es-MX\",\"potentialAction\":[{\"@type\":\"ReadAction\",\"target\":[\"https:\/\/amnistia.org.mx\/contenido\/index.php\/rusia-el-preso-de-conciencia-aleksei-navalny-maximo-opositor-al-kremlin-muere-bajo-custodia\/\"]}]},{\"@type\":\"BreadcrumbList\",\"@id\":\"https:\/\/amnistia.org.mx\/contenido\/index.php\/rusia-el-preso-de-conciencia-aleksei-navalny-maximo-opositor-al-kremlin-muere-bajo-custodia\/#breadcrumb\",\"itemListElement\":[{\"@type\":\"ListItem\",\"position\":1,\"item\":{\"@type\":\"WebPage\",\"@id\":\"https:\/\/amnistia.org.mx\/contenido\/\",\"url\":\"https:\/\/amnistia.org.mx\/contenido\/\",\"name\":\"Home\"}},{\"@type\":\"ListItem\",\"position\":2,\"item\":{\"@type\":\"WebPage\",\"@id\":\"https:\/\/amnistia.org.mx\/contenido\/index.php\/rusia-el-preso-de-conciencia-aleksei-navalny-maximo-opositor-al-kremlin-muere-bajo-custodia\/\",\"url\":\"https:\/\/amnistia.org.mx\/contenido\/index.php\/rusia-el-preso-de-conciencia-aleksei-navalny-maximo-opositor-al-kremlin-muere-bajo-custodia\/\",\"name\":\"Rusia: El preso de conciencia Aleksei Navalny, m\\u00e1ximo opositor al Kremlin, muere bajo custodia\"}}]},{\"@type\":[\"Person\"],\"@id\":\"https:\/\/amnistia.org.mx\/contenido\/#\/schema\/person\/7db421c495688267ce8ede4625c17fa5\",\"name\":\"Alejandro Ju\\u00e1rez Gamero\",\"image\":{\"@type\":\"ImageObject\",\"@id\":\"https:\/\/amnistia.org.mx\/contenido\/#personlogo\",\"inLanguage\":\"es-MX\",\"url\":\"https:\/\/secure.gravatar.com\/avatar\/e312d5566d1c3ffb56f86415d6f0e606?s=96&d=mm&r=g\",\"caption\":\"Alejandro Ju\\u00e1rez Gamero\"}}]}<\/script>\n<!-- \/ Yoast SEO plugin. -->","_links":{"self":[{"href":"https:\/\/amnistia.org.mx\/contenido\/index.php\/wp-json\/wp\/v2\/posts\/29729"}],"collection":[{"href":"https:\/\/amnistia.org.mx\/contenido\/index.php\/wp-json\/wp\/v2\/posts"}],"about":[{"href":"https:\/\/amnistia.org.mx\/contenido\/index.php\/wp-json\/wp\/v2\/types\/post"}],"author":[{"embeddable":true,"href":"https:\/\/amnistia.org.mx\/contenido\/index.php\/wp-json\/wp\/v2\/users\/4"}],"replies":[{"embeddable":true,"href":"https:\/\/amnistia.org.mx\/contenido\/index.php\/wp-json\/wp\/v2\/comments?post=29729"}],"version-history":[{"count":4,"href":"https:\/\/amnistia.org.mx\/contenido\/index.php\/wp-json\/wp\/v2\/posts\/29729\/revisions"}],"predecessor-version":[{"id":29733,"href":"https:\/\/amnistia.org.mx\/contenido\/index.php\/wp-json\/wp\/v2\/posts\/29729\/revisions\/29733"}],"wp:featuredmedia":[{"embeddable":true,"href":"https:\/\/amnistia.org.mx\/contenido\/index.php\/wp-json\/wp\/v2\/media\/29734"}],"wp:attachment":[{"href":"https:\/\/amnistia.org.mx\/contenido\/index.php\/wp-json\/wp\/v2\/media?parent=29729"}],"wp:term":[{"taxonomy":"category","embeddable":true,"href":"https:\/\/amnistia.org.mx\/contenido\/index.php\/wp-json\/wp\/v2\/categories?post=29729"},{"taxonomy":"post_tag","embeddable":true,"href":"https:\/\/amnistia.org.mx\/contenido\/index.php\/wp-json\/wp\/v2\/tags?post=29729"}],"curies":[{"name":"wp","href":"https:\/\/api.w.org\/{rel}","templated":true}]}}