
{"id":29743,"date":"2024-02-18T13:48:49","date_gmt":"2024-02-18T19:48:49","guid":{"rendered":"https:\/\/amnistia.org.mx\/contenido\/?p=29743"},"modified":"2024-02-18T13:48:51","modified_gmt":"2024-02-18T19:48:51","slug":"rafah-gaza-declaracion-urgente-de-los-directores-ejecutivos-de-organismos-humanitarios-y-organizaciones-de-derechos-humanos","status":"publish","type":"post","link":"https:\/\/amnistia.org.mx\/contenido\/index.php\/rafah-gaza-declaracion-urgente-de-los-directores-ejecutivos-de-organismos-humanitarios-y-organizaciones-de-derechos-humanos\/","title":{"rendered":"<strong>Rafah, Gaza: Declaraci\u00f3n urgente de los directores ejecutivos de organismos humanitarios y organizaciones de derechos humanos\u00a0<\/strong>"},"content":{"rendered":"\n<p>Estamos consternados por los terribles acontecimientos de Rafah, la zona m\u00e1s poblada de Gaza, donde 1,5 millones de personas se refugian como \u00faltimo recurso, m\u00e1s de medio mill\u00f3n de ellas ni\u00f1os. Si Israel lanza su propuesta de ofensiva terrestre, miles de civiles m\u00e1s morir\u00e1n y la limitada ayuda humanitaria corre el riesgo de detenerse por completo. Si no se detiene inmediatamente este plan militar, las consecuencias ser\u00e1n catastr\u00f3ficas.<\/p>\n\n\n\n<p>Con importantes da\u00f1os en m\u00e1s del 70 por ciento de la infraestructura civil, muchas zonas de Gaza han quedado reducidas a escombros y son inhabitables. La mayor\u00eda de los hospitales no funcionan o s\u00f3lo lo hacen parcialmente y est\u00e1n completamente desbordados. Hay pocos alimentos, agua potable, refugio o saneamiento. La gente vive en las condiciones m\u00e1s inhumanas, muchos de ellos a la intemperie. Resulta incre\u00edble que el ej\u00e9rcito israel\u00ed haya desplazado por la fuerza a la mayor\u00eda de la poblaci\u00f3n de sus hogares a Rafah \u2013con seis veces m\u00e1s personas que antes hacinadas en la zona\u2013 y luego haya anunciado planes para atacarla.<\/p>\n\n\n\n<p>La estrategia del gobierno israel\u00ed de traslado forzoso sistem\u00e1tico y repetido de la poblaci\u00f3n civil ha provocado el desplazamiento forzoso de m\u00e1s de tres cuartas partes de la poblaci\u00f3n, muchos de los cuales se marcharon sin un refugio adecuado ni hogares a los que regresar. Castigar colectivamente a los civiles neg\u00e1ndoles refugio adecuado, alimentos, agua potable y otros elementos esenciales necesarios para su supervivencia y obstruyendo los env\u00edos de ayuda humanitaria destinados a paliar el hambre puede constituir un grave incumplimiento de las obligaciones de una potencia ocupante en virtud del Derecho Internacional Humanitario, y constituir cr\u00edmenes de guerra.<\/p>\n\n\n\n<p>El mes pasado, la sentencia de <strong>la Corte Internacional de Justicia (CIJ) orden\u00f3 a Israel <\/strong>que adoptara medidas inmediatas y efectivas para permitir la prestaci\u00f3n de los servicios b\u00e1sicos y la asistencia humanitaria que se necesitan urgentemente en Gaza. Esto no s\u00f3lo no ha sucedido, sino que la situaci\u00f3n sobre el terreno se ha deteriorado a\u00fan m\u00e1s. Los ataques a\u00e9reos de Israel en Rafah mataron al menos a 100 palestinos en un solo d\u00eda, <strong>desafiando tanto los llamamientos internacionales<\/strong> a la moderaci\u00f3n como, potencialmente, la orden de la CIJ. M\u00e1s de 1,5 millones de personas atrapadas en Rafah no tienen ning\u00fan lugar seguro al que ir, y muchas ya han sido desplazadas varias veces. Todos los supuestos espacios seguros israel\u00edes se han visto comprometidos, sin excepci\u00f3n, una prueba m\u00e1s de que nunca hubo realmente ning\u00fan lugar seguro en Gaza.<\/p>\n\n\n\n<p>Nuestro llamamiento a un alto al fuego inmediato y permanente es m\u00e1s urgente que nunca, ya que los incesantes bombardeos y el asedio israel\u00edes han diezmado Gaza y han dejado a la poblaci\u00f3n civil palestina hambrienta, enfrentada a la hambruna y con enfermedades generalizadas, al tiempo que obstruyen los intentos de aliviar su sufrimiento. La ofensiva militar israel\u00ed ha hecho pr\u00e1cticamente imposible que nuestros organismos colectivos lleven a cabo una labor humanitaria significativa y eficaz, comprometiendo no s\u00f3lo la seguridad, sino tambi\u00e9n los propios principios que gu\u00edan nuestros esfuerzos humanitarios. Rafah ha sido el principal punto de entrada de la ayuda y los bombardeos impedir\u00e1n entonces que pase cualquier tipo de asistencia.<\/p>\n\n\n\n<p>El silencio y, en ocasiones, el apoyo material a las fuerzas armadas de Israel por parte de poderosas naciones, es se\u00f1al de una angustiosa complicidad en la creciente crisis de Gaza. Ya sea mediante la transferencia de armas, la obstrucci\u00f3n diplom\u00e1tica de resoluciones o el silencio, estas acciones han garantizado de hecho la impunidad de Israel. La desgarradora situaci\u00f3n de Gaza subraya la urgente necesidad de que los gobiernos de todo el mundo pongan fin al suministro de armas y municiones utilizadas en estas atrocidades. Tambi\u00e9n pedimos un alto al fuego permanente para proteger las vidas de los civiles y la liberaci\u00f3n de los rehenes y de los palestinos detenidos ilegalmente, as\u00ed como el acceso pleno y sin trabas de la ayuda y los trabajadores humanitarios.<\/p>\n\n\n\n<p>Los Estados tienen la responsabilidad legal y moral de proteger a los civiles, impedir los cr\u00edmenes de guerra y defender el derecho internacional. Instamos a todos los Estados a que consideren que su inacci\u00f3n o su continuo apoyo no s\u00f3lo agravan la tragedia, sino que tambi\u00e9n los implican. Les pedimos que hagan todo lo que est\u00e9 en su mano para impedir nuevas ofensivas militares y forjar un alto el fuego permanente y completo en Gaza.<\/p>\n\n\n\n<p><strong>Firman:<\/strong><\/p>\n\n\n\n<p>Ana Alcalde&nbsp;&nbsp;&nbsp;&nbsp;&nbsp;&nbsp;&nbsp;&nbsp;&nbsp;&nbsp;&nbsp;&nbsp;&nbsp;&nbsp;&nbsp; Acting Secretary General, <strong>ActionAid International<\/strong><\/p>\n\n\n\n<p>Dr Agn\u00e8s Callamard&nbsp; &nbsp;Secretary General, <strong>Amnesty International<\/strong><\/p>\n\n\n\n<p>Charlotte Slente &nbsp;&nbsp;&nbsp;&nbsp;&nbsp;&nbsp;&nbsp;&nbsp;&nbsp;Secretary General, <strong>Danish Refugee Council<\/strong><\/p>\n\n\n\n<p>Manuel Patrouillard&nbsp;&nbsp;&nbsp; CEO, <strong>Handicap International-Humanity &amp; Inclusion<\/strong><\/p>\n\n\n\n<p>Amitabh Behar&nbsp;&nbsp;&nbsp;&nbsp;&nbsp;&nbsp;&nbsp;&nbsp;&nbsp;&nbsp; &nbsp;Executive Director, <strong>Oxfam International<\/strong><\/p>\n\n\n\n<p>Rob Williams&nbsp;&nbsp;&nbsp;&nbsp;&nbsp;&nbsp;&nbsp;&nbsp;&nbsp;&nbsp;&nbsp;&nbsp;&nbsp; &nbsp;CEO, <strong>War Child Alliance<\/strong><\/p>\n\n\n\n<p>Faris Arouri&nbsp;&nbsp;&nbsp;&nbsp;&nbsp;&nbsp;&nbsp;&nbsp;&nbsp;&nbsp;&nbsp;&nbsp;&nbsp;&nbsp;&nbsp;&nbsp; Director, <strong>Association for International Development<\/strong><\/p>\n\n\n\n<p>&nbsp;&nbsp;&nbsp;&nbsp;&nbsp;&nbsp;&nbsp;&nbsp;&nbsp;&nbsp;&nbsp;&nbsp;&nbsp;&nbsp;&nbsp;&nbsp;&nbsp;&nbsp;&nbsp;&nbsp;&nbsp;&nbsp;&nbsp;&nbsp;&nbsp;&nbsp;&nbsp;&nbsp;&nbsp;&nbsp;&nbsp;&nbsp;&nbsp;&nbsp;&nbsp; <strong>Agencies<\/strong><\/p>\n","protected":false},"excerpt":{"rendered":"<p>Estamos consternados por los terribles acontecimientos de Rafah, la zona m\u00e1s poblada de Gaza, donde 1,5 millones de personas se refugian como \u00faltimo recurso, m\u00e1s de medio mill\u00f3n de ellas &hellip;<\/p>\n<p class=\"read-more\"> <a class=\"\" href=\"https:\/\/amnistia.org.mx\/contenido\/index.php\/rafah-gaza-declaracion-urgente-de-los-directores-ejecutivos-de-organismos-humanitarios-y-organizaciones-de-derechos-humanos\/\"> <span class=\"screen-reader-text\"><strong>Rafah, Gaza: Declaraci\u00f3n urgente de los directores ejecutivos de organismos humanitarios y organizaciones de derechos humanos\u00a0<\/strong><\/span> Leer m\u00e1s &raquo;<\/a><\/p>\n","protected":false},"author":4,"featured_media":29744,"comment_status":"closed","ping_status":"closed","sticky":false,"template":"","format":"standard","meta":{"_uf_show_specific_survey":0,"_uf_disable_surveys":false,"site-sidebar-layout":"default","site-content-layout":"default","ast-global-header-display":"","ast-main-header-display":"","ast-hfb-above-header-display":"","ast-hfb-below-header-display":"","ast-hfb-mobile-header-display":"","site-post-title":"","ast-breadcrumbs-content":"","ast-featured-img":"","footer-sml-layout":"","theme-transparent-header-meta":"","adv-header-id-meta":"","stick-header-meta":"","header-above-stick-meta":"","header-main-stick-meta":"","header-below-stick-meta":""},"categories":[9],"tags":[206],"acf":[],"aioseo_notices":[],"yoast_head":"<!-- This site is optimized with the Yoast SEO plugin v14.5 - https:\/\/yoast.com\/wordpress\/plugins\/seo\/ -->\n<title>Rafah, Gaza: Declaraci\u00f3n urgente de los directores ejecutivos de organismos humanitarios y organizaciones de derechos humanos\u00a0 - amnistia.org.mx<\/title>\n<meta name=\"description\" content=\"Directores de organismos humanitarios y organizaciones de derechos humanos como Amnist\u00eda Internacional, piden a Israel detener ofensiva militar en Rafah.\" \/>\n<meta name=\"robots\" content=\"index, follow\" \/>\n<meta name=\"googlebot\" content=\"index, follow, max-snippet:-1, max-image-preview:large, max-video-preview:-1\" \/>\n<meta name=\"bingbot\" content=\"index, follow, max-snippet:-1, max-image-preview:large, max-video-preview:-1\" \/>\n<link rel=\"canonical\" href=\"https:\/\/amnistia.org.mx\/contenido\/index.php\/rafah-gaza-declaracion-urgente-de-los-directores-ejecutivos-de-organismos-humanitarios-y-organizaciones-de-derechos-humanos\/\" \/>\n<meta property=\"og:locale\" content=\"es_MX\" \/>\n<meta property=\"og:type\" content=\"article\" \/>\n<meta property=\"og:title\" content=\"Rafah, Gaza: Declaraci\u00f3n urgente de los directores ejecutivos de organismos humanitarios y organizaciones de derechos humanos\u00a0 - amnistia.org.mx\" \/>\n<meta property=\"og:description\" content=\"Directores de organismos humanitarios y organizaciones de derechos humanos como Amnist\u00eda Internacional, piden a Israel detener ofensiva militar en Rafah.\" \/>\n<meta property=\"og:url\" content=\"https:\/\/amnistia.org.mx\/contenido\/index.php\/rafah-gaza-declaracion-urgente-de-los-directores-ejecutivos-de-organismos-humanitarios-y-organizaciones-de-derechos-humanos\/\" \/>\n<meta property=\"og:site_name\" content=\"amnistia.org.mx\" \/>\n<meta property=\"article:published_time\" content=\"2024-02-18T19:48:49+00:00\" \/>\n<meta property=\"article:modified_time\" content=\"2024-02-18T19:48:51+00:00\" \/>\n<meta property=\"og:image\" content=\"https:\/\/amnistia.org.mx\/contenido\/wp-content\/uploads\/2024\/02\/foto-ajustada-1.jpg\" \/>\n\t<meta property=\"og:image:width\" content=\"700\" \/>\n\t<meta property=\"og:image:height\" content=\"263\" \/>\n<meta name=\"twitter:card\" content=\"summary_large_image\" \/>\n<script type=\"application\/ld+json\" class=\"yoast-schema-graph\">{\"@context\":\"https:\/\/schema.org\",\"@graph\":[{\"@type\":\"WebSite\",\"@id\":\"https:\/\/amnistia.org.mx\/contenido\/#website\",\"url\":\"https:\/\/amnistia.org.mx\/contenido\/\",\"name\":\"amnistia.org.mx\",\"description\":\"Nueva p\\u00e1gina de Amnist\\u00eda\",\"potentialAction\":[{\"@type\":\"SearchAction\",\"target\":\"https:\/\/amnistia.org.mx\/contenido\/?s={search_term_string}\",\"query-input\":\"required name=search_term_string\"}],\"inLanguage\":\"es-MX\"},{\"@type\":\"ImageObject\",\"@id\":\"https:\/\/amnistia.org.mx\/contenido\/index.php\/rafah-gaza-declaracion-urgente-de-los-directores-ejecutivos-de-organismos-humanitarios-y-organizaciones-de-derechos-humanos\/#primaryimage\",\"inLanguage\":\"es-MX\",\"url\":\"https:\/\/amnistia.org.mx\/contenido\/wp-content\/uploads\/2024\/02\/foto-ajustada-1.jpg\",\"width\":700,\"height\":263},{\"@type\":\"WebPage\",\"@id\":\"https:\/\/amnistia.org.mx\/contenido\/index.php\/rafah-gaza-declaracion-urgente-de-los-directores-ejecutivos-de-organismos-humanitarios-y-organizaciones-de-derechos-humanos\/#webpage\",\"url\":\"https:\/\/amnistia.org.mx\/contenido\/index.php\/rafah-gaza-declaracion-urgente-de-los-directores-ejecutivos-de-organismos-humanitarios-y-organizaciones-de-derechos-humanos\/\",\"name\":\"Rafah, Gaza: Declaraci\\u00f3n urgente de los directores ejecutivos de organismos humanitarios y organizaciones de derechos humanos\\u00a0 - amnistia.org.mx\",\"isPartOf\":{\"@id\":\"https:\/\/amnistia.org.mx\/contenido\/#website\"},\"primaryImageOfPage\":{\"@id\":\"https:\/\/amnistia.org.mx\/contenido\/index.php\/rafah-gaza-declaracion-urgente-de-los-directores-ejecutivos-de-organismos-humanitarios-y-organizaciones-de-derechos-humanos\/#primaryimage\"},\"datePublished\":\"2024-02-18T19:48:49+00:00\",\"dateModified\":\"2024-02-18T19:48:51+00:00\",\"author\":{\"@id\":\"https:\/\/amnistia.org.mx\/contenido\/#\/schema\/person\/7db421c495688267ce8ede4625c17fa5\"},\"description\":\"Directores de organismos humanitarios y organizaciones de derechos humanos como Amnist\\u00eda Internacional, piden a Israel detener ofensiva militar en Rafah.\",\"breadcrumb\":{\"@id\":\"https:\/\/amnistia.org.mx\/contenido\/index.php\/rafah-gaza-declaracion-urgente-de-los-directores-ejecutivos-de-organismos-humanitarios-y-organizaciones-de-derechos-humanos\/#breadcrumb\"},\"inLanguage\":\"es-MX\",\"potentialAction\":[{\"@type\":\"ReadAction\",\"target\":[\"https:\/\/amnistia.org.mx\/contenido\/index.php\/rafah-gaza-declaracion-urgente-de-los-directores-ejecutivos-de-organismos-humanitarios-y-organizaciones-de-derechos-humanos\/\"]}]},{\"@type\":\"BreadcrumbList\",\"@id\":\"https:\/\/amnistia.org.mx\/contenido\/index.php\/rafah-gaza-declaracion-urgente-de-los-directores-ejecutivos-de-organismos-humanitarios-y-organizaciones-de-derechos-humanos\/#breadcrumb\",\"itemListElement\":[{\"@type\":\"ListItem\",\"position\":1,\"item\":{\"@type\":\"WebPage\",\"@id\":\"https:\/\/amnistia.org.mx\/contenido\/\",\"url\":\"https:\/\/amnistia.org.mx\/contenido\/\",\"name\":\"Home\"}},{\"@type\":\"ListItem\",\"position\":2,\"item\":{\"@type\":\"WebPage\",\"@id\":\"https:\/\/amnistia.org.mx\/contenido\/index.php\/rafah-gaza-declaracion-urgente-de-los-directores-ejecutivos-de-organismos-humanitarios-y-organizaciones-de-derechos-humanos\/\",\"url\":\"https:\/\/amnistia.org.mx\/contenido\/index.php\/rafah-gaza-declaracion-urgente-de-los-directores-ejecutivos-de-organismos-humanitarios-y-organizaciones-de-derechos-humanos\/\",\"name\":\"Rafah, Gaza: Declaraci\\u00f3n urgente de los directores ejecutivos de organismos humanitarios y organizaciones de derechos humanos\\u00a0\"}}]},{\"@type\":[\"Person\"],\"@id\":\"https:\/\/amnistia.org.mx\/contenido\/#\/schema\/person\/7db421c495688267ce8ede4625c17fa5\",\"name\":\"Alejandro Ju\\u00e1rez Gamero\",\"image\":{\"@type\":\"ImageObject\",\"@id\":\"https:\/\/amnistia.org.mx\/contenido\/#personlogo\",\"inLanguage\":\"es-MX\",\"url\":\"https:\/\/secure.gravatar.com\/avatar\/e312d5566d1c3ffb56f86415d6f0e606?s=96&d=mm&r=g\",\"caption\":\"Alejandro Ju\\u00e1rez Gamero\"}}]}<\/script>\n<!-- \/ Yoast SEO plugin. -->","_links":{"self":[{"href":"https:\/\/amnistia.org.mx\/contenido\/index.php\/wp-json\/wp\/v2\/posts\/29743"}],"collection":[{"href":"https:\/\/amnistia.org.mx\/contenido\/index.php\/wp-json\/wp\/v2\/posts"}],"about":[{"href":"https:\/\/amnistia.org.mx\/contenido\/index.php\/wp-json\/wp\/v2\/types\/post"}],"author":[{"embeddable":true,"href":"https:\/\/amnistia.org.mx\/contenido\/index.php\/wp-json\/wp\/v2\/users\/4"}],"replies":[{"embeddable":true,"href":"https:\/\/amnistia.org.mx\/contenido\/index.php\/wp-json\/wp\/v2\/comments?post=29743"}],"version-history":[{"count":3,"href":"https:\/\/amnistia.org.mx\/contenido\/index.php\/wp-json\/wp\/v2\/posts\/29743\/revisions"}],"predecessor-version":[{"id":29747,"href":"https:\/\/amnistia.org.mx\/contenido\/index.php\/wp-json\/wp\/v2\/posts\/29743\/revisions\/29747"}],"wp:featuredmedia":[{"embeddable":true,"href":"https:\/\/amnistia.org.mx\/contenido\/index.php\/wp-json\/wp\/v2\/media\/29744"}],"wp:attachment":[{"href":"https:\/\/amnistia.org.mx\/contenido\/index.php\/wp-json\/wp\/v2\/media?parent=29743"}],"wp:term":[{"taxonomy":"category","embeddable":true,"href":"https:\/\/amnistia.org.mx\/contenido\/index.php\/wp-json\/wp\/v2\/categories?post=29743"},{"taxonomy":"post_tag","embeddable":true,"href":"https:\/\/amnistia.org.mx\/contenido\/index.php\/wp-json\/wp\/v2\/tags?post=29743"}],"curies":[{"name":"wp","href":"https:\/\/api.w.org\/{rel}","templated":true}]}}