
{"id":30300,"date":"2024-03-06T10:54:26","date_gmt":"2024-03-06T16:54:26","guid":{"rendered":"https:\/\/amnistia.org.mx\/contenido\/?p=30300"},"modified":"2024-06-13T19:18:30","modified_gmt":"2024-06-14T00:18:30","slug":"nadie-garantiza-mi-seguridad","status":"publish","type":"post","link":"https:\/\/amnistia.org.mx\/contenido\/index.php\/nadie-garantiza-mi-seguridad\/","title":{"rendered":"&#8220;Nadie garantiza mi seguridad&#8221;"},"content":{"rendered":"\t\t<div data-elementor-type=\"wp-post\" data-elementor-id=\"30300\" class=\"elementor elementor-30300\">\n\t\t\t\t\t\t\t\t\t<section class=\"elementor-section elementor-top-section elementor-element elementor-element-59616fe0 elementor-section-boxed elementor-section-height-default elementor-section-height-default\" data-id=\"59616fe0\" data-element_type=\"section\">\n\t\t\t\t\t\t<div class=\"elementor-container elementor-column-gap-default\">\n\t\t\t\t\t<div class=\"elementor-column elementor-col-100 elementor-top-column elementor-element elementor-element-694f676e\" data-id=\"694f676e\" data-element_type=\"column\">\n\t\t\t<div class=\"elementor-widget-wrap elementor-element-populated\">\n\t\t\t\t\t\t\t\t<div class=\"elementor-element elementor-element-507fbec6 elementor-widget elementor-widget-text-editor\" data-id=\"507fbec6\" data-element_type=\"widget\" data-widget_type=\"text-editor.default\">\n\t\t\t\t<div class=\"elementor-widget-container\">\n\t\t\t<style>\/*! elementor - v3.11.5 - 14-03-2023 *\/\n.elementor-widget-text-editor.elementor-drop-cap-view-stacked .elementor-drop-cap{background-color:#69727d;color:#fff}.elementor-widget-text-editor.elementor-drop-cap-view-framed .elementor-drop-cap{color:#69727d;border:3px solid;background-color:transparent}.elementor-widget-text-editor:not(.elementor-drop-cap-view-default) .elementor-drop-cap{margin-top:8px}.elementor-widget-text-editor:not(.elementor-drop-cap-view-default) .elementor-drop-cap-letter{width:1em;height:1em}.elementor-widget-text-editor .elementor-drop-cap{float:left;text-align:center;line-height:1;font-size:50px}.elementor-widget-text-editor .elementor-drop-cap-letter{display:inline-block}<\/style>\t\t\t\t<!-- wp:heading -->\n<h2><strong>La urgente necesidad de fortalecer las pol\u00edticas federales de M\u00e9xico para la protecci\u00f3n de periodistas<\/strong><\/h2>\n<!-- \/wp:heading -->\n\n<!-- wp:paragraph -->\n<p>&nbsp;<\/p>\n<!-- \/wp:paragraph -->\n\n<!-- wp:paragraph -->\n<p>Ante la violencia grave e incesante contra <strong>periodistas<\/strong> en <strong>M\u00e9xico<\/strong>, el pa\u00eds m\u00e1s peligroso para la prensa en el hemisferio occidental, <strong>Amnist\u00eda Internacional<\/strong> y el <strong>Comit\u00e9 para la Protecci\u00f3n de los Periodistas<\/strong> (CPJ, por sus siglas en ingl\u00e9s) comenzaron a trabajar en 2022 en un proyecto conjunto con objeto de identificar \u00e1reas de oportunidad para fortalecer el <strong>Mecanismo de Protecci\u00f3n para Personas Defensoras de Derechos Humanos y Periodistas<\/strong>, que es el marco jur\u00eddico e institucional del pa\u00eds para la protecci\u00f3n de periodistas a nivel federal.<\/p>\n<!-- \/wp:paragraph -->\n\n<!-- wp:paragraph {\"align\":\"center\",\"fontSize\":\"medium\"} -->\n<p class=\"has-text-align-center has-medium-font-size\"><strong>\u00a1Lee el informe completo!<\/strong><\/p>\n<!-- \/wp:paragraph -->\n\n<!-- wp:buttons {\"align\":\"left\"} -->\n<div class=\"wp-block-buttons aligncenter\">\n<p align=\"center\"><iframe loading=\"lazy\" class=\"embed-responsive-item\" src=\"https:\/\/amnistia.org.mx\/informes\/boton61.php\" width=\"200\" height=\"80\" frameborder=\"0\" scrolling=\"NO\" align=\"center\" allowfullscreen=\"allowfullscreen\"><\/iframe><\/p>\n<!-- \/wp:button --><\/div>\t\t\t\t\t\t<\/div>\n\t\t\t\t<\/div>\n\t\t\t\t\t<\/div>\n\t\t<\/div>\n\t\t\t\t\t\t\t<\/div>\n\t\t<\/section>\n\t\t\t\t\t\t\t<\/div>\n\t\t","protected":false},"excerpt":{"rendered":"<p>La urgente necesidad de fortalecer las pol\u00edticas federales de M\u00e9xico para la protecci\u00f3n de periodistas &nbsp; Ante la violencia grave e incesante contra periodistas en M\u00e9xico, el pa\u00eds m\u00e1s peligroso &hellip;<\/p>\n<p class=\"read-more\"> <a class=\"\" href=\"https:\/\/amnistia.org.mx\/contenido\/index.php\/nadie-garantiza-mi-seguridad\/\"> <span class=\"screen-reader-text\">&#8220;Nadie garantiza mi seguridad&#8221;<\/span> Leer m\u00e1s &raquo;<\/a><\/p>\n","protected":false},"author":8,"featured_media":30303,"comment_status":"closed","ping_status":"closed","sticky":false,"template":"","format":"standard","meta":{"_uf_show_specific_survey":0,"_uf_disable_surveys":false,"site-sidebar-layout":"default","site-content-layout":"default","ast-global-header-display":"","ast-main-header-display":"","ast-hfb-above-header-display":"","ast-hfb-below-header-display":"","ast-hfb-mobile-header-display":"","site-post-title":"","ast-breadcrumbs-content":"","ast-featured-img":"","footer-sml-layout":"","theme-transparent-header-meta":"","adv-header-id-meta":"","stick-header-meta":"","header-above-stick-meta":"","header-main-stick-meta":"","header-below-stick-meta":""},"categories":[215,17],"tags":[28],"acf":[],"aioseo_notices":[],"yoast_head":"<!-- This site is optimized with the Yoast SEO plugin v14.5 - https:\/\/yoast.com\/wordpress\/plugins\/seo\/ -->\n<title>&quot;Nadie garantiza mi seguridad&quot;<\/title>\n<meta name=\"description\" content=\"La urgente necesidad de fortalecer las pol\u00edticas federalesde M\u00e9xico para la protecci\u00f3n de periodistas.\" \/>\n<meta name=\"robots\" content=\"index, follow\" \/>\n<meta name=\"googlebot\" content=\"index, follow, max-snippet:-1, max-image-preview:large, max-video-preview:-1\" \/>\n<meta name=\"bingbot\" content=\"index, follow, max-snippet:-1, max-image-preview:large, max-video-preview:-1\" \/>\n<link rel=\"canonical\" href=\"https:\/\/amnistia.org.mx\/contenido\/index.php\/nadie-garantiza-mi-seguridad\/\" \/>\n<meta property=\"og:locale\" content=\"es_MX\" \/>\n<meta property=\"og:type\" content=\"article\" \/>\n<meta property=\"og:title\" content=\"&quot;Nadie garantiza mi seguridad&quot;\" \/>\n<meta property=\"og:description\" content=\"La urgente necesidad de fortalecer las pol\u00edticas federalesde M\u00e9xico para la protecci\u00f3n de periodistas.\" \/>\n<meta property=\"og:url\" content=\"https:\/\/amnistia.org.mx\/contenido\/index.php\/nadie-garantiza-mi-seguridad\/\" \/>\n<meta property=\"og:site_name\" content=\"amnistia.org.mx\" \/>\n<meta property=\"article:published_time\" content=\"2024-03-06T16:54:26+00:00\" \/>\n<meta property=\"article:modified_time\" content=\"2024-06-14T00:18:30+00:00\" \/>\n<meta property=\"og:image\" content=\"https:\/\/amnistia.org.mx\/contenido\/wp-content\/uploads\/2024\/03\/BANNER-PRINCIPAL.png\" \/>\n\t<meta property=\"og:image:width\" content=\"1200\" \/>\n\t<meta property=\"og:image:height\" content=\"900\" \/>\n<meta name=\"twitter:card\" content=\"summary_large_image\" \/>\n<script type=\"application\/ld+json\" class=\"yoast-schema-graph\">{\"@context\":\"https:\/\/schema.org\",\"@graph\":[{\"@type\":\"WebSite\",\"@id\":\"https:\/\/amnistia.org.mx\/contenido\/#website\",\"url\":\"https:\/\/amnistia.org.mx\/contenido\/\",\"name\":\"amnistia.org.mx\",\"description\":\"Nueva p\\u00e1gina de Amnist\\u00eda\",\"potentialAction\":[{\"@type\":\"SearchAction\",\"target\":\"https:\/\/amnistia.org.mx\/contenido\/?s={search_term_string}\",\"query-input\":\"required name=search_term_string\"}],\"inLanguage\":\"es-MX\"},{\"@type\":\"ImageObject\",\"@id\":\"https:\/\/amnistia.org.mx\/contenido\/index.php\/nadie-garantiza-mi-seguridad\/#primaryimage\",\"inLanguage\":\"es-MX\",\"url\":\"https:\/\/amnistia.org.mx\/contenido\/wp-content\/uploads\/2024\/03\/BANNER-PRINCIPAL.png\",\"width\":1200,\"height\":900},{\"@type\":\"WebPage\",\"@id\":\"https:\/\/amnistia.org.mx\/contenido\/index.php\/nadie-garantiza-mi-seguridad\/#webpage\",\"url\":\"https:\/\/amnistia.org.mx\/contenido\/index.php\/nadie-garantiza-mi-seguridad\/\",\"name\":\"\\\"Nadie garantiza mi seguridad\\\"\",\"isPartOf\":{\"@id\":\"https:\/\/amnistia.org.mx\/contenido\/#website\"},\"primaryImageOfPage\":{\"@id\":\"https:\/\/amnistia.org.mx\/contenido\/index.php\/nadie-garantiza-mi-seguridad\/#primaryimage\"},\"datePublished\":\"2024-03-06T16:54:26+00:00\",\"dateModified\":\"2024-06-14T00:18:30+00:00\",\"author\":{\"@id\":\"https:\/\/amnistia.org.mx\/contenido\/#\/schema\/person\/2d2b29996a9513767aea81f8ae57bdeb\"},\"description\":\"La urgente necesidad de fortalecer las pol\\u00edticas federalesde M\\u00e9xico para la protecci\\u00f3n de periodistas.\",\"breadcrumb\":{\"@id\":\"https:\/\/amnistia.org.mx\/contenido\/index.php\/nadie-garantiza-mi-seguridad\/#breadcrumb\"},\"inLanguage\":\"es-MX\",\"potentialAction\":[{\"@type\":\"ReadAction\",\"target\":[\"https:\/\/amnistia.org.mx\/contenido\/index.php\/nadie-garantiza-mi-seguridad\/\"]}]},{\"@type\":\"BreadcrumbList\",\"@id\":\"https:\/\/amnistia.org.mx\/contenido\/index.php\/nadie-garantiza-mi-seguridad\/#breadcrumb\",\"itemListElement\":[{\"@type\":\"ListItem\",\"position\":1,\"item\":{\"@type\":\"WebPage\",\"@id\":\"https:\/\/amnistia.org.mx\/contenido\/\",\"url\":\"https:\/\/amnistia.org.mx\/contenido\/\",\"name\":\"Home\"}},{\"@type\":\"ListItem\",\"position\":2,\"item\":{\"@type\":\"WebPage\",\"@id\":\"https:\/\/amnistia.org.mx\/contenido\/index.php\/nadie-garantiza-mi-seguridad\/\",\"url\":\"https:\/\/amnistia.org.mx\/contenido\/index.php\/nadie-garantiza-mi-seguridad\/\",\"name\":\"&#8220;Nadie garantiza mi seguridad&#8221;\"}}]},{\"@type\":[\"Person\"],\"@id\":\"https:\/\/amnistia.org.mx\/contenido\/#\/schema\/person\/2d2b29996a9513767aea81f8ae57bdeb\",\"name\":\"Carolina Flores\",\"image\":{\"@type\":\"ImageObject\",\"@id\":\"https:\/\/amnistia.org.mx\/contenido\/#personlogo\",\"inLanguage\":\"es-MX\",\"url\":\"https:\/\/secure.gravatar.com\/avatar\/e2d29811923c60594035966b365ce272?s=96&d=mm&r=g\",\"caption\":\"Carolina Flores\"}}]}<\/script>\n<!-- \/ Yoast SEO plugin. -->","_links":{"self":[{"href":"https:\/\/amnistia.org.mx\/contenido\/index.php\/wp-json\/wp\/v2\/posts\/30300"}],"collection":[{"href":"https:\/\/amnistia.org.mx\/contenido\/index.php\/wp-json\/wp\/v2\/posts"}],"about":[{"href":"https:\/\/amnistia.org.mx\/contenido\/index.php\/wp-json\/wp\/v2\/types\/post"}],"author":[{"embeddable":true,"href":"https:\/\/amnistia.org.mx\/contenido\/index.php\/wp-json\/wp\/v2\/users\/8"}],"replies":[{"embeddable":true,"href":"https:\/\/amnistia.org.mx\/contenido\/index.php\/wp-json\/wp\/v2\/comments?post=30300"}],"version-history":[{"count":10,"href":"https:\/\/amnistia.org.mx\/contenido\/index.php\/wp-json\/wp\/v2\/posts\/30300\/revisions"}],"predecessor-version":[{"id":32371,"href":"https:\/\/amnistia.org.mx\/contenido\/index.php\/wp-json\/wp\/v2\/posts\/30300\/revisions\/32371"}],"wp:featuredmedia":[{"embeddable":true,"href":"https:\/\/amnistia.org.mx\/contenido\/index.php\/wp-json\/wp\/v2\/media\/30303"}],"wp:attachment":[{"href":"https:\/\/amnistia.org.mx\/contenido\/index.php\/wp-json\/wp\/v2\/media?parent=30300"}],"wp:term":[{"taxonomy":"category","embeddable":true,"href":"https:\/\/amnistia.org.mx\/contenido\/index.php\/wp-json\/wp\/v2\/categories?post=30300"},{"taxonomy":"post_tag","embeddable":true,"href":"https:\/\/amnistia.org.mx\/contenido\/index.php\/wp-json\/wp\/v2\/tags?post=30300"}],"curies":[{"name":"wp","href":"https:\/\/api.w.org\/{rel}","templated":true}]}}