
{"id":30337,"date":"2024-03-06T11:33:52","date_gmt":"2024-03-06T17:33:52","guid":{"rendered":"https:\/\/amnistia.org.mx\/contenido\/?p=30337"},"modified":"2025-01-28T17:07:39","modified_gmt":"2025-01-28T23:07:39","slug":"mexico-asesinatos-de-periodistas-bajo-proteccion-estatal-muestran-la-necesidad-urgente-de-fortalecer-el-mecanismo-federal","status":"publish","type":"post","link":"https:\/\/amnistia.org.mx\/contenido\/index.php\/mexico-asesinatos-de-periodistas-bajo-proteccion-estatal-muestran-la-necesidad-urgente-de-fortalecer-el-mecanismo-federal\/","title":{"rendered":"<strong>M\u00e9xico: Asesinatos de periodistas bajo protecci\u00f3n estatal muestran la necesidad urgente de fortalecer el mecanismo federal<\/strong>"},"content":{"rendered":"\n<figure class=\"wp-block-image alignfull size-full\"><img decoding=\"async\" loading=\"lazy\" width=\"700\" height=\"525\" src=\"https:\/\/amnistia.org.mx\/contenido\/wp-content\/uploads\/2024\/03\/foto-ajustada.jpg\" alt=\"\" class=\"wp-image-30380\"\/><figcaption class=\"wp-element-caption\">Aspecto de la conferencia de medios en la que se present\u00f3 el informe <strong>Nadie Garantiza mi Seguridad<\/strong> y la campa\u00f1a <strong>La Verdad se protege<\/strong>. En el orden acostumbrado, Neldy San Mart\u00edn, Jefa de Informaci\u00f3n de Animal Pol\u00edtico; Edith Olivares Ferreto, Directora Ejecutiva de Amnist\u00eda Internacional M\u00e9xico; Alberto Amaro Jord\u00e1n, periodista y Jean Albert Hootsen, representante de CPJ. (Foto: Cristopher Isa\u00ed Cruz \/ Amnist\u00eda Internacional M\u00e9xico)<\/figcaption><\/figure>\n\n\n\n<p>Ocho periodistas han sido asesinados mientras estaban inscritos en el Mecanismo para la Protecci\u00f3n de Personas Defensoras de Derechos Humanos y Periodistas de M\u00e9xico en los \u00faltimos siete a\u00f1os, una cifra que pone de relieve la urgente necesidad de fortalecer y reformar la instituci\u00f3n, afirmaron hoy Amnist\u00eda Internacional y el Comit\u00e9 para la Protecci\u00f3n de los Periodistas (CPJ, por sus siglas en ingl\u00e9s) al publicar una investigaci\u00f3n conjunta.<\/p>\n\n\n\n<p>El informe, <a href=\"https:\/\/amnistia.org.mx\/contenido\/wp-content\/uploads\/2024\/03\/INFORME-NADIE-GARANTIZA-MI-SEGURIDAD.pdf\">Nadie garantiza mi seguridad: La urgente necesidad de fortalecer las pol\u00edticas federales de M\u00e9xico para la protecci\u00f3n de periodistas<\/a>, analiza el Mecanismo federal que se cre\u00f3 en 2012 con la misi\u00f3n de proteger a personas defensoras de derechos humanos y periodistas en el pa\u00eds en riesgo extremo de amenazas y ataques debido a su trabajo. Si bien Amnist\u00eda Internacional ha publicado anteriormente investigaciones sobre las deficiencias del Mecanismo en la protecci\u00f3n de los\u00a0 defensores y defensoras de los derechos humanos, a la luz del mandato del CPJ y su experiencia especializada, este nuevo informe se centra espec\u00edficamente en el trabajo del Mecanismo para proteger a los periodistas.<\/p>\n\n\n\n<p>&#8220;El Mecanismo Federal para la Protecci\u00f3n de Personas Defensoras de Derechos Humanos y Periodistas sigue siendo una parte crucial de los esfuerzos del gobierno en M\u00e9xico para hacer del pa\u00eds un lugar m\u00e1s seguro para los periodistas, pero solo puede cumplir ese papel si aborda adecuadamente sus propias fallas&#8221;, declar\u00f3 Jan-Albert Hootsen, representante del CPJ en M\u00e9xico. &#8220;Despu\u00e9s de a\u00f1os de incesante derramamiento de sangre e impunidad corrosiva, ha llegado el momento de que el Estado mexicano act\u00fae y demuestre que finalmente est\u00e1 dispuesto a tomar en serio sus obligaciones con respecto a la libertad de prensa&#8221;.<\/p>\n\n\n\n<p>M\u00e9xico es el pa\u00eds m\u00e1s peligroso del hemisferio occidental para los periodistas, seg\u00fan una extensa documentaci\u00f3n del CPJ desde 1992. Desde el cambio de siglo, al menos 141 periodistas y otros trabajadores de los medios de comunicaci\u00f3n han sido asesinados, seg\u00fan la investigaci\u00f3n del CPJ; Se descubri\u00f3 que al menos 61 de esos asesinatos estaban directamente relacionados con su trabajo. La impunidad es la norma en los cr\u00edmenes contra la prensa; De acuerdo con el \u00cdndice Global de Impunidad anual del CPJ, M\u00e9xico se ubica constantemente entre los diez pa\u00edses con el mayor n\u00famero de asesinatos de periodistas que siguen sin resolverse. El CPJ tambi\u00e9n ha concluido que M\u00e9xico es el pa\u00eds con el mayor n\u00famero de periodistas desaparecidos en el mundo, sin embargo, ni un solo caso de periodista desaparecido en M\u00e9xico ha dado lugar a una condena.<\/p>\n\n\n\n<p>M\u00e1s all\u00e1 de los asesinatos y desapariciones, los periodistas en M\u00e9xico enfrentan constantes amenazas, hostigamiento y abuso f\u00edsico y psicol\u00f3gico, tanto por parte de funcionarios p\u00fablicos como del crimen organizado. La mayor\u00eda de las amenazas y ataques est\u00e1n relacionados con la lucha en curso del pa\u00eds contra grupos criminales violentos, la militarizaci\u00f3n de la llamada &#8220;guerra contra las drogas&#8221; y las agencias de aplicaci\u00f3n de la ley corruptas o incompetentes que no quieren o no pueden mantener seguros a los periodistas y al p\u00fablico. De hecho, el propio Mecanismo ha determinado que los funcionarios p\u00fablicos son responsables de casi la mitad de las agresiones que ha registrado contra periodistas en M\u00e9xico.<\/p>\n\n\n\n<p><strong>Protecci\u00f3n d\u00e9bil e ineficaz<\/strong><\/p>\n\n\n\n<p>El Mecanismo para la Protecci\u00f3n de Personas Defensoras de Derechos Humanos y Periodistas fue creado en 2012 por el gobierno federal mexicano despu\u00e9s de a\u00f1os de presi\u00f3n por parte de periodistas y organizaciones de la sociedad civil para hacer frente a las constantes amenazas y ataques contra personas defensoras y trabajadores de los medios de comunicaci\u00f3n.<\/p>\n\n\n\n<p>En los \u00faltimos 18 meses, Amnist\u00eda Internacional y el CPJ examinaron el Mecanismo mediante solicitudes de libertad de informaci\u00f3n ante el Instituto Nacional de Acceso a la Informaci\u00f3n y Protecci\u00f3n de Datos Personales de M\u00e9xico y examinaron una amplia gama de informaci\u00f3n disponible p\u00fablicamente sobre la instituci\u00f3n. El informe tambi\u00e9n se basa en el trabajo de campo realizado en los estados de Oaxaca, Quintana Roo y Tlaxcala, y en los resultados de un cuestionario que respondieron 28 periodistas incorporados al Mecanismo.<\/p>\n\n\n\n<p>En el papel, el Mecanismo eval\u00faa los riesgos que enfrentan los periodistas, les brinda medidas de protecci\u00f3n y coordina con las agencias estatales y federales para mitigar los riesgos. En realidad, si bien el Mecanismo ha brindado una protecci\u00f3n muy necesaria a algunos periodistas, no est\u00e1 protegiendo adecuadamente a muchos otros.<\/p>\n\n\n\n<p>A noviembre de 2023, hab\u00eda 651 periodistas inscritos en el Mecanismo: 469 hombres y 182 mujeres. Pero el n\u00famero de solicitudes de protecci\u00f3n que el Mecanismo ha rechazado ha aumentado considerablemente en los \u00faltimos a\u00f1os, pasando de solo una en 2020 a 14 en 2021, 49 en 2022 y otras 49 en los primeros once meses de 2023.<\/p>\n\n\n\n<p>Casi todos los periodistas con los que hablaron Amnist\u00eda Internacional y el CPJ dijeron que hab\u00edan seguido sufriendo incidentes de seguridad despu\u00e9s de inscribirse en el Mecanismo, y muchos describieron la respuesta del Mecanismo como lenta, burocr\u00e1tica y carente de empat\u00eda. Muchas mujeres periodistas tambi\u00e9n consideraron que el personal del Mecanismo minimizaba los riesgos a los que se enfrentaban y no ten\u00eda en cuenta las consideraciones de g\u00e9nero al atenderlas.<\/p>\n\n\n\n<p><strong>Casos emblem\u00e1ticos<\/strong><\/p>\n\n\n\n<p>Amnist\u00eda Internacional y el CPJ rese\u00f1aron tres casos emblem\u00e1ticos de reporteros que se inscribieron en el Mecanismo: Gustavo S\u00e1nchez, Rub\u00e9n Pat Cauich y Alberto Amaro Jord\u00e1n. S\u00e1nchez y Pat fueron asesinados mientras te\u00f3ricamente estaban bajo la protecci\u00f3n del Mecanismo, y son dolorosos recordatorios de las consecuencias de una protecci\u00f3n inadecuada por parte de la agencia gubernamental. El caso de Amaro, quien se ha resistido a los esfuerzos del Mecanismo para retirar sus medidas de protecci\u00f3n, ofrece una visi\u00f3n de las luchas con la burocracia, la falta de evaluaci\u00f3n adecuada de los riesgos y el escandaloso desinter\u00e9s de los funcionarios p\u00fablicos por tomar en serio los riesgos contra los periodistas.<\/p>\n\n\n\n<p>&#8220;Llamas al Mecanismo por tel\u00e9fono y a veces es como si te estuvieran ignorando. Piensan que les est\u00e1s mintiendo&#8221;, dijo Amaro. &#8220;Hice hincapi\u00e9 en que la evaluaci\u00f3n de riesgos conten\u00eda muchos errores. Me ignoraron y decidieron retirar a mis guardaespaldas&#8221;.<\/p>\n\n\n\n<p>&#8220;Nuestra investigaci\u00f3n pone de relieve c\u00f3mo los homicidios de periodistas como Gustavo S\u00e1nchez y Rub\u00e9n Pat Cauich podr\u00edan haberse evitado si las autoridades hubieran tomado medidas m\u00e1s r\u00e1pidas y decisivas para protegerlos. Las autoridades mexicanas deben hacer todo lo que est\u00e9 a su alcance para proteger a la prensa y garantizar los derechos de los periodistas a la vida y a la libertad de expresi\u00f3n&#8221;, ha manifestado Edith Olivares Ferreto, directora ejecutiva de Amnist\u00eda Internacional M\u00e9xico.<\/p>\n\n\n\n<p><strong>Recomendaciones<\/strong><\/p>\n\n\n\n<p>Los hallazgos de la investigaci\u00f3n pintan un panorama alarmante de una instituci\u00f3n profundamente defectuosa que necesita una revisi\u00f3n profunda para responder a las necesidades de prensa de los periodistas en uno de los pa\u00edses m\u00e1s violentos del mundo. Es especialmente preocupante la aparente falta de conocimientos b\u00e1sicos de su personal en materia de derechos humanos, la falta de evaluaci\u00f3n adecuada de los riesgos a los que se enfrentan los periodistas, la falta de consideraci\u00f3n de las consideraciones de g\u00e9nero y las malas pr\u00e1cticas en cuanto a la comunicaci\u00f3n con los beneficiarios. La investigaci\u00f3n tambi\u00e9n revel\u00f3 una tendencia creciente a negar a los periodistas medidas de protecci\u00f3n, as\u00ed como el debilitamiento o la retirada total de las medidas de protecci\u00f3n de los periodistas, a pesar de los peligros claros y presentes que siguen enfrentando.<\/p>\n\n\n\n<p>Entre otras recomendaciones, Amnist\u00eda Internacional y el CPJ instan a las autoridades mexicanas a garantizar un financiamiento adecuado y capacitar adecuadamente al personal del Mecanismo, revisar sus procesos de evaluaci\u00f3n de riesgo e implementar una perspectiva de g\u00e9nero en sus protocolos para abordar mejor las necesidades espec\u00edficas de las mujeres periodistas.<\/p>\n\n\n\n<p>Las organizaciones tambi\u00e9n piden una colaboraci\u00f3n mucho m\u00e1s estrecha entre el Mecanismo y los organismos de investigaci\u00f3n federales y estatales de M\u00e9xico para abordar la impunidad y las causas fundamentales de las amenazas y ataques contra periodistas.<\/p>\n\n\n\n<p>El gobierno mexicano debe tomar medidas inmediatas para abordar los problemas que enfrenta el Mecanismo. Esto es particularmente urgente en un momento en que M\u00e9xico se dirige a un nuevo ciclo electoral que podr\u00eda afectar la forma en que el pa\u00eds aborda las graves violaciones de derechos humanos y derechos fundamentales como la libertad de prensa.<\/p>\n\n\n\n<p>Para obtener m\u00e1s informaci\u00f3n o concertar una entrevista, p\u00f3ngase en contacto con:<\/p>\n\n\n\n<p>Alejandro Ju\u00e1rez Gamero (Amnist\u00eda Internacional M\u00e9xico): <a href=\"mailto:prensa@amnist\u00eda.org.mx\">prensa@amnist\u00eda.org.mx<\/a> , +52 55 2265 4331<\/p>\n\n\n\n<p>Jan-Albert Hootsen (Comit\u00e9 para la Protecci\u00f3n de los Periodistas): <a href=\"mailto:jahootsen@cpj.org\">jahootsen@cpj.org<\/a><\/p>\n\n\n\n<p><strong>Leer m\u00e1s:<\/strong><\/p>\n\n\n\n<p><strong><strong><a href=\"https:\/\/amnistia.org.mx\/contenido\/wp-content\/uploads\/2024\/03\/INFORME-NADIE-GARANTIZA-MI-SEGURIDAD.pdf\">Nadie garantiza mi seguridad: La urgente necesidad de fortalecer las pol\u00edticas federales de M\u00e9xico para la protecci\u00f3n de periodistas<\/a><\/strong> <\/strong>(Investigaci\u00f3n, 6 de marzo de 2024) <\/p>\n","protected":false},"excerpt":{"rendered":"<p>Ocho periodistas han sido asesinados mientras estaban inscritos en el Mecanismo para la Protecci\u00f3n de Personas Defensoras de Derechos Humanos y Periodistas de M\u00e9xico en los \u00faltimos siete a\u00f1os, una &hellip;<\/p>\n<p class=\"read-more\"> <a class=\"\" href=\"https:\/\/amnistia.org.mx\/contenido\/index.php\/mexico-asesinatos-de-periodistas-bajo-proteccion-estatal-muestran-la-necesidad-urgente-de-fortalecer-el-mecanismo-federal\/\"> <span class=\"screen-reader-text\"><strong>M\u00e9xico: Asesinatos de periodistas bajo protecci\u00f3n estatal muestran la necesidad urgente de fortalecer el mecanismo federal<\/strong><\/span> Leer m\u00e1s &raquo;<\/a><\/p>\n","protected":false},"author":4,"featured_media":30382,"comment_status":"closed","ping_status":"closed","sticky":false,"template":"","format":"standard","meta":{"_uf_show_specific_survey":0,"_uf_disable_surveys":false,"site-sidebar-layout":"default","site-content-layout":"default","ast-global-header-display":"","ast-main-header-display":"","ast-hfb-above-header-display":"","ast-hfb-below-header-display":"","ast-hfb-mobile-header-display":"","site-post-title":"","ast-breadcrumbs-content":"","ast-featured-img":"","footer-sml-layout":"","theme-transparent-header-meta":"","adv-header-id-meta":"","stick-header-meta":"","header-above-stick-meta":"","header-main-stick-meta":"","header-below-stick-meta":""},"categories":[20],"tags":[],"acf":[],"aioseo_notices":[],"yoast_head":"<!-- This site is optimized with the Yoast SEO plugin v14.5 - https:\/\/yoast.com\/wordpress\/plugins\/seo\/ -->\n<title>M\u00e9xico: Asesinatos de periodistas bajo protecci\u00f3n estatal muestran la necesidad urgente de fortalecer el mecanismo federal - amnistia.org.mx<\/title>\n<meta name=\"description\" content=\"Amnist\u00eda Internacional y CPJ instan al Estado mexicano a fortalecer el Mecanismo para la Protecci\u00f3n de Personas Defensoras de Derechos Humanos y Periodistas\" \/>\n<meta name=\"robots\" content=\"index, follow\" \/>\n<meta name=\"googlebot\" content=\"index, follow, max-snippet:-1, max-image-preview:large, max-video-preview:-1\" \/>\n<meta name=\"bingbot\" content=\"index, follow, max-snippet:-1, max-image-preview:large, max-video-preview:-1\" \/>\n<link rel=\"canonical\" href=\"https:\/\/amnistia.org.mx\/contenido\/index.php\/mexico-asesinatos-de-periodistas-bajo-proteccion-estatal-muestran-la-necesidad-urgente-de-fortalecer-el-mecanismo-federal\/\" \/>\n<meta property=\"og:locale\" content=\"es_MX\" \/>\n<meta property=\"og:type\" content=\"article\" \/>\n<meta property=\"og:title\" content=\"M\u00e9xico: Asesinatos de periodistas bajo protecci\u00f3n estatal muestran la necesidad urgente de fortalecer el mecanismo federal - amnistia.org.mx\" \/>\n<meta property=\"og:description\" content=\"Amnist\u00eda Internacional y CPJ instan al Estado mexicano a fortalecer el Mecanismo para la Protecci\u00f3n de Personas Defensoras de Derechos Humanos y Periodistas\" \/>\n<meta property=\"og:url\" content=\"https:\/\/amnistia.org.mx\/contenido\/index.php\/mexico-asesinatos-de-periodistas-bajo-proteccion-estatal-muestran-la-necesidad-urgente-de-fortalecer-el-mecanismo-federal\/\" \/>\n<meta property=\"og:site_name\" content=\"amnistia.org.mx\" \/>\n<meta property=\"article:published_time\" content=\"2024-03-06T17:33:52+00:00\" \/>\n<meta property=\"article:modified_time\" content=\"2025-01-28T23:07:39+00:00\" \/>\n<meta property=\"og:image\" content=\"https:\/\/amnistia.org.mx\/contenido\/wp-content\/uploads\/2024\/03\/foto-ajustada-1.jpg\" \/>\n\t<meta property=\"og:image:width\" content=\"700\" \/>\n\t<meta property=\"og:image:height\" content=\"525\" \/>\n<meta name=\"twitter:card\" content=\"summary_large_image\" \/>\n<script type=\"application\/ld+json\" class=\"yoast-schema-graph\">{\"@context\":\"https:\/\/schema.org\",\"@graph\":[{\"@type\":\"WebSite\",\"@id\":\"https:\/\/amnistia.org.mx\/contenido\/#website\",\"url\":\"https:\/\/amnistia.org.mx\/contenido\/\",\"name\":\"amnistia.org.mx\",\"description\":\"Nueva p\\u00e1gina de Amnist\\u00eda\",\"potentialAction\":[{\"@type\":\"SearchAction\",\"target\":\"https:\/\/amnistia.org.mx\/contenido\/?s={search_term_string}\",\"query-input\":\"required name=search_term_string\"}],\"inLanguage\":\"es-MX\"},{\"@type\":\"ImageObject\",\"@id\":\"https:\/\/amnistia.org.mx\/contenido\/index.php\/mexico-asesinatos-de-periodistas-bajo-proteccion-estatal-muestran-la-necesidad-urgente-de-fortalecer-el-mecanismo-federal\/#primaryimage\",\"inLanguage\":\"es-MX\",\"url\":\"https:\/\/amnistia.org.mx\/contenido\/wp-content\/uploads\/2024\/03\/foto-ajustada-1.jpg\",\"width\":700,\"height\":525},{\"@type\":\"WebPage\",\"@id\":\"https:\/\/amnistia.org.mx\/contenido\/index.php\/mexico-asesinatos-de-periodistas-bajo-proteccion-estatal-muestran-la-necesidad-urgente-de-fortalecer-el-mecanismo-federal\/#webpage\",\"url\":\"https:\/\/amnistia.org.mx\/contenido\/index.php\/mexico-asesinatos-de-periodistas-bajo-proteccion-estatal-muestran-la-necesidad-urgente-de-fortalecer-el-mecanismo-federal\/\",\"name\":\"M\\u00e9xico: Asesinatos de periodistas bajo protecci\\u00f3n estatal muestran la necesidad urgente de fortalecer el mecanismo federal - amnistia.org.mx\",\"isPartOf\":{\"@id\":\"https:\/\/amnistia.org.mx\/contenido\/#website\"},\"primaryImageOfPage\":{\"@id\":\"https:\/\/amnistia.org.mx\/contenido\/index.php\/mexico-asesinatos-de-periodistas-bajo-proteccion-estatal-muestran-la-necesidad-urgente-de-fortalecer-el-mecanismo-federal\/#primaryimage\"},\"datePublished\":\"2024-03-06T17:33:52+00:00\",\"dateModified\":\"2025-01-28T23:07:39+00:00\",\"author\":{\"@id\":\"https:\/\/amnistia.org.mx\/contenido\/#\/schema\/person\/7db421c495688267ce8ede4625c17fa5\"},\"description\":\"Amnist\\u00eda Internacional y CPJ instan al Estado mexicano a fortalecer el Mecanismo para la Protecci\\u00f3n de Personas Defensoras de Derechos Humanos y Periodistas\",\"breadcrumb\":{\"@id\":\"https:\/\/amnistia.org.mx\/contenido\/index.php\/mexico-asesinatos-de-periodistas-bajo-proteccion-estatal-muestran-la-necesidad-urgente-de-fortalecer-el-mecanismo-federal\/#breadcrumb\"},\"inLanguage\":\"es-MX\",\"potentialAction\":[{\"@type\":\"ReadAction\",\"target\":[\"https:\/\/amnistia.org.mx\/contenido\/index.php\/mexico-asesinatos-de-periodistas-bajo-proteccion-estatal-muestran-la-necesidad-urgente-de-fortalecer-el-mecanismo-federal\/\"]}]},{\"@type\":\"BreadcrumbList\",\"@id\":\"https:\/\/amnistia.org.mx\/contenido\/index.php\/mexico-asesinatos-de-periodistas-bajo-proteccion-estatal-muestran-la-necesidad-urgente-de-fortalecer-el-mecanismo-federal\/#breadcrumb\",\"itemListElement\":[{\"@type\":\"ListItem\",\"position\":1,\"item\":{\"@type\":\"WebPage\",\"@id\":\"https:\/\/amnistia.org.mx\/contenido\/\",\"url\":\"https:\/\/amnistia.org.mx\/contenido\/\",\"name\":\"Home\"}},{\"@type\":\"ListItem\",\"position\":2,\"item\":{\"@type\":\"WebPage\",\"@id\":\"https:\/\/amnistia.org.mx\/contenido\/index.php\/mexico-asesinatos-de-periodistas-bajo-proteccion-estatal-muestran-la-necesidad-urgente-de-fortalecer-el-mecanismo-federal\/\",\"url\":\"https:\/\/amnistia.org.mx\/contenido\/index.php\/mexico-asesinatos-de-periodistas-bajo-proteccion-estatal-muestran-la-necesidad-urgente-de-fortalecer-el-mecanismo-federal\/\",\"name\":\"M\\u00e9xico: Asesinatos de periodistas bajo protecci\\u00f3n estatal muestran la necesidad urgente de fortalecer el mecanismo federal\"}}]},{\"@type\":[\"Person\"],\"@id\":\"https:\/\/amnistia.org.mx\/contenido\/#\/schema\/person\/7db421c495688267ce8ede4625c17fa5\",\"name\":\"Alejandro Ju\\u00e1rez Gamero\",\"image\":{\"@type\":\"ImageObject\",\"@id\":\"https:\/\/amnistia.org.mx\/contenido\/#personlogo\",\"inLanguage\":\"es-MX\",\"url\":\"https:\/\/secure.gravatar.com\/avatar\/e312d5566d1c3ffb56f86415d6f0e606?s=96&d=mm&r=g\",\"caption\":\"Alejandro Ju\\u00e1rez Gamero\"}}]}<\/script>\n<!-- \/ Yoast SEO plugin. -->","_links":{"self":[{"href":"https:\/\/amnistia.org.mx\/contenido\/index.php\/wp-json\/wp\/v2\/posts\/30337"}],"collection":[{"href":"https:\/\/amnistia.org.mx\/contenido\/index.php\/wp-json\/wp\/v2\/posts"}],"about":[{"href":"https:\/\/amnistia.org.mx\/contenido\/index.php\/wp-json\/wp\/v2\/types\/post"}],"author":[{"embeddable":true,"href":"https:\/\/amnistia.org.mx\/contenido\/index.php\/wp-json\/wp\/v2\/users\/4"}],"replies":[{"embeddable":true,"href":"https:\/\/amnistia.org.mx\/contenido\/index.php\/wp-json\/wp\/v2\/comments?post=30337"}],"version-history":[{"count":11,"href":"https:\/\/amnistia.org.mx\/contenido\/index.php\/wp-json\/wp\/v2\/posts\/30337\/revisions"}],"predecessor-version":[{"id":37072,"href":"https:\/\/amnistia.org.mx\/contenido\/index.php\/wp-json\/wp\/v2\/posts\/30337\/revisions\/37072"}],"wp:featuredmedia":[{"embeddable":true,"href":"https:\/\/amnistia.org.mx\/contenido\/index.php\/wp-json\/wp\/v2\/media\/30382"}],"wp:attachment":[{"href":"https:\/\/amnistia.org.mx\/contenido\/index.php\/wp-json\/wp\/v2\/media?parent=30337"}],"wp:term":[{"taxonomy":"category","embeddable":true,"href":"https:\/\/amnistia.org.mx\/contenido\/index.php\/wp-json\/wp\/v2\/categories?post=30337"},{"taxonomy":"post_tag","embeddable":true,"href":"https:\/\/amnistia.org.mx\/contenido\/index.php\/wp-json\/wp\/v2\/tags?post=30337"}],"curies":[{"name":"wp","href":"https:\/\/api.w.org\/{rel}","templated":true}]}}