
{"id":30795,"date":"2024-04-01T17:16:21","date_gmt":"2024-04-01T23:16:21","guid":{"rendered":"https:\/\/amnistia.org.mx\/contenido\/?p=30795"},"modified":"2024-04-01T17:16:22","modified_gmt":"2024-04-01T23:16:22","slug":"mexico-se-deben-investigar-exhaustivamente-las-omisiones-en-que-incurrieron-autoridades-en-la-desaparicion-y-feminicidio-de-la-nina-camila-y-garantizar-la-no-repeticion-de-los-hechos","status":"publish","type":"post","link":"https:\/\/amnistia.org.mx\/contenido\/index.php\/mexico-se-deben-investigar-exhaustivamente-las-omisiones-en-que-incurrieron-autoridades-en-la-desaparicion-y-feminicidio-de-la-nina-camila-y-garantizar-la-no-repeticion-de-los-hechos\/","title":{"rendered":"<strong>M\u00e9xico: Se deben investigar exhaustivamente las omisiones en que incurrieron autoridades en la desaparici\u00f3n y feminicidio de la ni\u00f1a Camila, y garantizar la no repetici\u00f3n de los hechos<\/strong>"},"content":{"rendered":"\n<ul>\n<li>Amnist\u00eda Internacional llama a las autoridades federales y del estado de Guerrero a realizar una investigaci\u00f3n de los hechos con enfoque de g\u00e9nero y apegada a los est\u00e1ndares internacionales de la CEDAW y la la CoIDH<\/li>\n<\/ul>\n\n\n\n<ul>\n<li>El llamado incluye la revisi\u00f3n de los protocolos de actuaci\u00f3n, particularmente el Protocolo Violeta<a href=\"#_ftn1\" id=\"_ftnref1\"><sup>[1]<\/sup><\/a>, para mejorar la coordinaci\u00f3n entre autoridades federales, estatales y municipales<\/li>\n<\/ul>\n\n\n\n<ul>\n<li>Las autoridades vulneraron el derecho de acceso a la verdad, justicia y reparaci\u00f3n del da\u00f1o al no haber emitido, con la debida diligencia, la orden de aprehensi\u00f3n y no haber salvaguardado la integridad y vida de las personas presuntas responsables<\/li>\n<\/ul>\n\n\n\n<p>Amnist\u00eda Internacional expresa su preocupaci\u00f3n por las omisiones en que incurrieron autoridades de diversos \u00f3rdenes de gobierno durante la desaparici\u00f3n de la ni\u00f1a Camila, en la\u00a0 aprehensi\u00f3n de las personas presuntas responsables de ese hecho, as\u00ed como durante la contenci\u00f3n y dispersi\u00f3n de la manifestaci\u00f3n de personas, en la ciudad de Taxco, Guerrero.<\/p>\n\n\n\n<p>Esta situaci\u00f3n pone de manifiesto una vez m\u00e1s la incapacidad de las autoridades federales, estatales y municipales para actuar con la debida diligencia, particularmente con la celeridad en casos de urgencia, tal y como lo ha denunciado&nbsp; Amnist\u00eda Internacional desde hace d\u00e9cadas.<\/p>\n\n\n\n<p>De acuerdo con la informaci\u00f3n que se ha podido conocer de las autoridades, como de la familia de Camila, si bien se realizaron acciones inmediatas para localizar a \u00e9sta, de parte de la Fiscal\u00eda General del Estado de Guerrero no hubo celeridad en la emisi\u00f3n de la orden de aprehensi\u00f3n en contra de las personas que fueron se\u00f1aladas como probables responsables de la desaparici\u00f3n de la ni\u00f1a.<\/p>\n\n\n\n<p>Tampoco hubo una actuaci\u00f3n eficaz por parte de polic\u00edas municipales, estatales, elementos del Ej\u00e9rcito y Guardia Nacional para salvaguardar la integridad y la vida de las personas que estaban siendo se\u00f1aladas como presuntas responsables. Adem\u00e1s, el Secretario de Seguridad de Taxco realiz\u00f3 declaraciones estigmatizantes que parecen responsabilizar a la madre de Camila de su desaparici\u00f3n y asesinato.<\/p>\n\n\n\n<p>\u201cLa revictimizaci\u00f3n de la madre por parte de autoridades locales es absolutamente inaceptable y desv\u00eda la atenci\u00f3n en vez de asumir las responsabilidades de garantizar a las mujeres y las ni\u00f1as una vida libre de violencia, as\u00ed como de actuar con debida diligencia durante una denuncia de desaparici\u00f3n\u201d, declar\u00f3 Edith Olivares Ferreto, Directora Ejecutiva de Amnist\u00eda Internacional M\u00e9xico.<\/p>\n\n\n\n<p>\u201cEl retraso en la emisi\u00f3n de la orden de aprehensi\u00f3n y la falta de capacidades y coordinaci\u00f3n de las corporaciones municipales, estatales y federales para salvaguardar a quienes eran se\u00f1alados como presuntos responsables, derivaron en hechos sumamente graves que vulneraron el acceso a la verdad y la justicia para las personas familiares de Camila y para la comunidad\u201d, precis\u00f3 Edith Olivares Ferreto.<\/p>\n\n\n\n<p>Amnist\u00eda Internacional advierte que el deber de las autoridades en el proceso de acceso a la justicia para las familias de las v\u00edctimas de feminicidio no termina con la lamentable localizaci\u00f3n de los cuerpos de \u00e9stas, sino que se extiende hasta la detenci\u00f3n, resguardo y presentaci\u00f3n ante las autoridades competentes de las personas involucradas en lo delitos; contin\u00faa con la investigaci\u00f3n exhaustiva para dar con la verdad de los hechos y un proceso judicial apegado a derecho de las personas que cometieron el delito.<\/p>\n\n\n\n<p>En ese sentido, el no haber emitido, con la debida diligencia, la orden de aprehensi\u00f3n y no haber salvaguardado la integridad y vida de las personas presuntas responsables vulnera el derecho de las v\u00edctimas a la verdad y la justicia.<\/p>\n\n\n\n<p><strong>Llamado a las autoridades a garantizar la no repetici\u00f3n<\/strong><\/p>\n\n\n\n<p>Amnist\u00eda Internacional, hace un&nbsp; llamado urgente a las autoridades del estado de Guerrero para que lleven a cabo una investigaci\u00f3n del feminicidio de la ni\u00f1a Camila, as\u00ed como de la actuaci\u00f3n de las autoridades.<\/p>\n\n\n\n<p>La investigaci\u00f3n del feminicidio debe incorporar la perspectiva de g\u00e9nero, y ser expedita y profesional para que la familia de la ni\u00f1a tenga acceso a la verdad, justicia y reparaci\u00f3n integral del da\u00f1o, lo que incluye garant\u00edas de no repetici\u00f3n. Esto en apego a las recomendaciones generales 33 y 35 a la Convenci\u00f3n sobre la Eliminaci\u00f3n de todas las formas de Discriminaci\u00f3n contra la Mujer (CEDAW), la Convenci\u00f3n Interamericana para Prevenir, Sancionar y Erradicar la Violencia contra la Mujer, el Mecanismo de Seguimiento de la Convenci\u00f3n de Bel\u00e9m do Par\u00e1, la sentencia de la Corte Interamericana de Derechos Humanos \u201cCaso Gonz\u00e1lez y otras (\u201cCampo Algodonero\u201d) Vs. M\u00e9xico\u201d, entre otros est\u00e1ndares internacionales.<\/p>\n\n\n\n<p>Las garant\u00edas de no repetici\u00f3n deben incluir la revisi\u00f3n de los protocolos de actuaci\u00f3n, particularmente el Protocolo Violeta, para proceder con celeridad en casos de urgencia durante la investigaci\u00f3n, aprehensi\u00f3n e investigaci\u00f3n de desapariciones de mujeres y ni\u00f1as, y feminicidios; que las fiscal\u00edas cuenten con el personal, infraestructura y los recursos suficientes para llevar a cabo su trabajo, y que las autoridades municipales, estatales y federales encargadas de salvaguardar a los presuntos responsables cuenten con una mejor coordinaci\u00f3n.<\/p>\n\n\n\n<p>M\u00e9xico cuenta con diversas leyes e instituciones creadas a lo largo de tres d\u00e9cadas que est\u00e1n destinadas a prevenir y erradicar la violencia contra las mujeres, incluso la Corte Interamericana de Derechos Humanos (CoIDH) emiti\u00f3 una sentencia contra M\u00e9xico en el <a href=\"https:\/\/www.corteidh.or.cr\/docs\/casos\/articulos\/seriec_205_esp.pdf\">Caso Gonz\u00e1lez y otras (Campo Algodonero)<\/a> por feminicidio y violencia de g\u00e9nero. Pese a ello, ya sea por negligencia u omisi\u00f3n, el andamiaje institucional no ha sido efectivo y mucho menos se aplican los protocolos establecidos, como lo demuestra lo ocurrido en Taxco.<\/p>\n\n\n\n<p><a><\/a>Este tipo de irregularidades las denunci\u00f3 Amnist\u00eda Internacional en el informe <a href=\"https:\/\/amnistia.org.mx\/documentos\/informes\/MuertesIntolerables_2_edicion.pdf\">M\u00e9xico: Muertes intolerables, 10 a\u00f1os de desapariciones y asesinatos de mujeres en Ciudad Ju\u00e1rez y Chihuahua<\/a>, <strong>publicado hace 20 a\u00f1os<\/strong>. En el documento se denuncian, entre otros aspectos, la tardanza de las autoridades para iniciar una investigaci\u00f3n; as\u00ed como un inveros\u00edmil cuestionamiento de la conducta de las v\u00edctimas, adem\u00e1s de la indiferencia, falta de voluntad, negligencia o falta de capacidad de las autoridades para proceder con celeridad en los casos.<\/p>\n\n\n\n<p>El 20 de septiembre de 2021 Amnist\u00eda Internacional public\u00f3 el\u00a0 informe <a href=\"https:\/\/amnistia.org.mx\/contenido\/wp-content\/uploads\/2021\/09\/Informe-Juicio-a-la-Justicia-Amnist%C3%ADa-Internacional-M%C3%A9xico.pdf\">Juicio a la Justicia. Deficiencias en las investigaciones penales de feminicidios precedidos de desaparici\u00f3n en el estado de M\u00e9xico<\/a>, en el que se analizan cuatro casos emblem\u00e1ticos de feminicidio en los que las omisiones referidas vuelven a figurar y a las que se suman las deficientes condiciones en que suelen llevar a cabo su trabajo las fiscal\u00edas del pa\u00eds.<\/p>\n\n\n\n<p><strong>Para m\u00e1s informaci\u00f3n o para concertar una entrevista, contacte a:<\/strong><\/p>\n\n\n\n<p>Alejandro Ju\u00e1rez Gamero (Amnist\u00eda Internacional M\u00e9xico)<\/p>\n\n\n\n<p><a href=\"mailto:prensa@amnistia.org.mx\">prensa@amnistia.org.mx<\/a><\/p>\n\n\n\n<p>+52 55 2265 4331<\/p>\n\n\n\n<hr class=\"wp-block-separator has-alpha-channel-opacity\"\/>\n\n\n\n<p><a href=\"#_ftnref1\" id=\"_ftn1\"><sup>[1]<\/sup><\/a> El Protocolo Violeta es una estrategia del Gobierno para realizar la b\u00fasqueda de mujeres y ni\u00f1as desaparecidas. Se activa con solo presentar el reporte al 911. <em>Ver<\/em> Consejer\u00eda Jur\u00eddica del Poder Ejecutivo del Estado de Guerrero, <em>Acuerdo por el cual se crea el Protocolo Violeta como una estrategia integral preventiva y de reacci\u00f3n inmediata para la protecci\u00f3n o b\u00fasqueda de ni\u00f1as, mujeres adolescentes y mujeres adultas, que se encuentren en riesgo inminente de sufrir alg\u00fan da\u00f1o grave a su integridad personal y la alerta violeta; <\/em>disponible en chrome-extension:\/\/efaidnbmnnnibpcajpcglclefindmkaj\/https:\/\/www.guerrero.gob.mx\/wp-content\/uploads\/2022\/08\/PROTOCOLOVIOLETA.pdf<\/p>\n","protected":false},"excerpt":{"rendered":"<p>Amnist\u00eda Internacional expresa su preocupaci\u00f3n por las omisiones en que incurrieron autoridades de diversos \u00f3rdenes de gobierno durante la desaparici\u00f3n de la ni\u00f1a Camila, en la\u00a0 aprehensi\u00f3n de las personas &hellip;<\/p>\n<p class=\"read-more\"> <a class=\"\" href=\"https:\/\/amnistia.org.mx\/contenido\/index.php\/mexico-se-deben-investigar-exhaustivamente-las-omisiones-en-que-incurrieron-autoridades-en-la-desaparicion-y-feminicidio-de-la-nina-camila-y-garantizar-la-no-repeticion-de-los-hechos\/\"> <span class=\"screen-reader-text\"><strong>M\u00e9xico: Se deben investigar exhaustivamente las omisiones en que incurrieron autoridades en la desaparici\u00f3n y feminicidio de la ni\u00f1a Camila, y garantizar la no repetici\u00f3n de los hechos<\/strong><\/span> Leer m\u00e1s &raquo;<\/a><\/p>\n","protected":false},"author":4,"featured_media":30796,"comment_status":"closed","ping_status":"closed","sticky":false,"template":"","format":"standard","meta":{"_uf_show_specific_survey":0,"_uf_disable_surveys":false,"site-sidebar-layout":"default","site-content-layout":"default","ast-global-header-display":"","ast-main-header-display":"","ast-hfb-above-header-display":"","ast-hfb-below-header-display":"","ast-hfb-mobile-header-display":"","site-post-title":"","ast-breadcrumbs-content":"","ast-featured-img":"","footer-sml-layout":"","theme-transparent-header-meta":"","adv-header-id-meta":"","stick-header-meta":"","header-above-stick-meta":"","header-main-stick-meta":"","header-below-stick-meta":""},"categories":[20],"tags":[],"acf":[],"aioseo_notices":[],"yoast_head":"<!-- This site is optimized with the Yoast SEO plugin v14.5 - https:\/\/yoast.com\/wordpress\/plugins\/seo\/ -->\n<title>M\u00e9xico: Se deben investigar exhaustivamente las omisiones en que incurrieron autoridades en la desaparici\u00f3n y feminicidio de la ni\u00f1a Camila, y garantizar la no repetici\u00f3n de los hechos - amnistia.org.mx<\/title>\n<meta name=\"description\" content=\"Se deben investigar exhaustivamente las omisiones en que incurrieron autoridades en la desaparici\u00f3n y feminicidio de la ni\u00f1a Camila: Amnist\u00eda Internacinal\" \/>\n<meta name=\"robots\" content=\"index, follow\" \/>\n<meta name=\"googlebot\" content=\"index, follow, max-snippet:-1, max-image-preview:large, max-video-preview:-1\" \/>\n<meta name=\"bingbot\" content=\"index, follow, max-snippet:-1, max-image-preview:large, max-video-preview:-1\" \/>\n<link rel=\"canonical\" href=\"https:\/\/amnistia.org.mx\/contenido\/index.php\/mexico-se-deben-investigar-exhaustivamente-las-omisiones-en-que-incurrieron-autoridades-en-la-desaparicion-y-feminicidio-de-la-nina-camila-y-garantizar-la-no-repeticion-de-los-hechos\/\" \/>\n<meta property=\"og:locale\" content=\"es_MX\" \/>\n<meta property=\"og:type\" content=\"article\" \/>\n<meta property=\"og:title\" content=\"M\u00e9xico: Se deben investigar exhaustivamente las omisiones en que incurrieron autoridades en la desaparici\u00f3n y feminicidio de la ni\u00f1a Camila, y garantizar la no repetici\u00f3n de los hechos - amnistia.org.mx\" \/>\n<meta property=\"og:description\" content=\"Se deben investigar exhaustivamente las omisiones en que incurrieron autoridades en la desaparici\u00f3n y feminicidio de la ni\u00f1a Camila: Amnist\u00eda Internacinal\" \/>\n<meta property=\"og:url\" content=\"https:\/\/amnistia.org.mx\/contenido\/index.php\/mexico-se-deben-investigar-exhaustivamente-las-omisiones-en-que-incurrieron-autoridades-en-la-desaparicion-y-feminicidio-de-la-nina-camila-y-garantizar-la-no-repeticion-de-los-hechos\/\" \/>\n<meta property=\"og:site_name\" content=\"amnistia.org.mx\" \/>\n<meta property=\"article:published_time\" content=\"2024-04-01T23:16:21+00:00\" \/>\n<meta property=\"article:modified_time\" content=\"2024-04-01T23:16:22+00:00\" \/>\n<meta property=\"og:image\" content=\"https:\/\/amnistia.org.mx\/contenido\/wp-content\/uploads\/2024\/04\/Foto-EOF-para-comunicados-ajustada.jpg\" \/>\n\t<meta property=\"og:image:width\" content=\"650\" \/>\n\t<meta property=\"og:image:height\" content=\"487\" \/>\n<meta name=\"twitter:card\" content=\"summary_large_image\" \/>\n<script type=\"application\/ld+json\" class=\"yoast-schema-graph\">{\"@context\":\"https:\/\/schema.org\",\"@graph\":[{\"@type\":\"WebSite\",\"@id\":\"https:\/\/amnistia.org.mx\/contenido\/#website\",\"url\":\"https:\/\/amnistia.org.mx\/contenido\/\",\"name\":\"amnistia.org.mx\",\"description\":\"Nueva p\\u00e1gina de Amnist\\u00eda\",\"potentialAction\":[{\"@type\":\"SearchAction\",\"target\":\"https:\/\/amnistia.org.mx\/contenido\/?s={search_term_string}\",\"query-input\":\"required name=search_term_string\"}],\"inLanguage\":\"es-MX\"},{\"@type\":\"ImageObject\",\"@id\":\"https:\/\/amnistia.org.mx\/contenido\/index.php\/mexico-se-deben-investigar-exhaustivamente-las-omisiones-en-que-incurrieron-autoridades-en-la-desaparicion-y-feminicidio-de-la-nina-camila-y-garantizar-la-no-repeticion-de-los-hechos\/#primaryimage\",\"inLanguage\":\"es-MX\",\"url\":\"https:\/\/amnistia.org.mx\/contenido\/wp-content\/uploads\/2024\/04\/Foto-EOF-para-comunicados-ajustada.jpg\",\"width\":650,\"height\":487},{\"@type\":\"WebPage\",\"@id\":\"https:\/\/amnistia.org.mx\/contenido\/index.php\/mexico-se-deben-investigar-exhaustivamente-las-omisiones-en-que-incurrieron-autoridades-en-la-desaparicion-y-feminicidio-de-la-nina-camila-y-garantizar-la-no-repeticion-de-los-hechos\/#webpage\",\"url\":\"https:\/\/amnistia.org.mx\/contenido\/index.php\/mexico-se-deben-investigar-exhaustivamente-las-omisiones-en-que-incurrieron-autoridades-en-la-desaparicion-y-feminicidio-de-la-nina-camila-y-garantizar-la-no-repeticion-de-los-hechos\/\",\"name\":\"M\\u00e9xico: Se deben investigar exhaustivamente las omisiones en que incurrieron autoridades en la desaparici\\u00f3n y feminicidio de la ni\\u00f1a Camila, y garantizar la no repetici\\u00f3n de los hechos - amnistia.org.mx\",\"isPartOf\":{\"@id\":\"https:\/\/amnistia.org.mx\/contenido\/#website\"},\"primaryImageOfPage\":{\"@id\":\"https:\/\/amnistia.org.mx\/contenido\/index.php\/mexico-se-deben-investigar-exhaustivamente-las-omisiones-en-que-incurrieron-autoridades-en-la-desaparicion-y-feminicidio-de-la-nina-camila-y-garantizar-la-no-repeticion-de-los-hechos\/#primaryimage\"},\"datePublished\":\"2024-04-01T23:16:21+00:00\",\"dateModified\":\"2024-04-01T23:16:22+00:00\",\"author\":{\"@id\":\"https:\/\/amnistia.org.mx\/contenido\/#\/schema\/person\/7db421c495688267ce8ede4625c17fa5\"},\"description\":\"Se deben investigar exhaustivamente las omisiones en que incurrieron autoridades en la desaparici\\u00f3n y feminicidio de la ni\\u00f1a Camila: Amnist\\u00eda Internacinal\",\"breadcrumb\":{\"@id\":\"https:\/\/amnistia.org.mx\/contenido\/index.php\/mexico-se-deben-investigar-exhaustivamente-las-omisiones-en-que-incurrieron-autoridades-en-la-desaparicion-y-feminicidio-de-la-nina-camila-y-garantizar-la-no-repeticion-de-los-hechos\/#breadcrumb\"},\"inLanguage\":\"es-MX\",\"potentialAction\":[{\"@type\":\"ReadAction\",\"target\":[\"https:\/\/amnistia.org.mx\/contenido\/index.php\/mexico-se-deben-investigar-exhaustivamente-las-omisiones-en-que-incurrieron-autoridades-en-la-desaparicion-y-feminicidio-de-la-nina-camila-y-garantizar-la-no-repeticion-de-los-hechos\/\"]}]},{\"@type\":\"BreadcrumbList\",\"@id\":\"https:\/\/amnistia.org.mx\/contenido\/index.php\/mexico-se-deben-investigar-exhaustivamente-las-omisiones-en-que-incurrieron-autoridades-en-la-desaparicion-y-feminicidio-de-la-nina-camila-y-garantizar-la-no-repeticion-de-los-hechos\/#breadcrumb\",\"itemListElement\":[{\"@type\":\"ListItem\",\"position\":1,\"item\":{\"@type\":\"WebPage\",\"@id\":\"https:\/\/amnistia.org.mx\/contenido\/\",\"url\":\"https:\/\/amnistia.org.mx\/contenido\/\",\"name\":\"Home\"}},{\"@type\":\"ListItem\",\"position\":2,\"item\":{\"@type\":\"WebPage\",\"@id\":\"https:\/\/amnistia.org.mx\/contenido\/index.php\/mexico-se-deben-investigar-exhaustivamente-las-omisiones-en-que-incurrieron-autoridades-en-la-desaparicion-y-feminicidio-de-la-nina-camila-y-garantizar-la-no-repeticion-de-los-hechos\/\",\"url\":\"https:\/\/amnistia.org.mx\/contenido\/index.php\/mexico-se-deben-investigar-exhaustivamente-las-omisiones-en-que-incurrieron-autoridades-en-la-desaparicion-y-feminicidio-de-la-nina-camila-y-garantizar-la-no-repeticion-de-los-hechos\/\",\"name\":\"M\\u00e9xico: Se deben investigar exhaustivamente las omisiones en que incurrieron autoridades en la desaparici\\u00f3n y feminicidio de la ni\\u00f1a Camila, y garantizar la no repetici\\u00f3n de los hechos\"}}]},{\"@type\":[\"Person\"],\"@id\":\"https:\/\/amnistia.org.mx\/contenido\/#\/schema\/person\/7db421c495688267ce8ede4625c17fa5\",\"name\":\"Alejandro Ju\\u00e1rez Gamero\",\"image\":{\"@type\":\"ImageObject\",\"@id\":\"https:\/\/amnistia.org.mx\/contenido\/#personlogo\",\"inLanguage\":\"es-MX\",\"url\":\"https:\/\/secure.gravatar.com\/avatar\/e312d5566d1c3ffb56f86415d6f0e606?s=96&d=mm&r=g\",\"caption\":\"Alejandro Ju\\u00e1rez Gamero\"}}]}<\/script>\n<!-- \/ Yoast SEO plugin. -->","_links":{"self":[{"href":"https:\/\/amnistia.org.mx\/contenido\/index.php\/wp-json\/wp\/v2\/posts\/30795"}],"collection":[{"href":"https:\/\/amnistia.org.mx\/contenido\/index.php\/wp-json\/wp\/v2\/posts"}],"about":[{"href":"https:\/\/amnistia.org.mx\/contenido\/index.php\/wp-json\/wp\/v2\/types\/post"}],"author":[{"embeddable":true,"href":"https:\/\/amnistia.org.mx\/contenido\/index.php\/wp-json\/wp\/v2\/users\/4"}],"replies":[{"embeddable":true,"href":"https:\/\/amnistia.org.mx\/contenido\/index.php\/wp-json\/wp\/v2\/comments?post=30795"}],"version-history":[{"count":6,"href":"https:\/\/amnistia.org.mx\/contenido\/index.php\/wp-json\/wp\/v2\/posts\/30795\/revisions"}],"predecessor-version":[{"id":30802,"href":"https:\/\/amnistia.org.mx\/contenido\/index.php\/wp-json\/wp\/v2\/posts\/30795\/revisions\/30802"}],"wp:featuredmedia":[{"embeddable":true,"href":"https:\/\/amnistia.org.mx\/contenido\/index.php\/wp-json\/wp\/v2\/media\/30796"}],"wp:attachment":[{"href":"https:\/\/amnistia.org.mx\/contenido\/index.php\/wp-json\/wp\/v2\/media?parent=30795"}],"wp:term":[{"taxonomy":"category","embeddable":true,"href":"https:\/\/amnistia.org.mx\/contenido\/index.php\/wp-json\/wp\/v2\/categories?post=30795"},{"taxonomy":"post_tag","embeddable":true,"href":"https:\/\/amnistia.org.mx\/contenido\/index.php\/wp-json\/wp\/v2\/tags?post=30795"}],"curies":[{"name":"wp","href":"https:\/\/api.w.org\/{rel}","templated":true}]}}