
{"id":30827,"date":"2024-04-05T16:05:02","date_gmt":"2024-04-05T22:05:02","guid":{"rendered":"https:\/\/amnistia.org.mx\/contenido\/?p=30827"},"modified":"2024-04-05T16:05:04","modified_gmt":"2024-04-05T22:05:04","slug":"americas-ana-piquer-asume-el-cargo-permanente-de-directora-regional-de-amnistia-internacional","status":"publish","type":"post","link":"https:\/\/amnistia.org.mx\/contenido\/index.php\/americas-ana-piquer-asume-el-cargo-permanente-de-directora-regional-de-amnistia-internacional\/","title":{"rendered":"<strong>Am\u00e9ricas: Ana Piquer asume el cargo permanente de directora regional de Amnist\u00eda Internacional<\/strong>"},"content":{"rendered":"\n<p>Tras un fruct\u00edfero periodo provisional de seis meses al tim\u00f3n del trabajo de Amnist\u00eda Internacional en la regi\u00f3n, la organizaci\u00f3n ha nombrado a Ana Piquer directora para las Am\u00e9ricas de forma permanente, con efecto inmediato.<\/p>\n\n\n\n<p>\u201cNos encanta que Ana siga dirigiendo nuestro trabajo en las Am\u00e9ricas en un momento de graves policrisis mundiales que tienen grandes implicaciones para los derechos humanos. Ella posee un enorme conocimiento institucional, una comprensi\u00f3n profunda de la regi\u00f3n y una fundamental experiencia de primera mano en surcar una de las atm\u00f3sferas m\u00e1s duras del mundo para la defensa de los derechos humanos. Su audaz visi\u00f3n y su optimismo ser\u00e1n de un valor incalculable en nuestra lucha por defender los derechos humanos de todas las personas de las Am\u00e9ricas\u201d, ha manifestado Deprose Muchena, director general de Impacto Regional en Derechos Humanos de Amnist\u00eda Internacional.<\/p>\n\n\n\n<p>Tras estudiar derecho en la Universidad de Chile y haber completado un m\u00e1ster en la Universidad de Nueva York, Ana Piquer comenz\u00f3 su carrera como abogada laboralista. Habiendo defendido los derechos humanos durante toda su vida, se uni\u00f3 por primera vez a Amnist\u00eda Internacional como activista en Chile en 1990, y posteriormente se convirti\u00f3 en presidenta de la junta directiva de la Secci\u00f3n chilena. Pas\u00f3 a ser directora ejecutiva de Amnist\u00eda Internacional Chile en 2011 y supervis\u00f3 un importante trabajo de derechos humanos en el pa\u00eds, que inclu\u00eda dirigir la respuesta de la organizaci\u00f3n al levantamiento social de 2019 y la campa\u00f1a en favor de la justicia por la violenta represi\u00f3n de las protestas.<\/p>\n\n\n\n<p>En enero de 2022 se traslad\u00f3 a la Oficina Regional de Amnist\u00eda Internacional para las Am\u00e9ricas en Ciudad de M\u00e9xico para ocupar el puesto de directora adjunta de investigaci\u00f3n en las Am\u00e9ricas. Desde que ocup\u00f3 provisionalmente la direcci\u00f3n de las Am\u00e9ricas en septiembre de 2023, ha dirigido el trabajo de la organizaci\u00f3n sobre cuestiones acuciantes en toda la regi\u00f3n, entre ellas la presentaci\u00f3n de informes sobre los ataques contra personas defensoras de los derechos humanos en Colombia y el reciente deterioro de los derechos humanos en El Salvador.<\/p>\n\n\n\n<p>\u201cMe siento realmente honrada por este nombramiento, y har\u00e9 cuanto pueda para que los derechos humanos prosperen en todos los rincones de las Am\u00e9ricas\u201d, ha declarado. \u201cNo me enga\u00f1o sobre la magnitud del desaf\u00edo al que nos enfrentamos en un continente que sigue siendo el m\u00e1s mortal del mundo para quienes defienden los derechos humanos. En los \u00faltimos a\u00f1os, los grupos contrarios a los derechos han tratado de socavar logros conseguidos tras una dura lucha, pero me sirven de gran inspiraci\u00f3n los valientes y pujantes movimientos que abren el camino para la justicia clim\u00e1tica y la promoci\u00f3n de los derechos de las mujeres, la juventud, las personas refugiadas y las personas negras, ind\u00edgenas y LGBTIQ+ en toda la regi\u00f3n. Tenemos la determinaci\u00f3n de consolidar nuestra agenda feminista y antirracista, y nuestros lazos con organizaciones hermanas, para que juntos podamos hacer de las Am\u00e9ricas un lugar m\u00e1s justo y m\u00e1s seguro para todo el mundo\u201d.<\/p>\n\n\n\n<p>Si desean m\u00e1s informaci\u00f3n o concertar una entrevista, p\u00f3nganse en contacto con Carlos Mendoza: +52 1 55 4145 7003, <a href=\"mailto:carlos.mendoza@amnesty.org\" target=\"_blank\" rel=\"noreferrer noopener\">carlos.mendoza@amnesty.org<\/a><\/p>\n","protected":false},"excerpt":{"rendered":"<p>Tras un fruct\u00edfero periodo provisional de seis meses al tim\u00f3n del trabajo de Amnist\u00eda Internacional en la regi\u00f3n, la organizaci\u00f3n ha nombrado a Ana Piquer directora para las Am\u00e9ricas de &hellip;<\/p>\n<p class=\"read-more\"> <a class=\"\" href=\"https:\/\/amnistia.org.mx\/contenido\/index.php\/americas-ana-piquer-asume-el-cargo-permanente-de-directora-regional-de-amnistia-internacional\/\"> <span class=\"screen-reader-text\"><strong>Am\u00e9ricas: Ana Piquer asume el cargo permanente de directora regional de Amnist\u00eda Internacional<\/strong><\/span> Leer m\u00e1s &raquo;<\/a><\/p>\n","protected":false},"author":4,"featured_media":30828,"comment_status":"open","ping_status":"open","sticky":false,"template":"","format":"standard","meta":{"_uf_show_specific_survey":0,"_uf_disable_surveys":false,"site-sidebar-layout":"default","site-content-layout":"default","ast-global-header-display":"","ast-main-header-display":"","ast-hfb-above-header-display":"","ast-hfb-below-header-display":"","ast-hfb-mobile-header-display":"","site-post-title":"","ast-breadcrumbs-content":"","ast-featured-img":"","footer-sml-layout":"","theme-transparent-header-meta":"","adv-header-id-meta":"","stick-header-meta":"","header-above-stick-meta":"","header-main-stick-meta":"","header-below-stick-meta":""},"categories":[9],"tags":[],"acf":[],"aioseo_notices":[],"yoast_head":"<!-- This site is optimized with the Yoast SEO plugin v14.5 - https:\/\/yoast.com\/wordpress\/plugins\/seo\/ -->\n<title>Am\u00e9ricas: Ana Piquer asume el cargo permanente de directora regional de Amnist\u00eda Internacional - amnistia.org.mx<\/title>\n<meta name=\"description\" content=\"Ana Piquer asume el cargo permanente de directora regional de Amnist\u00eda Internacional.\" \/>\n<meta name=\"robots\" content=\"index, follow\" \/>\n<meta name=\"googlebot\" content=\"index, follow, max-snippet:-1, max-image-preview:large, max-video-preview:-1\" \/>\n<meta name=\"bingbot\" content=\"index, follow, max-snippet:-1, max-image-preview:large, max-video-preview:-1\" \/>\n<link rel=\"canonical\" href=\"https:\/\/amnistia.org.mx\/contenido\/index.php\/americas-ana-piquer-asume-el-cargo-permanente-de-directora-regional-de-amnistia-internacional\/\" \/>\n<meta property=\"og:locale\" content=\"es_MX\" \/>\n<meta property=\"og:type\" content=\"article\" \/>\n<meta property=\"og:title\" content=\"Am\u00e9ricas: Ana Piquer asume el cargo permanente de directora regional de Amnist\u00eda Internacional - amnistia.org.mx\" \/>\n<meta property=\"og:description\" content=\"Ana Piquer asume el cargo permanente de directora regional de Amnist\u00eda Internacional.\" \/>\n<meta property=\"og:url\" content=\"https:\/\/amnistia.org.mx\/contenido\/index.php\/americas-ana-piquer-asume-el-cargo-permanente-de-directora-regional-de-amnistia-internacional\/\" \/>\n<meta property=\"og:site_name\" content=\"amnistia.org.mx\" \/>\n<meta property=\"article:published_time\" content=\"2024-04-05T22:05:02+00:00\" \/>\n<meta property=\"article:modified_time\" content=\"2024-04-05T22:05:04+00:00\" \/>\n<meta property=\"og:image\" content=\"https:\/\/amnistia.org.mx\/contenido\/wp-content\/uploads\/2024\/04\/Ana-Piquer-foto-ajustada.jpg\" \/>\n\t<meta property=\"og:image:width\" content=\"800\" \/>\n\t<meta property=\"og:image:height\" content=\"450\" \/>\n<meta name=\"twitter:card\" content=\"summary_large_image\" \/>\n<script type=\"application\/ld+json\" class=\"yoast-schema-graph\">{\"@context\":\"https:\/\/schema.org\",\"@graph\":[{\"@type\":\"WebSite\",\"@id\":\"https:\/\/amnistia.org.mx\/contenido\/#website\",\"url\":\"https:\/\/amnistia.org.mx\/contenido\/\",\"name\":\"amnistia.org.mx\",\"description\":\"Nueva p\\u00e1gina de Amnist\\u00eda\",\"potentialAction\":[{\"@type\":\"SearchAction\",\"target\":\"https:\/\/amnistia.org.mx\/contenido\/?s={search_term_string}\",\"query-input\":\"required name=search_term_string\"}],\"inLanguage\":\"es-MX\"},{\"@type\":\"ImageObject\",\"@id\":\"https:\/\/amnistia.org.mx\/contenido\/index.php\/americas-ana-piquer-asume-el-cargo-permanente-de-directora-regional-de-amnistia-internacional\/#primaryimage\",\"inLanguage\":\"es-MX\",\"url\":\"https:\/\/amnistia.org.mx\/contenido\/wp-content\/uploads\/2024\/04\/Ana-Piquer-foto-ajustada.jpg\",\"width\":800,\"height\":450},{\"@type\":\"WebPage\",\"@id\":\"https:\/\/amnistia.org.mx\/contenido\/index.php\/americas-ana-piquer-asume-el-cargo-permanente-de-directora-regional-de-amnistia-internacional\/#webpage\",\"url\":\"https:\/\/amnistia.org.mx\/contenido\/index.php\/americas-ana-piquer-asume-el-cargo-permanente-de-directora-regional-de-amnistia-internacional\/\",\"name\":\"Am\\u00e9ricas: Ana Piquer asume el cargo permanente de directora regional de Amnist\\u00eda Internacional - amnistia.org.mx\",\"isPartOf\":{\"@id\":\"https:\/\/amnistia.org.mx\/contenido\/#website\"},\"primaryImageOfPage\":{\"@id\":\"https:\/\/amnistia.org.mx\/contenido\/index.php\/americas-ana-piquer-asume-el-cargo-permanente-de-directora-regional-de-amnistia-internacional\/#primaryimage\"},\"datePublished\":\"2024-04-05T22:05:02+00:00\",\"dateModified\":\"2024-04-05T22:05:04+00:00\",\"author\":{\"@id\":\"https:\/\/amnistia.org.mx\/contenido\/#\/schema\/person\/7db421c495688267ce8ede4625c17fa5\"},\"description\":\"Ana Piquer asume el cargo permanente de directora regional de Amnist\\u00eda Internacional.\",\"breadcrumb\":{\"@id\":\"https:\/\/amnistia.org.mx\/contenido\/index.php\/americas-ana-piquer-asume-el-cargo-permanente-de-directora-regional-de-amnistia-internacional\/#breadcrumb\"},\"inLanguage\":\"es-MX\",\"potentialAction\":[{\"@type\":\"ReadAction\",\"target\":[\"https:\/\/amnistia.org.mx\/contenido\/index.php\/americas-ana-piquer-asume-el-cargo-permanente-de-directora-regional-de-amnistia-internacional\/\"]}]},{\"@type\":\"BreadcrumbList\",\"@id\":\"https:\/\/amnistia.org.mx\/contenido\/index.php\/americas-ana-piquer-asume-el-cargo-permanente-de-directora-regional-de-amnistia-internacional\/#breadcrumb\",\"itemListElement\":[{\"@type\":\"ListItem\",\"position\":1,\"item\":{\"@type\":\"WebPage\",\"@id\":\"https:\/\/amnistia.org.mx\/contenido\/\",\"url\":\"https:\/\/amnistia.org.mx\/contenido\/\",\"name\":\"Home\"}},{\"@type\":\"ListItem\",\"position\":2,\"item\":{\"@type\":\"WebPage\",\"@id\":\"https:\/\/amnistia.org.mx\/contenido\/index.php\/americas-ana-piquer-asume-el-cargo-permanente-de-directora-regional-de-amnistia-internacional\/\",\"url\":\"https:\/\/amnistia.org.mx\/contenido\/index.php\/americas-ana-piquer-asume-el-cargo-permanente-de-directora-regional-de-amnistia-internacional\/\",\"name\":\"Am\\u00e9ricas: Ana Piquer asume el cargo permanente de directora regional de Amnist\\u00eda Internacional\"}}]},{\"@type\":[\"Person\"],\"@id\":\"https:\/\/amnistia.org.mx\/contenido\/#\/schema\/person\/7db421c495688267ce8ede4625c17fa5\",\"name\":\"Alejandro Ju\\u00e1rez Gamero\",\"image\":{\"@type\":\"ImageObject\",\"@id\":\"https:\/\/amnistia.org.mx\/contenido\/#personlogo\",\"inLanguage\":\"es-MX\",\"url\":\"https:\/\/secure.gravatar.com\/avatar\/e312d5566d1c3ffb56f86415d6f0e606?s=96&d=mm&r=g\",\"caption\":\"Alejandro Ju\\u00e1rez Gamero\"}}]}<\/script>\n<!-- \/ Yoast SEO plugin. -->","_links":{"self":[{"href":"https:\/\/amnistia.org.mx\/contenido\/index.php\/wp-json\/wp\/v2\/posts\/30827"}],"collection":[{"href":"https:\/\/amnistia.org.mx\/contenido\/index.php\/wp-json\/wp\/v2\/posts"}],"about":[{"href":"https:\/\/amnistia.org.mx\/contenido\/index.php\/wp-json\/wp\/v2\/types\/post"}],"author":[{"embeddable":true,"href":"https:\/\/amnistia.org.mx\/contenido\/index.php\/wp-json\/wp\/v2\/users\/4"}],"replies":[{"embeddable":true,"href":"https:\/\/amnistia.org.mx\/contenido\/index.php\/wp-json\/wp\/v2\/comments?post=30827"}],"version-history":[{"count":3,"href":"https:\/\/amnistia.org.mx\/contenido\/index.php\/wp-json\/wp\/v2\/posts\/30827\/revisions"}],"predecessor-version":[{"id":30831,"href":"https:\/\/amnistia.org.mx\/contenido\/index.php\/wp-json\/wp\/v2\/posts\/30827\/revisions\/30831"}],"wp:featuredmedia":[{"embeddable":true,"href":"https:\/\/amnistia.org.mx\/contenido\/index.php\/wp-json\/wp\/v2\/media\/30828"}],"wp:attachment":[{"href":"https:\/\/amnistia.org.mx\/contenido\/index.php\/wp-json\/wp\/v2\/media?parent=30827"}],"wp:term":[{"taxonomy":"category","embeddable":true,"href":"https:\/\/amnistia.org.mx\/contenido\/index.php\/wp-json\/wp\/v2\/categories?post=30827"},{"taxonomy":"post_tag","embeddable":true,"href":"https:\/\/amnistia.org.mx\/contenido\/index.php\/wp-json\/wp\/v2\/tags?post=30827"}],"curies":[{"name":"wp","href":"https:\/\/api.w.org\/{rel}","templated":true}]}}