
{"id":30911,"date":"2024-04-15T20:07:19","date_gmt":"2024-04-16T01:07:19","guid":{"rendered":"https:\/\/amnistia.org.mx\/contenido\/?p=30911"},"modified":"2024-04-15T20:08:33","modified_gmt":"2024-04-16T01:08:33","slug":"americas-estados-deben-comprometerse-a-acabar-con-la-violencia-contra-ambientalistas","status":"publish","type":"post","link":"https:\/\/amnistia.org.mx\/contenido\/index.php\/americas-estados-deben-comprometerse-a-acabar-con-la-violencia-contra-ambientalistas\/","title":{"rendered":"<strong>Am\u00e9ricas: Estados deben comprometerse a acabar con la violencia contra ambientalistas<\/strong>"},"content":{"rendered":"\n<p>A pocos d\u00edas del inicio de la Tercera reuni\u00f3n de la Conferencia de las Partes del Acuerdo Regional sobre el Acceso a la Informaci\u00f3n, la Participaci\u00f3n P\u00fablica y el Acceso a la Justicia en Asuntos Ambientales en Am\u00e9rica Latina y el Caribe (COP3), m\u00e1s conocido como Acuerdo de Escaz\u00fa, que tendr\u00e1 lugar en Santiago de Chile del 22 a 24 de abril, Amnist\u00eda Internacional observa con preocupaci\u00f3n la enorme desprotecci\u00f3n que contin\u00faan sufriendo las personas, grupos y organizaciones defensoras de los derechos humanos en asuntos ambientales en la regi\u00f3n. Por ello, la organizaci\u00f3n llama a los Estados de Am\u00e9rica Latina y el Caribe que a\u00fan no se han adherido a este tratado a que lo hagan cuanto antes. Asimismo, que los Estados que s\u00ed son parte, aprovechen este pr\u00f3ximo encuentro para reforzar su compromiso de abordar la grave situaci\u00f3n que enfrentan estas personas.<\/p>\n\n\n\n<p>\u201cLos ataques contra personas defensoras del medio ambiente en las Am\u00e9ricas son constantes y, a menudo, letales. El hecho de que algunos de los pa\u00edses m\u00e1s peligrosos para la defensa del medio ambiente a\u00fan no sean parte del Acuerdo de Escaz\u00fa evidencia la falta de voluntad de sus gobiernos para hacer frente a estas amenazas. Es urgente que los Estados de Am\u00e9rica Latina y el Caribe se comprometan con este tratado regional\u201d, exhort\u00f3 Ana Piquer, directora para las Am\u00e9ricas de Amnist\u00eda Internacional.<\/p>\n\n\n\n<p>El Acuerdo de Escaz\u00fa es el primer tratado vinculante en Am\u00e9rica Latina y el Caribe que incluye disposiciones espec\u00edficas sobre la protecci\u00f3n a las defensoras y los defensores de derechos humanos en asuntos ambientales. Aunque el tratado, que cuenta con el apoyo de la Comisi\u00f3n Econ\u00f3mica para Am\u00e9rica Latina y el Caribe (CEPAL), entr\u00f3 en vigor hace tres a\u00f1os, menos de la mitad de los pa\u00edses de la regi\u00f3n son parte de este. Entre aquellos que a\u00fan no son parte se encuentran algunos de los m\u00e1s letales del mundo para la defensa del medio ambiente: Brasil, Colombia, Guatemala, Honduras y Per\u00fa. <a href=\"https:\/\/observatoriop10.cepal.org\/es\/tratado\/acuerdo-regional-acceso-la-informacion-la-participacion-publica-acceso-la-justicia-asuntos\">Los \u00faltimos pa\u00edses que se sumaron lo hicieron en junio de 2023<\/a>.<\/p>\n\n\n\n<p>Colombia, por ejemplo, ocupa el <a href=\"https:\/\/www.globalwitness.org\/es\/standing-firm-es\/\">primer puesto del mundo en n\u00famero de personas defensoras de la tierra y el medio ambiente asesinados<\/a>. Integrantes de organizaciones como la Federaci\u00f3n de Pescadores Artesanales de Santander (FEDEPESAN) han sufrido varios atentados y amenazas de muerte, <a href=\"https:\/\/www.amnesty.org\/es\/documents\/amr23\/7694\/2024\/es\/\">la m\u00e1s reciente este a\u00f1o<\/a>. Si bien el gobierno colombiano ha reconocido que la defensa de los derechos humanos es una actividad de alto riesgo y ha adoptado medidas para mitigarlo, incluidos algunos pasos para ser parte del Acuerdo de Escaz\u00fa, estas no han tenido el efecto esperado.<\/p>\n\n\n\n<p>El segundo pa\u00eds del mundo m\u00e1s letal para las personas defensoras del medio ambiente es Brasil. En 2022, <a href=\"https:\/\/www.amnesty.org\/es\/latest\/news\/2022\/06\/brazil-amnesty-laments-brutal-deaths-bruno-dom-demands-justice\/\">Bruno Pereira y Dom Philips fueron desaparecidos y brutalmente asesinados en el Amazonas<\/a>; m\u00e1s recientemente, en 2023, la lideresa quilombola <a href=\"https:\/\/twitter.com\/CIDH\/status\/1692940923896775105\">Yalorix\u00e1 Maria Bernadete Pac\u00edfico fue asesinada<\/a> en su comunidad. El gobierno brasile\u00f1o tiene pendiente desde 2007 la elaboraci\u00f3n de un Plan Nacional de Protecci\u00f3n de los Defensores de los Derechos Humanos.<\/p>\n\n\n\n<p>Por su parte, Honduras presenta la cifra m\u00e1s alta del mundo de personas defensoras de los derechos ambientales y de la tierra asesinadas per c\u00e1pita. En 2023, por ejemplo, <a href=\"https:\/\/www.amnesty.org\/es\/latest\/news\/2024\/01\/activists-harassment-killings-protect-rivers-honduras\/%7d\">tres personas de la comunidad de Guapinol fueron asesinadas<\/a>. Diversas organizaciones de derechos humanos han manifestado que <a href=\"https:\/\/www.youtube.com\/watch?v=HLzqWEwUFRg\">el Mecanismo Nacional de Protecci\u00f3n para personas defensoras no est\u00e1 siendo eficaz<\/a>.<\/p>\n\n\n\n<p>Por otro lado, los Estados parte del Acuerdo de Escaz\u00fa a\u00fan enfrentan retos en cuanto a la protecci\u00f3n a personas defensoras del medio ambiente. Cinco l\u00edderes de la comunidad residencial Colonia Maya; en el estado de Chiapas, en M\u00e9xico, (Elizabeth del Carmen Su\u00e1rez D\u00edaz, Eustacio Hern\u00e1ndez V\u00e1zquez, Lucero Aguilar P\u00e9rez, Mart\u00edn L\u00f3pez L\u00f3pez y Miguel \u00c1ngel L\u00f3pez Mart\u00ednez) est\u00e1n siendo procesados por protestar pac\u00edficamente contra un desarrollo residencial en una zona monta\u00f1osa cercana en 2017.<\/p>\n\n\n\n<p><a href=\"https:\/\/www.amnesty.org\/es\/documents\/amr41\/7076\/2023\/es\/\">Amnist\u00eda Internacional ha documentado<\/a> varios casos en los que se ha utilizado la v\u00eda penal en contra de personas defensoras del medio ambiente con el objetivo de inhibir el derecho a la protesta y sin cumplir con los principios de legalidad, necesidad y proporcionalidad.<\/p>\n\n\n\n<p>En Chile, el gobierno de Gabriel Boric lleg\u00f3 con una marcada agenda de derechos humanos, incluyendo la protecci\u00f3n del medio ambiente y de quienes lo defienden. Si bien hubiera sido deseable que el pa\u00eds estableciera un marco legal, es valorable el reciente anuncio de un protocolo de protecci\u00f3n para los defensores y defensoras de derechos humanos. Esperamos que este instrumento sea efectivo y se alinee con los principios y est\u00e1ndares del Acuerdo de Escaz\u00fa.<\/p>\n\n\n\n<p>Durante la COP3, los Estados parte del Acuerdo de Escaz\u00fa tienen previsto aprobar un <a href=\"https:\/\/acuerdodeescazu.cepal.org\/cop3\/es\/documentos\/proyecto-decision-plan-accion-defensoras-defensores-derechos-humanos-asuntos-ambientales\">plan de acci\u00f3n sobre defensoras y defensores de derechos humanos en asuntos ambientales en Am\u00e9rica Latina y el Caribe<\/a>.<\/p>\n\n\n\n<p>\u201cEl plan de acci\u00f3n puede ser un paso importante para abordar los riesgos que enfrentan estas personas, grupos y organizaciones defensoras del medio ambiente en la regi\u00f3n. Es clave que los Estados parte y la Comisi\u00f3n Econ\u00f3mica para Am\u00e9rica Latina y el Caribe tomen todos los pasos necesarios para reducir el grave riesgo que enfrentan. Esto incluye poner un especial \u00e9nfasis en el car\u00e1cter colectivo de la defensa, y que su protecci\u00f3n requiere atender esta dimensi\u00f3n colectiva, adem\u00e1s de la individual. Deben tomarse tambi\u00e9n en cuenta las diferentes intersecciones que les atraviesan, como el g\u00e9nero o la etnia, as\u00ed como las causas ra\u00edz de la violencia que les afecta, incluyendo los grandes intereses econ\u00f3micos a los que se enfrentan. Finalmente, es imprescindible adoptar acciones para eliminar la impunidad desmedida, que es una lamentable constante cuando se trata de ataques a personas defensoras,\u201d dijo Ana Piquer.<\/p>\n\n\n\n<p>Si desean m\u00e1s informaci\u00f3n o concertar una entrevista, p\u00f3nganse en contacto con Carlos Mendoza: <a href=\"mailto:carlos.mendoza@amnesty.org\">carlos.mendoza@amnesty.org<\/a><\/p>\n\n\n\n<p><strong>M\u00e1s informaci\u00f3n<\/strong><\/p>\n\n\n\n<p><a href=\"file:\/\/\/C:\\Users\\graciela.martinez\\AppData\\Local\\Microsoft\\Windows\\INetCache\\Content.Outlook\\MN5IZ4TU\\Sin%20su%20lucha%20no%20hay%20futuro:%20Personas%20defensoras%20de%20los%20derechos%20humanos%20en%20las%20Am\u00e9ricas%20ante%20la%20crisis%20clim\u00e1tica\">Sin su lucha no hay futuro: Personas defensoras de los derechos humanos en las Am\u00e9ricas ante la crisis clim\u00e1tica<\/a>, noviembre de 2023.<\/p>\n\n\n\n<p><a href=\"https:\/\/www.amnesty.org\/es\/documents\/amr23\/7248\/2023\/es\/\">Colombia: Esperanza bajo riesgo: La falta de un espacio seguro para defender derechos humanos en Colombia contin\u00faa<\/a>, noviembre de 2023.<\/p>\n\n\n\n<p><a href=\"https:\/\/www.amnesty.org\/es\/documents\/amr41\/7076\/2023\/es\/\">Mexico: Tierra y \u00bfLibertad? Criminalizaci\u00f3n de Personas Defensoras de Tierra, Territorio y Medio Ambiente<\/a>, septiembre de 2023.<\/p>\n","protected":false},"excerpt":{"rendered":"<p>A pocos d\u00edas del inicio de la Tercera reuni\u00f3n de la Conferencia de las Partes del Acuerdo Regional sobre el Acceso a la Informaci\u00f3n, la Participaci\u00f3n P\u00fablica y el Acceso &hellip;<\/p>\n<p class=\"read-more\"> <a class=\"\" href=\"https:\/\/amnistia.org.mx\/contenido\/index.php\/americas-estados-deben-comprometerse-a-acabar-con-la-violencia-contra-ambientalistas\/\"> <span class=\"screen-reader-text\"><strong>Am\u00e9ricas: Estados deben comprometerse a acabar con la violencia contra ambientalistas<\/strong><\/span> Leer m\u00e1s &raquo;<\/a><\/p>\n","protected":false},"author":4,"featured_media":30916,"comment_status":"open","ping_status":"open","sticky":false,"template":"","format":"standard","meta":{"_uf_show_specific_survey":0,"_uf_disable_surveys":false,"site-sidebar-layout":"default","site-content-layout":"default","ast-global-header-display":"","ast-main-header-display":"","ast-hfb-above-header-display":"","ast-hfb-below-header-display":"","ast-hfb-mobile-header-display":"","site-post-title":"","ast-breadcrumbs-content":"","ast-featured-img":"","footer-sml-layout":"","theme-transparent-header-meta":"","adv-header-id-meta":"","stick-header-meta":"","header-above-stick-meta":"","header-main-stick-meta":"","header-below-stick-meta":""},"categories":[9],"tags":[],"acf":[],"aioseo_notices":[],"yoast_head":"<!-- This site is optimized with the Yoast SEO plugin v14.5 - https:\/\/yoast.com\/wordpress\/plugins\/seo\/ -->\n<title>Am\u00e9ricas: Estados deben comprometerse a acabar con la violencia contra ambientalistas - amnistia.org.mx<\/title>\n<meta name=\"description\" content=\"Amnist\u00eda Internacional llama a Estados de Am\u00e9rica Latina y el Caribe a firmar el Acuerdo de Escaz\u00fa para acabar la violencia hacia ambientalistas.\" \/>\n<meta name=\"robots\" content=\"index, follow\" \/>\n<meta name=\"googlebot\" content=\"index, follow, max-snippet:-1, max-image-preview:large, max-video-preview:-1\" \/>\n<meta name=\"bingbot\" content=\"index, follow, max-snippet:-1, max-image-preview:large, max-video-preview:-1\" \/>\n<link rel=\"canonical\" href=\"https:\/\/amnistia.org.mx\/contenido\/index.php\/americas-estados-deben-comprometerse-a-acabar-con-la-violencia-contra-ambientalistas\/\" \/>\n<meta property=\"og:locale\" content=\"es_MX\" \/>\n<meta property=\"og:type\" content=\"article\" \/>\n<meta property=\"og:title\" content=\"Am\u00e9ricas: Estados deben comprometerse a acabar con la violencia contra ambientalistas - amnistia.org.mx\" \/>\n<meta property=\"og:description\" content=\"Amnist\u00eda Internacional llama a Estados de Am\u00e9rica Latina y el Caribe a firmar el Acuerdo de Escaz\u00fa para acabar la violencia hacia ambientalistas.\" \/>\n<meta property=\"og:url\" content=\"https:\/\/amnistia.org.mx\/contenido\/index.php\/americas-estados-deben-comprometerse-a-acabar-con-la-violencia-contra-ambientalistas\/\" \/>\n<meta property=\"og:site_name\" content=\"amnistia.org.mx\" \/>\n<meta property=\"article:published_time\" content=\"2024-04-16T01:07:19+00:00\" \/>\n<meta property=\"article:modified_time\" content=\"2024-04-16T01:08:33+00:00\" \/>\n<meta property=\"og:image\" content=\"https:\/\/amnistia.org.mx\/contenido\/wp-content\/uploads\/2024\/04\/foto-ajustada-2.jpg\" \/>\n\t<meta property=\"og:image:width\" content=\"800\" \/>\n\t<meta property=\"og:image:height\" content=\"385\" \/>\n<meta name=\"twitter:card\" content=\"summary_large_image\" \/>\n<script type=\"application\/ld+json\" class=\"yoast-schema-graph\">{\"@context\":\"https:\/\/schema.org\",\"@graph\":[{\"@type\":\"WebSite\",\"@id\":\"https:\/\/amnistia.org.mx\/contenido\/#website\",\"url\":\"https:\/\/amnistia.org.mx\/contenido\/\",\"name\":\"amnistia.org.mx\",\"description\":\"Nueva p\\u00e1gina de Amnist\\u00eda\",\"potentialAction\":[{\"@type\":\"SearchAction\",\"target\":\"https:\/\/amnistia.org.mx\/contenido\/?s={search_term_string}\",\"query-input\":\"required name=search_term_string\"}],\"inLanguage\":\"es-MX\"},{\"@type\":\"ImageObject\",\"@id\":\"https:\/\/amnistia.org.mx\/contenido\/index.php\/americas-estados-deben-comprometerse-a-acabar-con-la-violencia-contra-ambientalistas\/#primaryimage\",\"inLanguage\":\"es-MX\",\"url\":\"https:\/\/amnistia.org.mx\/contenido\/wp-content\/uploads\/2024\/04\/foto-ajustada-2.jpg\",\"width\":800,\"height\":385},{\"@type\":\"WebPage\",\"@id\":\"https:\/\/amnistia.org.mx\/contenido\/index.php\/americas-estados-deben-comprometerse-a-acabar-con-la-violencia-contra-ambientalistas\/#webpage\",\"url\":\"https:\/\/amnistia.org.mx\/contenido\/index.php\/americas-estados-deben-comprometerse-a-acabar-con-la-violencia-contra-ambientalistas\/\",\"name\":\"Am\\u00e9ricas: Estados deben comprometerse a acabar con la violencia contra ambientalistas - amnistia.org.mx\",\"isPartOf\":{\"@id\":\"https:\/\/amnistia.org.mx\/contenido\/#website\"},\"primaryImageOfPage\":{\"@id\":\"https:\/\/amnistia.org.mx\/contenido\/index.php\/americas-estados-deben-comprometerse-a-acabar-con-la-violencia-contra-ambientalistas\/#primaryimage\"},\"datePublished\":\"2024-04-16T01:07:19+00:00\",\"dateModified\":\"2024-04-16T01:08:33+00:00\",\"author\":{\"@id\":\"https:\/\/amnistia.org.mx\/contenido\/#\/schema\/person\/7db421c495688267ce8ede4625c17fa5\"},\"description\":\"Amnist\\u00eda Internacional llama a Estados de Am\\u00e9rica Latina y el Caribe a firmar el Acuerdo de Escaz\\u00fa para acabar la violencia hacia ambientalistas.\",\"breadcrumb\":{\"@id\":\"https:\/\/amnistia.org.mx\/contenido\/index.php\/americas-estados-deben-comprometerse-a-acabar-con-la-violencia-contra-ambientalistas\/#breadcrumb\"},\"inLanguage\":\"es-MX\",\"potentialAction\":[{\"@type\":\"ReadAction\",\"target\":[\"https:\/\/amnistia.org.mx\/contenido\/index.php\/americas-estados-deben-comprometerse-a-acabar-con-la-violencia-contra-ambientalistas\/\"]}]},{\"@type\":\"BreadcrumbList\",\"@id\":\"https:\/\/amnistia.org.mx\/contenido\/index.php\/americas-estados-deben-comprometerse-a-acabar-con-la-violencia-contra-ambientalistas\/#breadcrumb\",\"itemListElement\":[{\"@type\":\"ListItem\",\"position\":1,\"item\":{\"@type\":\"WebPage\",\"@id\":\"https:\/\/amnistia.org.mx\/contenido\/\",\"url\":\"https:\/\/amnistia.org.mx\/contenido\/\",\"name\":\"Home\"}},{\"@type\":\"ListItem\",\"position\":2,\"item\":{\"@type\":\"WebPage\",\"@id\":\"https:\/\/amnistia.org.mx\/contenido\/index.php\/americas-estados-deben-comprometerse-a-acabar-con-la-violencia-contra-ambientalistas\/\",\"url\":\"https:\/\/amnistia.org.mx\/contenido\/index.php\/americas-estados-deben-comprometerse-a-acabar-con-la-violencia-contra-ambientalistas\/\",\"name\":\"Am\\u00e9ricas: Estados deben comprometerse a acabar con la violencia contra ambientalistas\"}}]},{\"@type\":[\"Person\"],\"@id\":\"https:\/\/amnistia.org.mx\/contenido\/#\/schema\/person\/7db421c495688267ce8ede4625c17fa5\",\"name\":\"Alejandro Ju\\u00e1rez Gamero\",\"image\":{\"@type\":\"ImageObject\",\"@id\":\"https:\/\/amnistia.org.mx\/contenido\/#personlogo\",\"inLanguage\":\"es-MX\",\"url\":\"https:\/\/secure.gravatar.com\/avatar\/e312d5566d1c3ffb56f86415d6f0e606?s=96&d=mm&r=g\",\"caption\":\"Alejandro Ju\\u00e1rez Gamero\"}}]}<\/script>\n<!-- \/ Yoast SEO plugin. -->","_links":{"self":[{"href":"https:\/\/amnistia.org.mx\/contenido\/index.php\/wp-json\/wp\/v2\/posts\/30911"}],"collection":[{"href":"https:\/\/amnistia.org.mx\/contenido\/index.php\/wp-json\/wp\/v2\/posts"}],"about":[{"href":"https:\/\/amnistia.org.mx\/contenido\/index.php\/wp-json\/wp\/v2\/types\/post"}],"author":[{"embeddable":true,"href":"https:\/\/amnistia.org.mx\/contenido\/index.php\/wp-json\/wp\/v2\/users\/4"}],"replies":[{"embeddable":true,"href":"https:\/\/amnistia.org.mx\/contenido\/index.php\/wp-json\/wp\/v2\/comments?post=30911"}],"version-history":[{"count":3,"href":"https:\/\/amnistia.org.mx\/contenido\/index.php\/wp-json\/wp\/v2\/posts\/30911\/revisions"}],"predecessor-version":[{"id":30915,"href":"https:\/\/amnistia.org.mx\/contenido\/index.php\/wp-json\/wp\/v2\/posts\/30911\/revisions\/30915"}],"wp:featuredmedia":[{"embeddable":true,"href":"https:\/\/amnistia.org.mx\/contenido\/index.php\/wp-json\/wp\/v2\/media\/30916"}],"wp:attachment":[{"href":"https:\/\/amnistia.org.mx\/contenido\/index.php\/wp-json\/wp\/v2\/media?parent=30911"}],"wp:term":[{"taxonomy":"category","embeddable":true,"href":"https:\/\/amnistia.org.mx\/contenido\/index.php\/wp-json\/wp\/v2\/categories?post=30911"},{"taxonomy":"post_tag","embeddable":true,"href":"https:\/\/amnistia.org.mx\/contenido\/index.php\/wp-json\/wp\/v2\/tags?post=30911"}],"curies":[{"name":"wp","href":"https:\/\/api.w.org\/{rel}","templated":true}]}}