
{"id":30917,"date":"2024-04-16T15:54:04","date_gmt":"2024-04-16T20:54:04","guid":{"rendered":"https:\/\/amnistia.org.mx\/contenido\/?p=30917"},"modified":"2024-04-16T15:54:07","modified_gmt":"2024-04-16T20:54:07","slug":"venezuela-sociedad-civil-y-voces-disidentes-enfrentan-una-incesante-escalada-de-persecucion","status":"publish","type":"post","link":"https:\/\/amnistia.org.mx\/contenido\/index.php\/venezuela-sociedad-civil-y-voces-disidentes-enfrentan-una-incesante-escalada-de-persecucion\/","title":{"rendered":"<strong>Venezuela: Sociedad civil y voces disidentes enfrentan una incesante escalada de persecuci\u00f3n<\/strong>"},"content":{"rendered":"\n<p>\u201cEn Venezuela, el 2024 ha iniciado con una alarmante escalada en la pol\u00edtica de represi\u00f3n que usa el gobierno de Nicol\u00e1s Maduro para intentar cercenar el espacio c\u00edvico, las voces cr\u00edticas y la oposici\u00f3n pol\u00edtica\u201d, dijo Ana Piquer, directora para las Am\u00e9ricas de Amnist\u00eda Internacional, ante el aumento de detenciones arbitrarias en contra de personas defensoras de derechos humanos, activistas de oposici\u00f3n y la elaboraci\u00f3n de leyes flagrantemente violatorias de derechos humanos.<\/p>\n\n\n\n<p>\u201cLas autoridades venezolanas, tanto del poder ejecutivo, legislativo y judicial, han puesto en la mira de sus ataques a personas defensoras de derechos humanos, como <a href=\"https:\/\/www.amnesty.org\/es\/documents\/amr53\/7734\/2024\/es\/\" target=\"_blank\" rel=\"noreferrer noopener\">Roc\u00edo San Miguel<\/a>, a organizaciones de la <a href=\"https:\/\/www.amnesty.org\/es\/documents\/amr53\/7602\/2024\/es\/\" target=\"_blank\" rel=\"noreferrer noopener\">sociedad civil<\/a>, como ONG y personal humanitario, y a activistas de la <a href=\"https:\/\/www.amnesty.org\/es\/latest\/news\/2023\/10\/venezuela-maduro-assault-civic-space-repressive-policy\/\" target=\"_blank\" rel=\"noreferrer noopener\">oposici\u00f3n pol\u00edtica<\/a>. La comunidad internacional debe saber que estos no son hechos nuevos ni aislados, sino parte de una pol\u00edtica de Estado contra cualquiera que pueda ser considerado una amenaza al poder del actual gobierno y su continuidad. Estos hechos podr\u00edan sumarse a la investigaci\u00f3n sobre cr\u00edmenes de lesa humanidad que lleva adelante la Fiscal\u00eda de la <a href=\"https:\/\/www.icc-cpi.int\/news\/venezuela-i-situation-icc-appeals-chamber-confirms-decision-authorising-resumption?lang=Spanish\" target=\"_blank\" rel=\"noreferrer noopener\">Corte Penal Internacional<\/a>\u201d.<\/p>\n\n\n\n<p>En una nueva <a href=\"https:\/\/www.amnesty.org\/es\/documents\/amr53\/7934\/2024\/es\/\" target=\"_blank\" rel=\"noreferrer noopener\">declaraci\u00f3n p\u00fablica<\/a> emitida hoy, Amnist\u00eda Internacional denunci\u00f3 un pico en las detenciones arbitrarias, desapariciones forzadas, uso indebido del derecho penal, violaciones a las garant\u00edas del debido proceso y juicio justo, campa\u00f1as estigmatizantes, y posibles actos de tortura en contra de personas percibidas como cr\u00edticas al gobierno de Nicol\u00e1s Maduro, -en esta ocasi\u00f3n- principalmente personas ligadas al partido de oposici\u00f3n \u2018Vente Venezuela\u2019. En paralelo, el gobierno ha venido apuntalando proyectos de leyes represivas, que buscan castigar y perseguir a las organizaciones de la sociedad civil y a la disidencia pol\u00edtica hasta con penas de prisi\u00f3n.<\/p>\n\n\n\n<p>\u201cLa situaci\u00f3n en Venezuela, y en especial en este per\u00edodo electoral, deben tener la m\u00e1xima atenci\u00f3n internacional para que los mecanismos represivos del gobierno de Nicol\u00e1s Maduro no limiten los derechos de las personas a participar en los asuntos p\u00fablicos. La comunidad internacional debe apoyar a quienes denuncian y reclaman por sus derechos en Venezuela. A las autoridades venezolanas les exigimos el cese definitivo de su pol\u00edtica de represi\u00f3n, la liberaci\u00f3n inmediata e incondicional de Javier Tarazona, Roc\u00edo Sanmiguel y de todas las personas detenidas por motivos pol\u00edticos, el retiro de los proyectos de ley que atacan al espacio c\u00edvico, y la colaboraci\u00f3n con mecanismos internacionales de escrutinio y rendici\u00f3n de cuentas\u201d.<\/p>\n\n\n\n<p><strong>Para m\u00e1s informaci\u00f3n o para solicitar una entrevista, por favor contactar a<\/strong> Carlos Mendoza: +52 1 55 4145 7003, <a href=\"mailto:carlos.mendoza@amnesty.org\" target=\"_blank\" rel=\"noreferrer noopener\">carlos.mendoza@amnesty.org<\/a><\/p>\n\n\n\n<p><strong>Informaci\u00f3n adicional:<\/strong><\/p>\n\n\n\n<p><a href=\"https:\/\/www.amnesty.org\/es\/documents\/amr53\/7949\/2024\/es\/\">Venezuela: Alarmante escalada de la persecuci\u00f3n contra las voces cr\u00edticas y disidentes<\/a> (Investigaci\u00f3n, 15 de abril de 2024)<\/p>\n\n\n\n<p><a href=\"https:\/\/www.amnesty.org\/es\/documents\/amr53\/7195\/2023\/es\/\">Venezuela: Informaci\u00f3n para el Comit\u00e9 de Derechos Humanos de las Naciones Unidas: 139\u00ba per\u00edodo de sesiones, 9 octubre \u2013 3 noviembre de 2023<\/a> (Investigaci\u00f3n, 12 de septiembre de 2023)<\/p>\n\n\n\n<p><a href=\"http:\/\/www.amnesty.org\/es\/documents\/amr53\/7077\/2023\/es\/\">Venezuela: Vidas detenidas: Contin\u00faan las detenciones arbitrarias por motivos pol\u00edticos<\/a> (Investigaci\u00f3n, 29 de agosto de 2023)<\/p>\n","protected":false},"excerpt":{"rendered":"<p>\u201cEn Venezuela, el 2024 ha iniciado con una alarmante escalada en la pol\u00edtica de represi\u00f3n que usa el gobierno de Nicol\u00e1s Maduro para intentar cercenar el espacio c\u00edvico, las voces &hellip;<\/p>\n<p class=\"read-more\"> <a class=\"\" href=\"https:\/\/amnistia.org.mx\/contenido\/index.php\/venezuela-sociedad-civil-y-voces-disidentes-enfrentan-una-incesante-escalada-de-persecucion\/\"> <span class=\"screen-reader-text\"><strong>Venezuela: Sociedad civil y voces disidentes enfrentan una incesante escalada de persecuci\u00f3n<\/strong><\/span> Leer m\u00e1s &raquo;<\/a><\/p>\n","protected":false},"author":4,"featured_media":30920,"comment_status":"closed","ping_status":"closed","sticky":false,"template":"","format":"standard","meta":{"_uf_show_specific_survey":0,"_uf_disable_surveys":false,"site-sidebar-layout":"default","site-content-layout":"default","ast-global-header-display":"","ast-main-header-display":"","ast-hfb-above-header-display":"","ast-hfb-below-header-display":"","ast-hfb-mobile-header-display":"","site-post-title":"","ast-breadcrumbs-content":"","ast-featured-img":"","footer-sml-layout":"","theme-transparent-header-meta":"","adv-header-id-meta":"","stick-header-meta":"","header-above-stick-meta":"","header-main-stick-meta":"","header-below-stick-meta":""},"categories":[9],"tags":[],"acf":[],"aioseo_notices":[],"yoast_head":"<!-- This site is optimized with the Yoast SEO plugin v14.5 - https:\/\/yoast.com\/wordpress\/plugins\/seo\/ -->\n<title>Venezuela: Sociedad civil y voces disidentes enfrentan una incesante escalada de persecuci\u00f3n - amnistia.org.mx<\/title>\n<meta name=\"description\" content=\"La sociedad civil y voces disidentes enfrentan una incesante escalada de persecuci\u00f3n en Venezuela, advierte Amnist\u00eda Internacional.\" \/>\n<meta name=\"robots\" content=\"index, follow\" \/>\n<meta name=\"googlebot\" content=\"index, follow, max-snippet:-1, max-image-preview:large, max-video-preview:-1\" \/>\n<meta name=\"bingbot\" content=\"index, follow, max-snippet:-1, max-image-preview:large, max-video-preview:-1\" \/>\n<link rel=\"canonical\" href=\"https:\/\/amnistia.org.mx\/contenido\/index.php\/venezuela-sociedad-civil-y-voces-disidentes-enfrentan-una-incesante-escalada-de-persecucion\/\" \/>\n<meta property=\"og:locale\" content=\"es_MX\" \/>\n<meta property=\"og:type\" content=\"article\" \/>\n<meta property=\"og:title\" content=\"Venezuela: Sociedad civil y voces disidentes enfrentan una incesante escalada de persecuci\u00f3n - amnistia.org.mx\" \/>\n<meta property=\"og:description\" content=\"La sociedad civil y voces disidentes enfrentan una incesante escalada de persecuci\u00f3n en Venezuela, advierte Amnist\u00eda Internacional.\" \/>\n<meta property=\"og:url\" content=\"https:\/\/amnistia.org.mx\/contenido\/index.php\/venezuela-sociedad-civil-y-voces-disidentes-enfrentan-una-incesante-escalada-de-persecucion\/\" \/>\n<meta property=\"og:site_name\" content=\"amnistia.org.mx\" \/>\n<meta property=\"article:published_time\" content=\"2024-04-16T20:54:04+00:00\" \/>\n<meta property=\"article:modified_time\" content=\"2024-04-16T20:54:07+00:00\" \/>\n<meta property=\"og:image\" content=\"https:\/\/amnistia.org.mx\/contenido\/wp-content\/uploads\/2024\/04\/foto-ajustada-16-abril-2024-1.jpg\" \/>\n\t<meta property=\"og:image:width\" content=\"800\" \/>\n\t<meta property=\"og:image:height\" content=\"532\" \/>\n<meta name=\"twitter:card\" content=\"summary_large_image\" \/>\n<script type=\"application\/ld+json\" class=\"yoast-schema-graph\">{\"@context\":\"https:\/\/schema.org\",\"@graph\":[{\"@type\":\"WebSite\",\"@id\":\"https:\/\/amnistia.org.mx\/contenido\/#website\",\"url\":\"https:\/\/amnistia.org.mx\/contenido\/\",\"name\":\"amnistia.org.mx\",\"description\":\"Nueva p\\u00e1gina de Amnist\\u00eda\",\"potentialAction\":[{\"@type\":\"SearchAction\",\"target\":\"https:\/\/amnistia.org.mx\/contenido\/?s={search_term_string}\",\"query-input\":\"required name=search_term_string\"}],\"inLanguage\":\"es-MX\"},{\"@type\":\"ImageObject\",\"@id\":\"https:\/\/amnistia.org.mx\/contenido\/index.php\/venezuela-sociedad-civil-y-voces-disidentes-enfrentan-una-incesante-escalada-de-persecucion\/#primaryimage\",\"inLanguage\":\"es-MX\",\"url\":\"https:\/\/amnistia.org.mx\/contenido\/wp-content\/uploads\/2024\/04\/foto-ajustada-16-abril-2024-1.jpg\",\"width\":800,\"height\":532},{\"@type\":\"WebPage\",\"@id\":\"https:\/\/amnistia.org.mx\/contenido\/index.php\/venezuela-sociedad-civil-y-voces-disidentes-enfrentan-una-incesante-escalada-de-persecucion\/#webpage\",\"url\":\"https:\/\/amnistia.org.mx\/contenido\/index.php\/venezuela-sociedad-civil-y-voces-disidentes-enfrentan-una-incesante-escalada-de-persecucion\/\",\"name\":\"Venezuela: Sociedad civil y voces disidentes enfrentan una incesante escalada de persecuci\\u00f3n - amnistia.org.mx\",\"isPartOf\":{\"@id\":\"https:\/\/amnistia.org.mx\/contenido\/#website\"},\"primaryImageOfPage\":{\"@id\":\"https:\/\/amnistia.org.mx\/contenido\/index.php\/venezuela-sociedad-civil-y-voces-disidentes-enfrentan-una-incesante-escalada-de-persecucion\/#primaryimage\"},\"datePublished\":\"2024-04-16T20:54:04+00:00\",\"dateModified\":\"2024-04-16T20:54:07+00:00\",\"author\":{\"@id\":\"https:\/\/amnistia.org.mx\/contenido\/#\/schema\/person\/7db421c495688267ce8ede4625c17fa5\"},\"description\":\"La sociedad civil y voces disidentes enfrentan una incesante escalada de persecuci\\u00f3n en Venezuela, advierte Amnist\\u00eda Internacional.\",\"breadcrumb\":{\"@id\":\"https:\/\/amnistia.org.mx\/contenido\/index.php\/venezuela-sociedad-civil-y-voces-disidentes-enfrentan-una-incesante-escalada-de-persecucion\/#breadcrumb\"},\"inLanguage\":\"es-MX\",\"potentialAction\":[{\"@type\":\"ReadAction\",\"target\":[\"https:\/\/amnistia.org.mx\/contenido\/index.php\/venezuela-sociedad-civil-y-voces-disidentes-enfrentan-una-incesante-escalada-de-persecucion\/\"]}]},{\"@type\":\"BreadcrumbList\",\"@id\":\"https:\/\/amnistia.org.mx\/contenido\/index.php\/venezuela-sociedad-civil-y-voces-disidentes-enfrentan-una-incesante-escalada-de-persecucion\/#breadcrumb\",\"itemListElement\":[{\"@type\":\"ListItem\",\"position\":1,\"item\":{\"@type\":\"WebPage\",\"@id\":\"https:\/\/amnistia.org.mx\/contenido\/\",\"url\":\"https:\/\/amnistia.org.mx\/contenido\/\",\"name\":\"Home\"}},{\"@type\":\"ListItem\",\"position\":2,\"item\":{\"@type\":\"WebPage\",\"@id\":\"https:\/\/amnistia.org.mx\/contenido\/index.php\/venezuela-sociedad-civil-y-voces-disidentes-enfrentan-una-incesante-escalada-de-persecucion\/\",\"url\":\"https:\/\/amnistia.org.mx\/contenido\/index.php\/venezuela-sociedad-civil-y-voces-disidentes-enfrentan-una-incesante-escalada-de-persecucion\/\",\"name\":\"Venezuela: Sociedad civil y voces disidentes enfrentan una incesante escalada de persecuci\\u00f3n\"}}]},{\"@type\":[\"Person\"],\"@id\":\"https:\/\/amnistia.org.mx\/contenido\/#\/schema\/person\/7db421c495688267ce8ede4625c17fa5\",\"name\":\"Alejandro Ju\\u00e1rez Gamero\",\"image\":{\"@type\":\"ImageObject\",\"@id\":\"https:\/\/amnistia.org.mx\/contenido\/#personlogo\",\"inLanguage\":\"es-MX\",\"url\":\"https:\/\/secure.gravatar.com\/avatar\/e312d5566d1c3ffb56f86415d6f0e606?s=96&d=mm&r=g\",\"caption\":\"Alejandro Ju\\u00e1rez Gamero\"}}]}<\/script>\n<!-- \/ Yoast SEO plugin. -->","_links":{"self":[{"href":"https:\/\/amnistia.org.mx\/contenido\/index.php\/wp-json\/wp\/v2\/posts\/30917"}],"collection":[{"href":"https:\/\/amnistia.org.mx\/contenido\/index.php\/wp-json\/wp\/v2\/posts"}],"about":[{"href":"https:\/\/amnistia.org.mx\/contenido\/index.php\/wp-json\/wp\/v2\/types\/post"}],"author":[{"embeddable":true,"href":"https:\/\/amnistia.org.mx\/contenido\/index.php\/wp-json\/wp\/v2\/users\/4"}],"replies":[{"embeddable":true,"href":"https:\/\/amnistia.org.mx\/contenido\/index.php\/wp-json\/wp\/v2\/comments?post=30917"}],"version-history":[{"count":3,"href":"https:\/\/amnistia.org.mx\/contenido\/index.php\/wp-json\/wp\/v2\/posts\/30917\/revisions"}],"predecessor-version":[{"id":30922,"href":"https:\/\/amnistia.org.mx\/contenido\/index.php\/wp-json\/wp\/v2\/posts\/30917\/revisions\/30922"}],"wp:featuredmedia":[{"embeddable":true,"href":"https:\/\/amnistia.org.mx\/contenido\/index.php\/wp-json\/wp\/v2\/media\/30920"}],"wp:attachment":[{"href":"https:\/\/amnistia.org.mx\/contenido\/index.php\/wp-json\/wp\/v2\/media?parent=30917"}],"wp:term":[{"taxonomy":"category","embeddable":true,"href":"https:\/\/amnistia.org.mx\/contenido\/index.php\/wp-json\/wp\/v2\/categories?post=30917"},{"taxonomy":"post_tag","embeddable":true,"href":"https:\/\/amnistia.org.mx\/contenido\/index.php\/wp-json\/wp\/v2\/tags?post=30917"}],"curies":[{"name":"wp","href":"https:\/\/api.w.org\/{rel}","templated":true}]}}