
{"id":31957,"date":"2024-05-29T10:37:57","date_gmt":"2024-05-29T15:37:57","guid":{"rendered":"https:\/\/amnistia.org.mx\/contenido\/?p=31957"},"modified":"2024-05-29T17:11:48","modified_gmt":"2024-05-29T22:11:48","slug":"global-aumentan-las-ejecuciones-y-alcanzan-la-cifra-mas-alta-en-casi-un-decenio","status":"publish","type":"post","link":"https:\/\/amnistia.org.mx\/contenido\/index.php\/global-aumentan-las-ejecuciones-y-alcanzan-la-cifra-mas-alta-en-casi-un-decenio\/","title":{"rendered":"<strong>Global: Aumentan las ejecuciones y alcanzan la cifra m\u00e1s alta en casi un decenio<\/strong>"},"content":{"rendered":"\n<p class=\"has-text-align-right\">Foto: \u00a9 Amnesty International, Foto: Stephane Lelarge.<\/p>\n\n\n\n<ul>\n<li>El repunte de las ejecuciones en Ir\u00e1n lleva al mayor n\u00famero de ejecuciones desde 2015<\/li>\n<\/ul>\n\n\n\n<ul>\n<li>Pierden fuerza los avances en Estados Unidos debido al aumento del n\u00famero de ejecuciones<\/li>\n<\/ul>\n\n\n\n<ul>\n<li>China sigue ejecutando a miles de personas mientras amenaza a la poblaci\u00f3n con que la delincuencia conllevar\u00e1 la pena de muerte<\/li>\n<\/ul>\n\n\n\n<ul>\n<li>El menor n\u00famero registrado de pa\u00edses ejecutores indica avances<\/li>\n<\/ul>\n\n\n\n<p>\u201cLas ejecuciones aumentaron hasta alcanzar en 2023 la cifra m\u00e1s alta en casi un decenio con una fuerte subida en Oriente Medio\u201d, ha declarado hoy Amnist\u00eda Internacional con motivo de la publicaci\u00f3n de su <a href=\"https:\/\/amnistia.org.mx\/contenido\/wp-content\/uploads\/2024\/05\/ACT5079522024_APR24-GLO50_Amnesty-Death-Sentences-and-Executions-2023_ES.pdf\">informe anual sobre el uso de la pena de muerte en el mundo<\/a>.<\/p>\n\n\n\n<p>En 2023 se llevaron a cabo un total de 1.153 ejecuciones \u2014cifra que no incluye los miles que se cree que se realizaron en China\u2014, lo que representa un aumento de m\u00e1s del 30% en relaci\u00f3n con 2022. Esta es la cifra m\u00e1s alta documentada por Amnist\u00eda Internacional desde 2015, cuando se conoci\u00f3 la ejecuci\u00f3n de 1.634 personas. Pese a este aumento, el n\u00famero de pa\u00edses que llevaron a cabo ejecuciones fue el m\u00e1s bajo registrado por Amnist\u00eda Internacional.<\/p>\n\n\n\n<p>\u201cEl gigantesco repunte de las ejecuciones documentadas se debi\u00f3 principalmente a Ir\u00e1n. Las autoridades de este pa\u00eds mostraron un total desprecio por la vida humana y aumentaron las ejecuciones por delitos de drogas, lo que puso a\u00fan m\u00e1s de relieve el impacto discriminatorio de la pena de muerte en las comunidades m\u00e1s marginadas y empobrecidas de Ir\u00e1n\u201d, declar\u00f3 Agn\u00e8s Callamard, secretaria general de Amnist\u00eda Internacional.<\/p>\n\n\n\n<p>\u201cPese a los retrocesos que hemos visto este a\u00f1o, sobre todo en Oriente Medio, los pa\u00edses que siguen llevando a cabo ejecuciones est\u00e1n cada vez m\u00e1s aislados. Nuestra campa\u00f1a contra este aberrante castigo funciona. Seguiremos hasta que hayamos acabado con la pena de muerte\u201d.<\/p>\n\n\n\n<p>Los cinco pa\u00edses que llevaron a cabo el mayor n\u00famero de ejecuciones en 2023 fueron Arabia Saud\u00ed, China, Estados Unidos, Ir\u00e1n y Somalia. Ir\u00e1n, por s\u00ed solo, fue responsable del 74% de todas las ejecuciones registradas; y Arabia Saud\u00ed, del 15%. Somalia y Estados Unidos llevaron a cabo m\u00e1s ejecuciones en 2023.<\/p>\n\n\n\n<p>El n\u00famero de condenas a muerte impuestas en todo el mundo en 2023 aument\u00f3 un 20%, elevando el total a 2.428.<\/p>\n\n\n\n<p><strong>Aumentan las ejecuciones en Ir\u00e1n<\/strong><strong><\/strong><\/p>\n\n\n\n<p>En Ir\u00e1n, las autoridades intensificaron el uso de la pena de muerte para infundir temor en la poblaci\u00f3n y aumentar su control sobre el poder, llevando a cabo ejecuciones en todo el pa\u00eds. Fueron ejecutadas al menos 853 personas, lo que representa un aumento del 48% respecto de las 576 de 2022. El n\u00famero de ejecuciones de miembros de la minor\u00eda \u00e9tnica baluchi de Ir\u00e1n fue desproporcionado, pues constituy\u00f3 el 20% de las ejecuciones registradas a pesar de que esta etnia representa alrededor del 5% de la poblaci\u00f3n de Ir\u00e1n. Fueron ejecutadas al menos 24 mujeres y al menos 5 personas que eran menores de edad en el momento del delito.<\/p>\n\n\n\n<p>De las ejecuciones registradas en Ir\u00e1n, al menos 545 fueron llevadas a cabo de forma ileg\u00edtima por actos que no deber\u00edan conllevar la pena de muerte seg\u00fan el derecho internacional, como los delitos de drogas, el robo y el espionaje. Las ejecuciones por delitos de drogas aumentaron y constituyeron el 56% de las ejecuciones registradas en 2023, lo que representa un aumento del 89% en relaci\u00f3n con las 255 ejecuciones registradas en 2022.<\/p>\n\n\n\n<p><strong>Retrocesos en Estados Unidos y el \u00c1frica subsahariana<\/strong><strong><\/strong><\/p>\n\n\n\n<p>Los avances pierden fuerza en Estados Unidos, donde las ejecuciones aumentaron, pasando de 18 a 24. Se presentaron proyectos de ley en Idaho y Tennessee para que las ejecuciones fueran realizadas por fusilamiento, mientras la asamblea del estado de Montana estudi\u00f3 la ampliaci\u00f3n de las sustancias que se emplean en la inyecci\u00f3n letal. En Carolina del Sur se promulg\u00f3 una nueva ley en cuya virtud se oculta la identidad de las personas y entidades que participan en la preparaci\u00f3n de una ejecuci\u00f3n o la llevan a cabo.<\/p>\n\n\n\n<p>\u201cUn n\u00famero selecto de estados de Estados Unidos mostr\u00f3 una escalofriante adhesi\u00f3n a la pena de muerte, as\u00ed como su despiadada intenci\u00f3n de invertir recursos en arrebatar vidas humanas. Tambi\u00e9n se empezaron a llevar a cabo ejecuciones mediante el cruel nuevo m\u00e9todo de la asfixia por nitr\u00f3geno, y Alabama us\u00f3 ignominiosamente este m\u00e9todo no probado para matar a Kenneth Smith este mismo a\u00f1o, apenas 14 meses despu\u00e9s de haberlo sometido a un intento de ejecuci\u00f3n fallido\u201d, prosigui\u00f3 Agn\u00e8s Callamard.<\/p>\n\n\n\n<p>\u201cEl presidente Biden debe dejar de aplazar el cumplimiento de su promesa de abolir la pena de muerte federal\u201d.<\/p>\n\n\n\n<p>Se han producido m\u00e1s retrocesos en otros pa\u00edses, como el repunte del n\u00famero de condenas a muerte y ejecuciones documentadas en el \u00c1frica subsahariana en 2023. Las ejecuciones registradas en la regi\u00f3n se triplicaron con creces, pasando de 11 en 2022 a 38 y las ejecuciones documentadas aumentaron de forma acusada (un 66%), pasando de 298 en 2022 a 494 en 2023. Adem\u00e1s, ning\u00fan pa\u00eds de la regi\u00f3n aboli\u00f3 la pena de muerte en 2023.<\/p>\n\n\n\n<p><strong>El secretismo de los Estados<\/strong><strong><\/strong><\/p>\n\n\n\n<p>Debido al secretismo con que act\u00faan algunos Estados, las cifras de Amnist\u00eda no incluyen los miles de personas que se cree han sido ejecutadas en China, que sigue siendo el pa\u00eds que lleva a cabo el mayor n\u00famero de ejecuciones. De forma similar, la organizaci\u00f3n no pudo presentar cifras sobre Corea del Norte y Vietnam, pa\u00edses que se creen recurren ampliamente a las ejecuciones.<\/p>\n\n\n\n<p>Sin embargo, el n\u00famero limitado de informes oficiales que s\u00ed han salido de estos pa\u00edses transmit\u00eda a la ciudadan\u00eda el mensaje claro de que la delincuencia o la disidencia ser\u00edan castigadas con la muerte y mostraban que esta pena segu\u00eda formando parte del arsenal del Estado para mantener el control y reprimir la disidencia.<\/p>\n\n\n\n<p>En China se usaron las informaciones publicadas en los medios de comunicaci\u00f3n estatales para recordar a la poblaci\u00f3n que delitos como el narcotr\u00e1fico y el soborno ser\u00edan castigados con dureza y desembocar\u00edan en la ejecuci\u00f3n, mientras Corea del Norte promulg\u00f3 una nueva ley que prev\u00e9 la pena de muerte como posible castigo para quienes no usen la lengua nativa coreana. Mientras tanto, las autoridades militares de Myanmar siguieron imponiendo condenas a muerte en tribunales controlados por las fuerzas armadas, en procedimientos secretos y manifiestamente injustos.<\/p>\n\n\n\n<p><strong>A pesar de los retrocesos, continuaron los avances<\/strong><strong><\/strong><\/p>\n\n\n\n<p>A pesar de la actuaci\u00f3n de una minor\u00eda, continuaron los avances. En la actualidad, 112 pa\u00edses son totalmente abolicionistas y 144 han abolido la pena de muerte en la ley o en la pr\u00e1ctica.<\/p>\n\n\n\n<p>Se documentaron ejecuciones en 16 pa\u00edses, el n\u00famero m\u00e1s bajo registrado por Amnist\u00eda Internacional. No se registraron ejecuciones en Bielorrusia, Jap\u00f3n, Myanmar y Sud\u00e1n del Sur, pa\u00edses que s\u00ed hab\u00edan llevado a cabo ejecuciones en 2022.<\/p>\n\n\n\n<p>En Asia, Pakist\u00e1n derog\u00f3 la pena de muerte para delitos de drogas, y Malasia aboli\u00f3 la pena de muerte preceptiva. Las autoridades de Sri Lanka confirmaron que el presidente no ten\u00eda la intenci\u00f3n de firmar \u00f3rdenes de ejecuci\u00f3n, lo que disminuy\u00f3 la preocupaci\u00f3n de que se reanudaran las ejecuciones.<\/p>\n\n\n\n<p>Aunque ning\u00fan pa\u00eds aboli\u00f3 la pena de muerte en el \u00c1frica subsahariana, segu\u00edan tramit\u00e1ndose proyectos de ley para abolirla en Kenia, Liberia y Zimbabue. En Ghana, el Parlamento vot\u00f3 a favor de dos proyectos de ley que eliminaban la pena de muerte de la legislaci\u00f3n vigente, aunque, al concluir 2023, no se hab\u00edan convertido a\u00fan en ley.<\/p>\n\n\n\n<p>\u201cLa discriminaci\u00f3n y la arbitrariedad inherentes que caracterizan el uso de la pena de muerte s\u00f3lo han agravado las violaciones de derechos humanos de nuestros sistemas de justicia penal. La peque\u00f1a minor\u00eda de pa\u00edses que insisten en este uso debe evolucionar con los tiempos y abolir este castigo de una vez por todas\u201d, concluy\u00f3 Agn\u00e8s Callamard.<\/p>\n\n\n\n<p>\u201cLa pena de muerte ser\u00e1 sometida de nuevo a examen en la Asamblea General de la ONU de este a\u00f1o. Amnist\u00eda Internacional insta a todos los gobiernos a que apoyen el llamamiento de la ONU para poner fin al uso de la pena de muerte en una demostraci\u00f3n vital de compromiso con los derechos humanos\u201d.<\/p>\n\n\n\n<p><strong>Informaci\u00f3n adicional:<\/strong><\/p>\n\n\n\n<p><a href=\"https:\/\/amnistia.org.mx\/contenido\/wp-content\/uploads\/2024\/05\/ACT5079522024_APR24-GLO50_Amnesty-Death-Sentences-and-Executions-2023_ES.pdf\">Informe: Condenas a muerte y ejecuciones 2023<\/a><\/p>\n\n\n\n<p><strong>Si desean m\u00e1s informaci\u00f3n, p\u00f3nganse en contacto con:<\/strong><\/p>\n\n\n\n<p><strong>Angela Singh<\/strong>, directora de Comunicaciones en Londres (Reino Unido)<\/p>\n\n\n\n<p>Correo-e: <a href=\"mailto:angela.singh@amnesty.org\" target=\"_blank\" rel=\"noreferrer noopener\">angela.singh@amnesty.org<\/a><\/p>\n\n\n\n<p>Tel.: +44 7904 398344<\/p>\n\n\n\n<p><strong>Oficina de Prensa de Amnist\u00eda Internacional:<\/strong><strong><\/strong><\/p>\n\n\n\n<p>Correo-e: <a href=\"mailto:press@amnesty.org\" target=\"_blank\" rel=\"noreferrer noopener\">press@amnesty.org<\/a><\/p>\n\n\n\n<p>Tel.: +44 20 3036 5566<\/p>\n","protected":false},"excerpt":{"rendered":"<p>Foto: \u00a9 Amnesty International, Foto: Stephane Lelarge. \u201cLas ejecuciones aumentaron hasta alcanzar en 2023 la cifra m\u00e1s alta en casi un decenio con una fuerte subida en Oriente Medio\u201d, ha &hellip;<\/p>\n<p class=\"read-more\"> <a class=\"\" href=\"https:\/\/amnistia.org.mx\/contenido\/index.php\/global-aumentan-las-ejecuciones-y-alcanzan-la-cifra-mas-alta-en-casi-un-decenio\/\"> <span class=\"screen-reader-text\"><strong>Global: Aumentan las ejecuciones y alcanzan la cifra m\u00e1s alta en casi un decenio<\/strong><\/span> Leer m\u00e1s &raquo;<\/a><\/p>\n","protected":false},"author":4,"featured_media":31958,"comment_status":"closed","ping_status":"closed","sticky":false,"template":"","format":"standard","meta":{"_uf_show_specific_survey":0,"_uf_disable_surveys":false,"site-sidebar-layout":"default","site-content-layout":"default","ast-global-header-display":"","ast-main-header-display":"","ast-hfb-above-header-display":"","ast-hfb-below-header-display":"","ast-hfb-mobile-header-display":"","site-post-title":"","ast-breadcrumbs-content":"","ast-featured-img":"","footer-sml-layout":"","theme-transparent-header-meta":"","adv-header-id-meta":"","stick-header-meta":"","header-above-stick-meta":"","header-main-stick-meta":"","header-below-stick-meta":""},"categories":[9],"tags":[],"acf":[],"aioseo_notices":[],"yoast_head":"<!-- This site is optimized with the Yoast SEO plugin v14.5 - https:\/\/yoast.com\/wordpress\/plugins\/seo\/ -->\n<title>Global: Aumentan las ejecuciones y alcanzan la cifra m\u00e1s alta en casi un decenio - amnistia.org.mx<\/title>\n<meta name=\"description\" content=\"Las ejeuciones en el mundo aumentaron m\u00e1s del 30% en relaci\u00f3n con 2022, se\u00f1ala Amnist\u00eda Internacional en su informe anual sobre la pena de muerte.\" \/>\n<meta name=\"robots\" content=\"index, follow\" \/>\n<meta name=\"googlebot\" content=\"index, follow, max-snippet:-1, max-image-preview:large, max-video-preview:-1\" \/>\n<meta name=\"bingbot\" content=\"index, follow, max-snippet:-1, max-image-preview:large, max-video-preview:-1\" \/>\n<link rel=\"canonical\" href=\"https:\/\/amnistia.org.mx\/contenido\/index.php\/global-aumentan-las-ejecuciones-y-alcanzan-la-cifra-mas-alta-en-casi-un-decenio\/\" \/>\n<meta property=\"og:locale\" content=\"es_MX\" \/>\n<meta property=\"og:type\" content=\"article\" \/>\n<meta property=\"og:title\" content=\"Global: Aumentan las ejecuciones y alcanzan la cifra m\u00e1s alta en casi un decenio - amnistia.org.mx\" \/>\n<meta property=\"og:description\" content=\"Las ejeuciones en el mundo aumentaron m\u00e1s del 30% en relaci\u00f3n con 2022, se\u00f1ala Amnist\u00eda Internacional en su informe anual sobre la pena de muerte.\" \/>\n<meta property=\"og:url\" content=\"https:\/\/amnistia.org.mx\/contenido\/index.php\/global-aumentan-las-ejecuciones-y-alcanzan-la-cifra-mas-alta-en-casi-un-decenio\/\" \/>\n<meta property=\"og:site_name\" content=\"amnistia.org.mx\" \/>\n<meta property=\"article:published_time\" content=\"2024-05-29T15:37:57+00:00\" \/>\n<meta property=\"article:modified_time\" content=\"2024-05-29T22:11:48+00:00\" \/>\n<meta property=\"og:image\" content=\"https:\/\/amnistia.org.mx\/contenido\/wp-content\/uploads\/2024\/05\/293859_Mahnwache-fur-Jamshid-Sharmahd-_Vigil-for-Jamshid-Sharmahd-in-front-of-the-Iranian-embassy-scaled.jpg\" \/>\n\t<meta property=\"og:image:width\" content=\"2560\" \/>\n\t<meta property=\"og:image:height\" content=\"1707\" \/>\n<meta name=\"twitter:card\" content=\"summary_large_image\" \/>\n<script type=\"application\/ld+json\" class=\"yoast-schema-graph\">{\"@context\":\"https:\/\/schema.org\",\"@graph\":[{\"@type\":\"WebSite\",\"@id\":\"https:\/\/amnistia.org.mx\/contenido\/#website\",\"url\":\"https:\/\/amnistia.org.mx\/contenido\/\",\"name\":\"amnistia.org.mx\",\"description\":\"Nueva p\\u00e1gina de Amnist\\u00eda\",\"potentialAction\":[{\"@type\":\"SearchAction\",\"target\":\"https:\/\/amnistia.org.mx\/contenido\/?s={search_term_string}\",\"query-input\":\"required name=search_term_string\"}],\"inLanguage\":\"es-MX\"},{\"@type\":\"ImageObject\",\"@id\":\"https:\/\/amnistia.org.mx\/contenido\/index.php\/global-aumentan-las-ejecuciones-y-alcanzan-la-cifra-mas-alta-en-casi-un-decenio\/#primaryimage\",\"inLanguage\":\"es-MX\",\"url\":\"https:\/\/amnistia.org.mx\/contenido\/wp-content\/uploads\/2024\/05\/293859_Mahnwache-fur-Jamshid-Sharmahd-_Vigil-for-Jamshid-Sharmahd-in-front-of-the-Iranian-embassy-scaled.jpg\",\"width\":2560,\"height\":1707},{\"@type\":\"WebPage\",\"@id\":\"https:\/\/amnistia.org.mx\/contenido\/index.php\/global-aumentan-las-ejecuciones-y-alcanzan-la-cifra-mas-alta-en-casi-un-decenio\/#webpage\",\"url\":\"https:\/\/amnistia.org.mx\/contenido\/index.php\/global-aumentan-las-ejecuciones-y-alcanzan-la-cifra-mas-alta-en-casi-un-decenio\/\",\"name\":\"Global: Aumentan las ejecuciones y alcanzan la cifra m\\u00e1s alta en casi un decenio - amnistia.org.mx\",\"isPartOf\":{\"@id\":\"https:\/\/amnistia.org.mx\/contenido\/#website\"},\"primaryImageOfPage\":{\"@id\":\"https:\/\/amnistia.org.mx\/contenido\/index.php\/global-aumentan-las-ejecuciones-y-alcanzan-la-cifra-mas-alta-en-casi-un-decenio\/#primaryimage\"},\"datePublished\":\"2024-05-29T15:37:57+00:00\",\"dateModified\":\"2024-05-29T22:11:48+00:00\",\"author\":{\"@id\":\"https:\/\/amnistia.org.mx\/contenido\/#\/schema\/person\/7db421c495688267ce8ede4625c17fa5\"},\"description\":\"Las ejeuciones en el mundo aumentaron m\\u00e1s del 30% en relaci\\u00f3n con 2022, se\\u00f1ala Amnist\\u00eda Internacional en su informe anual sobre la pena de muerte.\",\"breadcrumb\":{\"@id\":\"https:\/\/amnistia.org.mx\/contenido\/index.php\/global-aumentan-las-ejecuciones-y-alcanzan-la-cifra-mas-alta-en-casi-un-decenio\/#breadcrumb\"},\"inLanguage\":\"es-MX\",\"potentialAction\":[{\"@type\":\"ReadAction\",\"target\":[\"https:\/\/amnistia.org.mx\/contenido\/index.php\/global-aumentan-las-ejecuciones-y-alcanzan-la-cifra-mas-alta-en-casi-un-decenio\/\"]}]},{\"@type\":\"BreadcrumbList\",\"@id\":\"https:\/\/amnistia.org.mx\/contenido\/index.php\/global-aumentan-las-ejecuciones-y-alcanzan-la-cifra-mas-alta-en-casi-un-decenio\/#breadcrumb\",\"itemListElement\":[{\"@type\":\"ListItem\",\"position\":1,\"item\":{\"@type\":\"WebPage\",\"@id\":\"https:\/\/amnistia.org.mx\/contenido\/\",\"url\":\"https:\/\/amnistia.org.mx\/contenido\/\",\"name\":\"Home\"}},{\"@type\":\"ListItem\",\"position\":2,\"item\":{\"@type\":\"WebPage\",\"@id\":\"https:\/\/amnistia.org.mx\/contenido\/index.php\/global-aumentan-las-ejecuciones-y-alcanzan-la-cifra-mas-alta-en-casi-un-decenio\/\",\"url\":\"https:\/\/amnistia.org.mx\/contenido\/index.php\/global-aumentan-las-ejecuciones-y-alcanzan-la-cifra-mas-alta-en-casi-un-decenio\/\",\"name\":\"Global: Aumentan las ejecuciones y alcanzan la cifra m\\u00e1s alta en casi un decenio\"}}]},{\"@type\":[\"Person\"],\"@id\":\"https:\/\/amnistia.org.mx\/contenido\/#\/schema\/person\/7db421c495688267ce8ede4625c17fa5\",\"name\":\"Alejandro Ju\\u00e1rez Gamero\",\"image\":{\"@type\":\"ImageObject\",\"@id\":\"https:\/\/amnistia.org.mx\/contenido\/#personlogo\",\"inLanguage\":\"es-MX\",\"url\":\"https:\/\/secure.gravatar.com\/avatar\/e312d5566d1c3ffb56f86415d6f0e606?s=96&d=mm&r=g\",\"caption\":\"Alejandro Ju\\u00e1rez Gamero\"}}]}<\/script>\n<!-- \/ Yoast SEO plugin. -->","_links":{"self":[{"href":"https:\/\/amnistia.org.mx\/contenido\/index.php\/wp-json\/wp\/v2\/posts\/31957"}],"collection":[{"href":"https:\/\/amnistia.org.mx\/contenido\/index.php\/wp-json\/wp\/v2\/posts"}],"about":[{"href":"https:\/\/amnistia.org.mx\/contenido\/index.php\/wp-json\/wp\/v2\/types\/post"}],"author":[{"embeddable":true,"href":"https:\/\/amnistia.org.mx\/contenido\/index.php\/wp-json\/wp\/v2\/users\/4"}],"replies":[{"embeddable":true,"href":"https:\/\/amnistia.org.mx\/contenido\/index.php\/wp-json\/wp\/v2\/comments?post=31957"}],"version-history":[{"count":5,"href":"https:\/\/amnistia.org.mx\/contenido\/index.php\/wp-json\/wp\/v2\/posts\/31957\/revisions"}],"predecessor-version":[{"id":31974,"href":"https:\/\/amnistia.org.mx\/contenido\/index.php\/wp-json\/wp\/v2\/posts\/31957\/revisions\/31974"}],"wp:featuredmedia":[{"embeddable":true,"href":"https:\/\/amnistia.org.mx\/contenido\/index.php\/wp-json\/wp\/v2\/media\/31958"}],"wp:attachment":[{"href":"https:\/\/amnistia.org.mx\/contenido\/index.php\/wp-json\/wp\/v2\/media?parent=31957"}],"wp:term":[{"taxonomy":"category","embeddable":true,"href":"https:\/\/amnistia.org.mx\/contenido\/index.php\/wp-json\/wp\/v2\/categories?post=31957"},{"taxonomy":"post_tag","embeddable":true,"href":"https:\/\/amnistia.org.mx\/contenido\/index.php\/wp-json\/wp\/v2\/tags?post=31957"}],"curies":[{"name":"wp","href":"https:\/\/api.w.org\/{rel}","templated":true}]}}