
{"id":32496,"date":"2024-06-25T14:17:07","date_gmt":"2024-06-25T19:17:07","guid":{"rendered":"https:\/\/amnistia.org.mx\/contenido\/?p=32496"},"modified":"2024-06-25T15:50:32","modified_gmt":"2024-06-25T20:50:32","slug":"amnistia-internacional-y-seguridad-sin-guerra-llaman-a-la-proxima-presidenta-a-respetar","status":"publish","type":"post","link":"https:\/\/amnistia.org.mx\/contenido\/index.php\/amnistia-internacional-y-seguridad-sin-guerra-llaman-a-la-proxima-presidenta-a-respetar\/","title":{"rendered":"Amnist\u00eda Internacional y Seguridad Sin Guerra llaman a la pr\u00f3xima presidenta a respetar el orden constitucional y regresar a las fuerzas armadas a sus cuarteles a desempe\u00f1ar exclusivamente las funciones que dispone la Constituci\u00f3n en tiempos de paz"},"content":{"rendered":"\n<figure class=\"wp-block-image size-large\"><img decoding=\"async\" loading=\"lazy\" width=\"1024\" height=\"162\" src=\"https:\/\/amnistia.org.mx\/contenido\/wp-content\/uploads\/2024\/06\/Logos-AI-con-SSG-1024x162.jpg\" alt=\"\" class=\"wp-image-32499\"\/><\/figure>\n\n\n\n<p>El domingo 23 de junio, la pr\u00f3xima Presidenta, Claudia Sheinbaum Pardo, anunci\u00f3 la reforma constitucional para culminar de derecho, la transferencia operativa y administrativa que, de facto ha tenido la Guardia Nacional (GN), hacia la Secretar\u00eda de Defensa Nacional (SEDENA), a partir del 1 de octubre de 2024.<\/p>\n\n\n\n<p>La reforma constitucional propuesta en este rubro por el presidente Andr\u00e9s Manuel L\u00f3pez Obrador el pasado 5 de febrero plantea, entre otras adecuaciones acordes con la modificaci\u00f3n del art\u00edculo 21 constitucional, cambiar la naturaleza civil de la Guardia Nacional a una instituci\u00f3n militar, as\u00ed como la ampliaci\u00f3n de la obligaci\u00f3n del Ejecutivo federal para disponer de la Fuerza Armada permanente establecida en el art\u00edculo 89, fracci\u00f3n VI, tambi\u00e9n a labores de seguridad p\u00fablica. Esta es una reforma significativa&nbsp; porque trastoca sustantivamente la disposici\u00f3n del art\u00edculo 129 de la Constituci\u00f3n, de las facultades de las instituciones armadas en tiempos de paz para dotarlas de la facultad de actuar militarmente en ejercicio de atribuciones de las leyes que emanen de la propia Constituci\u00f3n, es decir, de cualquier ley del orden jur\u00eddico mexicano sin ninguna excepci\u00f3n.<\/p>\n\n\n\n<p>Avanzar con una serie de reformas de esa naturaleza es, en realidad, una redefinici\u00f3n de las relaciones c\u00edvico-militares, que rompe el orden Constitucional definido desde 1917, mediante el cual se estableci\u00f3 que las Fuerzas Armadas en tiempos de paz no podr\u00edan realizar m\u00e1s actividades que las propias relacionadas con la disciplina militar y que estar\u00edan subordinadas a la autoridad civil.<\/p>\n\n\n\n<p>En ese sentido, hacemos un llamado a la pr\u00f3xima presidenta y al Congreso de la Uni\u00f3n a desechar la iniciativa de reforma constitucional que transfiere &nbsp;la Guardia Nacional a la SEDENA, que &nbsp;realmente sienta la base para la participaci\u00f3n de militares en todos los \u00f3rdenes de la vida p\u00fablica civil de nuestro pa\u00eds y valida todas las tareas extra constitucionales y violatorias de las obligaciones internacionales de M\u00e9xico que han sido otorgadas a las fuerzas armadas. De aprobarse la reforma constitucional, la participaci\u00f3n de militares en la Guardia Nacional y su adscripci\u00f3n a la SEDENA, implicar\u00eda tambi\u00e9n una violaci\u00f3n al principio de la separaci\u00f3n de poderes y la independencia judicial, al asumir las fuerzas armadas tareas de investigaci\u00f3n, incluso en casos de delitos en los que el propio personal castrense est\u00e9 involucrado. Hemos visto a lo largo de los a\u00f1os que las Fuerzas Armadas se protegen a s\u00ed mismas y no est\u00e1n dispuestas a que sus efectivos rindan cuentas ante la justicia.<\/p>\n\n\n\n<p>Amnist\u00eda Internacional y Seguridad Sin Guerra hemos insistido y constantemente evidenciado, no s\u00f3lo lo fallido de un paradigma militar que desde 2006 no ha logrado contener ni el trasiego de drogas, ni la violencia, sino tambi\u00e9n los riesgos para las libertades y derechos humanos de tener una GN castrense, dirigida por militares y operada por elementos militares \u201ccomisionados\u201d. En materia de seguridad p\u00fablica, apostamos por la seguridad ciudadana, bajo la premisa de que las fuerzas armadas y las polic\u00edas civiles tienen naturalezas y funciones distintas. Las primeras est\u00e1n capacitadas para ocuparse de los enemigos que amenazan al Estado y son ajenas a la seguridad comunitaria que s\u00ed es tarea y naturaleza de las instituciones estrictamente policiales que, ante la vor\u00e1gine militarizante de la Guardia Nacional, pr\u00e1cticamente han sido desaparecidas a nivel federal y ocupadas en su conducci\u00f3n y operaci\u00f3n en las polic\u00edas estatales y municipales, tambi\u00e9n por elementos militares en retiro o en comisi\u00f3n.<\/p>\n\n\n\n<p>Es oportuno recordar que, de los 14 casos en los que la Corte Interamericana de Derechos Humanos (CIDH) ha emitido sentencias contra M\u00e9xico, al menos seis (casi la mitad de los casos) se refieren a violaciones perpetradas por miembros del Ej\u00e9rcito, incluyendo tortura y otros tratos o penas crueles, inhumanos o degradantes, violencia sexual, desaparici\u00f3n forzada y ejecuci\u00f3n extrajudicial, por lo que, esta reforma adem\u00e1s de las graves implicaciones en el orden jur\u00eddico mexicano, mantiene al pa\u00eds alejado de las obligaciones internacionales en materia de derechos humanos, pues la participaci\u00f3n de las Fuerzas Armadas no estar\u00eda empleada de forma extraordinaria, excepcional, temporal y restringida como lo establece la sentencia Nitza Paola Alvarado et al vs. el Estado mexicano y el propio texto constitucional.<\/p>\n\n\n\n<p>Para cumplir con lo dispuesto por la Constituci\u00f3n y las obligaciones internacionales de M\u00e9xico, la pr\u00f3xima presidenta debe presentar un plan de desmilitarizaci\u00f3n, as\u00ed como a poner en marcha mecanismos de fiscalizaci\u00f3n de la actuaci\u00f3n de las fuerzas armadas cuando desempe\u00f1an de manera extraordinaria labores de seguridad p\u00fablica. De la misma forma &nbsp;esa participaci\u00f3n debe estar regulada y subordinada a la autoridad y mandos civiles. Asimismo, autoridades federales y estatales deben asegurar el fortalecimiento de las capacidades de sus cuerpos policiales y robustecer sus habilidades para garantizar la seguridad ciudadana, as\u00ed como dotar de recursos econ\u00f3micos y de la infraestructura necesaria a las polic\u00edas, de manera que se dignifique su trabajo. Siempre bajo el criterio de que las personas deben estar en el centro de la seguridad p\u00fablica.<\/p>\n\n\n\n<p>Desde Amnist\u00eda Internacional y el Colectivo #Seguridad Sin Guerra consideramos que un gobierno electo bajo las reglas democr\u00e1ticas debe preservar el orden constitucional y el respeto al pacto de la relaci\u00f3n c\u00edvico-militar que ha sometido a la autoridad y mando civil a las instituciones militares, a la vez que ha limitado sus funciones en tiempos de paz a actividades exclusivas a la disciplina militar.<\/p>\n","protected":false},"excerpt":{"rendered":"<p>El domingo 23 de junio, la pr\u00f3xima Presidenta, Claudia Sheinbaum Pardo, anunci\u00f3 la reforma constitucional para culminar de derecho, la transferencia operativa y administrativa que, de facto ha tenido la &hellip;<\/p>\n<p class=\"read-more\"> <a class=\"\" href=\"https:\/\/amnistia.org.mx\/contenido\/index.php\/amnistia-internacional-y-seguridad-sin-guerra-llaman-a-la-proxima-presidenta-a-respetar\/\"> <span class=\"screen-reader-text\">Amnist\u00eda Internacional y Seguridad Sin Guerra llaman a la pr\u00f3xima presidenta a respetar el orden constitucional y regresar a las fuerzas armadas a sus cuarteles a desempe\u00f1ar exclusivamente las funciones que dispone la Constituci\u00f3n en tiempos de paz<\/span> Leer m\u00e1s &raquo;<\/a><\/p>\n","protected":false},"author":4,"featured_media":32500,"comment_status":"closed","ping_status":"closed","sticky":false,"template":"","format":"standard","meta":{"_uf_show_specific_survey":0,"_uf_disable_surveys":false,"site-sidebar-layout":"default","site-content-layout":"default","ast-global-header-display":"","ast-main-header-display":"","ast-hfb-above-header-display":"","ast-hfb-below-header-display":"","ast-hfb-mobile-header-display":"","site-post-title":"","ast-breadcrumbs-content":"","ast-featured-img":"","footer-sml-layout":"","theme-transparent-header-meta":"","adv-header-id-meta":"","stick-header-meta":"","header-above-stick-meta":"","header-main-stick-meta":"","header-below-stick-meta":""},"categories":[20],"tags":[28],"acf":[],"aioseo_notices":[],"yoast_head":"<!-- This site is optimized with the Yoast SEO plugin v14.5 - https:\/\/yoast.com\/wordpress\/plugins\/seo\/ -->\n<title>Amnist\u00eda Internacional y Seguridad Sin Guerra llaman a la pr\u00f3xima presidenta a respetar el orden constitucional y regresar a las fuerzas armadas a sus cuarteles a desempe\u00f1ar exclusivamente las funciones que dispone la Constituci\u00f3n en tiempos de paz - amnistia.org.mx<\/title>\n<meta name=\"description\" content=\"Amnist\u00eda Internacional y Seguridad Sin Guerra llaman a la presidenta electa de M\u00e9xico a regresar al ej\u00e9rcito a sus cuarteles.\" \/>\n<meta name=\"robots\" content=\"index, follow\" \/>\n<meta name=\"googlebot\" content=\"index, follow, max-snippet:-1, max-image-preview:large, max-video-preview:-1\" \/>\n<meta name=\"bingbot\" content=\"index, follow, max-snippet:-1, max-image-preview:large, max-video-preview:-1\" \/>\n<link rel=\"canonical\" href=\"https:\/\/amnistia.org.mx\/contenido\/index.php\/amnistia-internacional-y-seguridad-sin-guerra-llaman-a-la-proxima-presidenta-a-respetar\/\" \/>\n<meta property=\"og:locale\" content=\"es_MX\" \/>\n<meta property=\"og:type\" content=\"article\" \/>\n<meta property=\"og:title\" content=\"Amnist\u00eda Internacional y Seguridad Sin Guerra llaman a la pr\u00f3xima presidenta a respetar el orden constitucional y regresar a las fuerzas armadas a sus cuarteles a desempe\u00f1ar exclusivamente las funciones que dispone la Constituci\u00f3n en tiempos de paz - amnistia.org.mx\" \/>\n<meta property=\"og:description\" content=\"Amnist\u00eda Internacional y Seguridad Sin Guerra llaman a la presidenta electa de M\u00e9xico a regresar al ej\u00e9rcito a sus cuarteles.\" \/>\n<meta property=\"og:url\" content=\"https:\/\/amnistia.org.mx\/contenido\/index.php\/amnistia-internacional-y-seguridad-sin-guerra-llaman-a-la-proxima-presidenta-a-respetar\/\" \/>\n<meta property=\"og:site_name\" content=\"amnistia.org.mx\" \/>\n<meta property=\"article:published_time\" content=\"2024-06-25T19:17:07+00:00\" \/>\n<meta property=\"article:modified_time\" content=\"2024-06-25T20:50:32+00:00\" \/>\n<meta property=\"og:image\" content=\"https:\/\/amnistia.org.mx\/contenido\/wp-content\/uploads\/2024\/06\/Foto-para-comunicado.jpeg\" \/>\n\t<meta property=\"og:image:width\" content=\"700\" \/>\n\t<meta property=\"og:image:height\" content=\"393\" \/>\n<meta name=\"twitter:card\" content=\"summary_large_image\" \/>\n<script type=\"application\/ld+json\" class=\"yoast-schema-graph\">{\"@context\":\"https:\/\/schema.org\",\"@graph\":[{\"@type\":\"WebSite\",\"@id\":\"https:\/\/amnistia.org.mx\/contenido\/#website\",\"url\":\"https:\/\/amnistia.org.mx\/contenido\/\",\"name\":\"amnistia.org.mx\",\"description\":\"Nueva p\\u00e1gina de Amnist\\u00eda\",\"potentialAction\":[{\"@type\":\"SearchAction\",\"target\":\"https:\/\/amnistia.org.mx\/contenido\/?s={search_term_string}\",\"query-input\":\"required name=search_term_string\"}],\"inLanguage\":\"es-MX\"},{\"@type\":\"ImageObject\",\"@id\":\"https:\/\/amnistia.org.mx\/contenido\/index.php\/amnistia-internacional-y-seguridad-sin-guerra-llaman-a-la-proxima-presidenta-a-respetar\/#primaryimage\",\"inLanguage\":\"es-MX\",\"url\":\"https:\/\/amnistia.org.mx\/contenido\/wp-content\/uploads\/2024\/06\/Foto-para-comunicado.jpeg\",\"width\":700,\"height\":393},{\"@type\":\"WebPage\",\"@id\":\"https:\/\/amnistia.org.mx\/contenido\/index.php\/amnistia-internacional-y-seguridad-sin-guerra-llaman-a-la-proxima-presidenta-a-respetar\/#webpage\",\"url\":\"https:\/\/amnistia.org.mx\/contenido\/index.php\/amnistia-internacional-y-seguridad-sin-guerra-llaman-a-la-proxima-presidenta-a-respetar\/\",\"name\":\"Amnist\\u00eda Internacional y Seguridad Sin Guerra llaman a la pr\\u00f3xima presidenta a respetar el orden constitucional y regresar a las fuerzas armadas a sus cuarteles a desempe\\u00f1ar exclusivamente las funciones que dispone la Constituci\\u00f3n en tiempos de paz - amnistia.org.mx\",\"isPartOf\":{\"@id\":\"https:\/\/amnistia.org.mx\/contenido\/#website\"},\"primaryImageOfPage\":{\"@id\":\"https:\/\/amnistia.org.mx\/contenido\/index.php\/amnistia-internacional-y-seguridad-sin-guerra-llaman-a-la-proxima-presidenta-a-respetar\/#primaryimage\"},\"datePublished\":\"2024-06-25T19:17:07+00:00\",\"dateModified\":\"2024-06-25T20:50:32+00:00\",\"author\":{\"@id\":\"https:\/\/amnistia.org.mx\/contenido\/#\/schema\/person\/7db421c495688267ce8ede4625c17fa5\"},\"description\":\"Amnist\\u00eda Internacional y Seguridad Sin Guerra llaman a la presidenta electa de M\\u00e9xico a regresar al ej\\u00e9rcito a sus cuarteles.\",\"breadcrumb\":{\"@id\":\"https:\/\/amnistia.org.mx\/contenido\/index.php\/amnistia-internacional-y-seguridad-sin-guerra-llaman-a-la-proxima-presidenta-a-respetar\/#breadcrumb\"},\"inLanguage\":\"es-MX\",\"potentialAction\":[{\"@type\":\"ReadAction\",\"target\":[\"https:\/\/amnistia.org.mx\/contenido\/index.php\/amnistia-internacional-y-seguridad-sin-guerra-llaman-a-la-proxima-presidenta-a-respetar\/\"]}]},{\"@type\":\"BreadcrumbList\",\"@id\":\"https:\/\/amnistia.org.mx\/contenido\/index.php\/amnistia-internacional-y-seguridad-sin-guerra-llaman-a-la-proxima-presidenta-a-respetar\/#breadcrumb\",\"itemListElement\":[{\"@type\":\"ListItem\",\"position\":1,\"item\":{\"@type\":\"WebPage\",\"@id\":\"https:\/\/amnistia.org.mx\/contenido\/\",\"url\":\"https:\/\/amnistia.org.mx\/contenido\/\",\"name\":\"Home\"}},{\"@type\":\"ListItem\",\"position\":2,\"item\":{\"@type\":\"WebPage\",\"@id\":\"https:\/\/amnistia.org.mx\/contenido\/index.php\/amnistia-internacional-y-seguridad-sin-guerra-llaman-a-la-proxima-presidenta-a-respetar\/\",\"url\":\"https:\/\/amnistia.org.mx\/contenido\/index.php\/amnistia-internacional-y-seguridad-sin-guerra-llaman-a-la-proxima-presidenta-a-respetar\/\",\"name\":\"Amnist\\u00eda Internacional y Seguridad Sin Guerra llaman a la pr\\u00f3xima presidenta a respetar el orden constitucional y regresar a las fuerzas armadas a sus cuarteles a desempe\\u00f1ar exclusivamente las funciones que dispone la Constituci\\u00f3n en tiempos de paz\"}}]},{\"@type\":[\"Person\"],\"@id\":\"https:\/\/amnistia.org.mx\/contenido\/#\/schema\/person\/7db421c495688267ce8ede4625c17fa5\",\"name\":\"Alejandro Ju\\u00e1rez Gamero\",\"image\":{\"@type\":\"ImageObject\",\"@id\":\"https:\/\/amnistia.org.mx\/contenido\/#personlogo\",\"inLanguage\":\"es-MX\",\"url\":\"https:\/\/secure.gravatar.com\/avatar\/e312d5566d1c3ffb56f86415d6f0e606?s=96&d=mm&r=g\",\"caption\":\"Alejandro Ju\\u00e1rez Gamero\"}}]}<\/script>\n<!-- \/ Yoast SEO plugin. -->","_links":{"self":[{"href":"https:\/\/amnistia.org.mx\/contenido\/index.php\/wp-json\/wp\/v2\/posts\/32496"}],"collection":[{"href":"https:\/\/amnistia.org.mx\/contenido\/index.php\/wp-json\/wp\/v2\/posts"}],"about":[{"href":"https:\/\/amnistia.org.mx\/contenido\/index.php\/wp-json\/wp\/v2\/types\/post"}],"author":[{"embeddable":true,"href":"https:\/\/amnistia.org.mx\/contenido\/index.php\/wp-json\/wp\/v2\/users\/4"}],"replies":[{"embeddable":true,"href":"https:\/\/amnistia.org.mx\/contenido\/index.php\/wp-json\/wp\/v2\/comments?post=32496"}],"version-history":[{"count":6,"href":"https:\/\/amnistia.org.mx\/contenido\/index.php\/wp-json\/wp\/v2\/posts\/32496\/revisions"}],"predecessor-version":[{"id":32506,"href":"https:\/\/amnistia.org.mx\/contenido\/index.php\/wp-json\/wp\/v2\/posts\/32496\/revisions\/32506"}],"wp:featuredmedia":[{"embeddable":true,"href":"https:\/\/amnistia.org.mx\/contenido\/index.php\/wp-json\/wp\/v2\/media\/32500"}],"wp:attachment":[{"href":"https:\/\/amnistia.org.mx\/contenido\/index.php\/wp-json\/wp\/v2\/media?parent=32496"}],"wp:term":[{"taxonomy":"category","embeddable":true,"href":"https:\/\/amnistia.org.mx\/contenido\/index.php\/wp-json\/wp\/v2\/categories?post=32496"},{"taxonomy":"post_tag","embeddable":true,"href":"https:\/\/amnistia.org.mx\/contenido\/index.php\/wp-json\/wp\/v2\/tags?post=32496"}],"curies":[{"name":"wp","href":"https:\/\/api.w.org\/{rel}","templated":true}]}}