
{"id":32613,"date":"2024-07-04T13:27:00","date_gmt":"2024-07-04T18:27:00","guid":{"rendered":"https:\/\/amnistia.org.mx\/contenido\/?p=32613"},"modified":"2024-07-04T18:11:17","modified_gmt":"2024-07-04T23:11:17","slug":"politica-exterior-feminista","status":"publish","type":"post","link":"https:\/\/amnistia.org.mx\/contenido\/index.php\/politica-exterior-feminista\/","title":{"rendered":"JUSTICIA FISCAL FEMINISTA, DERECHOS SEXUALES Y REPRODUCTIVOS Y ACCESO A LA JUSTICIA, INDISPENSABLES EN LA POLITICA EXTERIOR FEMINISTA"},"content":{"rendered":"\n<figure class=\"wp-block-image alignwide size-large\"><img decoding=\"async\" loading=\"lazy\" width=\"1024\" height=\"683\" src=\"https:\/\/amnistia.org.mx\/contenido\/wp-content\/uploads\/2024\/07\/GRlwh9rWEAAPeCT-1024x683.jpeg\" alt=\"\" class=\"wp-image-32624\"\/><\/figure>\n\n\n\n<ul>\n<li><em>Tres pa\u00edses en la regi\u00f3n han adoptado una pol\u00edtica exterior feminista (PEF): M\u00e9xico, Chile y Colombia<\/em><\/li>\n\n\n\n<li><em>M\u00e9xico es el pa\u00eds que peor recauda ingresos tributarios de la OCDE y que se encuentra por debajo de la tasa de recaudaci\u00f3n de la regi\u00f3n.<\/em><\/li>\n\n\n\n<li><em>ALC sigue siendo una regi\u00f3n restrictiva y punitiva en leyes de aborto con 9 pa\u00edses que lo proh\u00edben totalmente.<\/em><\/li>\n\n\n\n<li><em>Una PEF efectiva y transformadora requiere un di\u00e1logo abierto, plural y cr\u00edtico basado en la participaci\u00f3n social.<\/em><\/li>\n\n\n\n<li><em>La justicia social es el principio rector de las PEF en ALC.<\/em><\/li>\n<\/ul>\n\n\n\n<p><strong>Ciudad de M\u00e9xico, 4 de julio de 2024. <\/strong>El martes 2 de julio, la <strong>Red Mexicana de Pol\u00edtica Exterior Feminista (RMPEF) <\/strong>organiz\u00f3 el evento paralelo \u201c<em>Hacia una Pol\u00edtica Exterior Feminista en Am\u00e9rica Latina y el Caribe<\/em>\u201d, en el marco de la III Conferencia Ministerial sobre Pol\u00edticas Exteriores Feministas. Dicha conferencia fue auspiciada por la Secretar\u00eda de Relaciones Exteriores de M\u00e9xico, siendo la primera vez que se celebra en un pa\u00eds del Sur Global. Las ediciones anteriores fueron en Alemania (2022) y Pa\u00edses Bajos (2023). Para la <strong>RMPEF <\/strong>esta ocasi\u00f3n signific\u00f3 una oportunidad \u00fanica e imperdible, para poner en el centro de estas discusiones la perspectiva de la sociedad civil y la academia latinoamericanas. La mayor\u00eda de los pa\u00edses con Pol\u00edtica Exterior Feminista (PEF) forman parte del Norte Global, por ejemplo, Canad\u00e1, Francia, Espa\u00f1a, Luxemburgo y Alemania. Sin embargo, la reciente aparici\u00f3n de PEF en Am\u00e9rica Latina y el Caribe (ALC) ha inclinado la tendencia hacia el Sur Global: M\u00e9xico (2020), Chile (2023) y Colombia (2024). Con la hist\u00f3rica elecci\u00f3n de la primera mujer presidenta en M\u00e9xico<strong>, Claudia Sheinbaum, <\/strong>hay una gran oportunidad para dotar de contenido a la PEF en M\u00e9xico y fortalecer esta tendencia en la regi\u00f3n. Durante el evento paralelo se desarrollaron cuatro paneles tem\u00e1ticos sobre aspectos y temas prioritarios de la agenda de la PEF en la regi\u00f3n: 1) la conceptualizaci\u00f3n de la PEF desde ALC, 2) la justicia fiscal feminista, 3) los derechos sexuales y reproductivos y 4) el acceso a las justicias. Paulina Rivera, integrante de la <strong>RMPEF<\/strong>, explic\u00f3 que no hay una definici\u00f3n consensuada sobre qu\u00e9 es una PEF, pero s\u00ed ideas dominantes que deben ser analizadas, politizadas y reevaluadas. Sugiri\u00f3 que los pa\u00edses que se nombran desde el Sur Global deben promover una PEF que busque desmantelar las opresiones estructurales, las cuales han sido hist\u00f3ricamente construidas mediante procesos coloniales. Tambi\u00e9n afirm\u00f3 que no existen conceptos universales y que hay diversas formas de entender el mundo que deben ser incluidas, mediante un di\u00e1logo horizontal, inclusivo e intercultural. A la pregunta \u00bfD\u00f3nde est\u00e1n las mujeres en la pol\u00edtica exterior latinoamericana? Andr\u00e9s B\u00f3rquez, investigador de Pol\u00edtica Exterior Feminista en Am\u00e9rica Latina (PEFAL) y acad\u00e9mico del Instituto de Estudios Internacionales de la Universidad de Chile, report\u00f3 que, <strong>\u201cla <em>participaci\u00f3n de las mujeres en la diplomacia latinoamericana avanza, pero de manera desigual. Mientras \u00e1reas como la diplomacia clim\u00e1tica y comercial muestran progresos, la mayor\u00eda de los pa\u00edses a\u00fan enfrentan desaf\u00edos significativos. El camino hacia la equidad en pol\u00edtica exterior requiere consolidar y extender los compromisos institucionales y las reformas normativas ya iniciadas en varios pa\u00edses de la regi\u00f3n<\/em>\u201d.<\/strong><\/p>\n\n\n\n<p>Por su parte, Daniela Castro, integrante del Observatorio Mexicano de Pol\u00edtica Exterior Feminista (OMPEF), enfatiz\u00f3 que una PEF \u201c<em>no solo la construye el Estado, la construimos todas, todos y todes<\/em>\u201d. Asimismo, reconoci\u00f3 que se tienen altas expectativas que con la primer presidenta mujer en M\u00e9xico se pueda avanzar y consolidar una PEF \u201cde todas y para todas, desde el Sur Global, anticolonial, en conjunto con los pa\u00edses hermanos de la regi\u00f3n, por una ALC m\u00e1s justa, incluyente, sostenible y feminista\u201d.<\/p>\n\n\n\n<p>Respecto al tema de la <strong>justicia fiscal feminista<\/strong>, Isabel Mateos, Coordinadora de Inversi\u00f3n Social para el Futuro de Oxfam M\u00e9xico, record\u00f3 que <em>M\u00e9xico es el pa\u00eds que peor recauda ingresos tributarios de la OCDE <\/em>y que se encuentra por debajo de la tasa de recaudaci\u00f3n de la regi\u00f3n. En sus propias palabras: \u201c<em>Somos una anomal\u00eda fiscal, una econom\u00eda de renta media con una recaudaci\u00f3n baj\u00edsima y muy poca posibilidad de inversi\u00f3n p\u00fablica<\/em>\u201d.<\/p>\n\n\n\n<p>Frente a las discusiones actuales sobre la gobernanza fiscal internacional en espacios como la ONU o el G20 \u201c<em>M\u00e9xico tiene la oportunidad de ser punta de lanza en la inclusi\u00f3n de una perspectiva feminista en estas discusiones desde su compromiso con una PEF<\/em>\u201d. De acuerdo con la CEPAL, en <strong>ALC 3 de cada 10 mujeres viven en pobreza y 1 de cada 10 en pobreza extrema<\/strong>. En este sentido, la regi\u00f3n tiene un problema de desigualdad econ\u00f3mica directamente relacionado con la desigualdad de g\u00e9nero. \u201c<em>La propuesta no es c\u00f3mo incluir a las mujeres y ni\u00f1as en el modelo econ\u00f3mico, sino c\u00f3mo imaginar nuevos modelos econ\u00f3micos que centren la sostenibilidad de la vida y los derechos de las personas en lugar de la acumulaci\u00f3n<\/em>\u201d.<\/p>\n\n\n\n<p>Frania Colmenero, del Grupo de Informaci\u00f3n en Reproducci\u00f3n Elegida (GIRE), explic\u00f3 la situaci\u00f3n de los derechos sexuales y reproductivos en M\u00e9xico: \u201c<em>solo 13 de las 32 entidades federativas tienen despenalizado el aborto, la mayor\u00eda lo permite a trav\u00e9s de un modelo de despenalizaci\u00f3n que lo condiciona a plazos y escenarios<\/em>\u201d. A pesar de existir avances normativos para poder acceder a una interrupci\u00f3n del embarazo, para Colmenero \u201c<em>las instituciones p\u00fablicas de salud en M\u00e9xico siguen negando el servicio de aborto, entre ellas a ni\u00f1as y adolescentes v\u00edctimas de violencia sexual<\/em>\u201d. Asimismo, reconoci\u00f3 los avances en la despenalizaci\u00f3n del aborto en la regi\u00f3n latinoamericana, especialmente en Colombia, Argentina, y la pronta discusi\u00f3n de la despenalizaci\u00f3n en Chile y Ecuador. Sin embargo, <strong>ALC sigue siendo una de las regiones m\u00e1s restrictivas y punitivas en leyes de aborto, pues son 9 pa\u00edses <\/strong>(El Salvador, Hait\u00ed, Honduras, Nicaragua, Rep\u00fablica Dominicana, Aruba, Curazao, Jamaica y Surinam) que a\u00fan <strong>lo proh\u00edben totalmente<\/strong>. Para Colmenero, \u201c<em>no se puede hablar de una PEF en contextos en donde se criminalice el aborto y no se reconozca como un servicio de salud reproductiva<\/em>\u201d.<\/p>\n\n\n\n<p>Finalmente, sobre el tema del <strong>acceso a las justicias <\/strong>como asunto de la PEF, Nancy Carmona, Coordinadora del \u00e1rea de Pol\u00edticas P\u00fablicas de EQUIS Justicia para las Mujeres (EQUIS), sostuvo que los pa\u00edses con una PEF deben repensar la justicia m\u00e1s all\u00e1 del sistema punitivo. \u201c<em>Esto implica el involucramiento de diversas instituciones m\u00e1s<\/em> <em>all\u00e1 de las penales, donde la diversidad de mujeres sea escuchada desde sus contextos, realidades, historias e identidades, para disminuir la impunidad<\/em>\u201d.<\/p>\n\n\n\n<p>As\u00ed, la PEF debe apostar por modelos de justicia que pongan en el centro la construcci\u00f3n de paz, como lo ha hecho Colombia, desde donde se impulsa un modelo de garant\u00edas de no repetici\u00f3n y seguridad para todas las personas, con est\u00e1ndares que eviten la impunidad y garanticen los derechos de las v\u00edctimas a la verdad, la justicia y la reparaci\u00f3n.<\/p>\n\n\n\n<p>El evento paralelo evidenci\u00f3 la importancia y la necesidad de escuchar las voces de la sociedad civil y la academia como aliadas y promotoras de una PEF efectiva. Su experiencia y conocimiento deben ser incorporados en el dise\u00f1o y la implementaci\u00f3n de esta nueva pol\u00edtica.<\/p>\n\n\n\n<p>La <strong>RMPEF <\/strong>es una organizaci\u00f3n compuesta por acad\u00e9micas, activistas, expertas y representantes de organizaciones de la sociedad civil, cuyo objetivo es analizar e influir en la formulaci\u00f3n, dise\u00f1o e implementaci\u00f3n de la PEF en M\u00e9xico. Se gu\u00edan por los principios del di\u00e1logo horizontal, el pluralismo y la inclusi\u00f3n, los cuales consideran esenciales para cualquier propuesta que se denomine feminista y transformadora.<\/p>\n\n\n\n<p><strong>Para m\u00e1s informaci\u00f3n o para concertar una entrevista, contacte a:<\/strong><\/p>\n\n\n\n<p>Alejandro Ju\u00e1rez Gamero (Amnist\u00eda Internacional M\u00e9xico): <a href=\"mailto:prensa@amnistia.org.mx\">prensa@amnistia.org.mx<\/a><\/p>\n\n\n\n<p>+52 55 2265 4331<\/p>\n","protected":false},"excerpt":{"rendered":"<p>Ciudad de M\u00e9xico, 4 de julio de 2024. El martes 2 de julio, la Red Mexicana de Pol\u00edtica Exterior Feminista (RMPEF) organiz\u00f3 el evento paralelo \u201cHacia una Pol\u00edtica Exterior Feminista &hellip;<\/p>\n<p class=\"read-more\"> <a class=\"\" href=\"https:\/\/amnistia.org.mx\/contenido\/index.php\/politica-exterior-feminista\/\"> <span class=\"screen-reader-text\">JUSTICIA FISCAL FEMINISTA, DERECHOS SEXUALES Y REPRODUCTIVOS Y ACCESO A LA JUSTICIA, INDISPENSABLES EN LA POLITICA EXTERIOR FEMINISTA<\/span> Leer m\u00e1s &raquo;<\/a><\/p>\n","protected":false},"author":16,"featured_media":32620,"comment_status":"closed","ping_status":"closed","sticky":false,"template":"","format":"standard","meta":{"_uf_show_specific_survey":0,"_uf_disable_surveys":false,"site-sidebar-layout":"default","site-content-layout":"default","ast-global-header-display":"","ast-main-header-display":"","ast-hfb-above-header-display":"","ast-hfb-below-header-display":"","ast-hfb-mobile-header-display":"","site-post-title":"","ast-breadcrumbs-content":"","ast-featured-img":"","footer-sml-layout":"","theme-transparent-header-meta":"","adv-header-id-meta":"","stick-header-meta":"","header-above-stick-meta":"","header-main-stick-meta":"","header-below-stick-meta":""},"categories":[20],"tags":[28],"acf":[],"aioseo_notices":[],"yoast_head":"<!-- This site is optimized with the Yoast SEO plugin v14.5 - https:\/\/yoast.com\/wordpress\/plugins\/seo\/ -->\n<title>JUSTICIA FISCAL FEMINISTA, DERECHOS SEXUALES Y REPRODUCTIVOS Y ACCESO A LA JUSTICIA, INDISPENSABLES EN LA POLITICA EXTERIOR FEMINISTA - amnistia.org.mx<\/title>\n<meta name=\"description\" content=\"El Estado mexicano debe garantizar los derechos de las personas transg\u00e9nero de pueblos originarios e infancias y adolescencias trans: Amnist\u00eda Internacional\" \/>\n<meta name=\"robots\" content=\"index, follow\" \/>\n<meta name=\"googlebot\" content=\"index, follow, max-snippet:-1, max-image-preview:large, max-video-preview:-1\" \/>\n<meta name=\"bingbot\" content=\"index, follow, max-snippet:-1, max-image-preview:large, max-video-preview:-1\" \/>\n<link rel=\"canonical\" href=\"https:\/\/amnistia.org.mx\/contenido\/index.php\/politica-exterior-feminista\/\" \/>\n<meta property=\"og:locale\" content=\"es_MX\" \/>\n<meta property=\"og:type\" content=\"article\" \/>\n<meta property=\"og:title\" content=\"JUSTICIA FISCAL FEMINISTA, DERECHOS SEXUALES Y REPRODUCTIVOS Y ACCESO A LA JUSTICIA, INDISPENSABLES EN LA POLITICA EXTERIOR FEMINISTA - amnistia.org.mx\" \/>\n<meta property=\"og:description\" content=\"El Estado mexicano debe garantizar los derechos de las personas transg\u00e9nero de pueblos originarios e infancias y adolescencias trans: Amnist\u00eda Internacional\" \/>\n<meta property=\"og:url\" content=\"https:\/\/amnistia.org.mx\/contenido\/index.php\/politica-exterior-feminista\/\" \/>\n<meta property=\"og:site_name\" content=\"amnistia.org.mx\" \/>\n<meta property=\"article:published_time\" content=\"2024-07-04T18:27:00+00:00\" \/>\n<meta property=\"article:modified_time\" content=\"2024-07-04T23:11:17+00:00\" \/>\n<meta property=\"og:image\" content=\"https:\/\/amnistia.org.mx\/contenido\/wp-content\/uploads\/2024\/07\/GRnJTzZWAAAgCXI.jpeg\" \/>\n\t<meta property=\"og:image:width\" content=\"1280\" \/>\n\t<meta property=\"og:image:height\" content=\"880\" \/>\n<meta name=\"twitter:card\" content=\"summary_large_image\" \/>\n<script type=\"application\/ld+json\" class=\"yoast-schema-graph\">{\"@context\":\"https:\/\/schema.org\",\"@graph\":[{\"@type\":\"WebSite\",\"@id\":\"https:\/\/amnistia.org.mx\/contenido\/#website\",\"url\":\"https:\/\/amnistia.org.mx\/contenido\/\",\"name\":\"amnistia.org.mx\",\"description\":\"Nueva p\\u00e1gina de Amnist\\u00eda\",\"potentialAction\":[{\"@type\":\"SearchAction\",\"target\":\"https:\/\/amnistia.org.mx\/contenido\/?s={search_term_string}\",\"query-input\":\"required name=search_term_string\"}],\"inLanguage\":\"es-MX\"},{\"@type\":\"ImageObject\",\"@id\":\"https:\/\/amnistia.org.mx\/contenido\/index.php\/politica-exterior-feminista\/#primaryimage\",\"inLanguage\":\"es-MX\",\"url\":\"https:\/\/amnistia.org.mx\/contenido\/wp-content\/uploads\/2024\/07\/GRnJTzZWAAAgCXI.jpeg\",\"width\":1280,\"height\":880},{\"@type\":\"WebPage\",\"@id\":\"https:\/\/amnistia.org.mx\/contenido\/index.php\/politica-exterior-feminista\/#webpage\",\"url\":\"https:\/\/amnistia.org.mx\/contenido\/index.php\/politica-exterior-feminista\/\",\"name\":\"JUSTICIA FISCAL FEMINISTA, DERECHOS SEXUALES Y REPRODUCTIVOS Y ACCESO A LA JUSTICIA, INDISPENSABLES EN LA POLITICA EXTERIOR FEMINISTA - amnistia.org.mx\",\"isPartOf\":{\"@id\":\"https:\/\/amnistia.org.mx\/contenido\/#website\"},\"primaryImageOfPage\":{\"@id\":\"https:\/\/amnistia.org.mx\/contenido\/index.php\/politica-exterior-feminista\/#primaryimage\"},\"datePublished\":\"2024-07-04T18:27:00+00:00\",\"dateModified\":\"2024-07-04T23:11:17+00:00\",\"author\":{\"@id\":\"https:\/\/amnistia.org.mx\/contenido\/#\/schema\/person\/3591ea02d9feb059690a05600cba6abc\"},\"description\":\"El Estado mexicano debe garantizar los derechos de las personas transg\\u00e9nero de pueblos originarios e infancias y adolescencias trans: Amnist\\u00eda Internacional\",\"breadcrumb\":{\"@id\":\"https:\/\/amnistia.org.mx\/contenido\/index.php\/politica-exterior-feminista\/#breadcrumb\"},\"inLanguage\":\"es-MX\",\"potentialAction\":[{\"@type\":\"ReadAction\",\"target\":[\"https:\/\/amnistia.org.mx\/contenido\/index.php\/politica-exterior-feminista\/\"]}]},{\"@type\":\"BreadcrumbList\",\"@id\":\"https:\/\/amnistia.org.mx\/contenido\/index.php\/politica-exterior-feminista\/#breadcrumb\",\"itemListElement\":[{\"@type\":\"ListItem\",\"position\":1,\"item\":{\"@type\":\"WebPage\",\"@id\":\"https:\/\/amnistia.org.mx\/contenido\/\",\"url\":\"https:\/\/amnistia.org.mx\/contenido\/\",\"name\":\"Home\"}},{\"@type\":\"ListItem\",\"position\":2,\"item\":{\"@type\":\"WebPage\",\"@id\":\"https:\/\/amnistia.org.mx\/contenido\/index.php\/politica-exterior-feminista\/\",\"url\":\"https:\/\/amnistia.org.mx\/contenido\/index.php\/politica-exterior-feminista\/\",\"name\":\"JUSTICIA FISCAL FEMINISTA, DERECHOS SEXUALES Y REPRODUCTIVOS Y ACCESO A LA JUSTICIA, INDISPENSABLES EN LA POLITICA EXTERIOR FEMINISTA\"}}]},{\"@type\":[\"Person\"],\"@id\":\"https:\/\/amnistia.org.mx\/contenido\/#\/schema\/person\/3591ea02d9feb059690a05600cba6abc\",\"name\":\"Cristopher Isa\\u00ed Cruz Ordo\\u00f1ez\",\"image\":{\"@type\":\"ImageObject\",\"@id\":\"https:\/\/amnistia.org.mx\/contenido\/#personlogo\",\"inLanguage\":\"es-MX\",\"url\":\"https:\/\/secure.gravatar.com\/avatar\/a100f5949b8e942bf669a0aecb41ebbd?s=96&d=mm&r=g\",\"caption\":\"Cristopher Isa\\u00ed Cruz Ordo\\u00f1ez\"}}]}<\/script>\n<!-- \/ Yoast SEO plugin. -->","_links":{"self":[{"href":"https:\/\/amnistia.org.mx\/contenido\/index.php\/wp-json\/wp\/v2\/posts\/32613"}],"collection":[{"href":"https:\/\/amnistia.org.mx\/contenido\/index.php\/wp-json\/wp\/v2\/posts"}],"about":[{"href":"https:\/\/amnistia.org.mx\/contenido\/index.php\/wp-json\/wp\/v2\/types\/post"}],"author":[{"embeddable":true,"href":"https:\/\/amnistia.org.mx\/contenido\/index.php\/wp-json\/wp\/v2\/users\/16"}],"replies":[{"embeddable":true,"href":"https:\/\/amnistia.org.mx\/contenido\/index.php\/wp-json\/wp\/v2\/comments?post=32613"}],"version-history":[{"count":8,"href":"https:\/\/amnistia.org.mx\/contenido\/index.php\/wp-json\/wp\/v2\/posts\/32613\/revisions"}],"predecessor-version":[{"id":32637,"href":"https:\/\/amnistia.org.mx\/contenido\/index.php\/wp-json\/wp\/v2\/posts\/32613\/revisions\/32637"}],"wp:featuredmedia":[{"embeddable":true,"href":"https:\/\/amnistia.org.mx\/contenido\/index.php\/wp-json\/wp\/v2\/media\/32620"}],"wp:attachment":[{"href":"https:\/\/amnistia.org.mx\/contenido\/index.php\/wp-json\/wp\/v2\/media?parent=32613"}],"wp:term":[{"taxonomy":"category","embeddable":true,"href":"https:\/\/amnistia.org.mx\/contenido\/index.php\/wp-json\/wp\/v2\/categories?post=32613"},{"taxonomy":"post_tag","embeddable":true,"href":"https:\/\/amnistia.org.mx\/contenido\/index.php\/wp-json\/wp\/v2\/tags?post=32613"}],"curies":[{"name":"wp","href":"https:\/\/api.w.org\/{rel}","templated":true}]}}