
{"id":32827,"date":"2024-08-01T17:09:12","date_gmt":"2024-08-01T22:09:12","guid":{"rendered":"https:\/\/amnistia.org.mx\/contenido\/?p=32827"},"modified":"2024-08-01T17:12:05","modified_gmt":"2024-08-01T22:12:05","slug":"guatemala-amnistia-internacional-nombra-a-jose-ruben-zamora-preso-de-conciencia","status":"publish","type":"post","link":"https:\/\/amnistia.org.mx\/contenido\/index.php\/guatemala-amnistia-internacional-nombra-a-jose-ruben-zamora-preso-de-conciencia\/","title":{"rendered":"<strong>Guatemala: Amnist\u00eda Internacional nombra a Jos\u00e9 Rub\u00e9n Zamora preso de conciencia y exige su liberaci\u00f3n<\/strong>"},"content":{"rendered":"\n<p>El d\u00eda de hoy, Amnist\u00eda Internacional declar\u00f3 al periodista Jos\u00e9 Rub\u00e9n Zamora preso de conciencia, y exigi\u00f3 a las autoridades del Ministerio P\u00fablico y del Organismo Judicial su liberaci\u00f3n inmediata e incondicional.<\/p>\n\n\n\n<p>\u201cJos\u00e9 Rub\u00e9n Zamora est\u00e1 perseguido por el ejercicio de su derecho a la libertad de expresi\u00f3n en el marco de sus labores period\u00edsticas de investigaci\u00f3n y denuncia de la corrupci\u00f3n. Lamentablemente, Jos\u00e9 Rub\u00e9n Zamora es una v\u00edctima m\u00e1s de la estrategia de persecuci\u00f3n por motivos pol\u00edticos llevada a cabo por el Ministerio P\u00fablico y el Organismo Judicial. No debe pasar ni un d\u00eda m\u00e1s en la c\u00e1rcel, su sufrimiento debe detenerse inmediatamente\u201d declar\u00f3 Ana Piquer, directora para las Am\u00e9ricas de Amnist\u00eda Internacional.<\/p>\n\n\n\n<p>El 29 de julio de 2024, el periodista de 67 a\u00f1os, fundador del medio de investigaci\u00f3n El Peri\u00f3dico, cumplir\u00e1 dos a\u00f1os en la c\u00e1rcel militar de Mariscal Zavala. <a>Fue detenido el 29 de julio de 2022 en su casa en la ciudad de Guatemala y desde entonces se encuentra en prisi\u00f3n preventiva.<\/a> El Ministerio P\u00fablico lo acusa del delito de lavado de dinero. El 14 de junio de 2023, un tribunal lo declar\u00f3 culpable y lo conden\u00f3 a una pena de seis a\u00f1os de prisi\u00f3n. Sin embargo, en octubre de este a\u00f1o, la Corte de Apelaciones anul\u00f3 esta sentencia y orden\u00f3 repetir el juicio, algo que no ha ocurrido a la fecha. Mientras tanto, el Ministerio P\u00fablico abri\u00f3 dos procesos penales m\u00e1s en su contra, que incluyen cargos de obstrucci\u00f3n de la justicia y uso de documentos falsificados.<\/p>\n\n\n\n<p>En marzo de 2024, el Grupo de Trabajo de las Naciones Unidas sobre la Detenci\u00f3n Arbitraria declar\u00f3 la detenci\u00f3n de Jos\u00e9 Rub\u00e9n Zamora arbitraria y exigi\u00f3 su liberaci\u00f3n. En julio, sus abogados enviaron una comunicaci\u00f3n urgente a la Relatora Especial de las Naciones Unidas sobre la Tortura, alertando sobre las condiciones de detenci\u00f3n del periodista e incluso hechos que podr\u00edan constituir actos de tortura, tratos crueles e inhumanos.<\/p>\n\n\n\n<p>Amnist\u00eda Internacional ha documentado numerosas violaciones de los derechos humanos de Jos\u00e9 Rub\u00e9n Zamora, incluido el derecho a la libertad personal en raz\u00f3n de su detenci\u00f3n arbitraria y el derecho a un juicio justo. Se han documentado violaciones a su derecho de defensa, incluyendo el hostigamiento contra sus abogados, el derecho a ser juzgado por un tribunal independiente e imparcial, y los numerosos retrasos indebidos y estrategias dilatorias, entre otras vulneraciones.<\/p>\n\n\n\n<p>Jos\u00e9 Rub\u00e9n Zamora es un destacado periodista guatemalteco, reconocido con varios premios internacionales. Los procesos penales infundados en su contra se enmarcan en el contexto de persecuci\u00f3n penal por motivos pol\u00edticos en contra de personas operadoras de justicia y defensoras de derechos humanos que han luchado contra la corrupci\u00f3n y la impunidad, que ha documentado Amnist\u00eda Internacional.<\/p>\n\n\n\n<p>\u201cLa detenci\u00f3n arbitraria prolongada y los procesos penales infundados que enfrenta no solamente son violaciones a los derechos humanos de Jos\u00e9 Rub\u00e9n Zamora, sino que estas estrategias malintencionadas est\u00e1n siendo usadas para coartar la libertad de expresi\u00f3n a todas las personas en Guatemala. Liberar inmediatamente a Jos\u00e9 Rub\u00e9n es un imperativo para las autoridades guatemaltecas a la luz de sus compromisos en materia de derechos humanos\u201d, agreg\u00f3 Ana Piquer.<\/p>\n\n\n\n<p><strong>Informaci\u00f3n de contexto<\/strong><\/p>\n\n\n\n<p>La determinaci\u00f3n de Amnist\u00eda Internacional de la condici\u00f3n de preso de conciencia se basa en la informaci\u00f3n de que dispone Amnist\u00eda Internacional sobre las circunstancias que llevaron a la detenci\u00f3n de la persona. Al nombrar a una persona presa de conciencia, Amnist\u00eda Internacional afirma que esa persona debe ser puesta en libertad de inmediato y sin condiciones, pero no respalda sus opiniones o conducta pasadas o presentes.<\/p>\n\n\n\n<p>Para m\u00e1s informaci\u00f3n o solicitar una entrevista, por favor contacte a <a href=\"mailto:press@amnesty.org\">press@amnesty.org<\/a><\/p>\n\n\n\n<p><strong>Informaci\u00f3n adicional<\/strong><\/p>\n\n\n\n<p><a href=\"https:\/\/www.amnesty.org\/es\/latest\/news\/2024\/07\/guatemala-denuncia-nueva-condena-contra-exfiscal-virginia-laparra\/\">Guatemala: Amnist\u00eda Internacional denuncia nueva condena contra la exfiscal Virginia Laparra. (Noticias, Julio 8, 2024)<\/a><\/p>\n\n\n\n<p><a href=\"https:\/\/www.amnesty.org\/es\/documents\/amr34\/7912\/2024\/es\/\">Guatemala: Todo el sistema en contra: Criminalizaci\u00f3n de mujeres operadoras de justicia y defensoras de derechos humanos en Guatemala. (Investigaci\u00f3n, Mayo 23, 2024)<\/a><\/p>\n\n\n\n<p><a href=\"https:\/\/www.amnesty.org\/es\/latest\/news\/2023\/11\/hunting-season-against-justice-officials-guatemala\/\">Guatemala: Temporada de caza contra operadores de justicia en Guatemala. (Noticias, Noviembre 22, 2023)<\/a><\/p>\n\n\n\n<p><a href=\"https:\/\/www.amnesty.org\/es\/latest\/news\/2022\/03\/guatemala-bernardo-caal-xol-should-never-have-spent-a-day-in-prison\/\">Guatemala: Bernardo Caal Xol nunca debi\u00f3 pasar un d\u00eda en prisi\u00f3n. (Noticias, Marzo 25, 2022)<\/a><\/p>\n","protected":false},"excerpt":{"rendered":"<p>El d\u00eda de hoy, Amnist\u00eda Internacional declar\u00f3 al periodista Jos\u00e9 Rub\u00e9n Zamora preso de conciencia, y exigi\u00f3 a las autoridades del Ministerio P\u00fablico y del Organismo Judicial su liberaci\u00f3n inmediata &hellip;<\/p>\n<p class=\"read-more\"> <a class=\"\" href=\"https:\/\/amnistia.org.mx\/contenido\/index.php\/guatemala-amnistia-internacional-nombra-a-jose-ruben-zamora-preso-de-conciencia\/\"> <span class=\"screen-reader-text\"><strong>Guatemala: Amnist\u00eda Internacional nombra a Jos\u00e9 Rub\u00e9n Zamora preso de conciencia y exige su liberaci\u00f3n<\/strong><\/span> Leer m\u00e1s &raquo;<\/a><\/p>\n","protected":false},"author":4,"featured_media":32829,"comment_status":"closed","ping_status":"closed","sticky":false,"template":"","format":"standard","meta":{"_uf_show_specific_survey":0,"_uf_disable_surveys":false,"site-sidebar-layout":"default","site-content-layout":"default","ast-global-header-display":"","ast-main-header-display":"","ast-hfb-above-header-display":"","ast-hfb-below-header-display":"","ast-hfb-mobile-header-display":"","site-post-title":"","ast-breadcrumbs-content":"","ast-featured-img":"","footer-sml-layout":"","theme-transparent-header-meta":"","adv-header-id-meta":"","stick-header-meta":"","header-above-stick-meta":"","header-main-stick-meta":"","header-below-stick-meta":""},"categories":[9],"tags":[98],"acf":[],"aioseo_notices":[],"yoast_head":"<!-- This site is optimized with the Yoast SEO plugin v14.5 - https:\/\/yoast.com\/wordpress\/plugins\/seo\/ -->\n<title>Guatemala: Amnist\u00eda Internacional nombra a Jos\u00e9 Rub\u00e9n Zamora preso de conciencia y exige su liberaci\u00f3n - amnistia.org.mx<\/title>\n<meta name=\"description\" content=\"Amnist\u00eda Internacional nombra al periodista guatemalteco, Jos\u00e9 Rub\u00e9n Zamora, preso de conciencia y exige su liberaci\u00f3n inmediata e incondicional.\" \/>\n<meta name=\"robots\" content=\"index, follow\" \/>\n<meta name=\"googlebot\" content=\"index, follow, max-snippet:-1, max-image-preview:large, max-video-preview:-1\" \/>\n<meta name=\"bingbot\" content=\"index, follow, max-snippet:-1, max-image-preview:large, max-video-preview:-1\" \/>\n<link rel=\"canonical\" href=\"https:\/\/amnistia.org.mx\/contenido\/index.php\/guatemala-amnistia-internacional-nombra-a-jose-ruben-zamora-preso-de-conciencia\/\" \/>\n<meta property=\"og:locale\" content=\"es_MX\" \/>\n<meta property=\"og:type\" content=\"article\" \/>\n<meta property=\"og:title\" content=\"Guatemala: Amnist\u00eda Internacional nombra a Jos\u00e9 Rub\u00e9n Zamora preso de conciencia y exige su liberaci\u00f3n - amnistia.org.mx\" \/>\n<meta property=\"og:description\" content=\"Amnist\u00eda Internacional nombra al periodista guatemalteco, Jos\u00e9 Rub\u00e9n Zamora, preso de conciencia y exige su liberaci\u00f3n inmediata e incondicional.\" \/>\n<meta property=\"og:url\" content=\"https:\/\/amnistia.org.mx\/contenido\/index.php\/guatemala-amnistia-internacional-nombra-a-jose-ruben-zamora-preso-de-conciencia\/\" \/>\n<meta property=\"og:site_name\" content=\"amnistia.org.mx\" \/>\n<meta property=\"article:published_time\" content=\"2024-08-01T22:09:12+00:00\" \/>\n<meta property=\"article:modified_time\" content=\"2024-08-01T22:12:05+00:00\" \/>\n<meta property=\"og:image\" content=\"https:\/\/amnistia.org.mx\/contenido\/wp-content\/uploads\/2024\/08\/Foto-ajustada-1.jpg\" \/>\n\t<meta property=\"og:image:width\" content=\"700\" \/>\n\t<meta property=\"og:image:height\" content=\"339\" \/>\n<meta name=\"twitter:card\" content=\"summary_large_image\" \/>\n<script type=\"application\/ld+json\" class=\"yoast-schema-graph\">{\"@context\":\"https:\/\/schema.org\",\"@graph\":[{\"@type\":\"WebSite\",\"@id\":\"https:\/\/amnistia.org.mx\/contenido\/#website\",\"url\":\"https:\/\/amnistia.org.mx\/contenido\/\",\"name\":\"amnistia.org.mx\",\"description\":\"Nueva p\\u00e1gina de Amnist\\u00eda\",\"potentialAction\":[{\"@type\":\"SearchAction\",\"target\":\"https:\/\/amnistia.org.mx\/contenido\/?s={search_term_string}\",\"query-input\":\"required name=search_term_string\"}],\"inLanguage\":\"es-MX\"},{\"@type\":\"ImageObject\",\"@id\":\"https:\/\/amnistia.org.mx\/contenido\/index.php\/guatemala-amnistia-internacional-nombra-a-jose-ruben-zamora-preso-de-conciencia\/#primaryimage\",\"inLanguage\":\"es-MX\",\"url\":\"https:\/\/amnistia.org.mx\/contenido\/wp-content\/uploads\/2024\/08\/Foto-ajustada-1.jpg\",\"width\":700,\"height\":339},{\"@type\":\"WebPage\",\"@id\":\"https:\/\/amnistia.org.mx\/contenido\/index.php\/guatemala-amnistia-internacional-nombra-a-jose-ruben-zamora-preso-de-conciencia\/#webpage\",\"url\":\"https:\/\/amnistia.org.mx\/contenido\/index.php\/guatemala-amnistia-internacional-nombra-a-jose-ruben-zamora-preso-de-conciencia\/\",\"name\":\"Guatemala: Amnist\\u00eda Internacional nombra a Jos\\u00e9 Rub\\u00e9n Zamora preso de conciencia y exige su liberaci\\u00f3n - amnistia.org.mx\",\"isPartOf\":{\"@id\":\"https:\/\/amnistia.org.mx\/contenido\/#website\"},\"primaryImageOfPage\":{\"@id\":\"https:\/\/amnistia.org.mx\/contenido\/index.php\/guatemala-amnistia-internacional-nombra-a-jose-ruben-zamora-preso-de-conciencia\/#primaryimage\"},\"datePublished\":\"2024-08-01T22:09:12+00:00\",\"dateModified\":\"2024-08-01T22:12:05+00:00\",\"author\":{\"@id\":\"https:\/\/amnistia.org.mx\/contenido\/#\/schema\/person\/7db421c495688267ce8ede4625c17fa5\"},\"description\":\"Amnist\\u00eda Internacional nombra al periodista guatemalteco, Jos\\u00e9 Rub\\u00e9n Zamora, preso de conciencia y exige su liberaci\\u00f3n inmediata e incondicional.\",\"breadcrumb\":{\"@id\":\"https:\/\/amnistia.org.mx\/contenido\/index.php\/guatemala-amnistia-internacional-nombra-a-jose-ruben-zamora-preso-de-conciencia\/#breadcrumb\"},\"inLanguage\":\"es-MX\",\"potentialAction\":[{\"@type\":\"ReadAction\",\"target\":[\"https:\/\/amnistia.org.mx\/contenido\/index.php\/guatemala-amnistia-internacional-nombra-a-jose-ruben-zamora-preso-de-conciencia\/\"]}]},{\"@type\":\"BreadcrumbList\",\"@id\":\"https:\/\/amnistia.org.mx\/contenido\/index.php\/guatemala-amnistia-internacional-nombra-a-jose-ruben-zamora-preso-de-conciencia\/#breadcrumb\",\"itemListElement\":[{\"@type\":\"ListItem\",\"position\":1,\"item\":{\"@type\":\"WebPage\",\"@id\":\"https:\/\/amnistia.org.mx\/contenido\/\",\"url\":\"https:\/\/amnistia.org.mx\/contenido\/\",\"name\":\"Home\"}},{\"@type\":\"ListItem\",\"position\":2,\"item\":{\"@type\":\"WebPage\",\"@id\":\"https:\/\/amnistia.org.mx\/contenido\/index.php\/guatemala-amnistia-internacional-nombra-a-jose-ruben-zamora-preso-de-conciencia\/\",\"url\":\"https:\/\/amnistia.org.mx\/contenido\/index.php\/guatemala-amnistia-internacional-nombra-a-jose-ruben-zamora-preso-de-conciencia\/\",\"name\":\"Guatemala: Amnist\\u00eda Internacional nombra a Jos\\u00e9 Rub\\u00e9n Zamora preso de conciencia y exige su liberaci\\u00f3n\"}}]},{\"@type\":[\"Person\"],\"@id\":\"https:\/\/amnistia.org.mx\/contenido\/#\/schema\/person\/7db421c495688267ce8ede4625c17fa5\",\"name\":\"Alejandro Ju\\u00e1rez Gamero\",\"image\":{\"@type\":\"ImageObject\",\"@id\":\"https:\/\/amnistia.org.mx\/contenido\/#personlogo\",\"inLanguage\":\"es-MX\",\"url\":\"https:\/\/secure.gravatar.com\/avatar\/e312d5566d1c3ffb56f86415d6f0e606?s=96&d=mm&r=g\",\"caption\":\"Alejandro Ju\\u00e1rez Gamero\"}}]}<\/script>\n<!-- \/ Yoast SEO plugin. -->","_links":{"self":[{"href":"https:\/\/amnistia.org.mx\/contenido\/index.php\/wp-json\/wp\/v2\/posts\/32827"}],"collection":[{"href":"https:\/\/amnistia.org.mx\/contenido\/index.php\/wp-json\/wp\/v2\/posts"}],"about":[{"href":"https:\/\/amnistia.org.mx\/contenido\/index.php\/wp-json\/wp\/v2\/types\/post"}],"author":[{"embeddable":true,"href":"https:\/\/amnistia.org.mx\/contenido\/index.php\/wp-json\/wp\/v2\/users\/4"}],"replies":[{"embeddable":true,"href":"https:\/\/amnistia.org.mx\/contenido\/index.php\/wp-json\/wp\/v2\/comments?post=32827"}],"version-history":[{"count":3,"href":"https:\/\/amnistia.org.mx\/contenido\/index.php\/wp-json\/wp\/v2\/posts\/32827\/revisions"}],"predecessor-version":[{"id":32832,"href":"https:\/\/amnistia.org.mx\/contenido\/index.php\/wp-json\/wp\/v2\/posts\/32827\/revisions\/32832"}],"wp:featuredmedia":[{"embeddable":true,"href":"https:\/\/amnistia.org.mx\/contenido\/index.php\/wp-json\/wp\/v2\/media\/32829"}],"wp:attachment":[{"href":"https:\/\/amnistia.org.mx\/contenido\/index.php\/wp-json\/wp\/v2\/media?parent=32827"}],"wp:term":[{"taxonomy":"category","embeddable":true,"href":"https:\/\/amnistia.org.mx\/contenido\/index.php\/wp-json\/wp\/v2\/categories?post=32827"},{"taxonomy":"post_tag","embeddable":true,"href":"https:\/\/amnistia.org.mx\/contenido\/index.php\/wp-json\/wp\/v2\/tags?post=32827"}],"curies":[{"name":"wp","href":"https:\/\/api.w.org\/{rel}","templated":true}]}}