
{"id":32917,"date":"2024-08-06T10:06:05","date_gmt":"2024-08-06T15:06:05","guid":{"rendered":"https:\/\/amnistia.org.mx\/contenido\/?p=32917"},"modified":"2024-08-06T10:07:09","modified_gmt":"2024-08-06T15:07:09","slug":"decision-de-la-scjn-de-mexico-puede-garantizar-el-acceso-a-la-verdad","status":"publish","type":"post","link":"https:\/\/amnistia.org.mx\/contenido\/index.php\/decision-de-la-scjn-de-mexico-puede-garantizar-el-acceso-a-la-verdad\/","title":{"rendered":"<strong>Decisi\u00f3n de la SCJN de M\u00e9xico, puede garantizar el acceso a la verdad en el caso de Ligia Ceballos, posible \u201cbeb\u00e9 robada\u201d en 1968 en Espa\u00f1a<\/strong>"},"content":{"rendered":"\n<p>Ligia Ceballos, foto tomada en el a\u00f1o 2021.<\/p>\n\n\n\n<p>Ligia (Lily) Ceballos Franco, posible \u201cbeb\u00e9 robada\u201d en 1968 en Madrid, y entregada en adopci\u00f3n a una familia mexicana, espera en estos momentos saber si la Suprema Corte de Justicia de la Naci\u00f3n (SCJN) de M\u00e9xico acepta la competencia sobre su caso para que las autoridades de este pa\u00eds reconozcan que ella fue v\u00edctima de desaparici\u00f3n forzada y sufri\u00f3 la vulneraci\u00f3n de sus derechos humanos a la identidad y vida familiar.<\/p>\n\n\n\n<p>Ligia naci\u00f3 en Madrid el 29 de mayo de 1968 con el nombre de Mar\u00eda Diana Ortiz Ram\u00edrez, y fue entregada en prohijamiento a un matrimonio mexicano que se la llev\u00f3 a su pa\u00eds, inscribi\u00e9ndola como hija natural, nacida en M\u00e9xico. Al descubrir esta situaci\u00f3n, Ligia decidi\u00f3 presentar una denuncia penal, el 15 de febrero de 2017, ante la entonces Procuradur\u00eda General de la Rep\u00fablica (PGR), que en pocos d\u00edas decidi\u00f3 admitirla a tr\u00e1mite, por presunta desaparici\u00f3n forzada.<\/p>\n\n\n\n<p>Para Amnist\u00eda Internacional, que apoy\u00f3 la presentaci\u00f3n de la denuncia, este caso podr\u00eda enmarcarse dentro del as\u00ed denominado \u201crobo de beb\u00e9s\u201d en Espa\u00f1a.<\/p>\n\n\n\n<p>Luego de efectuarse diversos procesos judiciales, el caso se encuentra actualmente en la SCJN. Los y las representantes legales de Ligia, as\u00ed como Amnist\u00eda Internacional, esperan que la Corte acepte conocerlo y estudie si Ligia pudo ser v\u00edctima de desaparici\u00f3n forzada.<\/p>\n\n\n\n<p>El Grupo de Trabajo sobre Desapariciones Forzadas de Naciones Unidas, ha se\u00f1alado que ese delito, cuando afecta a ni\u00f1os y ni\u00f1as, se sigue produciendo hasta que se conoce la verdadera identidad del ni\u00f1o o ni\u00f1a sustra\u00edda (hoy adulto) y se garantiza a las v\u00edctimas la posibilidad legal y real de restablecerla, as\u00ed como sus lazos familiares. Extremos que en este caso siguen sin garantizarse.<\/p>\n\n\n\n<p><strong>Antecedentes<\/strong><\/p>\n\n\n\n<p>En diciembre de 2022, el Ministerio P\u00fablico mexicano decidi\u00f3 no ejercer la acci\u00f3n penal en el caso de esta ciudadana mexicana que podr\u00eda haber sido v\u00edctima de desaparici\u00f3n forzada en Espa\u00f1a en 1968, por considerar, entre otros elementos, el fallecimiento de los presuntos perpetradores como argumento clave para justificar el fin de la investigaci\u00f3n penal. Desde entonces, sus abogados han recurrido esta decisi\u00f3n que ha pasado por diferentes juzgados hasta llegar a la SCJN.<\/p>\n\n\n\n<p>Durante la investigaci\u00f3n del Ministerio P\u00fablico, se dieron importantes avances para restablecer la verdadera identidad de Lily y arrojar luz sobre hechos importantes de su pasado. En dicha investigaci\u00f3n, particip\u00f3 tambi\u00e9n la Fiscal\u00eda Provincial de Madrid a petici\u00f3n de auxilio judicial del Ministerio P\u00fablico mexicano. La investigaci\u00f3n se cerr\u00f3 sin proporcionar certeza sobre el origen biol\u00f3gico de Lily, pero facilit\u00f3 detalles de su pasado para avanzar en la reconstrucci\u00f3n de su propia historia.<\/p>\n\n\n\n<p><strong>Informaci\u00f3n sobre el caso<\/strong><\/p>\n\n\n\n<p>La \u00fanica informaci\u00f3n que consta sobre la filiaci\u00f3n de Ligia en Espa\u00f1a son los nombres supuestos de sus padres, Marta y Rafael.<\/p>\n\n\n\n<p>El 11 de julio de 1968, seg\u00fan consta en un Acuerdo de la Diputaci\u00f3n Provincial de Madrid, la ni\u00f1a fue entregada en prohijamiento a un matrimonio mexicano que se la llev\u00f3 consigo a M\u00e9rida, Yucat\u00e1n. Una vez all\u00ed, fue registrada ante la Oficial\u00eda del Registro del Estado de Yucat\u00e1n con otro nombre, y como nacida en M\u00e9xico e inscrita como hija biol\u00f3gica del matrimonio Ceballos Franco.<\/p>\n\n\n\n<p>Seg\u00fan el padre adoptivo de Ligia, ya fallecido, y otros m\u00faltiples testimonios recogidos directamente por Amnist\u00eda Internacional, este matrimonio recurri\u00f3 a las autoridades eclesi\u00e1sticas del estado de Yucat\u00e1n, al sur de M\u00e9xico, pues no pod\u00edan tener hijos de forma natural. As\u00ed, se habr\u00eda iniciado una correspondencia entre el arzobispo de Yucat\u00e1n y el arzobispo de Madrid, el cual, al parecer, mostr\u00f3 su apoyo para que la familia Ceballos pudiera adoptar una ni\u00f1a.<\/p>\n\n\n\n<p>En junio de 1968, el matrimonio viaj\u00f3 a Espa\u00f1a con el fin de recibir a la ni\u00f1a en adopci\u00f3n. En esas mismas fechas, el Secretario Particular del Arzobispo de M\u00e9rida, Ram\u00f3n Bueno y Bueno, viaj\u00f3 desde M\u00e9xico a Madrid. Seg\u00fan el padre de Ligia, miembros del arzobispado les dijeron que les ten\u00edan preparado &#8220;algo especial, pero a\u00fan no ha nacido\u201d. Seg\u00fan testimonios de los familiares a Amnist\u00eda Internacional, el matrimonio buscaba una ni\u00f1a blanca, de rasgos europeos, y habr\u00eda pagado la cantidad de 50.000 pesetas por la adopci\u00f3n.<\/p>\n\n\n\n<p>En marzo de 2021, Amnist\u00eda Internacional present\u00f3 el informe, <a href=\"https:\/\/amnistia.org.mx\/contenido\/index.php\/tiempo-de-verdad-y-de-justicia-vulneraciones-de-derechos-humanos-en-los-casos-de-bebes-robados\/\">Tiempo de verdad y de justicia. Vulneraciones de derechos humanos en los casos de \u201cbebes robados\u201d<\/a>, en el que denuncia los obst\u00e1culos y dificultades que enfrentan en sus procesos de b\u00fasqueda aquellas personas que desean, como Lily, conocer su identidad y origen, as\u00ed como de aquellas que sospechan haber sufrido la sustracci\u00f3n de sus hijos e hijas.<\/p>\n\n\n\n<p><strong>M\u00e1s informaci\u00f3n sobre el caso de Ligia Ceballos Franco:<\/strong><\/p>\n\n\n\n<p><a href=\"https:\/\/www.es.amnesty.org\/en-que-estamos\/noticias\/noticia\/articulo\/mexico-se-convierte-en-el-segundo-pais-del-mundo-que-investigara-crimenes-cometidos-durante-el-franq\/\">M\u00e9xico se convierte en el segundo pa\u00eds del mundo que investigar\u00e1 cr\u00edmenes cometidos durante el franquismo<\/a><\/p>\n\n\n\n<p><a href=\"https:\/\/www.es.amnesty.org\/en-que-estamos\/noticias\/noticia\/articulo\/amnistia-internacional-presenta-en-mexico-el-caso-de-un-bebe-robado-durante-el-franquismo\/\">Amnist\u00eda Internacional presenta en M\u00e9xico el caso de un beb\u00e9 robado durante el franquismo<\/a><\/p>\n\n\n\n<p><strong>Si desea m\u00e1s informaci\u00f3n o concertar una entrevista, p\u00f3ngase en contacto con:<\/strong><\/p>\n\n\n\n<p>\u00c1ngel Gonzalo, Responsable de Medios de Comunicaci\u00f3n, Amnist\u00eda Internacional Espa\u00f1a.<\/p>\n\n\n\n<p>Tel\u00e9fono: +34 680 127 613<\/p>\n\n\n\n<p>agonzalo@es.amnesty.org<\/p>\n\n\n\n<p>Alejandro Ju\u00e1rez, Especialista de Prensa, Amnist\u00eda Internacional M\u00e9xico.<\/p>\n\n\n\n<p>+52 55 2265 4331 prensa@amnistia.org.mx<\/p>\n","protected":false},"excerpt":{"rendered":"<p>Ligia Ceballos, foto tomada en el a\u00f1o 2021. Ligia (Lily) Ceballos Franco, posible \u201cbeb\u00e9 robada\u201d en 1968 en Madrid, y entregada en adopci\u00f3n a una familia mexicana, espera en estos &hellip;<\/p>\n<p class=\"read-more\"> <a class=\"\" href=\"https:\/\/amnistia.org.mx\/contenido\/index.php\/decision-de-la-scjn-de-mexico-puede-garantizar-el-acceso-a-la-verdad\/\"> <span class=\"screen-reader-text\"><strong>Decisi\u00f3n de la SCJN de M\u00e9xico, puede garantizar el acceso a la verdad en el caso de Ligia Ceballos, posible \u201cbeb\u00e9 robada\u201d en 1968 en Espa\u00f1a<\/strong><\/span> Leer m\u00e1s &raquo;<\/a><\/p>\n","protected":false},"author":4,"featured_media":32920,"comment_status":"closed","ping_status":"closed","sticky":false,"template":"","format":"standard","meta":{"_uf_show_specific_survey":0,"_uf_disable_surveys":false,"site-sidebar-layout":"default","site-content-layout":"default","ast-global-header-display":"","ast-main-header-display":"","ast-hfb-above-header-display":"","ast-hfb-below-header-display":"","ast-hfb-mobile-header-display":"","site-post-title":"","ast-breadcrumbs-content":"","ast-featured-img":"","footer-sml-layout":"","theme-transparent-header-meta":"","adv-header-id-meta":"","stick-header-meta":"","header-above-stick-meta":"","header-main-stick-meta":"","header-below-stick-meta":""},"categories":[9,1],"tags":[],"acf":[],"aioseo_notices":[],"yoast_head":"<!-- This site is optimized with the Yoast SEO plugin v14.5 - https:\/\/yoast.com\/wordpress\/plugins\/seo\/ -->\n<title>Decisi\u00f3n de la SCJN de M\u00e9xico, puede garantizar el acceso a la verdad en el caso de Ligia Ceballos, posible \u201cbeb\u00e9 robada\u201d en 1968 en Espa\u00f1a - amnistia.org.mx<\/title>\n<meta name=\"description\" content=\"A la espera de que la SCJN de M\u00e9xico acepte su competencia sobre el caso de Ligia Ceballos, posible beb\u00e9 robada en Espa\u00f1a y entregada a una familia mexicana\" \/>\n<meta name=\"robots\" content=\"index, follow\" \/>\n<meta name=\"googlebot\" content=\"index, follow, max-snippet:-1, max-image-preview:large, max-video-preview:-1\" \/>\n<meta name=\"bingbot\" content=\"index, follow, max-snippet:-1, max-image-preview:large, max-video-preview:-1\" \/>\n<link rel=\"canonical\" href=\"https:\/\/amnistia.org.mx\/contenido\/index.php\/decision-de-la-scjn-de-mexico-puede-garantizar-el-acceso-a-la-verdad\/\" \/>\n<meta property=\"og:locale\" content=\"es_MX\" \/>\n<meta property=\"og:type\" content=\"article\" \/>\n<meta property=\"og:title\" content=\"Decisi\u00f3n de la SCJN de M\u00e9xico, puede garantizar el acceso a la verdad en el caso de Ligia Ceballos, posible \u201cbeb\u00e9 robada\u201d en 1968 en Espa\u00f1a - amnistia.org.mx\" \/>\n<meta property=\"og:description\" content=\"A la espera de que la SCJN de M\u00e9xico acepte su competencia sobre el caso de Ligia Ceballos, posible beb\u00e9 robada en Espa\u00f1a y entregada a una familia mexicana\" \/>\n<meta property=\"og:url\" content=\"https:\/\/amnistia.org.mx\/contenido\/index.php\/decision-de-la-scjn-de-mexico-puede-garantizar-el-acceso-a-la-verdad\/\" \/>\n<meta property=\"og:site_name\" content=\"amnistia.org.mx\" \/>\n<meta property=\"article:published_time\" content=\"2024-08-06T15:06:05+00:00\" \/>\n<meta property=\"article:modified_time\" content=\"2024-08-06T15:07:09+00:00\" \/>\n<meta property=\"og:image\" content=\"https:\/\/amnistia.org.mx\/contenido\/wp-content\/uploads\/2024\/08\/Foto-ajustada-para-publicar-en-pagina.jpg\" \/>\n\t<meta property=\"og:image:width\" content=\"650\" \/>\n\t<meta property=\"og:image:height\" content=\"641\" \/>\n<meta name=\"twitter:card\" content=\"summary_large_image\" \/>\n<script type=\"application\/ld+json\" class=\"yoast-schema-graph\">{\"@context\":\"https:\/\/schema.org\",\"@graph\":[{\"@type\":\"WebSite\",\"@id\":\"https:\/\/amnistia.org.mx\/contenido\/#website\",\"url\":\"https:\/\/amnistia.org.mx\/contenido\/\",\"name\":\"amnistia.org.mx\",\"description\":\"Nueva p\\u00e1gina de Amnist\\u00eda\",\"potentialAction\":[{\"@type\":\"SearchAction\",\"target\":\"https:\/\/amnistia.org.mx\/contenido\/?s={search_term_string}\",\"query-input\":\"required name=search_term_string\"}],\"inLanguage\":\"es-MX\"},{\"@type\":\"ImageObject\",\"@id\":\"https:\/\/amnistia.org.mx\/contenido\/index.php\/decision-de-la-scjn-de-mexico-puede-garantizar-el-acceso-a-la-verdad\/#primaryimage\",\"inLanguage\":\"es-MX\",\"url\":\"https:\/\/amnistia.org.mx\/contenido\/wp-content\/uploads\/2024\/08\/Foto-ajustada-para-publicar-en-pagina.jpg\",\"width\":650,\"height\":641},{\"@type\":\"WebPage\",\"@id\":\"https:\/\/amnistia.org.mx\/contenido\/index.php\/decision-de-la-scjn-de-mexico-puede-garantizar-el-acceso-a-la-verdad\/#webpage\",\"url\":\"https:\/\/amnistia.org.mx\/contenido\/index.php\/decision-de-la-scjn-de-mexico-puede-garantizar-el-acceso-a-la-verdad\/\",\"name\":\"Decisi\\u00f3n de la SCJN de M\\u00e9xico, puede garantizar el acceso a la verdad en el caso de Ligia Ceballos, posible \\u201cbeb\\u00e9 robada\\u201d en 1968 en Espa\\u00f1a - amnistia.org.mx\",\"isPartOf\":{\"@id\":\"https:\/\/amnistia.org.mx\/contenido\/#website\"},\"primaryImageOfPage\":{\"@id\":\"https:\/\/amnistia.org.mx\/contenido\/index.php\/decision-de-la-scjn-de-mexico-puede-garantizar-el-acceso-a-la-verdad\/#primaryimage\"},\"datePublished\":\"2024-08-06T15:06:05+00:00\",\"dateModified\":\"2024-08-06T15:07:09+00:00\",\"author\":{\"@id\":\"https:\/\/amnistia.org.mx\/contenido\/#\/schema\/person\/7db421c495688267ce8ede4625c17fa5\"},\"description\":\"A la espera de que la SCJN de M\\u00e9xico acepte su competencia sobre el caso de Ligia Ceballos, posible beb\\u00e9 robada en Espa\\u00f1a y entregada a una familia mexicana\",\"breadcrumb\":{\"@id\":\"https:\/\/amnistia.org.mx\/contenido\/index.php\/decision-de-la-scjn-de-mexico-puede-garantizar-el-acceso-a-la-verdad\/#breadcrumb\"},\"inLanguage\":\"es-MX\",\"potentialAction\":[{\"@type\":\"ReadAction\",\"target\":[\"https:\/\/amnistia.org.mx\/contenido\/index.php\/decision-de-la-scjn-de-mexico-puede-garantizar-el-acceso-a-la-verdad\/\"]}]},{\"@type\":\"BreadcrumbList\",\"@id\":\"https:\/\/amnistia.org.mx\/contenido\/index.php\/decision-de-la-scjn-de-mexico-puede-garantizar-el-acceso-a-la-verdad\/#breadcrumb\",\"itemListElement\":[{\"@type\":\"ListItem\",\"position\":1,\"item\":{\"@type\":\"WebPage\",\"@id\":\"https:\/\/amnistia.org.mx\/contenido\/\",\"url\":\"https:\/\/amnistia.org.mx\/contenido\/\",\"name\":\"Home\"}},{\"@type\":\"ListItem\",\"position\":2,\"item\":{\"@type\":\"WebPage\",\"@id\":\"https:\/\/amnistia.org.mx\/contenido\/index.php\/decision-de-la-scjn-de-mexico-puede-garantizar-el-acceso-a-la-verdad\/\",\"url\":\"https:\/\/amnistia.org.mx\/contenido\/index.php\/decision-de-la-scjn-de-mexico-puede-garantizar-el-acceso-a-la-verdad\/\",\"name\":\"Decisi\\u00f3n de la SCJN de M\\u00e9xico, puede garantizar el acceso a la verdad en el caso de Ligia Ceballos, posible \\u201cbeb\\u00e9 robada\\u201d en 1968 en Espa\\u00f1a\"}}]},{\"@type\":[\"Person\"],\"@id\":\"https:\/\/amnistia.org.mx\/contenido\/#\/schema\/person\/7db421c495688267ce8ede4625c17fa5\",\"name\":\"Alejandro Ju\\u00e1rez Gamero\",\"image\":{\"@type\":\"ImageObject\",\"@id\":\"https:\/\/amnistia.org.mx\/contenido\/#personlogo\",\"inLanguage\":\"es-MX\",\"url\":\"https:\/\/secure.gravatar.com\/avatar\/e312d5566d1c3ffb56f86415d6f0e606?s=96&d=mm&r=g\",\"caption\":\"Alejandro Ju\\u00e1rez Gamero\"}}]}<\/script>\n<!-- \/ Yoast SEO plugin. -->","_links":{"self":[{"href":"https:\/\/amnistia.org.mx\/contenido\/index.php\/wp-json\/wp\/v2\/posts\/32917"}],"collection":[{"href":"https:\/\/amnistia.org.mx\/contenido\/index.php\/wp-json\/wp\/v2\/posts"}],"about":[{"href":"https:\/\/amnistia.org.mx\/contenido\/index.php\/wp-json\/wp\/v2\/types\/post"}],"author":[{"embeddable":true,"href":"https:\/\/amnistia.org.mx\/contenido\/index.php\/wp-json\/wp\/v2\/users\/4"}],"replies":[{"embeddable":true,"href":"https:\/\/amnistia.org.mx\/contenido\/index.php\/wp-json\/wp\/v2\/comments?post=32917"}],"version-history":[{"count":6,"href":"https:\/\/amnistia.org.mx\/contenido\/index.php\/wp-json\/wp\/v2\/posts\/32917\/revisions"}],"predecessor-version":[{"id":32924,"href":"https:\/\/amnistia.org.mx\/contenido\/index.php\/wp-json\/wp\/v2\/posts\/32917\/revisions\/32924"}],"wp:featuredmedia":[{"embeddable":true,"href":"https:\/\/amnistia.org.mx\/contenido\/index.php\/wp-json\/wp\/v2\/media\/32920"}],"wp:attachment":[{"href":"https:\/\/amnistia.org.mx\/contenido\/index.php\/wp-json\/wp\/v2\/media?parent=32917"}],"wp:term":[{"taxonomy":"category","embeddable":true,"href":"https:\/\/amnistia.org.mx\/contenido\/index.php\/wp-json\/wp\/v2\/categories?post=32917"},{"taxonomy":"post_tag","embeddable":true,"href":"https:\/\/amnistia.org.mx\/contenido\/index.php\/wp-json\/wp\/v2\/tags?post=32917"}],"curies":[{"name":"wp","href":"https:\/\/api.w.org\/{rel}","templated":true}]}}