
{"id":33075,"date":"2024-08-22T13:07:46","date_gmt":"2024-08-22T18:07:46","guid":{"rendered":"https:\/\/amnistia.org.mx\/contenido\/?p=33075"},"modified":"2024-08-23T17:36:14","modified_gmt":"2024-08-23T22:36:14","slug":"entrega-firmas-reparacion-leon-guanajuato","status":"publish","type":"post","link":"https:\/\/amnistia.org.mx\/contenido\/index.php\/entrega-firmas-reparacion-leon-guanajuato\/","title":{"rendered":"<strong>Amnist\u00eda Internacional entrega firmas en acto de reparaci\u00f3n del da\u00f1o a mujeres que fueron reprimidas el 22 de agosto de 2020 en Le\u00f3n, Guanajuato, en una protesta feminista<\/strong>"},"content":{"rendered":"\n<ul>\n<li>M\u00e1s de 20 mil personas firmaron para solicitar al gobierno de M\u00e9xico reconocer la legitimidad de las protestas feministas y cesar la represi\u00f3n de las manifestaciones encabezadas por mujeres.<\/li>\n<\/ul>\n\n\n\n<ul>\n<li>La reparaci\u00f3n del da\u00f1o est\u00e1 dirigida a cinco mujeres que protestaron y establece un precedente para que otras mujeres que fueron reprimidas en la manifestaci\u00f3n referida tambi\u00e9n soliciten la reparaci\u00f3n del da\u00f1o<\/li>\n<\/ul>\n\n\n\n<ul>\n<li>Amnist\u00eda Internacional reconoce que el trabajo de la CEAIV estuvo apegado a los est\u00e1ndares internacionales de derechos humanos en materia de reparaci\u00f3n integral del da\u00f1o<\/li>\n<\/ul>\n\n\n\n<figure class=\"wp-block-image alignwide size-full\"><img decoding=\"async\" loading=\"lazy\" width=\"800\" height=\"533\" src=\"https:\/\/amnistia.org.mx\/contenido\/wp-content\/uploads\/2024\/08\/Foto-2-entrega-firmas-reparacion-del-dano-ajustada.jpg\" alt=\"\" class=\"wp-image-33122\"\/><\/figure>\n\n\n\n<p>Aspecto de la conferencia de medios ofrecida hoy en Le\u00f3n, Guanajuato, durante el cierre del caso de 5 mujeres reprimidas durante manifestaciones feministas en 2020.<\/p>\n\n\n\n<p>Amnist\u00eda Internacional informa que, luego de cuatro a\u00f1os de gestiones, hoy concluy\u00f3 el proceso de reparaci\u00f3n integral del da\u00f1o para cinco mujeres titulares de derechos, que fueron v\u00edctimas de uso excesivo de la fuerza, detenci\u00f3n ilegal y arbitraria por parte de agentes policiales el 22 de agosto de 2020, al participar en una manifestaci\u00f3n contra la violencia de g\u00e9nero en Le\u00f3n, Guanajuato.<\/p>\n\n\n\n<p>En este proceso fue fundamental la intervenci\u00f3n de la Comisi\u00f3n Estatal de Atenci\u00f3n Integral a V\u00edctimas de la ciudad de Guanajuato (CEAIV), que puso en el centro de la atenci\u00f3n los derechos humanos de las mujeres. Esto permiti\u00f3 que las medidas de reparaci\u00f3n fueran elaboradas con base en las demandas de \u00e9stas, como lo establece el Derecho Internacional de los Derechos Humanos, que es una normativa aplicable a nivel nacional, de acuerdo con el art\u00edculo <a href=\"https:\/\/www.diputados.gob.mx\/LeyesBiblio\/pdf\/CPEUM.pdf\">primero<\/a> constitucional.<\/p>\n\n\n\n<p>Un total de 23 mujeres fueron detenidas en la marcha del 22 de agosto de 2020, de las que cinco solicitaron el acompa\u00f1amiento de Amnist\u00eda Internacional para concretar su proceso de reparaci\u00f3n integral del da\u00f1o. Cabe precisar que el acto que hoy concluye, establece un precedente para que todas las v\u00edctimas de la represi\u00f3n accedan a su derecho a la reparaci\u00f3n integral del da\u00f1o.<\/p>\n\n\n\n<p>La conclusi\u00f3n de la reparaci\u00f3n integral del da\u00f1o se anunci\u00f3 en una conferencia de medios efectuada en la sede de la CEAIV. En ella, la Directora Ejecutiva de Amnist\u00eda Internacional, Secci\u00f3n Mexicana, entreg\u00f3 al titular de la Comisi\u00f3n 21,270 firmas provenientes de M\u00e9xico y Espa\u00f1a. \u00c9stas dejan constancia de la solidaridad que manifestaron miles de simpatizantes de Amnist\u00eda Internacional que suscribieron la <a href=\"https:\/\/amnistia.org.mx\/contenido\/wp-content\/uploads\/2021\/03\/Carta-a-autoridades-Final.pdf\">Petici\u00f3n<\/a> dirigida al Ejecutivo federal para que se reconozca la legitimidad de las manifestaciones de mujeres y grupos feministas y que las autoridades de los tres niveles de gobierno se abstengan de hacer declaraciones estigmatizantes, actos de represi\u00f3n y criminalizaci\u00f3n contra las manifestantes.<\/p>\n\n\n\n<p>\u201cAmnist\u00eda Internacional ha acompa\u00f1ado a las mujeres que protestaron el 22 de agosto de 2020 y desde entonces exigimos a las autoridades municipales la liberaci\u00f3n de las detenidas, denunciamos el uso excesivo de la fuerza, las detenciones ilegales y arbitrarias y la estigmatizaci\u00f3n de quienes salieron a protestar por una causa absolutamente leg\u00edtima como es la violencia contra las mujeres. Reconocemos el coraje, la persistencia y valent\u00eda de las manifestantes para sortear los obst\u00e1culos que se presentaron a lo largo de estos cuatro a\u00f1os. Tambi\u00e9n destacamos la voluntad pol\u00edtica y la sensibilidad de la CEAIV, que facilit\u00f3 la participaci\u00f3n activa de las mujeres y permiti\u00f3 a \u00e9stas fijar las prioridades colectivas e individuales que consideraron necesarias para su reparaci\u00f3n integral del da\u00f1o\u201d, declar\u00f3 Edith Olivares Ferreto, directora ejecutiva de Amnist\u00eda Internacional M\u00e9xico.<\/p>\n\n\n\n<p>\u201cLas mujeres no estuvieron solas en su lucha, como lo atestiguan las m\u00e1s de 20 mil firmas que recolectamos y que hoy entregamos a la CEAIV. \u00c9stas son expresi\u00f3n clara de la gran solidaridad de las personas que simpatizan con nuestro movimiento y con la causa feminista. Amnist\u00eda Internacional continuar\u00e1 exigiendo que en Le\u00f3n, Guanajuato y en todo el pa\u00eds las autoridades garanticen el derecho que tenemos las mujeres a tomar las calles para exigir vivir libres de violencia, y que cesen las narrativas que estigmatizan la protesta feminista como violenta, as\u00ed como las pr\u00e1cticas de represi\u00f3n.\u201d, agreg\u00f3 Edith Olivares Ferreto.<\/p>\n\n\n\n<p><strong>En qu\u00e9 consisti\u00f3 la reparaci\u00f3n integral del da\u00f1o<\/strong><\/p>\n\n\n\n<p>Entre las medidas de reparaci\u00f3n integral del da\u00f1o para las cinco mujeres est\u00e1n: la eliminaci\u00f3n de cualquier registro de detenci\u00f3n existente en los archivos y bases de datos en los juzgados c\u00edvicos de la municipalidad, as\u00ed como de la Secretar\u00eda de Seguridad P\u00fablica del mismo municipio; atenci\u00f3n psicosocial; capacitaci\u00f3n a los elementos de la Secretar\u00eda de Seguridad, Prevenci\u00f3n y Protecci\u00f3n Ciudadana y una disculpa p\u00fablica.<\/p>\n\n\n\n<p>Cabe recordar que la disculpa p\u00fablica tuvo lugar<a href=\"https:\/\/amnistia.org.mx\/contenido\/index.php\/ofrece-gobierno-de-leon-guanajuato-disculpa-publica-a-mujeres-victimas-de-represion-policial-en-2020\/\"> <\/a><a href=\"https:\/\/amnistia.org.mx\/contenido\/index.php\/ofrece-gobierno-de-leon-guanajuato-disculpa-publica-a-mujeres-victimas-de-represion-policial-en-2020\/\">el 29 de septiembre de 2023<\/a> y fue ofrecida por la Alcald\u00eda de Le\u00f3n, Guanajuato, despu\u00e9s de m\u00e1s de un mes de retraso de la fecha acordada.<\/p>\n\n\n\n<p><strong>Cuatro a\u00f1os en demanda de justicia<\/strong><\/p>\n\n\n\n<p>El 22 de agosto de 2020 en Le\u00f3n, Guanajuato, polic\u00edas municipales hicieron uso excesivo de la fuerza y detuvieron ilegal y arbitrariamente al menos a nueve de 23 personas que participaron en una marcha para denunciar actos de violencia contra las mujeres. Los actos de represi\u00f3n sucedieron en los alrededores de la Plaza Expiatorio. Las manifestantes no estaban cometiendo delito o infracci\u00f3n administrativa alguna. Ellas tuvieron miedo de ser desaparecidas, y su detenci\u00f3n fue con uso excesivo de la fuerza, sin motivos y sin que los integrantes policiales se identificaran debidamente.<\/p>\n\n\n\n<p>Este caso es uno de los cinco documentados por Amnist\u00eda Internacional en su informe<a href=\"https:\/\/amnistia.org.mx\/contenido\/index.php\/mexico-la-era-de-las-mujeres\/\"> <\/a><em><u><a href=\"https:\/\/amnistia.org.mx\/contenido\/index.php\/mexico-la-era-de-las-mujeres\/\">M\u00e9xico: La Era de las Mujeres. Estigma y violencia contra mujeres que protestan<\/a><\/u><\/em>. \u00c9ste detalla la represi\u00f3n policial que se ejerce contra manifestaciones de mujeres y grupos feministas que toman las calles para protestar contra la violencia de g\u00e9nero.<\/p>\n\n\n\n<p>El informe ofrece una mirada espec\u00edfica a la vulneraci\u00f3n del derecho de las mujeres y las ni\u00f1as a vivir una vida libre de violencia, as\u00ed como la violaci\u00f3n de otros derechos.<\/p>\n\n\n\n<p>\u201cAmnist\u00eda Internacional reitera su llamado a las autoridades del Estado mexicano para que cumplan con todas las recomendaciones incluidas en nuestro informe La era de las mujeres, entre ellas: que respeten el derecho de las mujeres a la protesta; se abstengan de hacer declaraciones que estigmatizan a las manifestantes; que adopten las medidas necesarias para prevenir, proteger y garantizar el derecho de las mujeres a vivir una vida libre de violencia; realicen investigaciones prontas, exhaustivas, independientes e imparciales, sobre las denuncias de violencia de g\u00e9nero y que establezcan regulaciones claras para todas las corporaciones policiacas con respecto a las detenciones y el uso de la fuerza\u201d, concluy\u00f3 Edith Olivares Ferreto.<\/p>\n\n\n\n<p><strong>Para solicitar m\u00e1s informaci\u00f3n o concertar una entrevista, p\u00f3ngase en contacto con:<\/strong><\/p>\n\n\n\n<p>Alejandro Ju\u00e1rez Gamero, Amnist\u00eda Internacional M\u00e9xico:<\/p>\n\n\n\n<p>prensa@amnistia.org.mx<\/p>\n\n\n\n<p>+52 55 2265 4331<\/p>\n","protected":false},"excerpt":{"rendered":"<p>Aspecto de la conferencia de medios ofrecida hoy en Le\u00f3n, Guanajuato, durante el cierre del caso de 5 mujeres reprimidas durante manifestaciones feministas en 2020. Amnist\u00eda Internacional informa que, luego &hellip;<\/p>\n<p class=\"read-more\"> <a class=\"\" href=\"https:\/\/amnistia.org.mx\/contenido\/index.php\/entrega-firmas-reparacion-leon-guanajuato\/\"> <span class=\"screen-reader-text\"><strong>Amnist\u00eda Internacional entrega firmas en acto de reparaci\u00f3n del da\u00f1o a mujeres que fueron reprimidas el 22 de agosto de 2020 en Le\u00f3n, Guanajuato, en una protesta feminista<\/strong><\/span> Leer m\u00e1s &raquo;<\/a><\/p>\n","protected":false},"author":4,"featured_media":33099,"comment_status":"closed","ping_status":"closed","sticky":false,"template":"","format":"standard","meta":{"_uf_show_specific_survey":0,"_uf_disable_surveys":false,"site-sidebar-layout":"default","site-content-layout":"default","ast-global-header-display":"","ast-main-header-display":"","ast-hfb-above-header-display":"","ast-hfb-below-header-display":"","ast-hfb-mobile-header-display":"","site-post-title":"","ast-breadcrumbs-content":"","ast-featured-img":"","footer-sml-layout":"","theme-transparent-header-meta":"","adv-header-id-meta":"","stick-header-meta":"","header-above-stick-meta":"","header-main-stick-meta":"","header-below-stick-meta":""},"categories":[20],"tags":[28],"acf":[],"aioseo_notices":[],"yoast_head":"<!-- This site is optimized with the Yoast SEO plugin v14.5 - https:\/\/yoast.com\/wordpress\/plugins\/seo\/ -->\n<title>Amnist\u00eda Internacional entrega firmas en acto de reparaci\u00f3n del da\u00f1o a mujeres que fueron reprimidas el 22 de agosto de 2020 en Le\u00f3n, Guanajuato, en una protesta feminista - amnistia.org.mx<\/title>\n<meta name=\"description\" content=\"Amnist\u00eda Internacional concluye caso de 5 mujeres v\u00edctimas de represi\u00f3n en Le\u00f3n y entrega 21,270 firmas de simpatizantes que se solidarizaron con ellas.\" \/>\n<meta name=\"robots\" content=\"index, follow\" \/>\n<meta name=\"googlebot\" content=\"index, follow, max-snippet:-1, max-image-preview:large, max-video-preview:-1\" \/>\n<meta name=\"bingbot\" content=\"index, follow, max-snippet:-1, max-image-preview:large, max-video-preview:-1\" \/>\n<link rel=\"canonical\" href=\"https:\/\/amnistia.org.mx\/contenido\/index.php\/entrega-firmas-reparacion-leon-guanajuato\/\" \/>\n<meta property=\"og:locale\" content=\"es_MX\" \/>\n<meta property=\"og:type\" content=\"article\" \/>\n<meta property=\"og:title\" content=\"Amnist\u00eda Internacional entrega firmas en acto de reparaci\u00f3n del da\u00f1o a mujeres que fueron reprimidas el 22 de agosto de 2020 en Le\u00f3n, Guanajuato, en una protesta feminista - amnistia.org.mx\" \/>\n<meta property=\"og:description\" content=\"Amnist\u00eda Internacional concluye caso de 5 mujeres v\u00edctimas de represi\u00f3n en Le\u00f3n y entrega 21,270 firmas de simpatizantes que se solidarizaron con ellas.\" \/>\n<meta property=\"og:url\" content=\"https:\/\/amnistia.org.mx\/contenido\/index.php\/entrega-firmas-reparacion-leon-guanajuato\/\" \/>\n<meta property=\"og:site_name\" content=\"amnistia.org.mx\" \/>\n<meta property=\"article:published_time\" content=\"2024-08-22T18:07:46+00:00\" \/>\n<meta property=\"article:modified_time\" content=\"2024-08-23T22:36:14+00:00\" \/>\n<meta property=\"og:image\" content=\"https:\/\/amnistia.org.mx\/contenido\/wp-content\/uploads\/2024\/08\/IMG-20240822-WA0014.jpg\" \/>\n\t<meta property=\"og:image:width\" content=\"1600\" \/>\n\t<meta property=\"og:image:height\" content=\"901\" \/>\n<meta name=\"twitter:card\" content=\"summary_large_image\" \/>\n<script type=\"application\/ld+json\" class=\"yoast-schema-graph\">{\"@context\":\"https:\/\/schema.org\",\"@graph\":[{\"@type\":\"WebSite\",\"@id\":\"https:\/\/amnistia.org.mx\/contenido\/#website\",\"url\":\"https:\/\/amnistia.org.mx\/contenido\/\",\"name\":\"amnistia.org.mx\",\"description\":\"Nueva p\\u00e1gina de Amnist\\u00eda\",\"potentialAction\":[{\"@type\":\"SearchAction\",\"target\":\"https:\/\/amnistia.org.mx\/contenido\/?s={search_term_string}\",\"query-input\":\"required name=search_term_string\"}],\"inLanguage\":\"es-MX\"},{\"@type\":\"ImageObject\",\"@id\":\"https:\/\/amnistia.org.mx\/contenido\/index.php\/entrega-firmas-reparacion-leon-guanajuato\/#primaryimage\",\"inLanguage\":\"es-MX\",\"url\":\"https:\/\/amnistia.org.mx\/contenido\/wp-content\/uploads\/2024\/08\/IMG-20240822-WA0014.jpg\",\"width\":1600,\"height\":901},{\"@type\":\"WebPage\",\"@id\":\"https:\/\/amnistia.org.mx\/contenido\/index.php\/entrega-firmas-reparacion-leon-guanajuato\/#webpage\",\"url\":\"https:\/\/amnistia.org.mx\/contenido\/index.php\/entrega-firmas-reparacion-leon-guanajuato\/\",\"name\":\"Amnist\\u00eda Internacional entrega firmas en acto de reparaci\\u00f3n del da\\u00f1o a mujeres que fueron reprimidas el 22 de agosto de 2020 en Le\\u00f3n, Guanajuato, en una protesta feminista - amnistia.org.mx\",\"isPartOf\":{\"@id\":\"https:\/\/amnistia.org.mx\/contenido\/#website\"},\"primaryImageOfPage\":{\"@id\":\"https:\/\/amnistia.org.mx\/contenido\/index.php\/entrega-firmas-reparacion-leon-guanajuato\/#primaryimage\"},\"datePublished\":\"2024-08-22T18:07:46+00:00\",\"dateModified\":\"2024-08-23T22:36:14+00:00\",\"author\":{\"@id\":\"https:\/\/amnistia.org.mx\/contenido\/#\/schema\/person\/7db421c495688267ce8ede4625c17fa5\"},\"description\":\"Amnist\\u00eda Internacional concluye caso de 5 mujeres v\\u00edctimas de represi\\u00f3n en Le\\u00f3n y entrega 21,270 firmas de simpatizantes que se solidarizaron con ellas.\",\"breadcrumb\":{\"@id\":\"https:\/\/amnistia.org.mx\/contenido\/index.php\/entrega-firmas-reparacion-leon-guanajuato\/#breadcrumb\"},\"inLanguage\":\"es-MX\",\"potentialAction\":[{\"@type\":\"ReadAction\",\"target\":[\"https:\/\/amnistia.org.mx\/contenido\/index.php\/entrega-firmas-reparacion-leon-guanajuato\/\"]}]},{\"@type\":\"BreadcrumbList\",\"@id\":\"https:\/\/amnistia.org.mx\/contenido\/index.php\/entrega-firmas-reparacion-leon-guanajuato\/#breadcrumb\",\"itemListElement\":[{\"@type\":\"ListItem\",\"position\":1,\"item\":{\"@type\":\"WebPage\",\"@id\":\"https:\/\/amnistia.org.mx\/contenido\/\",\"url\":\"https:\/\/amnistia.org.mx\/contenido\/\",\"name\":\"Home\"}},{\"@type\":\"ListItem\",\"position\":2,\"item\":{\"@type\":\"WebPage\",\"@id\":\"https:\/\/amnistia.org.mx\/contenido\/index.php\/entrega-firmas-reparacion-leon-guanajuato\/\",\"url\":\"https:\/\/amnistia.org.mx\/contenido\/index.php\/entrega-firmas-reparacion-leon-guanajuato\/\",\"name\":\"Amnist\\u00eda Internacional entrega firmas en acto de reparaci\\u00f3n del da\\u00f1o a mujeres que fueron reprimidas el 22 de agosto de 2020 en Le\\u00f3n, Guanajuato, en una protesta feminista\"}}]},{\"@type\":[\"Person\"],\"@id\":\"https:\/\/amnistia.org.mx\/contenido\/#\/schema\/person\/7db421c495688267ce8ede4625c17fa5\",\"name\":\"Alejandro Ju\\u00e1rez Gamero\",\"image\":{\"@type\":\"ImageObject\",\"@id\":\"https:\/\/amnistia.org.mx\/contenido\/#personlogo\",\"inLanguage\":\"es-MX\",\"url\":\"https:\/\/secure.gravatar.com\/avatar\/e312d5566d1c3ffb56f86415d6f0e606?s=96&d=mm&r=g\",\"caption\":\"Alejandro Ju\\u00e1rez Gamero\"}}]}<\/script>\n<!-- \/ Yoast SEO plugin. -->","_links":{"self":[{"href":"https:\/\/amnistia.org.mx\/contenido\/index.php\/wp-json\/wp\/v2\/posts\/33075"}],"collection":[{"href":"https:\/\/amnistia.org.mx\/contenido\/index.php\/wp-json\/wp\/v2\/posts"}],"about":[{"href":"https:\/\/amnistia.org.mx\/contenido\/index.php\/wp-json\/wp\/v2\/types\/post"}],"author":[{"embeddable":true,"href":"https:\/\/amnistia.org.mx\/contenido\/index.php\/wp-json\/wp\/v2\/users\/4"}],"replies":[{"embeddable":true,"href":"https:\/\/amnistia.org.mx\/contenido\/index.php\/wp-json\/wp\/v2\/comments?post=33075"}],"version-history":[{"count":12,"href":"https:\/\/amnistia.org.mx\/contenido\/index.php\/wp-json\/wp\/v2\/posts\/33075\/revisions"}],"predecessor-version":[{"id":33125,"href":"https:\/\/amnistia.org.mx\/contenido\/index.php\/wp-json\/wp\/v2\/posts\/33075\/revisions\/33125"}],"wp:featuredmedia":[{"embeddable":true,"href":"https:\/\/amnistia.org.mx\/contenido\/index.php\/wp-json\/wp\/v2\/media\/33099"}],"wp:attachment":[{"href":"https:\/\/amnistia.org.mx\/contenido\/index.php\/wp-json\/wp\/v2\/media?parent=33075"}],"wp:term":[{"taxonomy":"category","embeddable":true,"href":"https:\/\/amnistia.org.mx\/contenido\/index.php\/wp-json\/wp\/v2\/categories?post=33075"},{"taxonomy":"post_tag","embeddable":true,"href":"https:\/\/amnistia.org.mx\/contenido\/index.php\/wp-json\/wp\/v2\/tags?post=33075"}],"curies":[{"name":"wp","href":"https:\/\/api.w.org\/{rel}","templated":true}]}}