
{"id":33391,"date":"2024-08-29T10:58:58","date_gmt":"2024-08-29T15:58:58","guid":{"rendered":"https:\/\/amnistia.org.mx\/contenido\/?p=33391"},"modified":"2024-08-29T13:38:21","modified_gmt":"2024-08-29T18:38:21","slug":"buscar-sin-miedo-estandares-internacionales","status":"publish","type":"post","link":"https:\/\/amnistia.org.mx\/contenido\/index.php\/buscar-sin-miedo-estandares-internacionales\/","title":{"rendered":"BUSCAR SIN MIEDO: EST\u00c1NDARES INTERNACIONALES APLICABLES A LA PROTECCI\u00d3N DE MUJERES BUSCADORAS EN LAS AM\u00c9RICAS"},"content":{"rendered":"<p>La desaparicio\u0301n forzada ha tomado la forma de poli\u0301ticas estatales o de un patro\u0301n de&nbsp;comportamiento consistente de actores pu\u0301blicos y privados en las Ame\u0301ricas. Disentir, alzar la voz&nbsp;para reclamar derechos, habitar una zona de guerra o con presencia del crimen organizado,&nbsp;migrar sin los documentos que requieren los pai\u0301ses de tra\u0301nsito y destino, entre muchas otras razones, han sido utilizadas para justificar lo inexcusable: la extraccio\u0301n de una persona de la&nbsp;proteccio\u0301n de la ley y el ocultamiento de su suerte y paradero a sus familiares, seres queridos y&nbsp;comunidades. La desaparicio\u0301n forzada es una violacio\u0301n grave de derechos humanos que genera&nbsp;impactos extremadamente negativos en la persona sujeta de desaparicio\u0301n y en su familia, seres&nbsp;queridos y comunidad que, ante la incertidumbre, en muchas ocasiones activan sus redes de&nbsp;cuidado, apoyo y afecto para buscarla.&nbsp;<\/p>\n<p style=\"text-align: center;\"><strong>En las Ame\u0301ricas, esta bu\u0301squeda ha sido liderada y protagonizada mayoritariamente por las mujeres, quienes se han organizado en colectivos y organizaciones.<\/strong><\/p>\n<p><!-- \/wp:button --><\/p>\n<p><!-- \/wp:buttons --><\/p>\n<p><a href=\"https:\/\/amnistia.org.mx\/contenido\/wp-content\/uploads\/2024\/08\/AMR0184582024SPANISH.pdf\" role=\"button\"><br \/>\nDesc\u00e1rgalo aqu\u00ed<br \/>\n<\/a><\/p>\n","protected":false},"excerpt":{"rendered":"<p>La desaparicio\u0301n forzada ha tomado la forma de poli\u0301ticas estatales o de un patro\u0301n de&nbsp;comportamiento consistente de actores pu\u0301blicos y privados en las Ame\u0301ricas. Disentir, alzar la voz&nbsp;para reclamar derechos, &hellip;<\/p>\n<p class=\"read-more\"> <a class=\"\" href=\"https:\/\/amnistia.org.mx\/contenido\/index.php\/buscar-sin-miedo-estandares-internacionales\/\"> <span class=\"screen-reader-text\">BUSCAR SIN MIEDO: EST\u00c1NDARES INTERNACIONALES APLICABLES A LA PROTECCI\u00d3N DE MUJERES BUSCADORAS EN LAS AM\u00c9RICAS<\/span> Leer m\u00e1s &raquo;<\/a><\/p>\n","protected":false},"author":16,"featured_media":33397,"comment_status":"closed","ping_status":"closed","sticky":false,"template":"","format":"standard","meta":{"_uf_show_specific_survey":0,"_uf_disable_surveys":false,"site-sidebar-layout":"default","site-content-layout":"default","ast-global-header-display":"","ast-main-header-display":"","ast-hfb-above-header-display":"","ast-hfb-below-header-display":"","ast-hfb-mobile-header-display":"","site-post-title":"","ast-breadcrumbs-content":"","ast-featured-img":"","footer-sml-layout":"","theme-transparent-header-meta":"","adv-header-id-meta":"","stick-header-meta":"","header-above-stick-meta":"","header-main-stick-meta":"","header-below-stick-meta":""},"categories":[215,17],"tags":[28,25],"acf":[],"aioseo_notices":[],"yoast_head":"<!-- This site is optimized with the Yoast SEO plugin v14.5 - https:\/\/yoast.com\/wordpress\/plugins\/seo\/ -->\n<title>BUSCAR SIN MIEDO: EST\u00c1NDARES INTERNACIONALES APLICABLES A LA PROTECCI\u00d3N DE MUJERES BUSCADORAS EN LAS AM\u00c9RICAS - amnistia.org.mx<\/title>\n<meta name=\"description\" content=\"La desaparici\u00f3n forzada ha tomado la forma de pol\u00edticas estatales o de un patr\u00f3n de comportamiento consistente de actores p\u00fablicos y privados en las Am\u00e9ricas.\" \/>\n<meta name=\"robots\" content=\"index, follow\" \/>\n<meta name=\"googlebot\" content=\"index, follow, max-snippet:-1, max-image-preview:large, max-video-preview:-1\" \/>\n<meta name=\"bingbot\" content=\"index, follow, max-snippet:-1, max-image-preview:large, max-video-preview:-1\" \/>\n<link rel=\"canonical\" href=\"https:\/\/amnistia.org.mx\/contenido\/index.php\/buscar-sin-miedo-estandares-internacionales\/\" \/>\n<meta property=\"og:locale\" content=\"es_MX\" \/>\n<meta property=\"og:type\" content=\"article\" \/>\n<meta property=\"og:title\" content=\"BUSCAR SIN MIEDO: EST\u00c1NDARES INTERNACIONALES APLICABLES A LA PROTECCI\u00d3N DE MUJERES BUSCADORAS EN LAS AM\u00c9RICAS - amnistia.org.mx\" \/>\n<meta property=\"og:description\" content=\"La desaparici\u00f3n forzada ha tomado la forma de pol\u00edticas estatales o de un patr\u00f3n de comportamiento consistente de actores p\u00fablicos y privados en las Am\u00e9ricas.\" \/>\n<meta property=\"og:url\" content=\"https:\/\/amnistia.org.mx\/contenido\/index.php\/buscar-sin-miedo-estandares-internacionales\/\" \/>\n<meta property=\"og:site_name\" content=\"amnistia.org.mx\" \/>\n<meta property=\"article:published_time\" content=\"2024-08-29T15:58:58+00:00\" \/>\n<meta property=\"article:modified_time\" content=\"2024-08-29T18:38:21+00:00\" \/>\n<meta property=\"og:image\" content=\"https:\/\/amnistia.org.mx\/contenido\/wp-content\/uploads\/2024\/08\/Captura-de-pantalla-2024-08-29-a-las-17.05.32-785x1024.png\" \/>\n\t<meta property=\"og:image:width\" content=\"785\" \/>\n\t<meta property=\"og:image:height\" content=\"1024\" \/>\n<meta name=\"twitter:card\" content=\"summary_large_image\" \/>\n<script type=\"application\/ld+json\" class=\"yoast-schema-graph\">{\"@context\":\"https:\/\/schema.org\",\"@graph\":[{\"@type\":\"WebSite\",\"@id\":\"https:\/\/amnistia.org.mx\/contenido\/#website\",\"url\":\"https:\/\/amnistia.org.mx\/contenido\/\",\"name\":\"amnistia.org.mx\",\"description\":\"Nueva p\\u00e1gina de Amnist\\u00eda\",\"potentialAction\":[{\"@type\":\"SearchAction\",\"target\":\"https:\/\/amnistia.org.mx\/contenido\/?s={search_term_string}\",\"query-input\":\"required name=search_term_string\"}],\"inLanguage\":\"es-MX\"},{\"@type\":\"ImageObject\",\"@id\":\"https:\/\/amnistia.org.mx\/contenido\/index.php\/buscar-sin-miedo-estandares-internacionales\/#primaryimage\",\"inLanguage\":\"es-MX\",\"url\":\"https:\/\/amnistia.org.mx\/contenido\/wp-content\/uploads\/2024\/08\/Captura-de-pantalla-2024-08-29-a-las-17.05.32.png\",\"width\":1378,\"height\":1798},{\"@type\":\"WebPage\",\"@id\":\"https:\/\/amnistia.org.mx\/contenido\/index.php\/buscar-sin-miedo-estandares-internacionales\/#webpage\",\"url\":\"https:\/\/amnistia.org.mx\/contenido\/index.php\/buscar-sin-miedo-estandares-internacionales\/\",\"name\":\"BUSCAR SIN MIEDO: EST\\u00c1NDARES INTERNACIONALES APLICABLES A LA PROTECCI\\u00d3N DE MUJERES BUSCADORAS EN LAS AM\\u00c9RICAS - amnistia.org.mx\",\"isPartOf\":{\"@id\":\"https:\/\/amnistia.org.mx\/contenido\/#website\"},\"primaryImageOfPage\":{\"@id\":\"https:\/\/amnistia.org.mx\/contenido\/index.php\/buscar-sin-miedo-estandares-internacionales\/#primaryimage\"},\"datePublished\":\"2024-08-29T15:58:58+00:00\",\"dateModified\":\"2024-08-29T18:38:21+00:00\",\"author\":{\"@id\":\"https:\/\/amnistia.org.mx\/contenido\/#\/schema\/person\/3591ea02d9feb059690a05600cba6abc\"},\"description\":\"La desaparici\\u00f3n forzada ha tomado la forma de pol\\u00edticas estatales o de un patr\\u00f3n de comportamiento consistente de actores p\\u00fablicos y privados en las Am\\u00e9ricas.\",\"breadcrumb\":{\"@id\":\"https:\/\/amnistia.org.mx\/contenido\/index.php\/buscar-sin-miedo-estandares-internacionales\/#breadcrumb\"},\"inLanguage\":\"es-MX\",\"potentialAction\":[{\"@type\":\"ReadAction\",\"target\":[\"https:\/\/amnistia.org.mx\/contenido\/index.php\/buscar-sin-miedo-estandares-internacionales\/\"]}]},{\"@type\":\"BreadcrumbList\",\"@id\":\"https:\/\/amnistia.org.mx\/contenido\/index.php\/buscar-sin-miedo-estandares-internacionales\/#breadcrumb\",\"itemListElement\":[{\"@type\":\"ListItem\",\"position\":1,\"item\":{\"@type\":\"WebPage\",\"@id\":\"https:\/\/amnistia.org.mx\/contenido\/\",\"url\":\"https:\/\/amnistia.org.mx\/contenido\/\",\"name\":\"Home\"}},{\"@type\":\"ListItem\",\"position\":2,\"item\":{\"@type\":\"WebPage\",\"@id\":\"https:\/\/amnistia.org.mx\/contenido\/index.php\/buscar-sin-miedo-estandares-internacionales\/\",\"url\":\"https:\/\/amnistia.org.mx\/contenido\/index.php\/buscar-sin-miedo-estandares-internacionales\/\",\"name\":\"BUSCAR SIN MIEDO: EST\\u00c1NDARES INTERNACIONALES APLICABLES A LA PROTECCI\\u00d3N DE MUJERES BUSCADORAS EN LAS AM\\u00c9RICAS\"}}]},{\"@type\":[\"Person\"],\"@id\":\"https:\/\/amnistia.org.mx\/contenido\/#\/schema\/person\/3591ea02d9feb059690a05600cba6abc\",\"name\":\"Cristopher Isa\\u00ed Cruz Ordo\\u00f1ez\",\"image\":{\"@type\":\"ImageObject\",\"@id\":\"https:\/\/amnistia.org.mx\/contenido\/#personlogo\",\"inLanguage\":\"es-MX\",\"url\":\"https:\/\/secure.gravatar.com\/avatar\/a100f5949b8e942bf669a0aecb41ebbd?s=96&d=mm&r=g\",\"caption\":\"Cristopher Isa\\u00ed Cruz Ordo\\u00f1ez\"}}]}<\/script>\n<!-- \/ Yoast SEO plugin. -->","_links":{"self":[{"href":"https:\/\/amnistia.org.mx\/contenido\/index.php\/wp-json\/wp\/v2\/posts\/33391"}],"collection":[{"href":"https:\/\/amnistia.org.mx\/contenido\/index.php\/wp-json\/wp\/v2\/posts"}],"about":[{"href":"https:\/\/amnistia.org.mx\/contenido\/index.php\/wp-json\/wp\/v2\/types\/post"}],"author":[{"embeddable":true,"href":"https:\/\/amnistia.org.mx\/contenido\/index.php\/wp-json\/wp\/v2\/users\/16"}],"replies":[{"embeddable":true,"href":"https:\/\/amnistia.org.mx\/contenido\/index.php\/wp-json\/wp\/v2\/comments?post=33391"}],"version-history":[{"count":5,"href":"https:\/\/amnistia.org.mx\/contenido\/index.php\/wp-json\/wp\/v2\/posts\/33391\/revisions"}],"predecessor-version":[{"id":33398,"href":"https:\/\/amnistia.org.mx\/contenido\/index.php\/wp-json\/wp\/v2\/posts\/33391\/revisions\/33398"}],"wp:featuredmedia":[{"embeddable":true,"href":"https:\/\/amnistia.org.mx\/contenido\/index.php\/wp-json\/wp\/v2\/media\/33397"}],"wp:attachment":[{"href":"https:\/\/amnistia.org.mx\/contenido\/index.php\/wp-json\/wp\/v2\/media?parent=33391"}],"wp:term":[{"taxonomy":"category","embeddable":true,"href":"https:\/\/amnistia.org.mx\/contenido\/index.php\/wp-json\/wp\/v2\/categories?post=33391"},{"taxonomy":"post_tag","embeddable":true,"href":"https:\/\/amnistia.org.mx\/contenido\/index.php\/wp-json\/wp\/v2\/tags?post=33391"}],"curies":[{"name":"wp","href":"https:\/\/api.w.org\/{rel}","templated":true}]}}