
{"id":34027,"date":"2024-09-19T14:33:09","date_gmt":"2024-09-19T19:33:09","guid":{"rendered":"https:\/\/amnistia.org.mx\/contenido\/?p=34027"},"modified":"2024-09-19T14:51:42","modified_gmt":"2024-09-19T19:51:42","slug":"mexico-reforma-guardia-nacional","status":"publish","type":"post","link":"https:\/\/amnistia.org.mx\/contenido\/index.php\/mexico-reforma-guardia-nacional\/","title":{"rendered":"M\u00e9xico: Guardia Nacional. An\u00e1lisis sobre la iniciativa de reforma en materia de Guardia Nacional"},"content":{"rendered":"\t\t<div data-elementor-type=\"wp-post\" data-elementor-id=\"34027\" class=\"elementor elementor-34027\">\n\t\t\t\t\t\t\t\t\t<section class=\"elementor-section elementor-top-section elementor-element elementor-element-39100665 elementor-section-boxed elementor-section-height-default elementor-section-height-default\" data-id=\"39100665\" data-element_type=\"section\">\n\t\t\t\t\t\t<div class=\"elementor-container elementor-column-gap-default\">\n\t\t\t\t\t<div class=\"elementor-column elementor-col-100 elementor-top-column elementor-element elementor-element-48a13770\" data-id=\"48a13770\" data-element_type=\"column\">\n\t\t\t<div class=\"elementor-widget-wrap elementor-element-populated\">\n\t\t\t\t\t\t\t\t<div class=\"elementor-element elementor-element-7880b1a5 elementor-widget elementor-widget-text-editor\" data-id=\"7880b1a5\" data-element_type=\"widget\" data-widget_type=\"text-editor.default\">\n\t\t\t\t<div class=\"elementor-widget-container\">\n\t\t\t<style>\/*! elementor - v3.11.5 - 14-03-2023 *\/\n.elementor-widget-text-editor.elementor-drop-cap-view-stacked .elementor-drop-cap{background-color:#69727d;color:#fff}.elementor-widget-text-editor.elementor-drop-cap-view-framed .elementor-drop-cap{color:#69727d;border:3px solid;background-color:transparent}.elementor-widget-text-editor:not(.elementor-drop-cap-view-default) .elementor-drop-cap{margin-top:8px}.elementor-widget-text-editor:not(.elementor-drop-cap-view-default) .elementor-drop-cap-letter{width:1em;height:1em}.elementor-widget-text-editor .elementor-drop-cap{float:left;text-align:center;line-height:1;font-size:50px}.elementor-widget-text-editor .elementor-drop-cap-letter{display:inline-block}<\/style>\t\t\t\t<div title=\"Page 4\">\n<div class=\"elementor-element elementor-element-6d8723c4 elementor-widget__width-initial elementor-widget-mobile__width-initial elementor-widget-tablet__width-initial elementor-widget elementor-widget-text-editor\" data-id=\"6d8723c4\" data-element_type=\"widget\" data-widget_type=\"text-editor.default\">\n<div class=\"elementor-widget-container\">\n<p>Amnist\u00eda Internacional analiza la Iniciativa con Proyecto de Decreto por el que se reforman y adicionan diversos art\u00edculos de la Constituci\u00f3n Pol\u00edtica de los Estados Unidos Mexicanos, en materia de Guardia Nacional, sometida al H. Congreso de la Uni\u00f3n el pasado 5 de febrero, para que la Guardia Nacional (GN) sea adscrita a la Secretar\u00eda de la Defensa Nacional (Sedena). La aprobaci\u00f3n de dicha reforma significar\u00eda la culminaci\u00f3n de un proceso que ha venido d\u00e1ndose, de facto, a saber, la militarizaci\u00f3n de la seguridad p\u00fablica del pa\u00eds y un grave retroceso en materia de derechos humanos.<\/p>\n<\/div>\n<\/div>\n<div class=\"wp-block-buttons aligncenter\">\n<p><!-- \/wp:buttons --><\/p>\n<p><!-- wp:html --><\/p>\n<p><iframe loading=\"lazy\" class=\"embed-responsive-item\" src=\"https:\/\/amnistia.org.mx\/informes\/boton68.php\" width=\"200\" height=\"80\" frameborder=\"0\" scrolling=\"NO\" align=\"center\" allowfullscreen=\"allowfullscreen\"><\/iframe><\/p>\n<p><!-- \/wp:html --><\/p>\n<\/div>\n<\/div>\t\t\t\t\t\t<\/div>\n\t\t\t\t<\/div>\n\t\t\t\t\t<\/div>\n\t\t<\/div>\n\t\t\t\t\t\t\t<\/div>\n\t\t<\/section>\n\t\t\t\t\t\t\t<\/div>\n\t\t","protected":false},"excerpt":{"rendered":"<p>Amnist\u00eda Internacional analiza la Iniciativa con Proyecto de Decreto por el que se reforman y adicionan diversos art\u00edculos de la Constituci\u00f3n Pol\u00edtica de los Estados Unidos Mexicanos, en materia de &hellip;<\/p>\n<p class=\"read-more\"> <a class=\"\" href=\"https:\/\/amnistia.org.mx\/contenido\/index.php\/mexico-reforma-guardia-nacional\/\"> <span class=\"screen-reader-text\">M\u00e9xico: Guardia Nacional. An\u00e1lisis sobre la iniciativa de reforma en materia de Guardia Nacional<\/span> Leer m\u00e1s &raquo;<\/a><\/p>\n","protected":false},"author":18,"featured_media":34037,"comment_status":"closed","ping_status":"closed","sticky":false,"template":"","format":"standard","meta":{"_uf_show_specific_survey":0,"_uf_disable_surveys":false,"site-sidebar-layout":"default","site-content-layout":"default","ast-global-header-display":"","ast-main-header-display":"","ast-hfb-above-header-display":"","ast-hfb-below-header-display":"","ast-hfb-mobile-header-display":"","site-post-title":"","ast-breadcrumbs-content":"","ast-featured-img":"","footer-sml-layout":"","theme-transparent-header-meta":"","adv-header-id-meta":"","stick-header-meta":"","header-above-stick-meta":"","header-main-stick-meta":"","header-below-stick-meta":""},"categories":[215,17],"tags":[28,25],"acf":[],"aioseo_notices":[],"yoast_head":"<!-- This site is optimized with the Yoast SEO plugin v14.5 - https:\/\/yoast.com\/wordpress\/plugins\/seo\/ -->\n<title>M\u00e9xico: Guardia Nacional. An\u00e1lisis sobre la iniciativa de reforma en materia de Guardia Nacional - amnistia.org.mx<\/title>\n<meta name=\"description\" content=\"Amnist\u00eda Internacional analiza la Iniciativa por el que se reforman diversos art\u00edculos de la Constituci\u00f3n Pol\u00edtica de los EstadosUnidos Mexicanos, en materia de Guardia Nacional.\" \/>\n<meta name=\"robots\" content=\"index, follow\" \/>\n<meta name=\"googlebot\" content=\"index, follow, max-snippet:-1, max-image-preview:large, max-video-preview:-1\" \/>\n<meta name=\"bingbot\" content=\"index, follow, max-snippet:-1, max-image-preview:large, max-video-preview:-1\" \/>\n<link rel=\"canonical\" href=\"https:\/\/amnistia.org.mx\/contenido\/index.php\/mexico-reforma-guardia-nacional\/\" \/>\n<meta property=\"og:locale\" content=\"es_MX\" \/>\n<meta property=\"og:type\" content=\"article\" \/>\n<meta property=\"og:title\" content=\"M\u00e9xico: Guardia Nacional. An\u00e1lisis sobre la iniciativa de reforma en materia de Guardia Nacional - amnistia.org.mx\" \/>\n<meta property=\"og:description\" content=\"Amnist\u00eda Internacional analiza la Iniciativa por el que se reforman diversos art\u00edculos de la Constituci\u00f3n Pol\u00edtica de los EstadosUnidos Mexicanos, en materia de Guardia Nacional.\" \/>\n<meta property=\"og:url\" content=\"https:\/\/amnistia.org.mx\/contenido\/index.php\/mexico-reforma-guardia-nacional\/\" \/>\n<meta property=\"og:site_name\" content=\"amnistia.org.mx\" \/>\n<meta property=\"article:published_time\" content=\"2024-09-19T19:33:09+00:00\" \/>\n<meta property=\"article:modified_time\" content=\"2024-09-19T19:51:42+00:00\" \/>\n<meta property=\"og:image\" content=\"https:\/\/amnistia.org.mx\/contenido\/wp-content\/uploads\/2024\/09\/Mesa-de-trabajo-1.png\" \/>\n\t<meta property=\"og:image:width\" content=\"1045\" \/>\n\t<meta property=\"og:image:height\" content=\"827\" \/>\n<meta name=\"twitter:card\" content=\"summary_large_image\" \/>\n<script type=\"application\/ld+json\" class=\"yoast-schema-graph\">{\"@context\":\"https:\/\/schema.org\",\"@graph\":[{\"@type\":\"WebSite\",\"@id\":\"https:\/\/amnistia.org.mx\/contenido\/#website\",\"url\":\"https:\/\/amnistia.org.mx\/contenido\/\",\"name\":\"amnistia.org.mx\",\"description\":\"Nueva p\\u00e1gina de Amnist\\u00eda\",\"potentialAction\":[{\"@type\":\"SearchAction\",\"target\":\"https:\/\/amnistia.org.mx\/contenido\/?s={search_term_string}\",\"query-input\":\"required name=search_term_string\"}],\"inLanguage\":\"es-MX\"},{\"@type\":\"ImageObject\",\"@id\":\"https:\/\/amnistia.org.mx\/contenido\/index.php\/mexico-reforma-guardia-nacional\/#primaryimage\",\"inLanguage\":\"es-MX\",\"url\":\"https:\/\/amnistia.org.mx\/contenido\/wp-content\/uploads\/2024\/09\/Mesa-de-trabajo-1.png\",\"width\":1045,\"height\":827},{\"@type\":\"WebPage\",\"@id\":\"https:\/\/amnistia.org.mx\/contenido\/index.php\/mexico-reforma-guardia-nacional\/#webpage\",\"url\":\"https:\/\/amnistia.org.mx\/contenido\/index.php\/mexico-reforma-guardia-nacional\/\",\"name\":\"M\\u00e9xico: Guardia Nacional. An\\u00e1lisis sobre la iniciativa de reforma en materia de Guardia Nacional - amnistia.org.mx\",\"isPartOf\":{\"@id\":\"https:\/\/amnistia.org.mx\/contenido\/#website\"},\"primaryImageOfPage\":{\"@id\":\"https:\/\/amnistia.org.mx\/contenido\/index.php\/mexico-reforma-guardia-nacional\/#primaryimage\"},\"datePublished\":\"2024-09-19T19:33:09+00:00\",\"dateModified\":\"2024-09-19T19:51:42+00:00\",\"author\":{\"@id\":\"https:\/\/amnistia.org.mx\/contenido\/#\/schema\/person\/d2f786357f75df54423772c307a57fa2\"},\"description\":\"Amnist\\u00eda Internacional analiza la Iniciativa por el que se reforman diversos art\\u00edculos de la Constituci\\u00f3n Pol\\u00edtica de los EstadosUnidos Mexicanos, en materia de Guardia Nacional.\",\"breadcrumb\":{\"@id\":\"https:\/\/amnistia.org.mx\/contenido\/index.php\/mexico-reforma-guardia-nacional\/#breadcrumb\"},\"inLanguage\":\"es-MX\",\"potentialAction\":[{\"@type\":\"ReadAction\",\"target\":[\"https:\/\/amnistia.org.mx\/contenido\/index.php\/mexico-reforma-guardia-nacional\/\"]}]},{\"@type\":\"BreadcrumbList\",\"@id\":\"https:\/\/amnistia.org.mx\/contenido\/index.php\/mexico-reforma-guardia-nacional\/#breadcrumb\",\"itemListElement\":[{\"@type\":\"ListItem\",\"position\":1,\"item\":{\"@type\":\"WebPage\",\"@id\":\"https:\/\/amnistia.org.mx\/contenido\/\",\"url\":\"https:\/\/amnistia.org.mx\/contenido\/\",\"name\":\"Home\"}},{\"@type\":\"ListItem\",\"position\":2,\"item\":{\"@type\":\"WebPage\",\"@id\":\"https:\/\/amnistia.org.mx\/contenido\/index.php\/mexico-reforma-guardia-nacional\/\",\"url\":\"https:\/\/amnistia.org.mx\/contenido\/index.php\/mexico-reforma-guardia-nacional\/\",\"name\":\"M\\u00e9xico: Guardia Nacional. An\\u00e1lisis sobre la iniciativa de reforma en materia de Guardia Nacional\"}}]},{\"@type\":[\"Person\"],\"@id\":\"https:\/\/amnistia.org.mx\/contenido\/#\/schema\/person\/d2f786357f75df54423772c307a57fa2\",\"name\":\"Fernanda Jim\\u00e9nez Aguilar\",\"image\":{\"@type\":\"ImageObject\",\"@id\":\"https:\/\/amnistia.org.mx\/contenido\/#personlogo\",\"inLanguage\":\"es-MX\",\"url\":\"https:\/\/secure.gravatar.com\/avatar\/adfb626108fbdf0cbe48df94696b5411?s=96&d=mm&r=g\",\"caption\":\"Fernanda Jim\\u00e9nez Aguilar\"}}]}<\/script>\n<!-- \/ Yoast SEO plugin. -->","_links":{"self":[{"href":"https:\/\/amnistia.org.mx\/contenido\/index.php\/wp-json\/wp\/v2\/posts\/34027"}],"collection":[{"href":"https:\/\/amnistia.org.mx\/contenido\/index.php\/wp-json\/wp\/v2\/posts"}],"about":[{"href":"https:\/\/amnistia.org.mx\/contenido\/index.php\/wp-json\/wp\/v2\/types\/post"}],"author":[{"embeddable":true,"href":"https:\/\/amnistia.org.mx\/contenido\/index.php\/wp-json\/wp\/v2\/users\/18"}],"replies":[{"embeddable":true,"href":"https:\/\/amnistia.org.mx\/contenido\/index.php\/wp-json\/wp\/v2\/comments?post=34027"}],"version-history":[{"count":11,"href":"https:\/\/amnistia.org.mx\/contenido\/index.php\/wp-json\/wp\/v2\/posts\/34027\/revisions"}],"predecessor-version":[{"id":34046,"href":"https:\/\/amnistia.org.mx\/contenido\/index.php\/wp-json\/wp\/v2\/posts\/34027\/revisions\/34046"}],"wp:featuredmedia":[{"embeddable":true,"href":"https:\/\/amnistia.org.mx\/contenido\/index.php\/wp-json\/wp\/v2\/media\/34037"}],"wp:attachment":[{"href":"https:\/\/amnistia.org.mx\/contenido\/index.php\/wp-json\/wp\/v2\/media?parent=34027"}],"wp:term":[{"taxonomy":"category","embeddable":true,"href":"https:\/\/amnistia.org.mx\/contenido\/index.php\/wp-json\/wp\/v2\/categories?post=34027"},{"taxonomy":"post_tag","embeddable":true,"href":"https:\/\/amnistia.org.mx\/contenido\/index.php\/wp-json\/wp\/v2\/tags?post=34027"}],"curies":[{"name":"wp","href":"https:\/\/api.w.org\/{rel}","templated":true}]}}