
{"id":34407,"date":"2024-09-26T12:11:37","date_gmt":"2024-09-26T17:11:37","guid":{"rendered":"https:\/\/amnistia.org.mx\/contenido\/?p=34407"},"modified":"2024-09-26T12:13:17","modified_gmt":"2024-09-26T17:13:17","slug":"ayotzinapa-el-gobierno-de-claudia-sheinbaum-tiene-oportunidad-de-impulsar-la-investigacion-y-hacer-justicia-a-las-familias","status":"publish","type":"post","link":"https:\/\/amnistia.org.mx\/contenido\/index.php\/ayotzinapa-el-gobierno-de-claudia-sheinbaum-tiene-oportunidad-de-impulsar-la-investigacion-y-hacer-justicia-a-las-familias\/","title":{"rendered":"<strong>Ayotzinapa: El nuevo gobierno de Claudia Sheinbaum tiene una oportunidad invaluable de impulsar la investigaci\u00f3n y hacer justicia a las familias<\/strong>"},"content":{"rendered":"\n<figure class=\"wp-block-image alignwide size-full\"><img decoding=\"async\" loading=\"lazy\" width=\"800\" height=\"450\" src=\"https:\/\/amnistia.org.mx\/contenido\/wp-content\/uploads\/2024\/09\/Foto-ajustada-26-sept-24-1.jpg\" alt=\"\" class=\"wp-image-34416\"\/><\/figure>\n\n\n\n<p>Aspecto del conversatorio efectuado el 24 de septiembre de 2024, en la sede de Amnist\u00eda Internacional secci\u00f3n mexicana, con madres de los estudiantes de la escuela Normal Rural Isidro Burgos de Ayotzinapa. Foto: Amnist\u00eda Internacional secci\u00f3n mexicana)<\/p>\n\n\n\n<ul>\n<li>Un avance importante ser\u00eda que la Sedena proporcione la informaci\u00f3n que se ha negado a entregar sobre el caso<\/li>\n<\/ul>\n\n\n\n<ul>\n<li>La CoIdH ha advertido que la privaci\u00f3n de la verdad sobre el destino de un desaparecido es una forma de trato cruel, inhumano y degradante para los familiares cercanos<\/li>\n<\/ul>\n\n\n\n<ul>\n<li>Otro avance positivo ser\u00eda que el gobierno d\u00e9 un trato respetuoso a las familias de los j\u00f3venes y cese la descalificaci\u00f3n a las organizaciones que les dan acompa\u00f1amiento<\/li>\n<\/ul>\n\n\n\n<p>En el marco de la conmemoraci\u00f3n por los diez a\u00f1os de la desaparici\u00f3n forzada de los j\u00f3venes estudiantes de Ayotzinapa, y en v\u00edsperas de la toma de posesi\u00f3n de la presidenta electa Claudia Sheinbaum Pardo, Amnist\u00eda Internacional advierte que las autoridades del nuevo gobierno tienen ante s\u00ed una oportunidad invaluable para impulsar la investigaci\u00f3n del caso que permita a las familias de los j\u00f3venes acceder a la justicia y as\u00ed poner fin a una d\u00e9cada de incertidumbre y dolor que tanto las ha afectado.<\/p>\n\n\n\n<p>\u201cEn diferentes foros hemos reiterado que Ayotzinapa es un caso emblem\u00e1tico de las inconsistencias, complicidades, intereses y omisiones que bloquean la impartici\u00f3n de justicia para las familias. Esas falencias, que est\u00e1 en manos del Estado mexicano corregir, constituyen sucesivas violaciones de derechos humanos que se prolongan en el tiempo causando un grave da\u00f1o a las familias de las v\u00edctimas\u201d, declar\u00f3 Edith Olivares Ferreto, Directora Ejecutiva de Amnist\u00eda Internacional, secci\u00f3n mexicana.<\/p>\n\n\n\n<p>Sobre este \u00faltimo aspecto, la Corte Interamericana de Derechos Humanos (CoIDH) ha precisado en diversas sentencias, como la del <a href=\"https:\/\/www.corteidh.or.cr\/docs\/casos\/articulos\/Seriec_92_esp.pdf\">Caso Trujillo Oroza Vs. Bolivia<\/a>, que \u201cla privaci\u00f3n continua de la verdad acerca del destino de un desaparecido constituye una forma de trato cruel, inhumano y degradante para los familiares cercanos\u201d. Adem\u00e1s, en la sentencia del <a href=\"https:\/\/www.corteidh.or.cr\/docs\/casos\/articulos\/seriec_36_esp.pdf\">Caso Blake Vs. Guatemala<\/a>, se\u00f1al\u00f3 que \u201cla violaci\u00f3n de la integridad ps\u00edquica y moral de [los] familiares, es una consecuencia directa de [la] desaparici\u00f3n forzada\u201d.<\/p>\n\n\n\n<p>\u201cDesde Amnist\u00eda Internacional hacemos un llamado a la presidenta electa, Claudia Sheinbaum, para que su gobierno impulse las acciones que permitan el acceso a la informaci\u00f3n que tanto han exigido las familias de los j\u00f3venes y que la Secretar\u00eda de la Defensa Nacional (Sedena) sistem\u00e1ticamente ha negado. Igualmente, debe garantizar una investigaci\u00f3n profesional y expedita que, de una vez por todas, conduzca a la justicia, la verdad y la reparaci\u00f3n del da\u00f1o, que tanto anhelan las familias de los estudiantes\u201d, agreg\u00f3 Edith Olivares Ferreto.<\/p>\n\n\n\n<p>\u201cEl nuevo gobierno, que asume el martes 1 de octubre de 2024, tiene el gran reto de reconstruir la confianza con las familias de los j\u00f3venes. \u00c9sta se fractur\u00f3, entre otros motivos, por las diferencias entre la Fiscal\u00eda General de la Rep\u00fablica (FGR) y la Unidad Especial de Investigaci\u00f3n y Litigaci\u00f3n para el caso Ayotzinapa (UEILCA), lo que motiv\u00f3 la renuncia de su titular, Omar G\u00f3mez Trejo. Otro hecho fundamental fue el retiro del Grupo Interdisciplinario de Expertos Independientes (GIEI) de la investigaci\u00f3n, <a href=\"https:\/\/drive.google.com\/file\/d\/1U2KxdcT2F6gY7fOkTpWg2AWme-7QB2jk\/view\">entre otras razones<\/a> por los obst\u00e1culos que enfrent\u00f3 para obtener informaci\u00f3n de la Sedena\u201d, precis\u00f3 Edith Olivares Ferreto.<\/p>\n\n\n\n<p>Amnist\u00eda Internacional ha dado seguimiento puntual al caso Ayotzinapa desde que ocurri\u00f3 en 2014 y los avances y retrocesos los ha consignado en sus <a href=\"https:\/\/www.amnesty.org\/es\/documents\/pol10\/0001\/2015\/es\/\">informes anuales<\/a>. Adem\u00e1s, en 2016 public\u00f3 el informe <a href=\"https:\/\/www.amnesty.org\/es\/documents\/amr41\/3150\/2016\/es\/\">M\u00e9xico: un trato de indolencia, la respuesta del Estado frente a la desaparici\u00f3n de personas en M\u00e9xico<\/a>, en el que da cuenta no solo de las deficiencias en la investigaci\u00f3n, sino tambi\u00e9n del trato indigno que dan las autoridades a las familias de los estudiantes.<\/p>\n\n\n\n<p>El movimiento ha <a href=\"https:\/\/www.youtube.com\/watch?v=xH0a59S3Cpk\">difundido el caso a nivel global<\/a> lo que ha permitido llamar la atenci\u00f3n de miles de personas que han expresado su solidaridad con las familias de los estudiantes. Amnist\u00eda Internacional ha dado tambi\u00e9n acompa\u00f1amiento a las familias de los j\u00f3venes que han padecido amenazas y estigmatizaci\u00f3n, as\u00ed como a las organizaciones que las acompa\u00f1an, como el Centro de Derechos Humanos Miguel Agust\u00edn Pro Ju\u00e1rez o el Centro de Derechos Humanos de la Monta\u00f1a Tlachinollan, cuya labor de defensa de los derechos humanos ha sido descalificada sistem\u00e1ticamente por la actual administraci\u00f3n.<\/p>\n\n\n\n<p><strong>Llamado a la solidaridad<\/strong><\/p>\n\n\n\n<p>En el marco de la conmemoraci\u00f3n por los diez a\u00f1os de la desaparici\u00f3n forzada de los j\u00f3venes Amnist\u00eda Internacional invita a las personas a participar en la acci\u00f3n <em><u><a href=\"https:\/\/amnistia.org.mx\/contenido\/index.php\/ayotzinapa-10\/\">A10tzinapa<\/a><\/u><\/em><a href=\"https:\/\/amnistia.org.mx\/contenido\/index.php\/ayotzinapa-10\/\">, por la justicia, por la verdad<\/a> consistente en elaborar mensajes para las familias utilizando diez palabras que nos recuerdan las emociones y desaf\u00edos vividos a lo largo de esta d\u00e9cada. Las palabras que les proponemos son: b\u00fasqueda, esperanza, lucha, impunidad, resiliencia, solidaridad, protesta, rabia, indignaci\u00f3n y dignidad.<\/p>\n\n\n\n<p>Los mensajes son muy importantes para expresar solidaridad a las familias, acompa\u00f1ar su lucha y para darles fuerza en su b\u00fasqueda de justicia para sus hijos desaparecidos.<\/p>\n\n\n\n<p>\u201cA diez a\u00f1os de ocurrido tan triste y lamentable hecho, los nombres de los j\u00f3venes desaparecidos de Ayotzinapa siguen presentes en nuestra memoria y en la de miles de personas que alrededor del mundo conocen el caso. Invitamos a las personas a mantener su apoyo solidario con las familias de los estudiantes, a que apoyen su lucha y lo que \u00e9sta implica: que es el combate a la impunidad, la b\u00fasqueda de la verdad y garant\u00edas de no repetici\u00f3n\u201d, concluy\u00f3 Edith Olivares Ferreto.<\/p>\n\n\n\n<p>Las personas que deseen sumarse a la construcci\u00f3n de mensajes solidarios para las familias de los j\u00f3venes de Ayotzinapa pueden depositarlos en el <a href=\"https:\/\/amnistia.org.mx\/contenido\/index.php\/ayotzinapa-10\/\">correo solidario<\/a> que se encuentra en nuestra <a href=\"https:\/\/amnistia.org.mx\/contenido\/index.php\/ayotzinapa-10\/\">p\u00e1gina web<\/a>.<\/p>\n\n\n\n<p>Como cada a\u00f1o, Amnist\u00eda Internacional se sumar\u00e1 a la marcha en la que se exige justicia para los j\u00f3venes desaparecidos. En esta ocasi\u00f3n para conmemorar los diez a\u00f1os de que ocurri\u00f3 ese tr\u00e1gico y doloroso hecho.<\/p>\n\n\n\n<p><a><\/a><strong>Para obtener m\u00e1s informaci\u00f3n o concertar una entrevista, p\u00f3ngase en contacto con:<\/strong><\/p>\n\n\n\n<p>Alejandro Ju\u00e1rez Gamero, Amnist\u00eda Internacional secci\u00f3n mexicana<\/p>\n\n\n\n<p><a href=\"mailto:prensa@amnistia.org.mx\">prensa@amnistia.org.mx<\/a><\/p>\n\n\n\n<p>+52 55 2265 4331<\/p>\n","protected":false},"excerpt":{"rendered":"<p>Aspecto del conversatorio efectuado el 24 de septiembre de 2024, en la sede de Amnist\u00eda Internacional secci\u00f3n mexicana, con madres de los estudiantes de la escuela Normal Rural Isidro Burgos &hellip;<\/p>\n<p class=\"read-more\"> <a class=\"\" href=\"https:\/\/amnistia.org.mx\/contenido\/index.php\/ayotzinapa-el-gobierno-de-claudia-sheinbaum-tiene-oportunidad-de-impulsar-la-investigacion-y-hacer-justicia-a-las-familias\/\"> <span class=\"screen-reader-text\"><strong>Ayotzinapa: El nuevo gobierno de Claudia Sheinbaum tiene una oportunidad invaluable de impulsar la investigaci\u00f3n y hacer justicia a las familias<\/strong><\/span> Leer m\u00e1s &raquo;<\/a><\/p>\n","protected":false},"author":4,"featured_media":34408,"comment_status":"closed","ping_status":"closed","sticky":false,"template":"","format":"standard","meta":{"_uf_show_specific_survey":0,"_uf_disable_surveys":false,"site-sidebar-layout":"default","site-content-layout":"default","ast-global-header-display":"","ast-main-header-display":"","ast-hfb-above-header-display":"","ast-hfb-below-header-display":"","ast-hfb-mobile-header-display":"","site-post-title":"","ast-breadcrumbs-content":"","ast-featured-img":"","footer-sml-layout":"","theme-transparent-header-meta":"","adv-header-id-meta":"","stick-header-meta":"","header-above-stick-meta":"","header-main-stick-meta":"","header-below-stick-meta":""},"categories":[20],"tags":[28],"acf":[],"aioseo_notices":[],"yoast_head":"<!-- This site is optimized with the Yoast SEO plugin v14.5 - https:\/\/yoast.com\/wordpress\/plugins\/seo\/ -->\n<title>Ayotzinapa: El nuevo gobierno de Claudia Sheinbaum tiene una oportunidad invaluable de impulsar la investigaci\u00f3n y hacer justicia a las familias - amnistia.org.mx<\/title>\n<meta name=\"description\" content=\"Amnistia Internacionaladvierte que el nuevo gobierno de M\u00e9xico tiene oportunidad de impulsar la investigaci\u00f3n y hacer justicia a las familias de Ayotzainapa\" \/>\n<meta name=\"robots\" content=\"index, follow\" \/>\n<meta name=\"googlebot\" content=\"index, follow, max-snippet:-1, max-image-preview:large, max-video-preview:-1\" \/>\n<meta name=\"bingbot\" content=\"index, follow, max-snippet:-1, max-image-preview:large, max-video-preview:-1\" \/>\n<link rel=\"canonical\" href=\"https:\/\/amnistia.org.mx\/contenido\/index.php\/ayotzinapa-el-gobierno-de-claudia-sheinbaum-tiene-oportunidad-de-impulsar-la-investigacion-y-hacer-justicia-a-las-familias\/\" \/>\n<meta property=\"og:locale\" content=\"es_MX\" \/>\n<meta property=\"og:type\" content=\"article\" \/>\n<meta property=\"og:title\" content=\"Ayotzinapa: El nuevo gobierno de Claudia Sheinbaum tiene una oportunidad invaluable de impulsar la investigaci\u00f3n y hacer justicia a las familias - amnistia.org.mx\" \/>\n<meta property=\"og:description\" content=\"Amnistia Internacionaladvierte que el nuevo gobierno de M\u00e9xico tiene oportunidad de impulsar la investigaci\u00f3n y hacer justicia a las familias de Ayotzainapa\" \/>\n<meta property=\"og:url\" content=\"https:\/\/amnistia.org.mx\/contenido\/index.php\/ayotzinapa-el-gobierno-de-claudia-sheinbaum-tiene-oportunidad-de-impulsar-la-investigacion-y-hacer-justicia-a-las-familias\/\" \/>\n<meta property=\"og:site_name\" content=\"amnistia.org.mx\" \/>\n<meta property=\"article:published_time\" content=\"2024-09-26T17:11:37+00:00\" \/>\n<meta property=\"article:modified_time\" content=\"2024-09-26T17:13:17+00:00\" \/>\n<meta property=\"og:image\" content=\"https:\/\/amnistia.org.mx\/contenido\/wp-content\/uploads\/2024\/09\/Foto-ajustada-26-sept-24.jpg\" \/>\n\t<meta property=\"og:image:width\" content=\"800\" \/>\n\t<meta property=\"og:image:height\" content=\"450\" \/>\n<meta name=\"twitter:card\" content=\"summary_large_image\" \/>\n<script type=\"application\/ld+json\" class=\"yoast-schema-graph\">{\"@context\":\"https:\/\/schema.org\",\"@graph\":[{\"@type\":\"WebSite\",\"@id\":\"https:\/\/amnistia.org.mx\/contenido\/#website\",\"url\":\"https:\/\/amnistia.org.mx\/contenido\/\",\"name\":\"amnistia.org.mx\",\"description\":\"Nueva p\\u00e1gina de Amnist\\u00eda\",\"potentialAction\":[{\"@type\":\"SearchAction\",\"target\":\"https:\/\/amnistia.org.mx\/contenido\/?s={search_term_string}\",\"query-input\":\"required name=search_term_string\"}],\"inLanguage\":\"es-MX\"},{\"@type\":\"ImageObject\",\"@id\":\"https:\/\/amnistia.org.mx\/contenido\/index.php\/ayotzinapa-el-gobierno-de-claudia-sheinbaum-tiene-oportunidad-de-impulsar-la-investigacion-y-hacer-justicia-a-las-familias\/#primaryimage\",\"inLanguage\":\"es-MX\",\"url\":\"https:\/\/amnistia.org.mx\/contenido\/wp-content\/uploads\/2024\/09\/Foto-ajustada-26-sept-24.jpg\",\"width\":800,\"height\":450},{\"@type\":\"WebPage\",\"@id\":\"https:\/\/amnistia.org.mx\/contenido\/index.php\/ayotzinapa-el-gobierno-de-claudia-sheinbaum-tiene-oportunidad-de-impulsar-la-investigacion-y-hacer-justicia-a-las-familias\/#webpage\",\"url\":\"https:\/\/amnistia.org.mx\/contenido\/index.php\/ayotzinapa-el-gobierno-de-claudia-sheinbaum-tiene-oportunidad-de-impulsar-la-investigacion-y-hacer-justicia-a-las-familias\/\",\"name\":\"Ayotzinapa: El nuevo gobierno de Claudia Sheinbaum tiene una oportunidad invaluable de impulsar la investigaci\\u00f3n y hacer justicia a las familias - amnistia.org.mx\",\"isPartOf\":{\"@id\":\"https:\/\/amnistia.org.mx\/contenido\/#website\"},\"primaryImageOfPage\":{\"@id\":\"https:\/\/amnistia.org.mx\/contenido\/index.php\/ayotzinapa-el-gobierno-de-claudia-sheinbaum-tiene-oportunidad-de-impulsar-la-investigacion-y-hacer-justicia-a-las-familias\/#primaryimage\"},\"datePublished\":\"2024-09-26T17:11:37+00:00\",\"dateModified\":\"2024-09-26T17:13:17+00:00\",\"author\":{\"@id\":\"https:\/\/amnistia.org.mx\/contenido\/#\/schema\/person\/7db421c495688267ce8ede4625c17fa5\"},\"description\":\"Amnistia Internacionaladvierte que el nuevo gobierno de M\\u00e9xico tiene oportunidad de impulsar la investigaci\\u00f3n y hacer justicia a las familias de Ayotzainapa\",\"breadcrumb\":{\"@id\":\"https:\/\/amnistia.org.mx\/contenido\/index.php\/ayotzinapa-el-gobierno-de-claudia-sheinbaum-tiene-oportunidad-de-impulsar-la-investigacion-y-hacer-justicia-a-las-familias\/#breadcrumb\"},\"inLanguage\":\"es-MX\",\"potentialAction\":[{\"@type\":\"ReadAction\",\"target\":[\"https:\/\/amnistia.org.mx\/contenido\/index.php\/ayotzinapa-el-gobierno-de-claudia-sheinbaum-tiene-oportunidad-de-impulsar-la-investigacion-y-hacer-justicia-a-las-familias\/\"]}]},{\"@type\":\"BreadcrumbList\",\"@id\":\"https:\/\/amnistia.org.mx\/contenido\/index.php\/ayotzinapa-el-gobierno-de-claudia-sheinbaum-tiene-oportunidad-de-impulsar-la-investigacion-y-hacer-justicia-a-las-familias\/#breadcrumb\",\"itemListElement\":[{\"@type\":\"ListItem\",\"position\":1,\"item\":{\"@type\":\"WebPage\",\"@id\":\"https:\/\/amnistia.org.mx\/contenido\/\",\"url\":\"https:\/\/amnistia.org.mx\/contenido\/\",\"name\":\"Home\"}},{\"@type\":\"ListItem\",\"position\":2,\"item\":{\"@type\":\"WebPage\",\"@id\":\"https:\/\/amnistia.org.mx\/contenido\/index.php\/ayotzinapa-el-gobierno-de-claudia-sheinbaum-tiene-oportunidad-de-impulsar-la-investigacion-y-hacer-justicia-a-las-familias\/\",\"url\":\"https:\/\/amnistia.org.mx\/contenido\/index.php\/ayotzinapa-el-gobierno-de-claudia-sheinbaum-tiene-oportunidad-de-impulsar-la-investigacion-y-hacer-justicia-a-las-familias\/\",\"name\":\"Ayotzinapa: El nuevo gobierno de Claudia Sheinbaum tiene una oportunidad invaluable de impulsar la investigaci\\u00f3n y hacer justicia a las familias\"}}]},{\"@type\":[\"Person\"],\"@id\":\"https:\/\/amnistia.org.mx\/contenido\/#\/schema\/person\/7db421c495688267ce8ede4625c17fa5\",\"name\":\"Alejandro Ju\\u00e1rez Gamero\",\"image\":{\"@type\":\"ImageObject\",\"@id\":\"https:\/\/amnistia.org.mx\/contenido\/#personlogo\",\"inLanguage\":\"es-MX\",\"url\":\"https:\/\/secure.gravatar.com\/avatar\/e312d5566d1c3ffb56f86415d6f0e606?s=96&d=mm&r=g\",\"caption\":\"Alejandro Ju\\u00e1rez Gamero\"}}]}<\/script>\n<!-- \/ Yoast SEO plugin. -->","_links":{"self":[{"href":"https:\/\/amnistia.org.mx\/contenido\/index.php\/wp-json\/wp\/v2\/posts\/34407"}],"collection":[{"href":"https:\/\/amnistia.org.mx\/contenido\/index.php\/wp-json\/wp\/v2\/posts"}],"about":[{"href":"https:\/\/amnistia.org.mx\/contenido\/index.php\/wp-json\/wp\/v2\/types\/post"}],"author":[{"embeddable":true,"href":"https:\/\/amnistia.org.mx\/contenido\/index.php\/wp-json\/wp\/v2\/users\/4"}],"replies":[{"embeddable":true,"href":"https:\/\/amnistia.org.mx\/contenido\/index.php\/wp-json\/wp\/v2\/comments?post=34407"}],"version-history":[{"count":13,"href":"https:\/\/amnistia.org.mx\/contenido\/index.php\/wp-json\/wp\/v2\/posts\/34407\/revisions"}],"predecessor-version":[{"id":34423,"href":"https:\/\/amnistia.org.mx\/contenido\/index.php\/wp-json\/wp\/v2\/posts\/34407\/revisions\/34423"}],"wp:featuredmedia":[{"embeddable":true,"href":"https:\/\/amnistia.org.mx\/contenido\/index.php\/wp-json\/wp\/v2\/media\/34408"}],"wp:attachment":[{"href":"https:\/\/amnistia.org.mx\/contenido\/index.php\/wp-json\/wp\/v2\/media?parent=34407"}],"wp:term":[{"taxonomy":"category","embeddable":true,"href":"https:\/\/amnistia.org.mx\/contenido\/index.php\/wp-json\/wp\/v2\/categories?post=34407"},{"taxonomy":"post_tag","embeddable":true,"href":"https:\/\/amnistia.org.mx\/contenido\/index.php\/wp-json\/wp\/v2\/tags?post=34407"}],"curies":[{"name":"wp","href":"https:\/\/api.w.org\/{rel}","templated":true}]}}